{"id":9941,"date":"2019-05-14T11:19:33","date_gmt":"2019-05-14T10:19:33","guid":{"rendered":"http:\/\/www.masharif.com\/fr\/?p=9941"},"modified":"2019-05-14T11:19:33","modified_gmt":"2019-05-14T10:19:33","slug":"archives-commentaires-poetiques-de-mohamed-salah-ben-amor-33-poemes-de-patrice-merelle33-2-paris-nuit","status":"publish","type":"post","link":"https:\/\/www.masharif.com\/fr\/2019\/05\/14\/archives-commentaires-poetiques-de-mohamed-salah-ben-amor-33-poemes-de-patrice-merelle33-2-paris-nuit\/","title":{"rendered":"Les archives des commentaires po\u00e9tiques de Mohamed Salah Ben Amor :33\u2013Les po\u00e8mes de Patrice Merelle:33-2: Paris, la nuit,"},"content":{"rendered":"<div id=\"attachment_9933\" style=\"width: 310px\" class=\"wp-caption alignnone\"><a href=\"http:\/\/www.masharif.com\/fr\/wp-content\/uploads\/2019\/05\/1453391_10201014573549773_1836398405_n.jpg\"><img aria-describedby=\"caption-attachment-9933\" loading=\"lazy\" class=\"wp-image-9933 size-medium\" src=\"http:\/\/www.masharif.com\/fr\/wp-content\/uploads\/2019\/05\/1453391_10201014573549773_1836398405_n-300x300.jpg\" alt=\"\" width=\"300\" height=\"300\" srcset=\"https:\/\/www.masharif.com\/fr\/wp-content\/uploads\/2019\/05\/1453391_10201014573549773_1836398405_n-300x300.jpg 300w, https:\/\/www.masharif.com\/fr\/wp-content\/uploads\/2019\/05\/1453391_10201014573549773_1836398405_n-150x150.jpg 150w, https:\/\/www.masharif.com\/fr\/wp-content\/uploads\/2019\/05\/1453391_10201014573549773_1836398405_n-55x55.jpg 55w, https:\/\/www.masharif.com\/fr\/wp-content\/uploads\/2019\/05\/1453391_10201014573549773_1836398405_n.jpg 360w\" sizes=\"(max-width: 300px) 100vw, 300px\" \/><\/a><p id=\"caption-attachment-9933\" class=\"wp-caption-text\">Patrice Merelle<\/p><\/div>\n<p><a href=\"http:\/\/www.masharif.com\/fr\/wp-content\/uploads\/2019\/05\/1237027_10202154605489859_2686024597357638352_n.jpg\"><img loading=\"lazy\" class=\"alignnone size-medium wp-image-9942\" src=\"http:\/\/www.masharif.com\/fr\/wp-content\/uploads\/2019\/05\/1237027_10202154605489859_2686024597357638352_n-300x200.jpg\" alt=\"\" width=\"300\" height=\"200\" srcset=\"https:\/\/www.masharif.com\/fr\/wp-content\/uploads\/2019\/05\/1237027_10202154605489859_2686024597357638352_n-300x200.jpg 300w, https:\/\/www.masharif.com\/fr\/wp-content\/uploads\/2019\/05\/1237027_10202154605489859_2686024597357638352_n.jpg 620w\" sizes=\"(max-width: 300px) 100vw, 300px\" \/><\/a><\/p>\n<p>&nbsp;<\/p>\n<p><strong>O\u00f9 vont les sveltes silhouettes<br \/>\nQue la nuit secr\u00e8te entraine ?<br \/>\nVaquez ! \u0152uvrez \u00e0 l\u2019\u0153uvre incompl\u00e8te<br \/>\nDe cette vie qui nous emm\u00e8ne<br \/>\nJusqu\u2019au prochain arr\u00eat d\u00e9finitif.<br \/>\nJ\u2019entends les lents freins d\u2019un tramway,<br \/>\nSiffler dans l\u2019air, comme du temps pass\u00e9,<br \/>\nEt je contemple les chevaux de passage,<br \/>\nQui me transportent pour un autre voyage,<br \/>\nJusqu\u2019au prochain arr\u00eat d\u00e9finitif.<br \/>\nParis, la nuit, l\u2019imagination demeure,<br \/>\nParis, la nuit, des fen\u00eatres qui s\u2019illuminent<br \/>\nDe gaiet\u00e9s, de tristesses, et parfois de peur,<br \/>\nQuand un quelconque dehors chemine,<br \/>\nA la recherche d\u2019une \u00e2me vagabonde.<br \/>\nLa nuit appartient au vivant, comme c\u2019est charmant<br \/>\nLa nuit appartient au dormant, comme c\u2019est tentant,<br \/>\nEt je me grise, aux heures prises, quand s\u2019\u00e9vanouissent<br \/>\nMes pens\u00e9es inutiles, si futiles, -elles s\u2019enfouissent<br \/>\nDans mes cellules qui, par amour, abondent !-<br \/>\nEsp\u00e9rances des errances nocturnes sur les boulevards,<br \/>\nApp\u00e9tence rance d\u2019une lassitude appelant ma solitude,<br \/>\nCombien de c\u0153urs amoureux errent encore tard ?<br \/>\nCombien de ces yeux amoureux aux promesses d\u2019habitudes<br \/>\nSe donnent en spectacle -des baisers langoureux- ?<br \/>\nAlors, quand l\u2019ennui luit en moi, je me sens pousser<br \/>\nDes ailes et je m\u2019envole pour une promenade,<br \/>\nEn peuplant des images de gens, de camarades,<br \/>\nRencontr\u00e9s sur le macadam, des silhouettes effleur\u00e9es,<br \/>\nA tous ces bonheurs aper\u00e7us, \u00e0 tous ces gens heureux<\/strong><\/p>\n<p>&nbsp;<\/p>\n<p>Ce po\u00e8te n\u2019est pas nouveau dans notre groupe comme le laisserait penser son nom que la plupart de nos amis m\u00e9connaissent mais il para\u00eet que des circonstances l\u2019auraient oblig\u00e9 de le changer ( l\u2019ancien \u00e9tait Patrice Merelle, Auteur, Po\u00e8te ) sans qu\u2019il eut jug\u00e9 n\u00e9cessaire de nous y mettre au courant. Ce qui nous a emp\u00each\u00e9s de continuer \u00e0 faire le suivi de ses publications. Tans pis ! L\u2019important est d\u2019effectuer, \u00e0 cette occasion, sa r\u00e9int\u00e9gration au groupe par le retour \u00e0 la lecture de ses po\u00e8mes dans cette rubrique. Ce nouveau po\u00e8me qu\u2019il nous propose aborde le th\u00e8me tr\u00e8s ancien et extr\u00eamement r\u00e9pandu de la ville. Et pour \u00eatre bref et pr\u00e9cis disons que ce th\u00e8me est d\u00e9nu\u00e9 de toute sp\u00e9cificit\u00e9 et qu\u2019il se colore selon le type de relation que l\u2019auteur entretient avec un espace urbain d\u00e9termin\u00e9. Et c\u2019est ainsi que cet espace peut \u00eatre aussi bien un lieu d\u2019exil ou de d\u00e9tention psychologique qu\u2019un refuge ou un accessoire de plaisir propice au d\u00e9foulement. Pour l\u2019auteur du po\u00e8me ci-haut, le th\u00e8me de la ville se place dans une branche de la po\u00e9sie lyrique qui l\u2019a affranchi de la vision p\u00e9jorative que les romantiques portaient sur l\u2019espace urbain et surtout l\u2019atmosph\u00e8re lourde et g\u00eanante qui p\u00e8se sur lui et qui entra\u00eene ce qu\u2019on appelle \u00ab le malaise citadin \u00bb et l\u2019a int\u00e9gr\u00e9 \u00e0 un nouveau regard qui entrevoit dans cet espace des points lumineux et attractifs tel que le lever du soleil sur la ville ou sa vue au moment du cr\u00e9puscule ou le d\u00e9fil\u00e9 des passants sur l\u2019avenue ou les souvenirs que ses sites ,ses rues ,ses jardins publiques ou autres lieux r\u00e9veillent chez ceux qui y ont v\u00e9cu &#8230; Ce genre de r\u00e9sidu \u00e9motionnel que l\u2019auteur associe ici, d\u00e8s le d\u00e9but du po\u00e8me, \u00e0 la vie nocturne de Paris le traverse de part en part et se ravive \u00e0 chaque pas, entra\u00eenant le locuteur dans des r\u00eaveries apaisantes et relaxantes, lesquelles ont constitu\u00e9 des occasions renouvel\u00e9es pour tisser une s\u00e9rie de belles images pour la plupart in\u00e9dites .<\/p>\n<p>Un po\u00e8me plein d\u2019\u00e9motion et de nostalgie, bien con\u00e7u et finement cisel\u00e9 .Bon retour Paul-Fran\u00e7ois ex Patrice !<\/p>\n","protected":false},"excerpt":{"rendered":"<p>&nbsp; O\u00f9 vont les sveltes silhouettes Que la nuit secr\u00e8te entraine ? Vaquez ! \u0152uvrez \u00e0 l\u2019\u0153uvre incompl\u00e8te De cette vie qui nous emm\u00e8ne Jusqu\u2019au prochain arr\u00eat d\u00e9finitif. J\u2019entends les lents freins d\u2019un tramway, Siffler dans l\u2019air, comme du temps pass\u00e9, Et je contemple les chevaux de passage, Qui me transportent pour un autre voyage, &#8230;<\/p>\n","protected":false},"author":2,"featured_media":9933,"comment_status":"open","ping_status":"open","sticky":false,"template":"","format":"standard","meta":[],"categories":[8],"tags":[],"yoast_head":"<!-- This site is optimized with the Yoast SEO plugin v19.3 - https:\/\/yoast.com\/wordpress\/plugins\/seo\/ -->\n<title>Les archives des commentaires po\u00e9tiques de Mohamed Salah Ben Amor :33\u2013Les po\u00e8mes de Patrice Merelle:33-2: Paris, la nuit, - Culminances<\/title>\n<meta name=\"robots\" content=\"index, follow, max-snippet:-1, max-image-preview:large, max-video-preview:-1\" \/>\n<link rel=\"canonical\" href=\"https:\/\/www.masharif.com\/fr\/2019\/05\/14\/archives-commentaires-poetiques-de-mohamed-salah-ben-amor-33-poemes-de-patrice-merelle33-2-paris-nuit\/\" \/>\n<meta property=\"og:locale\" content=\"fr_FR\" \/>\n<meta property=\"og:type\" content=\"article\" \/>\n<meta property=\"og:title\" content=\"Les archives des commentaires po\u00e9tiques de Mohamed Salah Ben Amor :33\u2013Les po\u00e8mes de Patrice Merelle:33-2: Paris, la nuit, - Culminances\" \/>\n<meta property=\"og:description\" content=\"&nbsp; O\u00f9 vont les sveltes silhouettes Que la nuit secr\u00e8te entraine ? Vaquez ! \u0152uvrez \u00e0 l\u2019\u0153uvre incompl\u00e8te De cette vie qui nous emm\u00e8ne Jusqu\u2019au prochain arr\u00eat d\u00e9finitif. J\u2019entends les lents freins d\u2019un tramway, Siffler dans l\u2019air, comme du temps pass\u00e9, Et je contemple les chevaux de passage, Qui me transportent pour un autre voyage, ...\" \/>\n<meta property=\"og:url\" content=\"https:\/\/www.masharif.com\/fr\/2019\/05\/14\/archives-commentaires-poetiques-de-mohamed-salah-ben-amor-33-poemes-de-patrice-merelle33-2-paris-nuit\/\" \/>\n<meta property=\"og:site_name\" content=\"Culminances\" \/>\n<meta property=\"article:published_time\" content=\"2019-05-14T10:19:33+00:00\" \/>\n<meta property=\"og:image\" content=\"https:\/\/www.masharif.com\/fr\/wp-content\/uploads\/2019\/05\/1453391_10201014573549773_1836398405_n.jpg\" \/>\n\t<meta property=\"og:image:width\" content=\"360\" \/>\n\t<meta property=\"og:image:height\" content=\"360\" \/>\n\t<meta property=\"og:image:type\" content=\"image\/jpeg\" \/>\n<meta name=\"author\" content=\"Mohamed Salah Ben Amor\" \/>\n<meta name=\"twitter:card\" content=\"summary\" \/>\n<meta name=\"twitter:label1\" content=\"\u00c9crit par\" \/>\n\t<meta name=\"twitter:data1\" content=\"Mohamed Salah Ben Amor\" \/>\n\t<meta name=\"twitter:label2\" content=\"Dur\u00e9e de lecture estim\u00e9e\" \/>\n\t<meta name=\"twitter:data2\" content=\"3 minutes\" \/>\n<script type=\"application\/ld+json\" class=\"yoast-schema-graph\">{\"@context\":\"https:\/\/schema.org\",\"@graph\":[{\"@type\":\"WebSite\",\"@id\":\"http:\/\/www.masharif.com\/fr\/#website\",\"url\":\"http:\/\/www.masharif.com\/fr\/\",\"name\":\"Culminances\",\"description\":\"\",\"potentialAction\":[{\"@type\":\"SearchAction\",\"target\":{\"@type\":\"EntryPoint\",\"urlTemplate\":\"http:\/\/www.masharif.com\/fr\/?s={search_term_string}\"},\"query-input\":\"required name=search_term_string\"}],\"inLanguage\":\"fr-FR\"},{\"@type\":\"ImageObject\",\"inLanguage\":\"fr-FR\",\"@id\":\"https:\/\/www.masharif.com\/fr\/2019\/05\/14\/archives-commentaires-poetiques-de-mohamed-salah-ben-amor-33-poemes-de-patrice-merelle33-2-paris-nuit\/#primaryimage\",\"url\":\"https:\/\/www.masharif.com\/fr\/wp-content\/uploads\/2019\/05\/1453391_10201014573549773_1836398405_n.jpg\",\"contentUrl\":\"https:\/\/www.masharif.com\/fr\/wp-content\/uploads\/2019\/05\/1453391_10201014573549773_1836398405_n.jpg\",\"width\":360,\"height\":360},{\"@type\":\"WebPage\",\"@id\":\"https:\/\/www.masharif.com\/fr\/2019\/05\/14\/archives-commentaires-poetiques-de-mohamed-salah-ben-amor-33-poemes-de-patrice-merelle33-2-paris-nuit\/\",\"url\":\"https:\/\/www.masharif.com\/fr\/2019\/05\/14\/archives-commentaires-poetiques-de-mohamed-salah-ben-amor-33-poemes-de-patrice-merelle33-2-paris-nuit\/\",\"name\":\"Les archives des commentaires po\u00e9tiques de Mohamed Salah Ben Amor :33\u2013Les po\u00e8mes de Patrice Merelle:33-2: Paris, la nuit, - Culminances\",\"isPartOf\":{\"@id\":\"http:\/\/www.masharif.com\/fr\/#website\"},\"primaryImageOfPage\":{\"@id\":\"https:\/\/www.masharif.com\/fr\/2019\/05\/14\/archives-commentaires-poetiques-de-mohamed-salah-ben-amor-33-poemes-de-patrice-merelle33-2-paris-nuit\/#primaryimage\"},\"datePublished\":\"2019-05-14T10:19:33+00:00\",\"dateModified\":\"2019-05-14T10:19:33+00:00\",\"author\":{\"@id\":\"http:\/\/www.masharif.com\/fr\/#\/schema\/person\/839a7026efe9fa825134097c1041e4a0\"},\"breadcrumb\":{\"@id\":\"https:\/\/www.masharif.com\/fr\/2019\/05\/14\/archives-commentaires-poetiques-de-mohamed-salah-ben-amor-33-poemes-de-patrice-merelle33-2-paris-nuit\/#breadcrumb\"},\"inLanguage\":\"fr-FR\",\"potentialAction\":[{\"@type\":\"ReadAction\",\"target\":[\"https:\/\/www.masharif.com\/fr\/2019\/05\/14\/archives-commentaires-poetiques-de-mohamed-salah-ben-amor-33-poemes-de-patrice-merelle33-2-paris-nuit\/\"]}]},{\"@type\":\"BreadcrumbList\",\"@id\":\"https:\/\/www.masharif.com\/fr\/2019\/05\/14\/archives-commentaires-poetiques-de-mohamed-salah-ben-amor-33-poemes-de-patrice-merelle33-2-paris-nuit\/#breadcrumb\",\"itemListElement\":[{\"@type\":\"ListItem\",\"position\":1,\"name\":\"Home\",\"item\":\"http:\/\/www.masharif.com\/fr\/\"},{\"@type\":\"ListItem\",\"position\":2,\"name\":\"Les archives des commentaires po\u00e9tiques de Mohamed Salah Ben Amor :33\u2013Les po\u00e8mes de Patrice Merelle:33-2: Paris, la nuit,\"}]},{\"@type\":\"Person\",\"@id\":\"http:\/\/www.masharif.com\/fr\/#\/schema\/person\/839a7026efe9fa825134097c1041e4a0\",\"name\":\"Mohamed Salah Ben Amor\",\"image\":{\"@type\":\"ImageObject\",\"inLanguage\":\"fr-FR\",\"@id\":\"http:\/\/www.masharif.com\/fr\/#\/schema\/person\/image\/\",\"url\":\"https:\/\/secure.gravatar.com\/avatar\/f64806401ad5ed604ffec2272b19ef46?s=96&d=identicon&r=g\",\"contentUrl\":\"https:\/\/secure.gravatar.com\/avatar\/f64806401ad5ed604ffec2272b19ef46?s=96&d=identicon&r=g\",\"caption\":\"Mohamed Salah Ben Amor\"},\"sameAs\":[\"http:\/\/ben-amor.info\"],\"url\":\"https:\/\/www.masharif.com\/fr\/author\/msba\/\"}]}<\/script>\n<!-- \/ Yoast SEO plugin. -->","yoast_head_json":{"title":"Les archives des commentaires po\u00e9tiques de Mohamed Salah Ben Amor :33\u2013Les po\u00e8mes de Patrice Merelle:33-2: Paris, la nuit, - Culminances","robots":{"index":"index","follow":"follow","max-snippet":"max-snippet:-1","max-image-preview":"max-image-preview:large","max-video-preview":"max-video-preview:-1"},"canonical":"https:\/\/www.masharif.com\/fr\/2019\/05\/14\/archives-commentaires-poetiques-de-mohamed-salah-ben-amor-33-poemes-de-patrice-merelle33-2-paris-nuit\/","og_locale":"fr_FR","og_type":"article","og_title":"Les archives des commentaires po\u00e9tiques de Mohamed Salah Ben Amor :33\u2013Les po\u00e8mes de Patrice Merelle:33-2: Paris, la nuit, - Culminances","og_description":"&nbsp; O\u00f9 vont les sveltes silhouettes Que la nuit secr\u00e8te entraine ? Vaquez ! \u0152uvrez \u00e0 l\u2019\u0153uvre incompl\u00e8te De cette vie qui nous emm\u00e8ne Jusqu\u2019au prochain arr\u00eat d\u00e9finitif. J\u2019entends les lents freins d\u2019un tramway, Siffler dans l\u2019air, comme du temps pass\u00e9, Et je contemple les chevaux de passage, Qui me transportent pour un autre voyage, ...","og_url":"https:\/\/www.masharif.com\/fr\/2019\/05\/14\/archives-commentaires-poetiques-de-mohamed-salah-ben-amor-33-poemes-de-patrice-merelle33-2-paris-nuit\/","og_site_name":"Culminances","article_published_time":"2019-05-14T10:19:33+00:00","og_image":[{"width":360,"height":360,"url":"https:\/\/www.masharif.com\/fr\/wp-content\/uploads\/2019\/05\/1453391_10201014573549773_1836398405_n.jpg","type":"image\/jpeg"}],"author":"Mohamed Salah Ben Amor","twitter_card":"summary","twitter_misc":{"\u00c9crit par":"Mohamed Salah Ben Amor","Dur\u00e9e de lecture estim\u00e9e":"3 minutes"},"schema":{"@context":"https:\/\/schema.org","@graph":[{"@type":"WebSite","@id":"http:\/\/www.masharif.com\/fr\/#website","url":"http:\/\/www.masharif.com\/fr\/","name":"Culminances","description":"","potentialAction":[{"@type":"SearchAction","target":{"@type":"EntryPoint","urlTemplate":"http:\/\/www.masharif.com\/fr\/?s={search_term_string}"},"query-input":"required name=search_term_string"}],"inLanguage":"fr-FR"},{"@type":"ImageObject","inLanguage":"fr-FR","@id":"https:\/\/www.masharif.com\/fr\/2019\/05\/14\/archives-commentaires-poetiques-de-mohamed-salah-ben-amor-33-poemes-de-patrice-merelle33-2-paris-nuit\/#primaryimage","url":"https:\/\/www.masharif.com\/fr\/wp-content\/uploads\/2019\/05\/1453391_10201014573549773_1836398405_n.jpg","contentUrl":"https:\/\/www.masharif.com\/fr\/wp-content\/uploads\/2019\/05\/1453391_10201014573549773_1836398405_n.jpg","width":360,"height":360},{"@type":"WebPage","@id":"https:\/\/www.masharif.com\/fr\/2019\/05\/14\/archives-commentaires-poetiques-de-mohamed-salah-ben-amor-33-poemes-de-patrice-merelle33-2-paris-nuit\/","url":"https:\/\/www.masharif.com\/fr\/2019\/05\/14\/archives-commentaires-poetiques-de-mohamed-salah-ben-amor-33-poemes-de-patrice-merelle33-2-paris-nuit\/","name":"Les archives des commentaires po\u00e9tiques de Mohamed Salah Ben Amor :33\u2013Les po\u00e8mes de Patrice Merelle:33-2: Paris, la nuit, - Culminances","isPartOf":{"@id":"http:\/\/www.masharif.com\/fr\/#website"},"primaryImageOfPage":{"@id":"https:\/\/www.masharif.com\/fr\/2019\/05\/14\/archives-commentaires-poetiques-de-mohamed-salah-ben-amor-33-poemes-de-patrice-merelle33-2-paris-nuit\/#primaryimage"},"datePublished":"2019-05-14T10:19:33+00:00","dateModified":"2019-05-14T10:19:33+00:00","author":{"@id":"http:\/\/www.masharif.com\/fr\/#\/schema\/person\/839a7026efe9fa825134097c1041e4a0"},"breadcrumb":{"@id":"https:\/\/www.masharif.com\/fr\/2019\/05\/14\/archives-commentaires-poetiques-de-mohamed-salah-ben-amor-33-poemes-de-patrice-merelle33-2-paris-nuit\/#breadcrumb"},"inLanguage":"fr-FR","potentialAction":[{"@type":"ReadAction","target":["https:\/\/www.masharif.com\/fr\/2019\/05\/14\/archives-commentaires-poetiques-de-mohamed-salah-ben-amor-33-poemes-de-patrice-merelle33-2-paris-nuit\/"]}]},{"@type":"BreadcrumbList","@id":"https:\/\/www.masharif.com\/fr\/2019\/05\/14\/archives-commentaires-poetiques-de-mohamed-salah-ben-amor-33-poemes-de-patrice-merelle33-2-paris-nuit\/#breadcrumb","itemListElement":[{"@type":"ListItem","position":1,"name":"Home","item":"http:\/\/www.masharif.com\/fr\/"},{"@type":"ListItem","position":2,"name":"Les archives des commentaires po\u00e9tiques de Mohamed Salah Ben Amor :33\u2013Les po\u00e8mes de Patrice Merelle:33-2: Paris, la nuit,"}]},{"@type":"Person","@id":"http:\/\/www.masharif.com\/fr\/#\/schema\/person\/839a7026efe9fa825134097c1041e4a0","name":"Mohamed Salah Ben Amor","image":{"@type":"ImageObject","inLanguage":"fr-FR","@id":"http:\/\/www.masharif.com\/fr\/#\/schema\/person\/image\/","url":"https:\/\/secure.gravatar.com\/avatar\/f64806401ad5ed604ffec2272b19ef46?s=96&d=identicon&r=g","contentUrl":"https:\/\/secure.gravatar.com\/avatar\/f64806401ad5ed604ffec2272b19ef46?s=96&d=identicon&r=g","caption":"Mohamed Salah Ben Amor"},"sameAs":["http:\/\/ben-amor.info"],"url":"https:\/\/www.masharif.com\/fr\/author\/msba\/"}]}},"_links":{"self":[{"href":"https:\/\/www.masharif.com\/fr\/wp-json\/wp\/v2\/posts\/9941"}],"collection":[{"href":"https:\/\/www.masharif.com\/fr\/wp-json\/wp\/v2\/posts"}],"about":[{"href":"https:\/\/www.masharif.com\/fr\/wp-json\/wp\/v2\/types\/post"}],"author":[{"embeddable":true,"href":"https:\/\/www.masharif.com\/fr\/wp-json\/wp\/v2\/users\/2"}],"replies":[{"embeddable":true,"href":"https:\/\/www.masharif.com\/fr\/wp-json\/wp\/v2\/comments?post=9941"}],"version-history":[{"count":1,"href":"https:\/\/www.masharif.com\/fr\/wp-json\/wp\/v2\/posts\/9941\/revisions"}],"predecessor-version":[{"id":9943,"href":"https:\/\/www.masharif.com\/fr\/wp-json\/wp\/v2\/posts\/9941\/revisions\/9943"}],"wp:featuredmedia":[{"embeddable":true,"href":"https:\/\/www.masharif.com\/fr\/wp-json\/wp\/v2\/media\/9933"}],"wp:attachment":[{"href":"https:\/\/www.masharif.com\/fr\/wp-json\/wp\/v2\/media?parent=9941"}],"wp:term":[{"taxonomy":"category","embeddable":true,"href":"https:\/\/www.masharif.com\/fr\/wp-json\/wp\/v2\/categories?post=9941"},{"taxonomy":"post_tag","embeddable":true,"href":"https:\/\/www.masharif.com\/fr\/wp-json\/wp\/v2\/tags?post=9941"}],"curies":[{"name":"wp","href":"https:\/\/api.w.org\/{rel}","templated":true}]}}