{"id":9842,"date":"2019-04-23T10:23:16","date_gmt":"2019-04-23T09:23:16","guid":{"rendered":"http:\/\/www.masharif.com\/fr\/?p=9842"},"modified":"2019-04-23T10:23:16","modified_gmt":"2019-04-23T09:23:16","slug":"archives-commentaires-poetiques-de-mohamed-salah-ben-amor-31-poemes-de-didier-hippon-31-7il-me-manque-mots","status":"publish","type":"post","link":"https:\/\/www.masharif.com\/fr\/2019\/04\/23\/archives-commentaires-poetiques-de-mohamed-salah-ben-amor-31-poemes-de-didier-hippon-31-7il-me-manque-mots\/","title":{"rendered":"Les archives des commentaires po\u00e9tiques de Mohamed Salah Ben Amor :31\u2013Les po\u00e8mes de Didier Hippon: 31-7:Il me manque des mots"},"content":{"rendered":"<div id=\"attachment_9823\" style=\"width: 310px\" class=\"wp-caption alignnone\"><a href=\"http:\/\/www.masharif.com\/fr\/wp-content\/uploads\/2019\/04\/10432127_10201853659605581_3268446949653415755_n.jpg\"><img aria-describedby=\"caption-attachment-9823\" loading=\"lazy\" class=\"wp-image-9823 size-medium\" src=\"http:\/\/www.masharif.com\/fr\/wp-content\/uploads\/2019\/04\/10432127_10201853659605581_3268446949653415755_n-300x200.jpg\" alt=\"\" width=\"300\" height=\"200\" srcset=\"https:\/\/www.masharif.com\/fr\/wp-content\/uploads\/2019\/04\/10432127_10201853659605581_3268446949653415755_n-300x200.jpg 300w, https:\/\/www.masharif.com\/fr\/wp-content\/uploads\/2019\/04\/10432127_10201853659605581_3268446949653415755_n.jpg 576w\" sizes=\"(max-width: 300px) 100vw, 300px\" \/><\/a><p id=\"caption-attachment-9823\" class=\"wp-caption-text\">Didier Hippon<\/p><\/div>\n<p>&nbsp;<\/p>\n<p><strong>Il me manque<\/strong><\/p>\n<p><strong>Des mots<\/strong><\/p>\n<p><strong>Pour\u00a0<\/strong><\/p>\n<p><strong>Arr\u00eater<\/strong><\/p>\n<p><strong>Le temps<\/strong><\/p>\n<p><strong>Car<\/strong><\/p>\n<p><strong>Je\u00a0<\/strong><\/p>\n<p><strong>M&#8217;efface<\/strong><\/p>\n<p><strong>\u00c0 l&#8217;\u00e9cart<\/strong><\/p>\n<p><strong>De ce tant<\/strong><\/p>\n<p><strong>Sans autant<\/strong><\/p>\n<p><strong>Il coule<\/strong><\/p>\n<p><strong>Ce sang<\/strong><\/p>\n<p><strong>De douleur<\/strong><\/p>\n<p><strong>Je saigne<\/strong><\/p>\n<p><strong>En surface<\/strong><\/p>\n<p><strong>D&#8217;avoir<\/strong><\/p>\n<p><strong>Froid<\/strong><\/p>\n<p><strong>En \u00a0mon\u00a0<\/strong><\/p>\n<p><strong>Fond<\/strong><\/p>\n<p><strong>\u00a0<\/strong><\/p>\n<p>Comme il est presque constant dans les \u00e9crits de cet auteur , il nous brosse dans ce mini-po\u00e8me un tableau d\u00e9solant de son \u00e9tat \u00a0cognitif et affectif par l\u2019amplification des affects n\u00e9gatifs dont il souffre et\u00a0 surtout\u00a0 son incapacit\u00e9 de se situer par rapport \u00e0 ce qui l\u2019entoure dans un\u00a0 milieu soi-disant d\u2019accueil ( Paris ) o\u00f9 il se sent &#8220;de trop&#8221; pour reprendre l\u2019expression de Sartre .Et\u00a0 si \u00a0ce sentiment d\u2019abandon \u00e9tait \u00a0simplement, \u00a0\u00e0 l\u2019origine, \u00a0\u00e0 caract\u00e8re humain et social\u00a0,il \u00a0a fini au fil du temps par prendre , en raison de l\u2019hypersensibilit\u00e9 du po\u00e8te, un aspect existentiel profond , se traduisant \u00a0par\u00a0une impuissance d\u2019expression\u00a0et l\u2019impossibilit\u00e9 de suivre le rythme du temps dans sa course effr\u00e9n\u00e9e et in\u00e9luctable\u00a0(<strong>il me manque\u00a0des mots<\/strong> \u00a0\u00a0<strong>pour arr\u00eater le temps<\/strong> ). Et dans cet enchev\u00eatrement \u00a0complexe entre les deux niveaux mental et psychologique, \u00a0deux autres affects font surface et prennent part \u00e0 la d\u00e9t\u00e9rioration de l\u2019\u00e9tat d\u2019\u00e2me g\u00e9n\u00e9ral du po\u00e8te\u00a0: l\u2019un connot\u00e9\u00a0 par le symbole du sang et l\u2019autre par celui du froid\u00a0: le premier \u00a0\u00e9voquant la perte d\u2019\u00e9nergie vitale, synonyme de d\u00e9pression et d\u2019abattement \u00a0et le second \u00a0le manque de chaleur humaine et d\u2019amour .Sur le plan stylistique, le po\u00e8me se\u00a0 distingue par sa concision et \u00a0son haut degr\u00e9 d\u2019abstraction visible surtout \u00a0dans la repr\u00e9sentation \u00a0par \u00a0le po\u00e8te \u00a0de sa psych\u00e9 sous une forme pyramidale <strong>( \u00a0je saigne\u00a0en surface\u00a0d&#8217;avoir froid \u00a0en mon fond<\/strong> ). Ce qui est \u00a0tout nouveau \u00a0chez cet auteur .<\/p>\n","protected":false},"excerpt":{"rendered":"<p>&nbsp; Il me manque Des mots Pour\u00a0 Arr\u00eater Le temps Car Je\u00a0 M&#8217;efface \u00c0 l&#8217;\u00e9cart De ce tant Sans autant Il coule Ce sang De douleur Je saigne En surface D&#8217;avoir Froid En \u00a0mon\u00a0 Fond \u00a0 Comme il est presque constant dans les \u00e9crits de cet auteur , il nous brosse dans ce mini-po\u00e8me un &#8230;<\/p>\n","protected":false},"author":2,"featured_media":9843,"comment_status":"open","ping_status":"open","sticky":false,"template":"","format":"standard","meta":[],"categories":[8],"tags":[],"yoast_head":"<!-- This site is optimized with the Yoast SEO plugin v19.3 - https:\/\/yoast.com\/wordpress\/plugins\/seo\/ -->\n<title>Les archives des commentaires po\u00e9tiques de Mohamed Salah Ben Amor :31\u2013Les po\u00e8mes de Didier Hippon: 31-7:Il me manque des mots - Culminances<\/title>\n<meta name=\"robots\" content=\"index, follow, max-snippet:-1, max-image-preview:large, max-video-preview:-1\" \/>\n<link rel=\"canonical\" href=\"https:\/\/www.masharif.com\/fr\/2019\/04\/23\/archives-commentaires-poetiques-de-mohamed-salah-ben-amor-31-poemes-de-didier-hippon-31-7il-me-manque-mots\/\" \/>\n<meta property=\"og:locale\" content=\"fr_FR\" \/>\n<meta property=\"og:type\" content=\"article\" \/>\n<meta property=\"og:title\" content=\"Les archives des commentaires po\u00e9tiques de Mohamed Salah Ben Amor :31\u2013Les po\u00e8mes de Didier Hippon: 31-7:Il me manque des mots - Culminances\" \/>\n<meta property=\"og:description\" content=\"&nbsp; Il me manque Des mots Pour\u00a0 Arr\u00eater Le temps Car Je\u00a0 M&#8217;efface \u00c0 l&#8217;\u00e9cart De ce tant Sans autant Il coule Ce sang De douleur Je saigne En surface D&#8217;avoir Froid En \u00a0mon\u00a0 Fond \u00a0 Comme il est presque constant dans les \u00e9crits de cet auteur , il nous brosse dans ce mini-po\u00e8me un ...\" \/>\n<meta property=\"og:url\" content=\"https:\/\/www.masharif.com\/fr\/2019\/04\/23\/archives-commentaires-poetiques-de-mohamed-salah-ben-amor-31-poemes-de-didier-hippon-31-7il-me-manque-mots\/\" \/>\n<meta property=\"og:site_name\" content=\"Culminances\" \/>\n<meta property=\"article:published_time\" content=\"2019-04-23T09:23:16+00:00\" \/>\n<meta property=\"og:image\" content=\"https:\/\/www.masharif.com\/fr\/wp-content\/uploads\/2019\/04\/1461166_10201152871607138_1253187431_n.jpg\" \/>\n\t<meta property=\"og:image:width\" content=\"1545\" \/>\n\t<meta property=\"og:image:height\" content=\"815\" \/>\n\t<meta property=\"og:image:type\" content=\"image\/jpeg\" \/>\n<meta name=\"author\" content=\"Mohamed Salah Ben Amor\" \/>\n<meta name=\"twitter:card\" content=\"summary\" \/>\n<meta name=\"twitter:label1\" content=\"\u00c9crit par\" \/>\n\t<meta name=\"twitter:data1\" content=\"Mohamed Salah Ben Amor\" \/>\n\t<meta name=\"twitter:label2\" content=\"Dur\u00e9e de lecture estim\u00e9e\" \/>\n\t<meta name=\"twitter:data2\" content=\"2 minutes\" \/>\n<script type=\"application\/ld+json\" class=\"yoast-schema-graph\">{\"@context\":\"https:\/\/schema.org\",\"@graph\":[{\"@type\":\"WebSite\",\"@id\":\"https:\/\/www.masharif.com\/fr\/#website\",\"url\":\"https:\/\/www.masharif.com\/fr\/\",\"name\":\"Culminances\",\"description\":\"\",\"potentialAction\":[{\"@type\":\"SearchAction\",\"target\":{\"@type\":\"EntryPoint\",\"urlTemplate\":\"https:\/\/www.masharif.com\/fr\/?s={search_term_string}\"},\"query-input\":\"required name=search_term_string\"}],\"inLanguage\":\"fr-FR\"},{\"@type\":\"ImageObject\",\"inLanguage\":\"fr-FR\",\"@id\":\"https:\/\/www.masharif.com\/fr\/2019\/04\/23\/archives-commentaires-poetiques-de-mohamed-salah-ben-amor-31-poemes-de-didier-hippon-31-7il-me-manque-mots\/#primaryimage\",\"url\":\"https:\/\/www.masharif.com\/fr\/wp-content\/uploads\/2019\/04\/1461166_10201152871607138_1253187431_n.jpg\",\"contentUrl\":\"https:\/\/www.masharif.com\/fr\/wp-content\/uploads\/2019\/04\/1461166_10201152871607138_1253187431_n.jpg\",\"width\":1545,\"height\":815},{\"@type\":\"WebPage\",\"@id\":\"https:\/\/www.masharif.com\/fr\/2019\/04\/23\/archives-commentaires-poetiques-de-mohamed-salah-ben-amor-31-poemes-de-didier-hippon-31-7il-me-manque-mots\/\",\"url\":\"https:\/\/www.masharif.com\/fr\/2019\/04\/23\/archives-commentaires-poetiques-de-mohamed-salah-ben-amor-31-poemes-de-didier-hippon-31-7il-me-manque-mots\/\",\"name\":\"Les archives des commentaires po\u00e9tiques de Mohamed Salah Ben Amor :31\u2013Les po\u00e8mes de Didier Hippon: 31-7:Il me manque des mots - Culminances\",\"isPartOf\":{\"@id\":\"https:\/\/www.masharif.com\/fr\/#website\"},\"primaryImageOfPage\":{\"@id\":\"https:\/\/www.masharif.com\/fr\/2019\/04\/23\/archives-commentaires-poetiques-de-mohamed-salah-ben-amor-31-poemes-de-didier-hippon-31-7il-me-manque-mots\/#primaryimage\"},\"datePublished\":\"2019-04-23T09:23:16+00:00\",\"dateModified\":\"2019-04-23T09:23:16+00:00\",\"author\":{\"@id\":\"https:\/\/www.masharif.com\/fr\/#\/schema\/person\/839a7026efe9fa825134097c1041e4a0\"},\"breadcrumb\":{\"@id\":\"https:\/\/www.masharif.com\/fr\/2019\/04\/23\/archives-commentaires-poetiques-de-mohamed-salah-ben-amor-31-poemes-de-didier-hippon-31-7il-me-manque-mots\/#breadcrumb\"},\"inLanguage\":\"fr-FR\",\"potentialAction\":[{\"@type\":\"ReadAction\",\"target\":[\"https:\/\/www.masharif.com\/fr\/2019\/04\/23\/archives-commentaires-poetiques-de-mohamed-salah-ben-amor-31-poemes-de-didier-hippon-31-7il-me-manque-mots\/\"]}]},{\"@type\":\"BreadcrumbList\",\"@id\":\"https:\/\/www.masharif.com\/fr\/2019\/04\/23\/archives-commentaires-poetiques-de-mohamed-salah-ben-amor-31-poemes-de-didier-hippon-31-7il-me-manque-mots\/#breadcrumb\",\"itemListElement\":[{\"@type\":\"ListItem\",\"position\":1,\"name\":\"Home\",\"item\":\"https:\/\/www.masharif.com\/fr\/\"},{\"@type\":\"ListItem\",\"position\":2,\"name\":\"Les archives des commentaires po\u00e9tiques de Mohamed Salah Ben Amor :31\u2013Les po\u00e8mes de Didier Hippon: 31-7:Il me manque des mots\"}]},{\"@type\":\"Person\",\"@id\":\"https:\/\/www.masharif.com\/fr\/#\/schema\/person\/839a7026efe9fa825134097c1041e4a0\",\"name\":\"Mohamed Salah Ben Amor\",\"image\":{\"@type\":\"ImageObject\",\"inLanguage\":\"fr-FR\",\"@id\":\"https:\/\/www.masharif.com\/fr\/#\/schema\/person\/image\/\",\"url\":\"https:\/\/secure.gravatar.com\/avatar\/f64806401ad5ed604ffec2272b19ef46?s=96&d=identicon&r=g\",\"contentUrl\":\"https:\/\/secure.gravatar.com\/avatar\/f64806401ad5ed604ffec2272b19ef46?s=96&d=identicon&r=g\",\"caption\":\"Mohamed Salah Ben Amor\"},\"sameAs\":[\"http:\/\/ben-amor.info\"],\"url\":\"https:\/\/www.masharif.com\/fr\/author\/msba\/\"}]}<\/script>\n<!-- \/ Yoast SEO plugin. -->","yoast_head_json":{"title":"Les archives des commentaires po\u00e9tiques de Mohamed Salah Ben Amor :31\u2013Les po\u00e8mes de Didier Hippon: 31-7:Il me manque des mots - Culminances","robots":{"index":"index","follow":"follow","max-snippet":"max-snippet:-1","max-image-preview":"max-image-preview:large","max-video-preview":"max-video-preview:-1"},"canonical":"https:\/\/www.masharif.com\/fr\/2019\/04\/23\/archives-commentaires-poetiques-de-mohamed-salah-ben-amor-31-poemes-de-didier-hippon-31-7il-me-manque-mots\/","og_locale":"fr_FR","og_type":"article","og_title":"Les archives des commentaires po\u00e9tiques de Mohamed Salah Ben Amor :31\u2013Les po\u00e8mes de Didier Hippon: 31-7:Il me manque des mots - Culminances","og_description":"&nbsp; Il me manque Des mots Pour\u00a0 Arr\u00eater Le temps Car Je\u00a0 M&#8217;efface \u00c0 l&#8217;\u00e9cart De ce tant Sans autant Il coule Ce sang De douleur Je saigne En surface D&#8217;avoir Froid En \u00a0mon\u00a0 Fond \u00a0 Comme il est presque constant dans les \u00e9crits de cet auteur , il nous brosse dans ce mini-po\u00e8me un ...","og_url":"https:\/\/www.masharif.com\/fr\/2019\/04\/23\/archives-commentaires-poetiques-de-mohamed-salah-ben-amor-31-poemes-de-didier-hippon-31-7il-me-manque-mots\/","og_site_name":"Culminances","article_published_time":"2019-04-23T09:23:16+00:00","og_image":[{"width":1545,"height":815,"url":"https:\/\/www.masharif.com\/fr\/wp-content\/uploads\/2019\/04\/1461166_10201152871607138_1253187431_n.jpg","type":"image\/jpeg"}],"author":"Mohamed Salah Ben Amor","twitter_card":"summary","twitter_misc":{"\u00c9crit par":"Mohamed Salah Ben Amor","Dur\u00e9e de lecture estim\u00e9e":"2 minutes"},"schema":{"@context":"https:\/\/schema.org","@graph":[{"@type":"WebSite","@id":"https:\/\/www.masharif.com\/fr\/#website","url":"https:\/\/www.masharif.com\/fr\/","name":"Culminances","description":"","potentialAction":[{"@type":"SearchAction","target":{"@type":"EntryPoint","urlTemplate":"https:\/\/www.masharif.com\/fr\/?s={search_term_string}"},"query-input":"required name=search_term_string"}],"inLanguage":"fr-FR"},{"@type":"ImageObject","inLanguage":"fr-FR","@id":"https:\/\/www.masharif.com\/fr\/2019\/04\/23\/archives-commentaires-poetiques-de-mohamed-salah-ben-amor-31-poemes-de-didier-hippon-31-7il-me-manque-mots\/#primaryimage","url":"https:\/\/www.masharif.com\/fr\/wp-content\/uploads\/2019\/04\/1461166_10201152871607138_1253187431_n.jpg","contentUrl":"https:\/\/www.masharif.com\/fr\/wp-content\/uploads\/2019\/04\/1461166_10201152871607138_1253187431_n.jpg","width":1545,"height":815},{"@type":"WebPage","@id":"https:\/\/www.masharif.com\/fr\/2019\/04\/23\/archives-commentaires-poetiques-de-mohamed-salah-ben-amor-31-poemes-de-didier-hippon-31-7il-me-manque-mots\/","url":"https:\/\/www.masharif.com\/fr\/2019\/04\/23\/archives-commentaires-poetiques-de-mohamed-salah-ben-amor-31-poemes-de-didier-hippon-31-7il-me-manque-mots\/","name":"Les archives des commentaires po\u00e9tiques de Mohamed Salah Ben Amor :31\u2013Les po\u00e8mes de Didier Hippon: 31-7:Il me manque des mots - Culminances","isPartOf":{"@id":"https:\/\/www.masharif.com\/fr\/#website"},"primaryImageOfPage":{"@id":"https:\/\/www.masharif.com\/fr\/2019\/04\/23\/archives-commentaires-poetiques-de-mohamed-salah-ben-amor-31-poemes-de-didier-hippon-31-7il-me-manque-mots\/#primaryimage"},"datePublished":"2019-04-23T09:23:16+00:00","dateModified":"2019-04-23T09:23:16+00:00","author":{"@id":"https:\/\/www.masharif.com\/fr\/#\/schema\/person\/839a7026efe9fa825134097c1041e4a0"},"breadcrumb":{"@id":"https:\/\/www.masharif.com\/fr\/2019\/04\/23\/archives-commentaires-poetiques-de-mohamed-salah-ben-amor-31-poemes-de-didier-hippon-31-7il-me-manque-mots\/#breadcrumb"},"inLanguage":"fr-FR","potentialAction":[{"@type":"ReadAction","target":["https:\/\/www.masharif.com\/fr\/2019\/04\/23\/archives-commentaires-poetiques-de-mohamed-salah-ben-amor-31-poemes-de-didier-hippon-31-7il-me-manque-mots\/"]}]},{"@type":"BreadcrumbList","@id":"https:\/\/www.masharif.com\/fr\/2019\/04\/23\/archives-commentaires-poetiques-de-mohamed-salah-ben-amor-31-poemes-de-didier-hippon-31-7il-me-manque-mots\/#breadcrumb","itemListElement":[{"@type":"ListItem","position":1,"name":"Home","item":"https:\/\/www.masharif.com\/fr\/"},{"@type":"ListItem","position":2,"name":"Les archives des commentaires po\u00e9tiques de Mohamed Salah Ben Amor :31\u2013Les po\u00e8mes de Didier Hippon: 31-7:Il me manque des mots"}]},{"@type":"Person","@id":"https:\/\/www.masharif.com\/fr\/#\/schema\/person\/839a7026efe9fa825134097c1041e4a0","name":"Mohamed Salah Ben Amor","image":{"@type":"ImageObject","inLanguage":"fr-FR","@id":"https:\/\/www.masharif.com\/fr\/#\/schema\/person\/image\/","url":"https:\/\/secure.gravatar.com\/avatar\/f64806401ad5ed604ffec2272b19ef46?s=96&d=identicon&r=g","contentUrl":"https:\/\/secure.gravatar.com\/avatar\/f64806401ad5ed604ffec2272b19ef46?s=96&d=identicon&r=g","caption":"Mohamed Salah Ben Amor"},"sameAs":["http:\/\/ben-amor.info"],"url":"https:\/\/www.masharif.com\/fr\/author\/msba\/"}]}},"_links":{"self":[{"href":"https:\/\/www.masharif.com\/fr\/wp-json\/wp\/v2\/posts\/9842"}],"collection":[{"href":"https:\/\/www.masharif.com\/fr\/wp-json\/wp\/v2\/posts"}],"about":[{"href":"https:\/\/www.masharif.com\/fr\/wp-json\/wp\/v2\/types\/post"}],"author":[{"embeddable":true,"href":"https:\/\/www.masharif.com\/fr\/wp-json\/wp\/v2\/users\/2"}],"replies":[{"embeddable":true,"href":"https:\/\/www.masharif.com\/fr\/wp-json\/wp\/v2\/comments?post=9842"}],"version-history":[{"count":1,"href":"https:\/\/www.masharif.com\/fr\/wp-json\/wp\/v2\/posts\/9842\/revisions"}],"predecessor-version":[{"id":9844,"href":"https:\/\/www.masharif.com\/fr\/wp-json\/wp\/v2\/posts\/9842\/revisions\/9844"}],"wp:featuredmedia":[{"embeddable":true,"href":"https:\/\/www.masharif.com\/fr\/wp-json\/wp\/v2\/media\/9843"}],"wp:attachment":[{"href":"https:\/\/www.masharif.com\/fr\/wp-json\/wp\/v2\/media?parent=9842"}],"wp:term":[{"taxonomy":"category","embeddable":true,"href":"https:\/\/www.masharif.com\/fr\/wp-json\/wp\/v2\/categories?post=9842"},{"taxonomy":"post_tag","embeddable":true,"href":"https:\/\/www.masharif.com\/fr\/wp-json\/wp\/v2\/tags?post=9842"}],"curies":[{"name":"wp","href":"https:\/\/api.w.org\/{rel}","templated":true}]}}