{"id":9785,"date":"2019-04-10T10:22:52","date_gmt":"2019-04-10T09:22:52","guid":{"rendered":"http:\/\/www.masharif.com\/fr\/?p=9785"},"modified":"2019-04-10T10:22:52","modified_gmt":"2019-04-10T09:22:52","slug":"archives-commentaires-poetiques-de-mohamed-salah-ben-amor-29-poemes-duo-delena-martinez-mohammed-el-qoch-29-5-seche-larmes","status":"publish","type":"post","link":"https:\/\/www.masharif.com\/fr\/2019\/04\/10\/archives-commentaires-poetiques-de-mohamed-salah-ben-amor-29-poemes-duo-delena-martinez-mohammed-el-qoch-29-5-seche-larmes\/","title":{"rendered":"Les archives des commentaires po\u00e9tiques de Mohamed Salah Ben Amor : 29\u2013Les po\u00e8mes en duo d\u2019Elena Martinez et Mohammed El Qoch: 29 -5: S\u00e8che tes larmes&#8230;!"},"content":{"rendered":"<div id=\"attachment_9747\" style=\"width: 310px\" class=\"wp-caption alignnone\"><a href=\"http:\/\/www.masharif.com\/fr\/wp-content\/uploads\/2019\/04\/53110768_333516130612714_4112335807581257728_n.jpg\"><img aria-describedby=\"caption-attachment-9747\" loading=\"lazy\" class=\"wp-image-9747 size-medium\" src=\"http:\/\/www.masharif.com\/fr\/wp-content\/uploads\/2019\/04\/53110768_333516130612714_4112335807581257728_n-300x150.jpg\" alt=\"\" width=\"300\" height=\"150\" srcset=\"https:\/\/www.masharif.com\/fr\/wp-content\/uploads\/2019\/04\/53110768_333516130612714_4112335807581257728_n-300x150.jpg 300w, https:\/\/www.masharif.com\/fr\/wp-content\/uploads\/2019\/04\/53110768_333516130612714_4112335807581257728_n.jpg 638w\" sizes=\"(max-width: 300px) 100vw, 300px\" \/><\/a><p id=\"caption-attachment-9747\" class=\"wp-caption-text\">Elena Martinez et Mohammed El Qoch<\/p><\/div>\n<p><a href=\"http:\/\/www.masharif.com\/fr\/wp-content\/uploads\/2019\/04\/sad-girl-3007323_960_720.jpg\"><img loading=\"lazy\" class=\"alignnone size-medium wp-image-9786\" src=\"http:\/\/www.masharif.com\/fr\/wp-content\/uploads\/2019\/04\/sad-girl-3007323_960_720-300x200.jpg\" alt=\"\" width=\"300\" height=\"200\" srcset=\"https:\/\/www.masharif.com\/fr\/wp-content\/uploads\/2019\/04\/sad-girl-3007323_960_720-300x200.jpg 300w, https:\/\/www.masharif.com\/fr\/wp-content\/uploads\/2019\/04\/sad-girl-3007323_960_720-768x512.jpg 768w, https:\/\/www.masharif.com\/fr\/wp-content\/uploads\/2019\/04\/sad-girl-3007323_960_720.jpg 960w\" sizes=\"(max-width: 300px) 100vw, 300px\" \/><\/a><\/p>\n<p>&nbsp;<\/p>\n<p><strong>J&#8217;aurais\u00a0bien aim\u00e9 voie<\/strong><\/p>\n<p><strong>L&#8217;unique chemin qui m\u00e8ne \u00e0 ton c\u0153ur<\/strong><\/p>\n<p><strong>L&#8217;\u00e9moi des\u00a0feuilles\u00a0que fr\u00f4lent tes pas<\/strong><\/p>\n<p><strong>La\u00a0bise\u00a0fol\u00e2tre qui\u00a0mordore ton \u00e9paule<\/strong><\/p>\n<p><strong>Le\u00a0vent\u00a0fripon qui joue sous\u00a0tes dentelles<\/strong><\/p>\n<p><strong>Et qui de son souffle entrem\u00ealent\u00a0tes jupons<\/strong><\/p>\n<p>&nbsp;<\/p>\n<p><strong>Nous partagerions ainsi\u00a0le pain, le sel<\/strong><\/p>\n<p><strong>L&#8217;eau\u00a0qui ruisselle abondamment<\/strong><\/p>\n<p><strong>Un sourire perlant en \u00e9tincelles<\/strong><\/p>\n<p><strong>Pour parer ce quotidien amer<\/strong><\/p>\n<p><strong>Et pour qu\u2019enfin\u00a0s&#8217;\u00e9teignent tes larmes<\/strong><\/p>\n<p><strong>Suspendues entre \u0153illetons et joues<\/strong><\/p>\n<p>&nbsp;<\/p>\n<p><strong>Si un jour tes maux ne cessent<\/strong><\/p>\n<p><strong>Nous partirons sur la mer, pays des merveilles,<\/strong><\/p>\n<p><strong>D\u00e9poser\u00a0un regard \u00e0 l&#8217;horizon exorable<\/strong><\/p>\n<p><strong>Tu sentiras alors\u00a0l\u2019aliz\u00e9\u00a0l\u00e9cher tes cheveux<\/strong><\/p>\n<p><strong>Et\u00a0une main\u00a0te guider vers l&#8217;issue<\/strong><\/p>\n<p><strong>L&#8217;unique, celle de la lumi\u00e8re translucide<\/strong><\/p>\n<p>&nbsp;<\/p>\n<p><strong>J&#8217;ai toujours mes bagages\u00a0<\/strong><\/p>\n<p><strong>A port\u00e9e de main<\/strong><\/p>\n<p><strong>Quelques pages blanches nettes<\/strong><\/p>\n<p><strong>Deux stylos \u00e0 bille<\/strong><\/p>\n<p><strong>Un crayon, trois pinceaux et des couleurs<\/strong><\/p>\n<p><strong>Pour peindre la beaut\u00e9 de nos lendemains<\/strong><\/p>\n<p>&nbsp;<\/p>\n<p><strong>A l&#8217;horizon, d\u2019interminables voyages<\/strong><\/p>\n<p><strong>Vers\u00a0la patrie des po\u00e8tes<\/strong><\/p>\n<p><strong>Morts sur les gr\u00e8ves<\/strong><\/p>\n<p><strong>Elles demeurent imp\u00e9n\u00e9trables<\/strong><\/p>\n<p><strong>Depuis des lunes<\/strong><\/p>\n<p>&nbsp;<\/p>\n<p><strong>Nul\u00a0ne d\u00e9tient le secret des myst\u00e8res<\/strong><\/p>\n<p><strong>La clef reste introuvable<\/strong><\/p>\n<p><strong>Il suffit de raconter\u00a0quelques vers,<\/strong><\/p>\n<p><strong>Quelques vers ind\u00e9finis,<\/strong><\/p>\n<p><strong>Pour que toutes les portes grincent<\/strong><\/p>\n<p><strong>Et cherchent\u00a0\u00e0 sortir de leurs gonds<\/strong><\/p>\n<p><strong>La\u00a0vie devient alors la plus belle des fables<\/strong><\/p>\n<p><strong>Ouverte \u00e0 tous les possibles, r\u00eaves et frissons<\/strong><\/p>\n<p>&nbsp;<\/p>\n<p>&nbsp;<\/p>\n<p>La consolation affich\u00e9e dans le titre \u00a0\u00ab\u00a0S\u00e8che tes larmes\u00a0\u00bb c\u00e8de tout de suite la place d\u00e8s le premier vers \u00e0 l\u2019introduction pure et simple de l&#8217;allocutaire \u00a0dans un monde paradisiaque virtuel (<strong>nous partirons sur\u00a0\u00a0la mer, pays des merveilles,\u00a0\/d\u00e9poser\u00a0un regard \u00e0 l&#8217;horizon exorable\u00a0\/\u00a0tu sentiras alors\u00a0l\u2019aliz\u00e9\u00a0l\u00e9cher tes cheveux\u00a0\/et\u00a0une main\u00a0te guider vers l&#8217;issue\u00a0\/l\u2019unique, celle de la lumi\u00e8re translucide )<\/strong><em>\u00a0<\/em>entrain\u00e9e avec soin et affection \u00a0\u00a0par le locuteur qui se \u00a0propose \u00a0\u00a0de jouer \u00a0pour elle le r\u00f4le d\u2019un guide salvateur \u00a0qui la d\u00e9livrerait de son \u00a0quotidien amer .Mais \u00a0il s\u2019agit bien d\u2019un salvateur \u00a0d\u2019un genre \u00a0sp\u00e9cial , \u00a0\u00a0du fait qu\u2019il s\u2019identifie lui-m\u00eame \u00e0 chacun des \u00e9l\u00e9ments qui accueilleraient l&#8217;allocutaire \u00a0dans ce monde paradisiaque \u00a0souhait\u00e9 ( <strong>chemin \u2013 feuilles \u2013 bise \u2013 vent<\/strong> \u00a0) comme s\u2019ils \u00e9manent de son propre \u00eatre . Et ce genre \u00a0n\u2019est autre que celui des po\u00e8tes. D\u2019o\u00f9 la nature linguistique de ce monde qui a toutes les caract\u00e9ristiques d\u2019un \u00a0po\u00e8me particulier\u00a0: le po\u00e8me amoureux .N\u00e9anmoins , \u00a0si ceci \u00a0est signifi\u00e9 \u00a0au niveau locutoire ( ce qui a \u00e9t\u00e9 dit effectivement par le locuteur ) l\u2019observation du \u00a0non-dit ( illocution ) r\u00e9v\u00e8le d\u2019autres significations cach\u00e9es dont la plus importante est que la cr\u00e9ation de ce monde imaginaire merveilleux est irr\u00e9alisable sans l\u2019intention d\u2019y accueillir l&#8217;allocutaire \u00a0ce qui revient \u00e0 dire que le po\u00e8te v\u00e9g\u00e9terait \u00a0aussi sans elle dans ce quotidien amer \u00a0et c\u2019est pour cela que la consolation formul\u00e9e dans le titre est adress\u00e9e aussi bien \u00e0 elle qu\u2019\u00e0 lui-m\u00eame .<\/p>\n","protected":false},"excerpt":{"rendered":"<p>&nbsp; J&#8217;aurais\u00a0bien aim\u00e9 voie L&#8217;unique chemin qui m\u00e8ne \u00e0 ton c\u0153ur L&#8217;\u00e9moi des\u00a0feuilles\u00a0que fr\u00f4lent tes pas La\u00a0bise\u00a0fol\u00e2tre qui\u00a0mordore ton \u00e9paule Le\u00a0vent\u00a0fripon qui joue sous\u00a0tes dentelles Et qui de son souffle entrem\u00ealent\u00a0tes jupons &nbsp; Nous partagerions ainsi\u00a0le pain, le sel L&#8217;eau\u00a0qui ruisselle abondamment Un sourire perlant en \u00e9tincelles Pour parer ce quotidien amer Et pour qu\u2019enfin\u00a0s&#8217;\u00e9teignent &#8230;<\/p>\n","protected":false},"author":2,"featured_media":9747,"comment_status":"open","ping_status":"open","sticky":false,"template":"","format":"standard","meta":[],"categories":[8],"tags":[],"yoast_head":"<!-- This site is optimized with the Yoast SEO plugin v19.3 - https:\/\/yoast.com\/wordpress\/plugins\/seo\/ -->\n<title>Les archives des commentaires po\u00e9tiques de Mohamed Salah Ben Amor : 29\u2013Les po\u00e8mes en duo d\u2019Elena Martinez et Mohammed El Qoch: 29 -5: S\u00e8che tes larmes...! - Culminances<\/title>\n<meta name=\"robots\" content=\"index, follow, max-snippet:-1, max-image-preview:large, max-video-preview:-1\" \/>\n<link rel=\"canonical\" href=\"https:\/\/www.masharif.com\/fr\/2019\/04\/10\/archives-commentaires-poetiques-de-mohamed-salah-ben-amor-29-poemes-duo-delena-martinez-mohammed-el-qoch-29-5-seche-larmes\/\" \/>\n<meta property=\"og:locale\" content=\"fr_FR\" \/>\n<meta property=\"og:type\" content=\"article\" \/>\n<meta property=\"og:title\" content=\"Les archives des commentaires po\u00e9tiques de Mohamed Salah Ben Amor : 29\u2013Les po\u00e8mes en duo d\u2019Elena Martinez et Mohammed El Qoch: 29 -5: S\u00e8che tes larmes...! - Culminances\" \/>\n<meta property=\"og:description\" content=\"&nbsp; J&#8217;aurais\u00a0bien aim\u00e9 voie L&#8217;unique chemin qui m\u00e8ne \u00e0 ton c\u0153ur L&#8217;\u00e9moi des\u00a0feuilles\u00a0que fr\u00f4lent tes pas La\u00a0bise\u00a0fol\u00e2tre qui\u00a0mordore ton \u00e9paule Le\u00a0vent\u00a0fripon qui joue sous\u00a0tes dentelles Et qui de son souffle entrem\u00ealent\u00a0tes jupons &nbsp; Nous partagerions ainsi\u00a0le pain, le sel L&#8217;eau\u00a0qui ruisselle abondamment Un sourire perlant en \u00e9tincelles Pour parer ce quotidien amer Et pour qu\u2019enfin\u00a0s&#8217;\u00e9teignent ...\" \/>\n<meta property=\"og:url\" content=\"https:\/\/www.masharif.com\/fr\/2019\/04\/10\/archives-commentaires-poetiques-de-mohamed-salah-ben-amor-29-poemes-duo-delena-martinez-mohammed-el-qoch-29-5-seche-larmes\/\" \/>\n<meta property=\"og:site_name\" content=\"Culminances\" \/>\n<meta property=\"article:published_time\" content=\"2019-04-10T09:22:52+00:00\" \/>\n<meta property=\"og:image\" content=\"https:\/\/www.masharif.com\/fr\/wp-content\/uploads\/2019\/04\/53110768_333516130612714_4112335807581257728_n.jpg\" \/>\n\t<meta property=\"og:image:width\" content=\"638\" \/>\n\t<meta property=\"og:image:height\" content=\"318\" \/>\n\t<meta property=\"og:image:type\" content=\"image\/jpeg\" \/>\n<meta name=\"author\" content=\"Mohamed Salah Ben Amor\" \/>\n<meta name=\"twitter:card\" content=\"summary\" \/>\n<meta name=\"twitter:label1\" content=\"\u00c9crit par\" \/>\n\t<meta name=\"twitter:data1\" content=\"Mohamed Salah Ben Amor\" \/>\n\t<meta name=\"twitter:label2\" content=\"Dur\u00e9e de lecture estim\u00e9e\" \/>\n\t<meta name=\"twitter:data2\" content=\"3 minutes\" \/>\n<script type=\"application\/ld+json\" class=\"yoast-schema-graph\">{\"@context\":\"https:\/\/schema.org\",\"@graph\":[{\"@type\":\"WebSite\",\"@id\":\"https:\/\/www.masharif.com\/fr\/#website\",\"url\":\"https:\/\/www.masharif.com\/fr\/\",\"name\":\"Culminances\",\"description\":\"\",\"potentialAction\":[{\"@type\":\"SearchAction\",\"target\":{\"@type\":\"EntryPoint\",\"urlTemplate\":\"https:\/\/www.masharif.com\/fr\/?s={search_term_string}\"},\"query-input\":\"required name=search_term_string\"}],\"inLanguage\":\"fr-FR\"},{\"@type\":\"ImageObject\",\"inLanguage\":\"fr-FR\",\"@id\":\"https:\/\/www.masharif.com\/fr\/2019\/04\/10\/archives-commentaires-poetiques-de-mohamed-salah-ben-amor-29-poemes-duo-delena-martinez-mohammed-el-qoch-29-5-seche-larmes\/#primaryimage\",\"url\":\"https:\/\/www.masharif.com\/fr\/wp-content\/uploads\/2019\/04\/53110768_333516130612714_4112335807581257728_n.jpg\",\"contentUrl\":\"https:\/\/www.masharif.com\/fr\/wp-content\/uploads\/2019\/04\/53110768_333516130612714_4112335807581257728_n.jpg\",\"width\":638,\"height\":318},{\"@type\":\"WebPage\",\"@id\":\"https:\/\/www.masharif.com\/fr\/2019\/04\/10\/archives-commentaires-poetiques-de-mohamed-salah-ben-amor-29-poemes-duo-delena-martinez-mohammed-el-qoch-29-5-seche-larmes\/\",\"url\":\"https:\/\/www.masharif.com\/fr\/2019\/04\/10\/archives-commentaires-poetiques-de-mohamed-salah-ben-amor-29-poemes-duo-delena-martinez-mohammed-el-qoch-29-5-seche-larmes\/\",\"name\":\"Les archives des commentaires po\u00e9tiques de Mohamed Salah Ben Amor : 29\u2013Les po\u00e8mes en duo d\u2019Elena Martinez et Mohammed El Qoch: 29 -5: S\u00e8che tes larmes...! - Culminances\",\"isPartOf\":{\"@id\":\"https:\/\/www.masharif.com\/fr\/#website\"},\"primaryImageOfPage\":{\"@id\":\"https:\/\/www.masharif.com\/fr\/2019\/04\/10\/archives-commentaires-poetiques-de-mohamed-salah-ben-amor-29-poemes-duo-delena-martinez-mohammed-el-qoch-29-5-seche-larmes\/#primaryimage\"},\"datePublished\":\"2019-04-10T09:22:52+00:00\",\"dateModified\":\"2019-04-10T09:22:52+00:00\",\"author\":{\"@id\":\"https:\/\/www.masharif.com\/fr\/#\/schema\/person\/839a7026efe9fa825134097c1041e4a0\"},\"breadcrumb\":{\"@id\":\"https:\/\/www.masharif.com\/fr\/2019\/04\/10\/archives-commentaires-poetiques-de-mohamed-salah-ben-amor-29-poemes-duo-delena-martinez-mohammed-el-qoch-29-5-seche-larmes\/#breadcrumb\"},\"inLanguage\":\"fr-FR\",\"potentialAction\":[{\"@type\":\"ReadAction\",\"target\":[\"https:\/\/www.masharif.com\/fr\/2019\/04\/10\/archives-commentaires-poetiques-de-mohamed-salah-ben-amor-29-poemes-duo-delena-martinez-mohammed-el-qoch-29-5-seche-larmes\/\"]}]},{\"@type\":\"BreadcrumbList\",\"@id\":\"https:\/\/www.masharif.com\/fr\/2019\/04\/10\/archives-commentaires-poetiques-de-mohamed-salah-ben-amor-29-poemes-duo-delena-martinez-mohammed-el-qoch-29-5-seche-larmes\/#breadcrumb\",\"itemListElement\":[{\"@type\":\"ListItem\",\"position\":1,\"name\":\"Home\",\"item\":\"https:\/\/www.masharif.com\/fr\/\"},{\"@type\":\"ListItem\",\"position\":2,\"name\":\"Les archives des commentaires po\u00e9tiques de Mohamed Salah Ben Amor : 29\u2013Les po\u00e8mes en duo d\u2019Elena Martinez et Mohammed El Qoch: 29 -5: S\u00e8che tes larmes&#8230;!\"}]},{\"@type\":\"Person\",\"@id\":\"https:\/\/www.masharif.com\/fr\/#\/schema\/person\/839a7026efe9fa825134097c1041e4a0\",\"name\":\"Mohamed Salah Ben Amor\",\"image\":{\"@type\":\"ImageObject\",\"inLanguage\":\"fr-FR\",\"@id\":\"https:\/\/www.masharif.com\/fr\/#\/schema\/person\/image\/\",\"url\":\"https:\/\/secure.gravatar.com\/avatar\/f64806401ad5ed604ffec2272b19ef46?s=96&d=identicon&r=g\",\"contentUrl\":\"https:\/\/secure.gravatar.com\/avatar\/f64806401ad5ed604ffec2272b19ef46?s=96&d=identicon&r=g\",\"caption\":\"Mohamed Salah Ben Amor\"},\"sameAs\":[\"http:\/\/ben-amor.info\"],\"url\":\"https:\/\/www.masharif.com\/fr\/author\/msba\/\"}]}<\/script>\n<!-- \/ Yoast SEO plugin. -->","yoast_head_json":{"title":"Les archives des commentaires po\u00e9tiques de Mohamed Salah Ben Amor : 29\u2013Les po\u00e8mes en duo d\u2019Elena Martinez et Mohammed El Qoch: 29 -5: S\u00e8che tes larmes...! - Culminances","robots":{"index":"index","follow":"follow","max-snippet":"max-snippet:-1","max-image-preview":"max-image-preview:large","max-video-preview":"max-video-preview:-1"},"canonical":"https:\/\/www.masharif.com\/fr\/2019\/04\/10\/archives-commentaires-poetiques-de-mohamed-salah-ben-amor-29-poemes-duo-delena-martinez-mohammed-el-qoch-29-5-seche-larmes\/","og_locale":"fr_FR","og_type":"article","og_title":"Les archives des commentaires po\u00e9tiques de Mohamed Salah Ben Amor : 29\u2013Les po\u00e8mes en duo d\u2019Elena Martinez et Mohammed El Qoch: 29 -5: S\u00e8che tes larmes...! - Culminances","og_description":"&nbsp; J&#8217;aurais\u00a0bien aim\u00e9 voie L&#8217;unique chemin qui m\u00e8ne \u00e0 ton c\u0153ur L&#8217;\u00e9moi des\u00a0feuilles\u00a0que fr\u00f4lent tes pas La\u00a0bise\u00a0fol\u00e2tre qui\u00a0mordore ton \u00e9paule Le\u00a0vent\u00a0fripon qui joue sous\u00a0tes dentelles Et qui de son souffle entrem\u00ealent\u00a0tes jupons &nbsp; Nous partagerions ainsi\u00a0le pain, le sel L&#8217;eau\u00a0qui ruisselle abondamment Un sourire perlant en \u00e9tincelles Pour parer ce quotidien amer Et pour qu\u2019enfin\u00a0s&#8217;\u00e9teignent ...","og_url":"https:\/\/www.masharif.com\/fr\/2019\/04\/10\/archives-commentaires-poetiques-de-mohamed-salah-ben-amor-29-poemes-duo-delena-martinez-mohammed-el-qoch-29-5-seche-larmes\/","og_site_name":"Culminances","article_published_time":"2019-04-10T09:22:52+00:00","og_image":[{"width":638,"height":318,"url":"https:\/\/www.masharif.com\/fr\/wp-content\/uploads\/2019\/04\/53110768_333516130612714_4112335807581257728_n.jpg","type":"image\/jpeg"}],"author":"Mohamed Salah Ben Amor","twitter_card":"summary","twitter_misc":{"\u00c9crit par":"Mohamed Salah Ben Amor","Dur\u00e9e de lecture estim\u00e9e":"3 minutes"},"schema":{"@context":"https:\/\/schema.org","@graph":[{"@type":"WebSite","@id":"https:\/\/www.masharif.com\/fr\/#website","url":"https:\/\/www.masharif.com\/fr\/","name":"Culminances","description":"","potentialAction":[{"@type":"SearchAction","target":{"@type":"EntryPoint","urlTemplate":"https:\/\/www.masharif.com\/fr\/?s={search_term_string}"},"query-input":"required name=search_term_string"}],"inLanguage":"fr-FR"},{"@type":"ImageObject","inLanguage":"fr-FR","@id":"https:\/\/www.masharif.com\/fr\/2019\/04\/10\/archives-commentaires-poetiques-de-mohamed-salah-ben-amor-29-poemes-duo-delena-martinez-mohammed-el-qoch-29-5-seche-larmes\/#primaryimage","url":"https:\/\/www.masharif.com\/fr\/wp-content\/uploads\/2019\/04\/53110768_333516130612714_4112335807581257728_n.jpg","contentUrl":"https:\/\/www.masharif.com\/fr\/wp-content\/uploads\/2019\/04\/53110768_333516130612714_4112335807581257728_n.jpg","width":638,"height":318},{"@type":"WebPage","@id":"https:\/\/www.masharif.com\/fr\/2019\/04\/10\/archives-commentaires-poetiques-de-mohamed-salah-ben-amor-29-poemes-duo-delena-martinez-mohammed-el-qoch-29-5-seche-larmes\/","url":"https:\/\/www.masharif.com\/fr\/2019\/04\/10\/archives-commentaires-poetiques-de-mohamed-salah-ben-amor-29-poemes-duo-delena-martinez-mohammed-el-qoch-29-5-seche-larmes\/","name":"Les archives des commentaires po\u00e9tiques de Mohamed Salah Ben Amor : 29\u2013Les po\u00e8mes en duo d\u2019Elena Martinez et Mohammed El Qoch: 29 -5: S\u00e8che tes larmes...! - Culminances","isPartOf":{"@id":"https:\/\/www.masharif.com\/fr\/#website"},"primaryImageOfPage":{"@id":"https:\/\/www.masharif.com\/fr\/2019\/04\/10\/archives-commentaires-poetiques-de-mohamed-salah-ben-amor-29-poemes-duo-delena-martinez-mohammed-el-qoch-29-5-seche-larmes\/#primaryimage"},"datePublished":"2019-04-10T09:22:52+00:00","dateModified":"2019-04-10T09:22:52+00:00","author":{"@id":"https:\/\/www.masharif.com\/fr\/#\/schema\/person\/839a7026efe9fa825134097c1041e4a0"},"breadcrumb":{"@id":"https:\/\/www.masharif.com\/fr\/2019\/04\/10\/archives-commentaires-poetiques-de-mohamed-salah-ben-amor-29-poemes-duo-delena-martinez-mohammed-el-qoch-29-5-seche-larmes\/#breadcrumb"},"inLanguage":"fr-FR","potentialAction":[{"@type":"ReadAction","target":["https:\/\/www.masharif.com\/fr\/2019\/04\/10\/archives-commentaires-poetiques-de-mohamed-salah-ben-amor-29-poemes-duo-delena-martinez-mohammed-el-qoch-29-5-seche-larmes\/"]}]},{"@type":"BreadcrumbList","@id":"https:\/\/www.masharif.com\/fr\/2019\/04\/10\/archives-commentaires-poetiques-de-mohamed-salah-ben-amor-29-poemes-duo-delena-martinez-mohammed-el-qoch-29-5-seche-larmes\/#breadcrumb","itemListElement":[{"@type":"ListItem","position":1,"name":"Home","item":"https:\/\/www.masharif.com\/fr\/"},{"@type":"ListItem","position":2,"name":"Les archives des commentaires po\u00e9tiques de Mohamed Salah Ben Amor : 29\u2013Les po\u00e8mes en duo d\u2019Elena Martinez et Mohammed El Qoch: 29 -5: S\u00e8che tes larmes&#8230;!"}]},{"@type":"Person","@id":"https:\/\/www.masharif.com\/fr\/#\/schema\/person\/839a7026efe9fa825134097c1041e4a0","name":"Mohamed Salah Ben Amor","image":{"@type":"ImageObject","inLanguage":"fr-FR","@id":"https:\/\/www.masharif.com\/fr\/#\/schema\/person\/image\/","url":"https:\/\/secure.gravatar.com\/avatar\/f64806401ad5ed604ffec2272b19ef46?s=96&d=identicon&r=g","contentUrl":"https:\/\/secure.gravatar.com\/avatar\/f64806401ad5ed604ffec2272b19ef46?s=96&d=identicon&r=g","caption":"Mohamed Salah Ben Amor"},"sameAs":["http:\/\/ben-amor.info"],"url":"https:\/\/www.masharif.com\/fr\/author\/msba\/"}]}},"_links":{"self":[{"href":"https:\/\/www.masharif.com\/fr\/wp-json\/wp\/v2\/posts\/9785"}],"collection":[{"href":"https:\/\/www.masharif.com\/fr\/wp-json\/wp\/v2\/posts"}],"about":[{"href":"https:\/\/www.masharif.com\/fr\/wp-json\/wp\/v2\/types\/post"}],"author":[{"embeddable":true,"href":"https:\/\/www.masharif.com\/fr\/wp-json\/wp\/v2\/users\/2"}],"replies":[{"embeddable":true,"href":"https:\/\/www.masharif.com\/fr\/wp-json\/wp\/v2\/comments?post=9785"}],"version-history":[{"count":1,"href":"https:\/\/www.masharif.com\/fr\/wp-json\/wp\/v2\/posts\/9785\/revisions"}],"predecessor-version":[{"id":9787,"href":"https:\/\/www.masharif.com\/fr\/wp-json\/wp\/v2\/posts\/9785\/revisions\/9787"}],"wp:featuredmedia":[{"embeddable":true,"href":"https:\/\/www.masharif.com\/fr\/wp-json\/wp\/v2\/media\/9747"}],"wp:attachment":[{"href":"https:\/\/www.masharif.com\/fr\/wp-json\/wp\/v2\/media?parent=9785"}],"wp:term":[{"taxonomy":"category","embeddable":true,"href":"https:\/\/www.masharif.com\/fr\/wp-json\/wp\/v2\/categories?post=9785"},{"taxonomy":"post_tag","embeddable":true,"href":"https:\/\/www.masharif.com\/fr\/wp-json\/wp\/v2\/tags?post=9785"}],"curies":[{"name":"wp","href":"https:\/\/api.w.org\/{rel}","templated":true}]}}