{"id":9746,"date":"2019-04-05T08:59:08","date_gmt":"2019-04-05T07:59:08","guid":{"rendered":"http:\/\/www.masharif.com\/fr\/?p=9746"},"modified":"2019-04-05T11:57:54","modified_gmt":"2019-04-05T10:57:54","slug":"les-archives-des-commentaires-poetiques-de-mohamed-salah-ben-amor-29-les-poemes-en-duo-delena-martinez-et-mohammed-el-qoch29-1-terre","status":"publish","type":"post","link":"https:\/\/www.masharif.com\/fr\/2019\/04\/05\/les-archives-des-commentaires-poetiques-de-mohamed-salah-ben-amor-29-les-poemes-en-duo-delena-martinez-et-mohammed-el-qoch29-1-terre\/","title":{"rendered":"Les archives des commentaires po\u00e9tiques de Mohamed Salah Ben Amor : 29\u2013Les po\u00e8mes en duo d\u2019Elena Martinez et Mohammed El Qoch:29 -1: Terre&#8230;!"},"content":{"rendered":"<div id=\"attachment_9747\" style=\"width: 310px\" class=\"wp-caption alignnone\"><a href=\"http:\/\/www.masharif.com\/fr\/wp-content\/uploads\/2019\/04\/53110768_333516130612714_4112335807581257728_n.jpg\"><img aria-describedby=\"caption-attachment-9747\" loading=\"lazy\" class=\"wp-image-9747 size-medium\" src=\"http:\/\/www.masharif.com\/fr\/wp-content\/uploads\/2019\/04\/53110768_333516130612714_4112335807581257728_n-300x150.jpg\" alt=\"\" width=\"300\" height=\"150\" srcset=\"https:\/\/www.masharif.com\/fr\/wp-content\/uploads\/2019\/04\/53110768_333516130612714_4112335807581257728_n-300x150.jpg 300w, https:\/\/www.masharif.com\/fr\/wp-content\/uploads\/2019\/04\/53110768_333516130612714_4112335807581257728_n.jpg 638w\" sizes=\"(max-width: 300px) 100vw, 300px\" \/><\/a><p id=\"caption-attachment-9747\" class=\"wp-caption-text\">Elena Martinez et Mohammed El Qoch<\/p><\/div>\n<p><a href=\"http:\/\/www.masharif.com\/fr\/wp-content\/uploads\/2019\/04\/942750_4960398170995_1937091597_n-1.jpg\"><img loading=\"lazy\" class=\"alignnone size-medium wp-image-9748\" src=\"http:\/\/www.masharif.com\/fr\/wp-content\/uploads\/2019\/04\/942750_4960398170995_1937091597_n-1-300x225.jpg\" alt=\"\" width=\"300\" height=\"225\" srcset=\"https:\/\/www.masharif.com\/fr\/wp-content\/uploads\/2019\/04\/942750_4960398170995_1937091597_n-1-300x225.jpg 300w, https:\/\/www.masharif.com\/fr\/wp-content\/uploads\/2019\/04\/942750_4960398170995_1937091597_n-1-768x576.jpg 768w, https:\/\/www.masharif.com\/fr\/wp-content\/uploads\/2019\/04\/942750_4960398170995_1937091597_n-1-1024x768.jpg 1024w, https:\/\/www.masharif.com\/fr\/wp-content\/uploads\/2019\/04\/942750_4960398170995_1937091597_n-1.jpg 1600w\" sizes=\"(max-width: 300px) 100vw, 300px\" \/><\/a><\/p>\n<p><strong>\u00a0<\/strong><\/p>\n<p><strong>TERRE\u00a0fissur\u00e9e, d\u00e9labr\u00e9e<\/strong><\/p>\n<p><strong>R\u00caVES\u00a0avort\u00e9s\u00a0CIEL \u00e9lim\u00e9,sans lune<\/strong><\/p>\n<p><strong>OISEAUX englu\u00e9s ARBRES qu&#8217;on d\u00e9plume<\/strong><\/p>\n<p><strong>Le FRUIT aux aguets<\/strong><\/p>\n<p><strong>Soubresaut\u00a0d\u2019\u00e9ternit\u00e9<\/strong><\/p>\n<p><strong>\u00a0<\/strong><\/p>\n<p><strong>Des LARMES d&#8217;enfants\u00a0cascadent<\/strong><\/p>\n<p><strong>Le long\u00a0de joues balafr\u00e9es<\/strong><\/p>\n<p><strong>Que de tendres M\u00c8RES<\/strong><\/p>\n<p><strong>Aux\u00a0mains blanches, livides<\/strong><\/p>\n<p><strong>Essuient\u00a0chaque NUIT<\/strong><\/p>\n<p><strong>\u00a0<\/strong><\/p>\n<p><strong>Et nous contemplons le CIEL<\/strong><\/p>\n<p><strong>Aucune AVERSE en vue<\/strong><\/p>\n<p><strong>Que\u00a0du plomb \u00e9tincelant<\/strong><\/p>\n<p><strong>Qui\u00a0gicle le feu et le sang<\/strong><\/p>\n<p><strong>Et la\u00a0PEUR omnipr\u00e9sente de l\u2019inconnu<\/strong><\/p>\n<p><strong>\u00a0<\/strong><\/p>\n<p><strong>Nous nous clo\u00eetrons\u00a0dans l&#8217;OMBRE<\/strong><\/p>\n<p><strong>De ce\u00a0CAUCHEMAR\u00a0o\u00f9 pas un bruit<\/strong><\/p>\n<p><strong>Ne se fraie un bout de chemin<\/strong><\/p>\n<p><strong>Pour construire nos lendemains<\/strong><\/p>\n<p><strong>\u00a0<\/strong><\/p>\n<p><strong>Et pourtant\u00a0les roses sont si belles<\/strong><\/p>\n<p><strong>Si HARMONIEUX\u00a0le chant des baleines<\/strong><\/p>\n<p><strong>Si\u00a0limpide le miroir de tes yeux<\/strong><\/p>\n<p><strong>Et pourtant\u00a0le rire clair d\u2019un poupon<\/strong><\/p>\n<p><strong>La\u00a0poursuite inlassable des saisons<\/strong><\/p>\n<p><strong>Qui\u00a0portent en elles la myriade de nos illusions<\/strong><\/p>\n<p><strong>Et\u00a0la CL\u00c9 pour ouvrir nos consciences<\/strong><\/p>\n<p><strong>Aux\u00a0possibilit\u00e9s d\u2019une NOUVELLE existence<\/strong><\/p>\n<p><strong>En\u00a0respect avec notre nature profonde<\/strong><\/p>\n<p><strong>Et toutes\u00a0celles qui r\u00e9clament de NA\u00ceTRE au\u00a0monde<\/strong><\/p>\n<p><strong>Sans craindre d\u2019\u00eatre extermin\u00e9es<\/strong><\/p>\n<p><strong>Portant bien haut l\u2019\u00e9tendard de la LIBERT\u00c9<\/strong><\/p>\n<p>&nbsp;<\/p>\n<p>Le po\u00e8te marocain Mohammed El Qoch a cette particularit\u00e9 d\u2019\u00e9crire parfois en solo et parfois en duo .En duo ou \u00e0 quatre pattes , il le faisait dans le temps avec la po\u00e9tesse fran\u00e7aise Maryjoe \u00a0Cassandre Danton et depuis plus d\u2019une ann\u00e9e , il a chang\u00e9 de campagne de route , en s\u2019associant \u00e0 l\u2019hispano-canadienne Elena Martinez\u00a0. Et il faudra un jour tenter de voir la diff\u00e9rence, aux deux niveaux du style et des th\u00e8mes, entre ce qu\u2019il \u00e9crit seul et ce qu\u2019il produit avec une autre personne . Dans \u00a0ce nouveau po\u00e8me , le th\u00e8me que le second duo aborde , en l\u2019occurrence la situation inqui\u00e9tante qui pr\u00e9vaut dans le monde , leur est habituel parce qu\u2019ils l\u2019ont trait\u00e9 dans \u00a0un ou deux po\u00e8mes pr\u00e9c\u00e9dents . Et il constituerait ainsi l\u2019un des traits d\u2019union possibles entre les deux partenaires, du fait de leur appartenance \u00e0 deux cultures diff\u00e9rentes . Et rien de mieux, dans de telles associassions, que l\u2019aspiration commune aux id\u00e9aux universaux et aux grandes valeurs humaines , ce que l\u2019on voit clairement dans ce\u00a0 po\u00e8me o\u00f9 les deux auteurs brossent un tableau d\u00e9solant \u00a0de l\u2019atroce situation dans laquelle se d\u00e9bat l\u2019humanit\u00e9 , s\u2019inspirant , peut-\u00eatre inconsciemment , de la fameuse th\u00e8se de Rousseau selon laquelle \u00ab\u00a0<strong>l\u2019homme na\u00eet bon, c\u2019est la soci\u00e9t\u00e9 qui le corrompt &#8220;. <\/strong>Et pour ce faire , ils ont construit le po\u00e8me en deux parties distinctes\u00a0: dans la premi\u00e8re, \u00a0qui est massivement descriptive , ils ont eu recours au proc\u00e9d\u00e9 de l\u2019accumulation , en faisant d\u00e9ferler une cascade d\u2019 images sombres et sordides \u00a0\u00e9voquant la situation en question \u00a0et dans la seconde qui est , par contre , argumentative, ils ont ins\u00e9r\u00e9 \u00a0la cause profonde de cette mis\u00e8re noire qui est l\u2019\u00e9loignement de l\u2019\u00e9tat naturel \u00a0, le seul garant du bonheur terrestre . Et dans cette deuxi\u00e8me partie , le duo a us\u00e9 du m\u00eame proc\u00e9d\u00e9 de l\u2019accumulation , \u00a0en entassant une s\u00e9rie d\u2019images expressives \u00e0 un rythme tr\u00e8s rapide , ce qui a eu pour effet de cr\u00e9er dans les parties une impression de profusion qui n\u2019est autre , en fin de comte , qu\u2019une forme indirecte d\u2019amplification ou d\u2019hyperbole . Enfin , bien que le contenu de ce po\u00e8me soit centr\u00e9 sur le c\u00f4t\u00e9 \u00e9motif pur\u00a0 , l\u2019arri\u00e8re-fond duquel il a \u00e9merg\u00e9 est nettement \u00a0intellectuel , ce qui le rattache \u00e0 la po\u00e9sie de pens\u00e9e ou \u00e0 la pens\u00e9e po\u00e9tique .<\/p>\n","protected":false},"excerpt":{"rendered":"<p>\u00a0 TERRE\u00a0fissur\u00e9e, d\u00e9labr\u00e9e R\u00caVES\u00a0avort\u00e9s\u00a0CIEL \u00e9lim\u00e9,sans lune OISEAUX englu\u00e9s ARBRES qu&#8217;on d\u00e9plume Le FRUIT aux aguets Soubresaut\u00a0d\u2019\u00e9ternit\u00e9 \u00a0 Des LARMES d&#8217;enfants\u00a0cascadent Le long\u00a0de joues balafr\u00e9es Que de tendres M\u00c8RES Aux\u00a0mains blanches, livides Essuient\u00a0chaque NUIT \u00a0 Et nous contemplons le CIEL Aucune AVERSE en vue Que\u00a0du plomb \u00e9tincelant Qui\u00a0gicle le feu et le sang Et la\u00a0PEUR omnipr\u00e9sente &#8230;<\/p>\n","protected":false},"author":2,"featured_media":9747,"comment_status":"open","ping_status":"open","sticky":false,"template":"","format":"standard","meta":[],"categories":[8],"tags":[],"yoast_head":"<!-- This site is optimized with the Yoast SEO plugin v19.3 - https:\/\/yoast.com\/wordpress\/plugins\/seo\/ -->\n<title>Les archives des commentaires po\u00e9tiques de Mohamed Salah Ben Amor : 29\u2013Les po\u00e8mes en duo d\u2019Elena Martinez et Mohammed El Qoch:29 -1: Terre...! - Culminances<\/title>\n<meta name=\"robots\" content=\"index, follow, max-snippet:-1, max-image-preview:large, max-video-preview:-1\" \/>\n<link rel=\"canonical\" href=\"https:\/\/www.masharif.com\/fr\/2019\/04\/05\/les-archives-des-commentaires-poetiques-de-mohamed-salah-ben-amor-29-les-poemes-en-duo-delena-martinez-et-mohammed-el-qoch29-1-terre\/\" \/>\n<meta property=\"og:locale\" content=\"fr_FR\" \/>\n<meta property=\"og:type\" content=\"article\" \/>\n<meta property=\"og:title\" content=\"Les archives des commentaires po\u00e9tiques de Mohamed Salah Ben Amor : 29\u2013Les po\u00e8mes en duo d\u2019Elena Martinez et Mohammed El Qoch:29 -1: Terre...! - Culminances\" \/>\n<meta property=\"og:description\" content=\"\u00a0 TERRE\u00a0fissur\u00e9e, d\u00e9labr\u00e9e R\u00caVES\u00a0avort\u00e9s\u00a0CIEL \u00e9lim\u00e9,sans lune OISEAUX englu\u00e9s ARBRES qu&#8217;on d\u00e9plume Le FRUIT aux aguets Soubresaut\u00a0d\u2019\u00e9ternit\u00e9 \u00a0 Des LARMES d&#8217;enfants\u00a0cascadent Le long\u00a0de joues balafr\u00e9es Que de tendres M\u00c8RES Aux\u00a0mains blanches, livides Essuient\u00a0chaque NUIT \u00a0 Et nous contemplons le CIEL Aucune AVERSE en vue Que\u00a0du plomb \u00e9tincelant Qui\u00a0gicle le feu et le sang Et la\u00a0PEUR omnipr\u00e9sente ...\" \/>\n<meta property=\"og:url\" content=\"https:\/\/www.masharif.com\/fr\/2019\/04\/05\/les-archives-des-commentaires-poetiques-de-mohamed-salah-ben-amor-29-les-poemes-en-duo-delena-martinez-et-mohammed-el-qoch29-1-terre\/\" \/>\n<meta property=\"og:site_name\" content=\"Culminances\" \/>\n<meta property=\"article:published_time\" content=\"2019-04-05T07:59:08+00:00\" \/>\n<meta property=\"article:modified_time\" content=\"2019-04-05T10:57:54+00:00\" \/>\n<meta property=\"og:image\" content=\"https:\/\/www.masharif.com\/fr\/wp-content\/uploads\/2019\/04\/53110768_333516130612714_4112335807581257728_n.jpg\" \/>\n\t<meta property=\"og:image:width\" content=\"638\" \/>\n\t<meta property=\"og:image:height\" content=\"318\" \/>\n\t<meta property=\"og:image:type\" content=\"image\/jpeg\" \/>\n<meta name=\"author\" content=\"Mohamed Salah Ben Amor\" \/>\n<meta name=\"twitter:card\" content=\"summary\" \/>\n<meta name=\"twitter:label1\" content=\"\u00c9crit par\" \/>\n\t<meta name=\"twitter:data1\" content=\"Mohamed Salah Ben Amor\" \/>\n\t<meta name=\"twitter:label2\" content=\"Dur\u00e9e de lecture estim\u00e9e\" \/>\n\t<meta name=\"twitter:data2\" content=\"3 minutes\" \/>\n<script type=\"application\/ld+json\" class=\"yoast-schema-graph\">{\"@context\":\"https:\/\/schema.org\",\"@graph\":[{\"@type\":\"WebSite\",\"@id\":\"https:\/\/www.masharif.com\/fr\/#website\",\"url\":\"https:\/\/www.masharif.com\/fr\/\",\"name\":\"Culminances\",\"description\":\"\",\"potentialAction\":[{\"@type\":\"SearchAction\",\"target\":{\"@type\":\"EntryPoint\",\"urlTemplate\":\"https:\/\/www.masharif.com\/fr\/?s={search_term_string}\"},\"query-input\":\"required name=search_term_string\"}],\"inLanguage\":\"fr-FR\"},{\"@type\":\"ImageObject\",\"inLanguage\":\"fr-FR\",\"@id\":\"https:\/\/www.masharif.com\/fr\/2019\/04\/05\/les-archives-des-commentaires-poetiques-de-mohamed-salah-ben-amor-29-les-poemes-en-duo-delena-martinez-et-mohammed-el-qoch29-1-terre\/#primaryimage\",\"url\":\"https:\/\/www.masharif.com\/fr\/wp-content\/uploads\/2019\/04\/53110768_333516130612714_4112335807581257728_n.jpg\",\"contentUrl\":\"https:\/\/www.masharif.com\/fr\/wp-content\/uploads\/2019\/04\/53110768_333516130612714_4112335807581257728_n.jpg\",\"width\":638,\"height\":318},{\"@type\":\"WebPage\",\"@id\":\"https:\/\/www.masharif.com\/fr\/2019\/04\/05\/les-archives-des-commentaires-poetiques-de-mohamed-salah-ben-amor-29-les-poemes-en-duo-delena-martinez-et-mohammed-el-qoch29-1-terre\/\",\"url\":\"https:\/\/www.masharif.com\/fr\/2019\/04\/05\/les-archives-des-commentaires-poetiques-de-mohamed-salah-ben-amor-29-les-poemes-en-duo-delena-martinez-et-mohammed-el-qoch29-1-terre\/\",\"name\":\"Les archives des commentaires po\u00e9tiques de Mohamed Salah Ben Amor : 29\u2013Les po\u00e8mes en duo d\u2019Elena Martinez et Mohammed El Qoch:29 -1: Terre...! - Culminances\",\"isPartOf\":{\"@id\":\"https:\/\/www.masharif.com\/fr\/#website\"},\"primaryImageOfPage\":{\"@id\":\"https:\/\/www.masharif.com\/fr\/2019\/04\/05\/les-archives-des-commentaires-poetiques-de-mohamed-salah-ben-amor-29-les-poemes-en-duo-delena-martinez-et-mohammed-el-qoch29-1-terre\/#primaryimage\"},\"datePublished\":\"2019-04-05T07:59:08+00:00\",\"dateModified\":\"2019-04-05T10:57:54+00:00\",\"author\":{\"@id\":\"https:\/\/www.masharif.com\/fr\/#\/schema\/person\/839a7026efe9fa825134097c1041e4a0\"},\"breadcrumb\":{\"@id\":\"https:\/\/www.masharif.com\/fr\/2019\/04\/05\/les-archives-des-commentaires-poetiques-de-mohamed-salah-ben-amor-29-les-poemes-en-duo-delena-martinez-et-mohammed-el-qoch29-1-terre\/#breadcrumb\"},\"inLanguage\":\"fr-FR\",\"potentialAction\":[{\"@type\":\"ReadAction\",\"target\":[\"https:\/\/www.masharif.com\/fr\/2019\/04\/05\/les-archives-des-commentaires-poetiques-de-mohamed-salah-ben-amor-29-les-poemes-en-duo-delena-martinez-et-mohammed-el-qoch29-1-terre\/\"]}]},{\"@type\":\"BreadcrumbList\",\"@id\":\"https:\/\/www.masharif.com\/fr\/2019\/04\/05\/les-archives-des-commentaires-poetiques-de-mohamed-salah-ben-amor-29-les-poemes-en-duo-delena-martinez-et-mohammed-el-qoch29-1-terre\/#breadcrumb\",\"itemListElement\":[{\"@type\":\"ListItem\",\"position\":1,\"name\":\"Home\",\"item\":\"https:\/\/www.masharif.com\/fr\/\"},{\"@type\":\"ListItem\",\"position\":2,\"name\":\"Les archives des commentaires po\u00e9tiques de Mohamed Salah Ben Amor : 29\u2013Les po\u00e8mes en duo d\u2019Elena Martinez et Mohammed El Qoch:29 -1: Terre&#8230;!\"}]},{\"@type\":\"Person\",\"@id\":\"https:\/\/www.masharif.com\/fr\/#\/schema\/person\/839a7026efe9fa825134097c1041e4a0\",\"name\":\"Mohamed Salah Ben Amor\",\"image\":{\"@type\":\"ImageObject\",\"inLanguage\":\"fr-FR\",\"@id\":\"https:\/\/www.masharif.com\/fr\/#\/schema\/person\/image\/\",\"url\":\"https:\/\/secure.gravatar.com\/avatar\/f64806401ad5ed604ffec2272b19ef46?s=96&d=identicon&r=g\",\"contentUrl\":\"https:\/\/secure.gravatar.com\/avatar\/f64806401ad5ed604ffec2272b19ef46?s=96&d=identicon&r=g\",\"caption\":\"Mohamed Salah Ben Amor\"},\"sameAs\":[\"http:\/\/ben-amor.info\"],\"url\":\"https:\/\/www.masharif.com\/fr\/author\/msba\/\"}]}<\/script>\n<!-- \/ Yoast SEO plugin. -->","yoast_head_json":{"title":"Les archives des commentaires po\u00e9tiques de Mohamed Salah Ben Amor : 29\u2013Les po\u00e8mes en duo d\u2019Elena Martinez et Mohammed El Qoch:29 -1: Terre...! - Culminances","robots":{"index":"index","follow":"follow","max-snippet":"max-snippet:-1","max-image-preview":"max-image-preview:large","max-video-preview":"max-video-preview:-1"},"canonical":"https:\/\/www.masharif.com\/fr\/2019\/04\/05\/les-archives-des-commentaires-poetiques-de-mohamed-salah-ben-amor-29-les-poemes-en-duo-delena-martinez-et-mohammed-el-qoch29-1-terre\/","og_locale":"fr_FR","og_type":"article","og_title":"Les archives des commentaires po\u00e9tiques de Mohamed Salah Ben Amor : 29\u2013Les po\u00e8mes en duo d\u2019Elena Martinez et Mohammed El Qoch:29 -1: Terre...! - Culminances","og_description":"\u00a0 TERRE\u00a0fissur\u00e9e, d\u00e9labr\u00e9e R\u00caVES\u00a0avort\u00e9s\u00a0CIEL \u00e9lim\u00e9,sans lune OISEAUX englu\u00e9s ARBRES qu&#8217;on d\u00e9plume Le FRUIT aux aguets Soubresaut\u00a0d\u2019\u00e9ternit\u00e9 \u00a0 Des LARMES d&#8217;enfants\u00a0cascadent Le long\u00a0de joues balafr\u00e9es Que de tendres M\u00c8RES Aux\u00a0mains blanches, livides Essuient\u00a0chaque NUIT \u00a0 Et nous contemplons le CIEL Aucune AVERSE en vue Que\u00a0du plomb \u00e9tincelant Qui\u00a0gicle le feu et le sang Et la\u00a0PEUR omnipr\u00e9sente ...","og_url":"https:\/\/www.masharif.com\/fr\/2019\/04\/05\/les-archives-des-commentaires-poetiques-de-mohamed-salah-ben-amor-29-les-poemes-en-duo-delena-martinez-et-mohammed-el-qoch29-1-terre\/","og_site_name":"Culminances","article_published_time":"2019-04-05T07:59:08+00:00","article_modified_time":"2019-04-05T10:57:54+00:00","og_image":[{"width":638,"height":318,"url":"https:\/\/www.masharif.com\/fr\/wp-content\/uploads\/2019\/04\/53110768_333516130612714_4112335807581257728_n.jpg","type":"image\/jpeg"}],"author":"Mohamed Salah Ben Amor","twitter_card":"summary","twitter_misc":{"\u00c9crit par":"Mohamed Salah Ben Amor","Dur\u00e9e de lecture estim\u00e9e":"3 minutes"},"schema":{"@context":"https:\/\/schema.org","@graph":[{"@type":"WebSite","@id":"https:\/\/www.masharif.com\/fr\/#website","url":"https:\/\/www.masharif.com\/fr\/","name":"Culminances","description":"","potentialAction":[{"@type":"SearchAction","target":{"@type":"EntryPoint","urlTemplate":"https:\/\/www.masharif.com\/fr\/?s={search_term_string}"},"query-input":"required name=search_term_string"}],"inLanguage":"fr-FR"},{"@type":"ImageObject","inLanguage":"fr-FR","@id":"https:\/\/www.masharif.com\/fr\/2019\/04\/05\/les-archives-des-commentaires-poetiques-de-mohamed-salah-ben-amor-29-les-poemes-en-duo-delena-martinez-et-mohammed-el-qoch29-1-terre\/#primaryimage","url":"https:\/\/www.masharif.com\/fr\/wp-content\/uploads\/2019\/04\/53110768_333516130612714_4112335807581257728_n.jpg","contentUrl":"https:\/\/www.masharif.com\/fr\/wp-content\/uploads\/2019\/04\/53110768_333516130612714_4112335807581257728_n.jpg","width":638,"height":318},{"@type":"WebPage","@id":"https:\/\/www.masharif.com\/fr\/2019\/04\/05\/les-archives-des-commentaires-poetiques-de-mohamed-salah-ben-amor-29-les-poemes-en-duo-delena-martinez-et-mohammed-el-qoch29-1-terre\/","url":"https:\/\/www.masharif.com\/fr\/2019\/04\/05\/les-archives-des-commentaires-poetiques-de-mohamed-salah-ben-amor-29-les-poemes-en-duo-delena-martinez-et-mohammed-el-qoch29-1-terre\/","name":"Les archives des commentaires po\u00e9tiques de Mohamed Salah Ben Amor : 29\u2013Les po\u00e8mes en duo d\u2019Elena Martinez et Mohammed El Qoch:29 -1: Terre...! - Culminances","isPartOf":{"@id":"https:\/\/www.masharif.com\/fr\/#website"},"primaryImageOfPage":{"@id":"https:\/\/www.masharif.com\/fr\/2019\/04\/05\/les-archives-des-commentaires-poetiques-de-mohamed-salah-ben-amor-29-les-poemes-en-duo-delena-martinez-et-mohammed-el-qoch29-1-terre\/#primaryimage"},"datePublished":"2019-04-05T07:59:08+00:00","dateModified":"2019-04-05T10:57:54+00:00","author":{"@id":"https:\/\/www.masharif.com\/fr\/#\/schema\/person\/839a7026efe9fa825134097c1041e4a0"},"breadcrumb":{"@id":"https:\/\/www.masharif.com\/fr\/2019\/04\/05\/les-archives-des-commentaires-poetiques-de-mohamed-salah-ben-amor-29-les-poemes-en-duo-delena-martinez-et-mohammed-el-qoch29-1-terre\/#breadcrumb"},"inLanguage":"fr-FR","potentialAction":[{"@type":"ReadAction","target":["https:\/\/www.masharif.com\/fr\/2019\/04\/05\/les-archives-des-commentaires-poetiques-de-mohamed-salah-ben-amor-29-les-poemes-en-duo-delena-martinez-et-mohammed-el-qoch29-1-terre\/"]}]},{"@type":"BreadcrumbList","@id":"https:\/\/www.masharif.com\/fr\/2019\/04\/05\/les-archives-des-commentaires-poetiques-de-mohamed-salah-ben-amor-29-les-poemes-en-duo-delena-martinez-et-mohammed-el-qoch29-1-terre\/#breadcrumb","itemListElement":[{"@type":"ListItem","position":1,"name":"Home","item":"https:\/\/www.masharif.com\/fr\/"},{"@type":"ListItem","position":2,"name":"Les archives des commentaires po\u00e9tiques de Mohamed Salah Ben Amor : 29\u2013Les po\u00e8mes en duo d\u2019Elena Martinez et Mohammed El Qoch:29 -1: Terre&#8230;!"}]},{"@type":"Person","@id":"https:\/\/www.masharif.com\/fr\/#\/schema\/person\/839a7026efe9fa825134097c1041e4a0","name":"Mohamed Salah Ben Amor","image":{"@type":"ImageObject","inLanguage":"fr-FR","@id":"https:\/\/www.masharif.com\/fr\/#\/schema\/person\/image\/","url":"https:\/\/secure.gravatar.com\/avatar\/f64806401ad5ed604ffec2272b19ef46?s=96&d=identicon&r=g","contentUrl":"https:\/\/secure.gravatar.com\/avatar\/f64806401ad5ed604ffec2272b19ef46?s=96&d=identicon&r=g","caption":"Mohamed Salah Ben Amor"},"sameAs":["http:\/\/ben-amor.info"],"url":"https:\/\/www.masharif.com\/fr\/author\/msba\/"}]}},"_links":{"self":[{"href":"https:\/\/www.masharif.com\/fr\/wp-json\/wp\/v2\/posts\/9746"}],"collection":[{"href":"https:\/\/www.masharif.com\/fr\/wp-json\/wp\/v2\/posts"}],"about":[{"href":"https:\/\/www.masharif.com\/fr\/wp-json\/wp\/v2\/types\/post"}],"author":[{"embeddable":true,"href":"https:\/\/www.masharif.com\/fr\/wp-json\/wp\/v2\/users\/2"}],"replies":[{"embeddable":true,"href":"https:\/\/www.masharif.com\/fr\/wp-json\/wp\/v2\/comments?post=9746"}],"version-history":[{"count":4,"href":"https:\/\/www.masharif.com\/fr\/wp-json\/wp\/v2\/posts\/9746\/revisions"}],"predecessor-version":[{"id":9755,"href":"https:\/\/www.masharif.com\/fr\/wp-json\/wp\/v2\/posts\/9746\/revisions\/9755"}],"wp:featuredmedia":[{"embeddable":true,"href":"https:\/\/www.masharif.com\/fr\/wp-json\/wp\/v2\/media\/9747"}],"wp:attachment":[{"href":"https:\/\/www.masharif.com\/fr\/wp-json\/wp\/v2\/media?parent=9746"}],"wp:term":[{"taxonomy":"category","embeddable":true,"href":"https:\/\/www.masharif.com\/fr\/wp-json\/wp\/v2\/categories?post=9746"},{"taxonomy":"post_tag","embeddable":true,"href":"https:\/\/www.masharif.com\/fr\/wp-json\/wp\/v2\/tags?post=9746"}],"curies":[{"name":"wp","href":"https:\/\/api.w.org\/{rel}","templated":true}]}}