{"id":9709,"date":"2019-04-01T12:22:51","date_gmt":"2019-04-01T11:22:51","guid":{"rendered":"http:\/\/www.masharif.com\/fr\/?p=9709"},"modified":"2019-04-01T12:22:51","modified_gmt":"2019-04-01T11:22:51","slug":"archives-commentaires-poetiques-de-mohamed-salah-ben-amor-28-poemes-de-najib-bendaoud-28-7-reve-perdu","status":"publish","type":"post","link":"https:\/\/www.masharif.com\/fr\/2019\/04\/01\/archives-commentaires-poetiques-de-mohamed-salah-ben-amor-28-poemes-de-najib-bendaoud-28-7-reve-perdu\/","title":{"rendered":"Les archives des commentaires po\u00e9tiques de Mohamed Salah Ben Amor : 28\u2013Les po\u00e8mes de Najib Bendaoud : 28 -7 : R\u00eave perdu"},"content":{"rendered":"<div id=\"attachment_9665\" style=\"width: 310px\" class=\"wp-caption alignnone\"><a href=\"http:\/\/www.masharif.com\/fr\/wp-content\/uploads\/2019\/03\/10447610_10202603279666433_6165640332663643291_n.jpg\"><img aria-describedby=\"caption-attachment-9665\" loading=\"lazy\" class=\"wp-image-9665 size-medium\" src=\"http:\/\/www.masharif.com\/fr\/wp-content\/uploads\/2019\/03\/10447610_10202603279666433_6165640332663643291_n-300x240.jpg\" alt=\"\" width=\"300\" height=\"240\" srcset=\"https:\/\/www.masharif.com\/fr\/wp-content\/uploads\/2019\/03\/10447610_10202603279666433_6165640332663643291_n-300x240.jpg 300w, https:\/\/www.masharif.com\/fr\/wp-content\/uploads\/2019\/03\/10447610_10202603279666433_6165640332663643291_n.jpg 413w\" sizes=\"(max-width: 300px) 100vw, 300px\" \/><\/a><p id=\"caption-attachment-9665\" class=\"wp-caption-text\">Najib Bendaoud<\/p><\/div>\n<p><a href=\"http:\/\/www.masharif.com\/fr\/wp-content\/uploads\/2019\/04\/man-2037255_960_720.jpg\"><img loading=\"lazy\" class=\"alignnone size-medium wp-image-9710\" src=\"http:\/\/www.masharif.com\/fr\/wp-content\/uploads\/2019\/04\/man-2037255_960_720-300x190.jpg\" alt=\"\" width=\"300\" height=\"190\" srcset=\"https:\/\/www.masharif.com\/fr\/wp-content\/uploads\/2019\/04\/man-2037255_960_720-300x190.jpg 300w, https:\/\/www.masharif.com\/fr\/wp-content\/uploads\/2019\/04\/man-2037255_960_720-768x486.jpg 768w, https:\/\/www.masharif.com\/fr\/wp-content\/uploads\/2019\/04\/man-2037255_960_720.jpg 960w\" sizes=\"(max-width: 300px) 100vw, 300px\" \/><\/a><\/p>\n<p><strong>Un froid\u00a0d\u00e9prav\u00e9\u00a0ronge\u00a0mes cieux\u00a0<\/strong><\/p>\n<p><strong>Des sons d\u00e9bauch\u00e9s\u00a0\u00e9rodent\u00a0mon lieu\u00a0<\/strong><\/p>\n<p><strong>Des mouches ivres\u00a0endommagent mon verre\u00a0<\/strong><\/p>\n<p><strong>Un vent malsain\u00a0pervertit\u00a0mon air\u00a0<\/strong><\/p>\n<p><strong>Des feuilles mortes\u00a0f\u00eatent\u00a0ma solitude\u00a0<\/strong><\/p>\n<p><strong>La fum\u00e9e de mes cigarettes\u00a0m\u2019encombre\u00a0<\/strong><\/p>\n<p><strong>De r\u00eaves\u00a0avort\u00e9s\u00a0<\/strong><\/p>\n<p><strong>Un froid immense vient loger\u00a0<\/strong><\/p>\n<p><strong>Discr\u00e8tement\u00a0<\/strong><\/p>\n<p><strong>Ma chambre obscure<\/strong><\/p>\n<p><strong>Un silence bavard\u00a0me tient compagnie<\/strong><\/p>\n<p><strong>Ce soir\u00a0Excuse-moi Tulipe<\/strong><\/p>\n<p><strong>Mes sentiments sentent le noir\u00a0<\/strong><\/p>\n<p><strong>Dans leurs ventres\u00a0Ils sont cons<\/strong><\/p>\n<p><strong>Je le sais\u00a0Mais ils sont vrais\u00a0<\/strong><\/p>\n<p><strong>Comme mes montagnes d\u2019en face<\/strong><\/p>\n<p><strong>Ma main a le vide dans son \u00e2me<\/strong><\/p>\n<p><strong>Mes pieds tremblent\u00a0de ton absence<\/strong><\/p>\n<p><strong>O\u00f9 se\u00a0sont enfuis les papillons\u00a0<\/strong><\/p>\n<p><strong>Qui ornaient mon c\u0153ur ?\u00a0<\/strong><\/p>\n<p><strong>O\u00f9\u00a0se sont cach\u00e9s les oiseaux\u00a0<\/strong><\/p>\n<p><strong>De mon arbre voisin ?<\/strong><\/p>\n<p><strong>O\u00f9 sont les chants logeant mes espaces all\u00e9chants ?<\/strong><\/p>\n<p><strong>O\u00f9 sont partis les sourires\u00a0<\/strong><\/p>\n<p><strong>De mon aube hallucinante ?<\/strong><\/p>\n<p><strong>Tous les parfums se sont tus !<\/strong><\/p>\n<p><strong>Toutes les\u00a0musiques s\u2019effondrent\u00a0en douceur !<\/strong><\/p>\n<p><strong>Toutes les joies\u00a0se d\u00e9mant\u00e8lent\u00a0!\u00a0<\/strong><\/p>\n<p><strong>Toutes les tulipes\u00a0s\u2019alt\u00e8rent\u00a0!<\/strong><\/p>\n<p><strong>Et tous mes\u00a0mots se ruinent\u00a0!\u00a0<\/strong><\/p>\n<p><strong>A quoi bon d\u2019attendre ce blanc du blanc !<\/strong><\/p>\n<p><strong>A quoi bon d\u2019aimer le silence de ton silence !<\/strong><\/p>\n<p><strong>Le vide de ton vide !<\/strong><\/p>\n<p><strong>Des nuits sans ta charmante voix !<\/strong><\/p>\n<p><strong>\u00a0<\/strong><\/p>\n<p>Deux proc\u00e9d\u00e9s principaux ont \u00e9t\u00e9 mis en usage dans ce po\u00e8me\u00a0: d\u2019un c\u00f4t\u00e9 , il se pr\u00eate ais\u00e9ment \u00e0 la lecture recommand\u00e9e par Nicolas Riffaterre\u00a0 qui vise \u00e0 d\u00e9gager l\u2019invariant du texte et les invariants \u00e0 partir duquel ils ont \u00e9t\u00e9 g\u00e9n\u00e9r\u00e9s .Cet invariant ou noyau s\u00e9mantique \u00a0est constitu\u00e9 ici de la notion d\u2019agression \u00a0qui y a pris deux formes\u00a0: une agression externe faisant opposer \u00a0un agresseur \u00e9tranger \u00a0et un agress\u00e9\u00a0intime, \u00a0lequel est \u00a0une partie de l\u2019univers \u00a0du po\u00e8te d\u00e9mesur\u00e9ment vaste ( cieux ) ou infiniment petite ( verre ) et une auto-agression dont le sujet\/objet est aussi un \u00e9l\u00e9ment de cet univers .Construit sur cette dualit\u00e9, le po\u00e8me se pr\u00e9sente, du d\u00e9but jusqu\u2019\u00e0 sa fin, sous la forme d\u2019une suite continue d\u2019images puis\u00e9es dans diff\u00e9rents champs lexicaux mais reproduisant\u00a0 toutes la m\u00eame dichotomie\u00a0.Il en est r\u00e9sult\u00e9, dans la premi\u00e8re partie du po\u00e8me, trois longs lexiques s\u00e9mantiquement li\u00e9s : agression\/ agresseur \/agress\u00e9. Des formes\u00a0 d\u2019acte d\u2019agression externe dont a \u00e9t\u00e9 victime l\u2019univers du po\u00e8te nous citons (<strong>ronger \u2013\u00e9roder-\u00a0endommager-pervertir- encombrer\u2026)<\/strong> et \u00a0des aspects sous lesquels s\u2019est manifest\u00e9 l\u2019agresseur \u00a0nous relevons \u00a0\ud83d\ude41\u00a0<strong>froid &#8211; sons d\u00e9bauch\u00e9s- mouches ivres- vent malsain- feuilles mortes- fum\u00e9e de mes cigarettes &#8211;\u00a0silence bavard \u2026).<\/strong>Et les\u00a0 \u00e9l\u00e9ments agress\u00e9s sont\u00a0:\u00a0 (\u00a0<strong>mes cieux\u00a0&#8211; mon<\/strong> <strong>lieu\u00a0&#8211; mon verre\u00a0&#8211; mon air<\/strong>\u00a0) .Quant \u00e0 l\u2019auto-agression , elle a \u00e9t\u00e9 pratiqu\u00e9e par des \u00e9l\u00e9ments du m\u00eame univers comme suit\u00a0: (<strong>les parfums se sont tus -les\u00a0musiques s\u2019effondrent &#8211;\u00a0les joies\u00a0se d\u00e9mant\u00e8lent &#8211;\u00a0les tulipes\u00a0s\u2019alt\u00e8rent\u00a0\u00a0-mes mots se ruinent<\/strong>) .N\u00e9anmoins , toutes ces formes\u00a0 d\u2019agression ne sont qu\u2019un alibi pour la mise en \u0153uvre d\u2019un deuxi\u00e8me proc\u00e9d\u00e9 qui est l\u2019amplification de l\u2019\u00e9tat d\u2019\u00e2me meurtri du po\u00e8te \u00e0 la suite d\u2019une rupture amoureuse dont il a \u00e9t\u00e9 victime et cette rupture se pr\u00e9sente comme la cause directe de cet \u00e9tat .Ce qui fait que son report \u00e0 la deuxi\u00e8me partie du texte apr\u00e8s \u00a0l\u2019exposition d\u00e9taill\u00e9e de ses effets \u00a0a pour but de cr\u00e9er \u00a0un suspense tr\u00e8s prenant .<\/p>\n<p>Un po\u00e8me admirablement tiss\u00e9 par des fils s\u00e9mantiques extr\u00eamement fins .Ce qui n\u2019est pas \u00e9trange de la part de ce po\u00e8te qui se respecte en respectant toujours ses lecteurs.<\/p>\n","protected":false},"excerpt":{"rendered":"<p>Un froid\u00a0d\u00e9prav\u00e9\u00a0ronge\u00a0mes cieux\u00a0 Des sons d\u00e9bauch\u00e9s\u00a0\u00e9rodent\u00a0mon lieu\u00a0 Des mouches ivres\u00a0endommagent mon verre\u00a0 Un vent malsain\u00a0pervertit\u00a0mon air\u00a0 Des feuilles mortes\u00a0f\u00eatent\u00a0ma solitude\u00a0 La fum\u00e9e de mes cigarettes\u00a0m\u2019encombre\u00a0 De r\u00eaves\u00a0avort\u00e9s\u00a0 Un froid immense vient loger\u00a0 Discr\u00e8tement\u00a0 Ma chambre obscure Un silence bavard\u00a0me tient compagnie Ce soir\u00a0Excuse-moi Tulipe Mes sentiments sentent le noir\u00a0 Dans leurs ventres\u00a0Ils sont cons Je &#8230;<\/p>\n","protected":false},"author":2,"featured_media":9665,"comment_status":"open","ping_status":"open","sticky":false,"template":"","format":"standard","meta":[],"categories":[8],"tags":[],"yoast_head":"<!-- This site is optimized with the Yoast SEO plugin v19.3 - https:\/\/yoast.com\/wordpress\/plugins\/seo\/ -->\n<title>Les archives des commentaires po\u00e9tiques de Mohamed Salah Ben Amor : 28\u2013Les po\u00e8mes de Najib Bendaoud : 28 -7 : R\u00eave perdu - Culminances<\/title>\n<meta name=\"robots\" content=\"index, follow, max-snippet:-1, max-image-preview:large, max-video-preview:-1\" \/>\n<link rel=\"canonical\" href=\"https:\/\/www.masharif.com\/fr\/2019\/04\/01\/archives-commentaires-poetiques-de-mohamed-salah-ben-amor-28-poemes-de-najib-bendaoud-28-7-reve-perdu\/\" \/>\n<meta property=\"og:locale\" content=\"fr_FR\" \/>\n<meta property=\"og:type\" content=\"article\" \/>\n<meta property=\"og:title\" content=\"Les archives des commentaires po\u00e9tiques de Mohamed Salah Ben Amor : 28\u2013Les po\u00e8mes de Najib Bendaoud : 28 -7 : R\u00eave perdu - Culminances\" \/>\n<meta property=\"og:description\" content=\"Un froid\u00a0d\u00e9prav\u00e9\u00a0ronge\u00a0mes cieux\u00a0 Des sons d\u00e9bauch\u00e9s\u00a0\u00e9rodent\u00a0mon lieu\u00a0 Des mouches ivres\u00a0endommagent mon verre\u00a0 Un vent malsain\u00a0pervertit\u00a0mon air\u00a0 Des feuilles mortes\u00a0f\u00eatent\u00a0ma solitude\u00a0 La fum\u00e9e de mes cigarettes\u00a0m\u2019encombre\u00a0 De r\u00eaves\u00a0avort\u00e9s\u00a0 Un froid immense vient loger\u00a0 Discr\u00e8tement\u00a0 Ma chambre obscure Un silence bavard\u00a0me tient compagnie Ce soir\u00a0Excuse-moi Tulipe Mes sentiments sentent le noir\u00a0 Dans leurs ventres\u00a0Ils sont cons Je ...\" \/>\n<meta property=\"og:url\" content=\"https:\/\/www.masharif.com\/fr\/2019\/04\/01\/archives-commentaires-poetiques-de-mohamed-salah-ben-amor-28-poemes-de-najib-bendaoud-28-7-reve-perdu\/\" \/>\n<meta property=\"og:site_name\" content=\"Culminances\" \/>\n<meta property=\"article:published_time\" content=\"2019-04-01T11:22:51+00:00\" \/>\n<meta property=\"og:image\" content=\"https:\/\/www.masharif.com\/fr\/wp-content\/uploads\/2019\/03\/10447610_10202603279666433_6165640332663643291_n.jpg\" \/>\n\t<meta property=\"og:image:width\" content=\"413\" \/>\n\t<meta property=\"og:image:height\" content=\"330\" \/>\n\t<meta property=\"og:image:type\" content=\"image\/jpeg\" \/>\n<meta name=\"author\" content=\"Mohamed Salah Ben Amor\" \/>\n<meta name=\"twitter:card\" content=\"summary\" \/>\n<meta name=\"twitter:label1\" content=\"\u00c9crit par\" \/>\n\t<meta name=\"twitter:data1\" content=\"Mohamed Salah Ben Amor\" \/>\n\t<meta name=\"twitter:label2\" content=\"Dur\u00e9e de lecture estim\u00e9e\" \/>\n\t<meta name=\"twitter:data2\" content=\"3 minutes\" \/>\n<script type=\"application\/ld+json\" class=\"yoast-schema-graph\">{\"@context\":\"https:\/\/schema.org\",\"@graph\":[{\"@type\":\"WebSite\",\"@id\":\"https:\/\/www.masharif.com\/fr\/#website\",\"url\":\"https:\/\/www.masharif.com\/fr\/\",\"name\":\"Culminances\",\"description\":\"\",\"potentialAction\":[{\"@type\":\"SearchAction\",\"target\":{\"@type\":\"EntryPoint\",\"urlTemplate\":\"https:\/\/www.masharif.com\/fr\/?s={search_term_string}\"},\"query-input\":\"required name=search_term_string\"}],\"inLanguage\":\"fr-FR\"},{\"@type\":\"ImageObject\",\"inLanguage\":\"fr-FR\",\"@id\":\"https:\/\/www.masharif.com\/fr\/2019\/04\/01\/archives-commentaires-poetiques-de-mohamed-salah-ben-amor-28-poemes-de-najib-bendaoud-28-7-reve-perdu\/#primaryimage\",\"url\":\"https:\/\/www.masharif.com\/fr\/wp-content\/uploads\/2019\/03\/10447610_10202603279666433_6165640332663643291_n.jpg\",\"contentUrl\":\"https:\/\/www.masharif.com\/fr\/wp-content\/uploads\/2019\/03\/10447610_10202603279666433_6165640332663643291_n.jpg\",\"width\":413,\"height\":330},{\"@type\":\"WebPage\",\"@id\":\"https:\/\/www.masharif.com\/fr\/2019\/04\/01\/archives-commentaires-poetiques-de-mohamed-salah-ben-amor-28-poemes-de-najib-bendaoud-28-7-reve-perdu\/\",\"url\":\"https:\/\/www.masharif.com\/fr\/2019\/04\/01\/archives-commentaires-poetiques-de-mohamed-salah-ben-amor-28-poemes-de-najib-bendaoud-28-7-reve-perdu\/\",\"name\":\"Les archives des commentaires po\u00e9tiques de Mohamed Salah Ben Amor : 28\u2013Les po\u00e8mes de Najib Bendaoud : 28 -7 : R\u00eave perdu - Culminances\",\"isPartOf\":{\"@id\":\"https:\/\/www.masharif.com\/fr\/#website\"},\"primaryImageOfPage\":{\"@id\":\"https:\/\/www.masharif.com\/fr\/2019\/04\/01\/archives-commentaires-poetiques-de-mohamed-salah-ben-amor-28-poemes-de-najib-bendaoud-28-7-reve-perdu\/#primaryimage\"},\"datePublished\":\"2019-04-01T11:22:51+00:00\",\"dateModified\":\"2019-04-01T11:22:51+00:00\",\"author\":{\"@id\":\"https:\/\/www.masharif.com\/fr\/#\/schema\/person\/839a7026efe9fa825134097c1041e4a0\"},\"breadcrumb\":{\"@id\":\"https:\/\/www.masharif.com\/fr\/2019\/04\/01\/archives-commentaires-poetiques-de-mohamed-salah-ben-amor-28-poemes-de-najib-bendaoud-28-7-reve-perdu\/#breadcrumb\"},\"inLanguage\":\"fr-FR\",\"potentialAction\":[{\"@type\":\"ReadAction\",\"target\":[\"https:\/\/www.masharif.com\/fr\/2019\/04\/01\/archives-commentaires-poetiques-de-mohamed-salah-ben-amor-28-poemes-de-najib-bendaoud-28-7-reve-perdu\/\"]}]},{\"@type\":\"BreadcrumbList\",\"@id\":\"https:\/\/www.masharif.com\/fr\/2019\/04\/01\/archives-commentaires-poetiques-de-mohamed-salah-ben-amor-28-poemes-de-najib-bendaoud-28-7-reve-perdu\/#breadcrumb\",\"itemListElement\":[{\"@type\":\"ListItem\",\"position\":1,\"name\":\"Home\",\"item\":\"https:\/\/www.masharif.com\/fr\/\"},{\"@type\":\"ListItem\",\"position\":2,\"name\":\"Les archives des commentaires po\u00e9tiques de Mohamed Salah Ben Amor : 28\u2013Les po\u00e8mes de Najib Bendaoud : 28 -7 : R\u00eave perdu\"}]},{\"@type\":\"Person\",\"@id\":\"https:\/\/www.masharif.com\/fr\/#\/schema\/person\/839a7026efe9fa825134097c1041e4a0\",\"name\":\"Mohamed Salah Ben Amor\",\"image\":{\"@type\":\"ImageObject\",\"inLanguage\":\"fr-FR\",\"@id\":\"https:\/\/www.masharif.com\/fr\/#\/schema\/person\/image\/\",\"url\":\"https:\/\/secure.gravatar.com\/avatar\/f64806401ad5ed604ffec2272b19ef46?s=96&d=identicon&r=g\",\"contentUrl\":\"https:\/\/secure.gravatar.com\/avatar\/f64806401ad5ed604ffec2272b19ef46?s=96&d=identicon&r=g\",\"caption\":\"Mohamed Salah Ben Amor\"},\"sameAs\":[\"http:\/\/ben-amor.info\"],\"url\":\"https:\/\/www.masharif.com\/fr\/author\/msba\/\"}]}<\/script>\n<!-- \/ Yoast SEO plugin. -->","yoast_head_json":{"title":"Les archives des commentaires po\u00e9tiques de Mohamed Salah Ben Amor : 28\u2013Les po\u00e8mes de Najib Bendaoud : 28 -7 : R\u00eave perdu - Culminances","robots":{"index":"index","follow":"follow","max-snippet":"max-snippet:-1","max-image-preview":"max-image-preview:large","max-video-preview":"max-video-preview:-1"},"canonical":"https:\/\/www.masharif.com\/fr\/2019\/04\/01\/archives-commentaires-poetiques-de-mohamed-salah-ben-amor-28-poemes-de-najib-bendaoud-28-7-reve-perdu\/","og_locale":"fr_FR","og_type":"article","og_title":"Les archives des commentaires po\u00e9tiques de Mohamed Salah Ben Amor : 28\u2013Les po\u00e8mes de Najib Bendaoud : 28 -7 : R\u00eave perdu - Culminances","og_description":"Un froid\u00a0d\u00e9prav\u00e9\u00a0ronge\u00a0mes cieux\u00a0 Des sons d\u00e9bauch\u00e9s\u00a0\u00e9rodent\u00a0mon lieu\u00a0 Des mouches ivres\u00a0endommagent mon verre\u00a0 Un vent malsain\u00a0pervertit\u00a0mon air\u00a0 Des feuilles mortes\u00a0f\u00eatent\u00a0ma solitude\u00a0 La fum\u00e9e de mes cigarettes\u00a0m\u2019encombre\u00a0 De r\u00eaves\u00a0avort\u00e9s\u00a0 Un froid immense vient loger\u00a0 Discr\u00e8tement\u00a0 Ma chambre obscure Un silence bavard\u00a0me tient compagnie Ce soir\u00a0Excuse-moi Tulipe Mes sentiments sentent le noir\u00a0 Dans leurs ventres\u00a0Ils sont cons Je ...","og_url":"https:\/\/www.masharif.com\/fr\/2019\/04\/01\/archives-commentaires-poetiques-de-mohamed-salah-ben-amor-28-poemes-de-najib-bendaoud-28-7-reve-perdu\/","og_site_name":"Culminances","article_published_time":"2019-04-01T11:22:51+00:00","og_image":[{"width":413,"height":330,"url":"https:\/\/www.masharif.com\/fr\/wp-content\/uploads\/2019\/03\/10447610_10202603279666433_6165640332663643291_n.jpg","type":"image\/jpeg"}],"author":"Mohamed Salah Ben Amor","twitter_card":"summary","twitter_misc":{"\u00c9crit par":"Mohamed Salah Ben Amor","Dur\u00e9e de lecture estim\u00e9e":"3 minutes"},"schema":{"@context":"https:\/\/schema.org","@graph":[{"@type":"WebSite","@id":"https:\/\/www.masharif.com\/fr\/#website","url":"https:\/\/www.masharif.com\/fr\/","name":"Culminances","description":"","potentialAction":[{"@type":"SearchAction","target":{"@type":"EntryPoint","urlTemplate":"https:\/\/www.masharif.com\/fr\/?s={search_term_string}"},"query-input":"required name=search_term_string"}],"inLanguage":"fr-FR"},{"@type":"ImageObject","inLanguage":"fr-FR","@id":"https:\/\/www.masharif.com\/fr\/2019\/04\/01\/archives-commentaires-poetiques-de-mohamed-salah-ben-amor-28-poemes-de-najib-bendaoud-28-7-reve-perdu\/#primaryimage","url":"https:\/\/www.masharif.com\/fr\/wp-content\/uploads\/2019\/03\/10447610_10202603279666433_6165640332663643291_n.jpg","contentUrl":"https:\/\/www.masharif.com\/fr\/wp-content\/uploads\/2019\/03\/10447610_10202603279666433_6165640332663643291_n.jpg","width":413,"height":330},{"@type":"WebPage","@id":"https:\/\/www.masharif.com\/fr\/2019\/04\/01\/archives-commentaires-poetiques-de-mohamed-salah-ben-amor-28-poemes-de-najib-bendaoud-28-7-reve-perdu\/","url":"https:\/\/www.masharif.com\/fr\/2019\/04\/01\/archives-commentaires-poetiques-de-mohamed-salah-ben-amor-28-poemes-de-najib-bendaoud-28-7-reve-perdu\/","name":"Les archives des commentaires po\u00e9tiques de Mohamed Salah Ben Amor : 28\u2013Les po\u00e8mes de Najib Bendaoud : 28 -7 : R\u00eave perdu - Culminances","isPartOf":{"@id":"https:\/\/www.masharif.com\/fr\/#website"},"primaryImageOfPage":{"@id":"https:\/\/www.masharif.com\/fr\/2019\/04\/01\/archives-commentaires-poetiques-de-mohamed-salah-ben-amor-28-poemes-de-najib-bendaoud-28-7-reve-perdu\/#primaryimage"},"datePublished":"2019-04-01T11:22:51+00:00","dateModified":"2019-04-01T11:22:51+00:00","author":{"@id":"https:\/\/www.masharif.com\/fr\/#\/schema\/person\/839a7026efe9fa825134097c1041e4a0"},"breadcrumb":{"@id":"https:\/\/www.masharif.com\/fr\/2019\/04\/01\/archives-commentaires-poetiques-de-mohamed-salah-ben-amor-28-poemes-de-najib-bendaoud-28-7-reve-perdu\/#breadcrumb"},"inLanguage":"fr-FR","potentialAction":[{"@type":"ReadAction","target":["https:\/\/www.masharif.com\/fr\/2019\/04\/01\/archives-commentaires-poetiques-de-mohamed-salah-ben-amor-28-poemes-de-najib-bendaoud-28-7-reve-perdu\/"]}]},{"@type":"BreadcrumbList","@id":"https:\/\/www.masharif.com\/fr\/2019\/04\/01\/archives-commentaires-poetiques-de-mohamed-salah-ben-amor-28-poemes-de-najib-bendaoud-28-7-reve-perdu\/#breadcrumb","itemListElement":[{"@type":"ListItem","position":1,"name":"Home","item":"https:\/\/www.masharif.com\/fr\/"},{"@type":"ListItem","position":2,"name":"Les archives des commentaires po\u00e9tiques de Mohamed Salah Ben Amor : 28\u2013Les po\u00e8mes de Najib Bendaoud : 28 -7 : R\u00eave perdu"}]},{"@type":"Person","@id":"https:\/\/www.masharif.com\/fr\/#\/schema\/person\/839a7026efe9fa825134097c1041e4a0","name":"Mohamed Salah Ben Amor","image":{"@type":"ImageObject","inLanguage":"fr-FR","@id":"https:\/\/www.masharif.com\/fr\/#\/schema\/person\/image\/","url":"https:\/\/secure.gravatar.com\/avatar\/f64806401ad5ed604ffec2272b19ef46?s=96&d=identicon&r=g","contentUrl":"https:\/\/secure.gravatar.com\/avatar\/f64806401ad5ed604ffec2272b19ef46?s=96&d=identicon&r=g","caption":"Mohamed Salah Ben Amor"},"sameAs":["http:\/\/ben-amor.info"],"url":"https:\/\/www.masharif.com\/fr\/author\/msba\/"}]}},"_links":{"self":[{"href":"https:\/\/www.masharif.com\/fr\/wp-json\/wp\/v2\/posts\/9709"}],"collection":[{"href":"https:\/\/www.masharif.com\/fr\/wp-json\/wp\/v2\/posts"}],"about":[{"href":"https:\/\/www.masharif.com\/fr\/wp-json\/wp\/v2\/types\/post"}],"author":[{"embeddable":true,"href":"https:\/\/www.masharif.com\/fr\/wp-json\/wp\/v2\/users\/2"}],"replies":[{"embeddable":true,"href":"https:\/\/www.masharif.com\/fr\/wp-json\/wp\/v2\/comments?post=9709"}],"version-history":[{"count":1,"href":"https:\/\/www.masharif.com\/fr\/wp-json\/wp\/v2\/posts\/9709\/revisions"}],"predecessor-version":[{"id":9711,"href":"https:\/\/www.masharif.com\/fr\/wp-json\/wp\/v2\/posts\/9709\/revisions\/9711"}],"wp:featuredmedia":[{"embeddable":true,"href":"https:\/\/www.masharif.com\/fr\/wp-json\/wp\/v2\/media\/9665"}],"wp:attachment":[{"href":"https:\/\/www.masharif.com\/fr\/wp-json\/wp\/v2\/media?parent=9709"}],"wp:term":[{"taxonomy":"category","embeddable":true,"href":"https:\/\/www.masharif.com\/fr\/wp-json\/wp\/v2\/categories?post=9709"},{"taxonomy":"post_tag","embeddable":true,"href":"https:\/\/www.masharif.com\/fr\/wp-json\/wp\/v2\/tags?post=9709"}],"curies":[{"name":"wp","href":"https:\/\/api.w.org\/{rel}","templated":true}]}}