{"id":9649,"date":"2019-03-06T08:24:52","date_gmt":"2019-03-06T07:24:52","guid":{"rendered":"http:\/\/www.masharif.com\/fr\/?p=9649"},"modified":"2019-03-06T08:46:35","modified_gmt":"2019-03-06T07:46:35","slug":"les-archives-des-commentaires-poetiques-de-mohamed-salah-ben-amor-27-les-poemes-de-patricia-royet-27-19-mon-ombre","status":"publish","type":"post","link":"https:\/\/www.masharif.com\/fr\/2019\/03\/06\/les-archives-des-commentaires-poetiques-de-mohamed-salah-ben-amor-27-les-poemes-de-patricia-royet-27-19-mon-ombre\/","title":{"rendered":"Les archives des commentaires po\u00e9tiques de Mohamed Salah Ben Amor : 27\u2013Les po\u00e8mes de Patricia Royet : 27 -19 :: Mon ombre"},"content":{"rendered":"<div id=\"attachment_9181\" style=\"width: 310px\" class=\"wp-caption alignnone\"><a href=\"http:\/\/www.masharif.com\/fr\/wp-content\/uploads\/2018\/12\/47181217_754152568264871_7603980722709200896_n.jpg\"><img aria-describedby=\"caption-attachment-9181\" loading=\"lazy\" class=\"wp-image-9181 size-medium\" src=\"http:\/\/www.masharif.com\/fr\/wp-content\/uploads\/2018\/12\/47181217_754152568264871_7603980722709200896_n-300x300.jpg\" alt=\"\" width=\"300\" height=\"300\" srcset=\"https:\/\/www.masharif.com\/fr\/wp-content\/uploads\/2018\/12\/47181217_754152568264871_7603980722709200896_n-300x300.jpg 300w, https:\/\/www.masharif.com\/fr\/wp-content\/uploads\/2018\/12\/47181217_754152568264871_7603980722709200896_n-150x150.jpg 150w, https:\/\/www.masharif.com\/fr\/wp-content\/uploads\/2018\/12\/47181217_754152568264871_7603980722709200896_n-55x55.jpg 55w, https:\/\/www.masharif.com\/fr\/wp-content\/uploads\/2018\/12\/47181217_754152568264871_7603980722709200896_n.jpg 348w\" sizes=\"(max-width: 300px) 100vw, 300px\" \/><\/a><p id=\"caption-attachment-9181\" class=\"wp-caption-text\">Patricia Royet<\/p><\/div>\n<p><a href=\"http:\/\/www.masharif.com\/fr\/wp-content\/uploads\/2019\/03\/danse-avec-ombre-L-TNfdhe.png\"><img loading=\"lazy\" class=\"alignnone size-medium wp-image-9650\" src=\"http:\/\/www.masharif.com\/fr\/wp-content\/uploads\/2019\/03\/danse-avec-ombre-L-TNfdhe-300x169.png\" alt=\"\" width=\"300\" height=\"169\" srcset=\"https:\/\/www.masharif.com\/fr\/wp-content\/uploads\/2019\/03\/danse-avec-ombre-L-TNfdhe-300x169.png 300w, https:\/\/www.masharif.com\/fr\/wp-content\/uploads\/2019\/03\/danse-avec-ombre-L-TNfdhe-768x432.png 768w, https:\/\/www.masharif.com\/fr\/wp-content\/uploads\/2019\/03\/danse-avec-ombre-L-TNfdhe-1024x576.png 1024w, https:\/\/www.masharif.com\/fr\/wp-content\/uploads\/2019\/03\/danse-avec-ombre-L-TNfdhe.png 1366w\" sizes=\"(max-width: 300px) 100vw, 300px\" \/><\/a><\/p>\n<p>&nbsp;<\/p>\n<p><strong>Mon ombre est malheureuse, <\/strong><br \/>\n<strong>Je la vois,<\/strong><br \/>\n<strong>Sur le mur gris de ma chambre,<\/strong><br \/>\n<strong>Elle se dessine,<\/strong><br \/>\n<strong>A la lumi\u00e8re de la lampe,<\/strong><br \/>\n<strong>Elle est tass\u00e9e, <\/strong><br \/>\n<strong>La vieille silhouette, <\/strong><br \/>\n<strong>Et n\u2019a plus fi\u00e8re allure, <\/strong><br \/>\n<strong>Elle a perdu sa l\u00e9g\u00e8ret\u00e9, <\/strong><br \/>\n<strong>Les heures et le temps, <\/strong><br \/>\n<strong>Ont effac\u00e9 ses belles ann\u00e9es, <\/strong><br \/>\n<strong>Je l\u2019observe, <\/strong><br \/>\n<strong>Sur la froideur de ce mur, <\/strong><br \/>\n<strong>Elle n\u2019est plus droite, <\/strong><br \/>\n<strong>Comme une allumette, <\/strong><br \/>\n<strong>Les saisons ont prit sa jeunesse, <\/strong><br \/>\n<strong>Elle ne saute plus,<\/strong><br \/>\n<strong>Ne danse plus, La pauvrette, <\/strong><br \/>\n<strong>Ses courbes ne sont plus sveltes, <\/strong><br \/>\n<strong>Et la nuit peint sa vieillesse, <\/strong><br \/>\n<strong>Et l\u2019estampe de sa tristesse.<\/strong><\/p>\n<p>&nbsp;<\/p>\n<p>Ce po\u00e8me, fortement centr\u00e9 sur le \u00ab Je \u00bb, est d\u00e9composable sur le plan s\u00e9mantique en quatre \u00e9l\u00e9ments constitutifs essentiels : l\u2019ombre de la locutrice qu\u2019elle a mise intentionnellement en avant ,en la pla\u00e7ant dans le titre, le flot d\u2019impressions qu\u2019elle lui suscite , son propre \u00e9go et le temps de l\u2019\u00e9nonciation( la nuit) .Le premier \u00e9l\u00e9ment, renforc\u00e9 par le quatri\u00e8me de deux notions fonctionnelles :la noirceur qui \u00e9voque l\u2019obscurit\u00e9 et l\u2019attraction vers le bas et le calme qui offre l\u2019ambiance propice \u00e0 la contemplation, \u00e0 la r\u00e9flexion et \u00e0 la r\u00e9miniscence , se pr\u00e9sente comme une r\u00e9flexion de l\u2019int\u00e9rieur de la locutrice sur un mur r\u00e9el qui fait ici fonction de miroir ou de livre , car elle y lit, tout au long du d\u00e9roulement de la vision , les transformations d\u00e9sagr\u00e9ables qui se sont produites en elle, sous l\u2019effet de l\u2019avanc\u00e9e en \u00e2ge ( <strong>Mon ombre est malheureuse\/ Elle est tass\u00e9e, \/La vieille silhouette, \/Et n\u2019a plus fi\u00e8re allure, \/Elle a perdu sa l\u00e9g\u00e8ret\u00e9, \/ Les heures et le temps, Ont effac\u00e9 ses belles ann\u00e9es,<\/strong>\u2026etc.) .Ainsi , la vue de l\u2019ombre, qui est la sienne, lui offre l\u2019occasion de se voir \u00e0 l\u2019\u0153il nu et de se rendre compte qu\u2019elle n\u2019est plus la m\u00eame, bien qu\u2019elle soit toujours la m\u00eame .Et c\u2019est justement cette constatation probl\u00e9matique qui donne au po\u00e8me sa dimension la plus profonde :la dimension existentielle, car la vis\u00e9e la plus lointaine de ce texte est apparemment d\u2019exprimer l\u2019incapacit\u00e9 de l\u2019\u00eatre humain \u00e0 arr\u00eater le cours du temps, laquelle est ins\u00e9parable de la peur de la mort .Stylistiquement, comme tous les textes pr\u00e9c\u00e9dents de cette auteure, ce nouveau po\u00e8me allie la simplicit\u00e9 du \u00ab dit \u00bb \u00e0 la profondeur du \u00ab non-dit \u00bb et la sinc\u00e9rit\u00e9 \u00e0 l\u2019efficacit\u00e9.<\/p>\n","protected":false},"excerpt":{"rendered":"<p>&nbsp; Mon ombre est malheureuse, Je la vois, Sur le mur gris de ma chambre, Elle se dessine, A la lumi\u00e8re de la lampe, Elle est tass\u00e9e, La vieille silhouette, Et n\u2019a plus fi\u00e8re allure, Elle a perdu sa l\u00e9g\u00e8ret\u00e9, Les heures et le temps, Ont effac\u00e9 ses belles ann\u00e9es, Je l\u2019observe, Sur la froideur &#8230;<\/p>\n","protected":false},"author":2,"featured_media":9181,"comment_status":"open","ping_status":"open","sticky":false,"template":"","format":"standard","meta":[],"categories":[8],"tags":[],"yoast_head":"<!-- This site is optimized with the Yoast SEO plugin v19.3 - https:\/\/yoast.com\/wordpress\/plugins\/seo\/ -->\n<title>Les archives des commentaires po\u00e9tiques de Mohamed Salah Ben Amor : 27\u2013Les po\u00e8mes de Patricia Royet : 27 -19 :: Mon ombre - Culminances<\/title>\n<meta name=\"robots\" content=\"index, follow, max-snippet:-1, max-image-preview:large, max-video-preview:-1\" \/>\n<link rel=\"canonical\" href=\"https:\/\/www.masharif.com\/fr\/2019\/03\/06\/les-archives-des-commentaires-poetiques-de-mohamed-salah-ben-amor-27-les-poemes-de-patricia-royet-27-19-mon-ombre\/\" \/>\n<meta property=\"og:locale\" content=\"fr_FR\" \/>\n<meta property=\"og:type\" content=\"article\" \/>\n<meta property=\"og:title\" content=\"Les archives des commentaires po\u00e9tiques de Mohamed Salah Ben Amor : 27\u2013Les po\u00e8mes de Patricia Royet : 27 -19 :: Mon ombre - Culminances\" \/>\n<meta property=\"og:description\" content=\"&nbsp; Mon ombre est malheureuse, Je la vois, Sur le mur gris de ma chambre, Elle se dessine, A la lumi\u00e8re de la lampe, Elle est tass\u00e9e, La vieille silhouette, Et n\u2019a plus fi\u00e8re allure, Elle a perdu sa l\u00e9g\u00e8ret\u00e9, Les heures et le temps, Ont effac\u00e9 ses belles ann\u00e9es, Je l\u2019observe, Sur la froideur ...\" \/>\n<meta property=\"og:url\" content=\"https:\/\/www.masharif.com\/fr\/2019\/03\/06\/les-archives-des-commentaires-poetiques-de-mohamed-salah-ben-amor-27-les-poemes-de-patricia-royet-27-19-mon-ombre\/\" \/>\n<meta property=\"og:site_name\" content=\"Culminances\" \/>\n<meta property=\"article:published_time\" content=\"2019-03-06T07:24:52+00:00\" \/>\n<meta property=\"article:modified_time\" content=\"2019-03-06T07:46:35+00:00\" \/>\n<meta property=\"og:image\" content=\"https:\/\/www.masharif.com\/fr\/wp-content\/uploads\/2018\/12\/47181217_754152568264871_7603980722709200896_n.jpg\" \/>\n\t<meta property=\"og:image:width\" content=\"348\" \/>\n\t<meta property=\"og:image:height\" content=\"348\" \/>\n\t<meta property=\"og:image:type\" content=\"image\/jpeg\" \/>\n<meta name=\"author\" content=\"Mohamed Salah Ben Amor\" \/>\n<meta name=\"twitter:card\" content=\"summary\" \/>\n<meta name=\"twitter:label1\" content=\"\u00c9crit par\" \/>\n\t<meta name=\"twitter:data1\" content=\"Mohamed Salah Ben Amor\" \/>\n\t<meta name=\"twitter:label2\" content=\"Dur\u00e9e de lecture estim\u00e9e\" \/>\n\t<meta name=\"twitter:data2\" content=\"2 minutes\" \/>\n<script type=\"application\/ld+json\" class=\"yoast-schema-graph\">{\"@context\":\"https:\/\/schema.org\",\"@graph\":[{\"@type\":\"WebSite\",\"@id\":\"http:\/\/www.masharif.com\/fr\/#website\",\"url\":\"http:\/\/www.masharif.com\/fr\/\",\"name\":\"Culminances\",\"description\":\"\",\"potentialAction\":[{\"@type\":\"SearchAction\",\"target\":{\"@type\":\"EntryPoint\",\"urlTemplate\":\"http:\/\/www.masharif.com\/fr\/?s={search_term_string}\"},\"query-input\":\"required name=search_term_string\"}],\"inLanguage\":\"fr-FR\"},{\"@type\":\"ImageObject\",\"inLanguage\":\"fr-FR\",\"@id\":\"https:\/\/www.masharif.com\/fr\/2019\/03\/06\/les-archives-des-commentaires-poetiques-de-mohamed-salah-ben-amor-27-les-poemes-de-patricia-royet-27-19-mon-ombre\/#primaryimage\",\"url\":\"https:\/\/www.masharif.com\/fr\/wp-content\/uploads\/2018\/12\/47181217_754152568264871_7603980722709200896_n.jpg\",\"contentUrl\":\"https:\/\/www.masharif.com\/fr\/wp-content\/uploads\/2018\/12\/47181217_754152568264871_7603980722709200896_n.jpg\",\"width\":348,\"height\":348},{\"@type\":\"WebPage\",\"@id\":\"https:\/\/www.masharif.com\/fr\/2019\/03\/06\/les-archives-des-commentaires-poetiques-de-mohamed-salah-ben-amor-27-les-poemes-de-patricia-royet-27-19-mon-ombre\/\",\"url\":\"https:\/\/www.masharif.com\/fr\/2019\/03\/06\/les-archives-des-commentaires-poetiques-de-mohamed-salah-ben-amor-27-les-poemes-de-patricia-royet-27-19-mon-ombre\/\",\"name\":\"Les archives des commentaires po\u00e9tiques de Mohamed Salah Ben Amor : 27\u2013Les po\u00e8mes de Patricia Royet : 27 -19 :: Mon ombre - Culminances\",\"isPartOf\":{\"@id\":\"http:\/\/www.masharif.com\/fr\/#website\"},\"primaryImageOfPage\":{\"@id\":\"https:\/\/www.masharif.com\/fr\/2019\/03\/06\/les-archives-des-commentaires-poetiques-de-mohamed-salah-ben-amor-27-les-poemes-de-patricia-royet-27-19-mon-ombre\/#primaryimage\"},\"datePublished\":\"2019-03-06T07:24:52+00:00\",\"dateModified\":\"2019-03-06T07:46:35+00:00\",\"author\":{\"@id\":\"http:\/\/www.masharif.com\/fr\/#\/schema\/person\/839a7026efe9fa825134097c1041e4a0\"},\"breadcrumb\":{\"@id\":\"https:\/\/www.masharif.com\/fr\/2019\/03\/06\/les-archives-des-commentaires-poetiques-de-mohamed-salah-ben-amor-27-les-poemes-de-patricia-royet-27-19-mon-ombre\/#breadcrumb\"},\"inLanguage\":\"fr-FR\",\"potentialAction\":[{\"@type\":\"ReadAction\",\"target\":[\"https:\/\/www.masharif.com\/fr\/2019\/03\/06\/les-archives-des-commentaires-poetiques-de-mohamed-salah-ben-amor-27-les-poemes-de-patricia-royet-27-19-mon-ombre\/\"]}]},{\"@type\":\"BreadcrumbList\",\"@id\":\"https:\/\/www.masharif.com\/fr\/2019\/03\/06\/les-archives-des-commentaires-poetiques-de-mohamed-salah-ben-amor-27-les-poemes-de-patricia-royet-27-19-mon-ombre\/#breadcrumb\",\"itemListElement\":[{\"@type\":\"ListItem\",\"position\":1,\"name\":\"Home\",\"item\":\"http:\/\/www.masharif.com\/fr\/\"},{\"@type\":\"ListItem\",\"position\":2,\"name\":\"Les archives des commentaires po\u00e9tiques de Mohamed Salah Ben Amor : 27\u2013Les po\u00e8mes de Patricia Royet : 27 -19 :: Mon ombre\"}]},{\"@type\":\"Person\",\"@id\":\"http:\/\/www.masharif.com\/fr\/#\/schema\/person\/839a7026efe9fa825134097c1041e4a0\",\"name\":\"Mohamed Salah Ben Amor\",\"image\":{\"@type\":\"ImageObject\",\"inLanguage\":\"fr-FR\",\"@id\":\"http:\/\/www.masharif.com\/fr\/#\/schema\/person\/image\/\",\"url\":\"https:\/\/secure.gravatar.com\/avatar\/f64806401ad5ed604ffec2272b19ef46?s=96&d=identicon&r=g\",\"contentUrl\":\"https:\/\/secure.gravatar.com\/avatar\/f64806401ad5ed604ffec2272b19ef46?s=96&d=identicon&r=g\",\"caption\":\"Mohamed Salah Ben Amor\"},\"sameAs\":[\"http:\/\/ben-amor.info\"],\"url\":\"https:\/\/www.masharif.com\/fr\/author\/msba\/\"}]}<\/script>\n<!-- \/ Yoast SEO plugin. -->","yoast_head_json":{"title":"Les archives des commentaires po\u00e9tiques de Mohamed Salah Ben Amor : 27\u2013Les po\u00e8mes de Patricia Royet : 27 -19 :: Mon ombre - Culminances","robots":{"index":"index","follow":"follow","max-snippet":"max-snippet:-1","max-image-preview":"max-image-preview:large","max-video-preview":"max-video-preview:-1"},"canonical":"https:\/\/www.masharif.com\/fr\/2019\/03\/06\/les-archives-des-commentaires-poetiques-de-mohamed-salah-ben-amor-27-les-poemes-de-patricia-royet-27-19-mon-ombre\/","og_locale":"fr_FR","og_type":"article","og_title":"Les archives des commentaires po\u00e9tiques de Mohamed Salah Ben Amor : 27\u2013Les po\u00e8mes de Patricia Royet : 27 -19 :: Mon ombre - Culminances","og_description":"&nbsp; Mon ombre est malheureuse, Je la vois, Sur le mur gris de ma chambre, Elle se dessine, A la lumi\u00e8re de la lampe, Elle est tass\u00e9e, La vieille silhouette, Et n\u2019a plus fi\u00e8re allure, Elle a perdu sa l\u00e9g\u00e8ret\u00e9, Les heures et le temps, Ont effac\u00e9 ses belles ann\u00e9es, Je l\u2019observe, Sur la froideur ...","og_url":"https:\/\/www.masharif.com\/fr\/2019\/03\/06\/les-archives-des-commentaires-poetiques-de-mohamed-salah-ben-amor-27-les-poemes-de-patricia-royet-27-19-mon-ombre\/","og_site_name":"Culminances","article_published_time":"2019-03-06T07:24:52+00:00","article_modified_time":"2019-03-06T07:46:35+00:00","og_image":[{"width":348,"height":348,"url":"https:\/\/www.masharif.com\/fr\/wp-content\/uploads\/2018\/12\/47181217_754152568264871_7603980722709200896_n.jpg","type":"image\/jpeg"}],"author":"Mohamed Salah Ben Amor","twitter_card":"summary","twitter_misc":{"\u00c9crit par":"Mohamed Salah Ben Amor","Dur\u00e9e de lecture estim\u00e9e":"2 minutes"},"schema":{"@context":"https:\/\/schema.org","@graph":[{"@type":"WebSite","@id":"http:\/\/www.masharif.com\/fr\/#website","url":"http:\/\/www.masharif.com\/fr\/","name":"Culminances","description":"","potentialAction":[{"@type":"SearchAction","target":{"@type":"EntryPoint","urlTemplate":"http:\/\/www.masharif.com\/fr\/?s={search_term_string}"},"query-input":"required name=search_term_string"}],"inLanguage":"fr-FR"},{"@type":"ImageObject","inLanguage":"fr-FR","@id":"https:\/\/www.masharif.com\/fr\/2019\/03\/06\/les-archives-des-commentaires-poetiques-de-mohamed-salah-ben-amor-27-les-poemes-de-patricia-royet-27-19-mon-ombre\/#primaryimage","url":"https:\/\/www.masharif.com\/fr\/wp-content\/uploads\/2018\/12\/47181217_754152568264871_7603980722709200896_n.jpg","contentUrl":"https:\/\/www.masharif.com\/fr\/wp-content\/uploads\/2018\/12\/47181217_754152568264871_7603980722709200896_n.jpg","width":348,"height":348},{"@type":"WebPage","@id":"https:\/\/www.masharif.com\/fr\/2019\/03\/06\/les-archives-des-commentaires-poetiques-de-mohamed-salah-ben-amor-27-les-poemes-de-patricia-royet-27-19-mon-ombre\/","url":"https:\/\/www.masharif.com\/fr\/2019\/03\/06\/les-archives-des-commentaires-poetiques-de-mohamed-salah-ben-amor-27-les-poemes-de-patricia-royet-27-19-mon-ombre\/","name":"Les archives des commentaires po\u00e9tiques de Mohamed Salah Ben Amor : 27\u2013Les po\u00e8mes de Patricia Royet : 27 -19 :: Mon ombre - Culminances","isPartOf":{"@id":"http:\/\/www.masharif.com\/fr\/#website"},"primaryImageOfPage":{"@id":"https:\/\/www.masharif.com\/fr\/2019\/03\/06\/les-archives-des-commentaires-poetiques-de-mohamed-salah-ben-amor-27-les-poemes-de-patricia-royet-27-19-mon-ombre\/#primaryimage"},"datePublished":"2019-03-06T07:24:52+00:00","dateModified":"2019-03-06T07:46:35+00:00","author":{"@id":"http:\/\/www.masharif.com\/fr\/#\/schema\/person\/839a7026efe9fa825134097c1041e4a0"},"breadcrumb":{"@id":"https:\/\/www.masharif.com\/fr\/2019\/03\/06\/les-archives-des-commentaires-poetiques-de-mohamed-salah-ben-amor-27-les-poemes-de-patricia-royet-27-19-mon-ombre\/#breadcrumb"},"inLanguage":"fr-FR","potentialAction":[{"@type":"ReadAction","target":["https:\/\/www.masharif.com\/fr\/2019\/03\/06\/les-archives-des-commentaires-poetiques-de-mohamed-salah-ben-amor-27-les-poemes-de-patricia-royet-27-19-mon-ombre\/"]}]},{"@type":"BreadcrumbList","@id":"https:\/\/www.masharif.com\/fr\/2019\/03\/06\/les-archives-des-commentaires-poetiques-de-mohamed-salah-ben-amor-27-les-poemes-de-patricia-royet-27-19-mon-ombre\/#breadcrumb","itemListElement":[{"@type":"ListItem","position":1,"name":"Home","item":"http:\/\/www.masharif.com\/fr\/"},{"@type":"ListItem","position":2,"name":"Les archives des commentaires po\u00e9tiques de Mohamed Salah Ben Amor : 27\u2013Les po\u00e8mes de Patricia Royet : 27 -19 :: Mon ombre"}]},{"@type":"Person","@id":"http:\/\/www.masharif.com\/fr\/#\/schema\/person\/839a7026efe9fa825134097c1041e4a0","name":"Mohamed Salah Ben Amor","image":{"@type":"ImageObject","inLanguage":"fr-FR","@id":"http:\/\/www.masharif.com\/fr\/#\/schema\/person\/image\/","url":"https:\/\/secure.gravatar.com\/avatar\/f64806401ad5ed604ffec2272b19ef46?s=96&d=identicon&r=g","contentUrl":"https:\/\/secure.gravatar.com\/avatar\/f64806401ad5ed604ffec2272b19ef46?s=96&d=identicon&r=g","caption":"Mohamed Salah Ben Amor"},"sameAs":["http:\/\/ben-amor.info"],"url":"https:\/\/www.masharif.com\/fr\/author\/msba\/"}]}},"_links":{"self":[{"href":"https:\/\/www.masharif.com\/fr\/wp-json\/wp\/v2\/posts\/9649"}],"collection":[{"href":"https:\/\/www.masharif.com\/fr\/wp-json\/wp\/v2\/posts"}],"about":[{"href":"https:\/\/www.masharif.com\/fr\/wp-json\/wp\/v2\/types\/post"}],"author":[{"embeddable":true,"href":"https:\/\/www.masharif.com\/fr\/wp-json\/wp\/v2\/users\/2"}],"replies":[{"embeddable":true,"href":"https:\/\/www.masharif.com\/fr\/wp-json\/wp\/v2\/comments?post=9649"}],"version-history":[{"count":3,"href":"https:\/\/www.masharif.com\/fr\/wp-json\/wp\/v2\/posts\/9649\/revisions"}],"predecessor-version":[{"id":9657,"href":"https:\/\/www.masharif.com\/fr\/wp-json\/wp\/v2\/posts\/9649\/revisions\/9657"}],"wp:featuredmedia":[{"embeddable":true,"href":"https:\/\/www.masharif.com\/fr\/wp-json\/wp\/v2\/media\/9181"}],"wp:attachment":[{"href":"https:\/\/www.masharif.com\/fr\/wp-json\/wp\/v2\/media?parent=9649"}],"wp:term":[{"taxonomy":"category","embeddable":true,"href":"https:\/\/www.masharif.com\/fr\/wp-json\/wp\/v2\/categories?post=9649"},{"taxonomy":"post_tag","embeddable":true,"href":"https:\/\/www.masharif.com\/fr\/wp-json\/wp\/v2\/tags?post=9649"}],"curies":[{"name":"wp","href":"https:\/\/api.w.org\/{rel}","templated":true}]}}