{"id":9584,"date":"2019-02-25T10:52:27","date_gmt":"2019-02-25T09:52:27","guid":{"rendered":"http:\/\/www.masharif.com\/fr\/?p=9584"},"modified":"2019-02-25T10:52:45","modified_gmt":"2019-02-25T09:52:45","slug":"archives-commentaires-poetiques-de-mohamed-salah-ben-amor-27-poemes-de-patricia-royet-27-13-larme-de-soleil","status":"publish","type":"post","link":"https:\/\/www.masharif.com\/fr\/2019\/02\/25\/archives-commentaires-poetiques-de-mohamed-salah-ben-amor-27-poemes-de-patricia-royet-27-13-larme-de-soleil\/","title":{"rendered":"Les archives des commentaires po\u00e9tiques de Mohamed Salah Ben Amor : 27\u2013Les po\u00e8mes de Patricia Royet :27-13 : Larme de Soleil"},"content":{"rendered":"<div id=\"attachment_9181\" style=\"width: 310px\" class=\"wp-caption alignnone\"><a href=\"http:\/\/www.masharif.com\/fr\/wp-content\/uploads\/2018\/12\/47181217_754152568264871_7603980722709200896_n.jpg\"><img aria-describedby=\"caption-attachment-9181\" loading=\"lazy\" class=\"wp-image-9181 size-medium\" src=\"http:\/\/www.masharif.com\/fr\/wp-content\/uploads\/2018\/12\/47181217_754152568264871_7603980722709200896_n-300x300.jpg\" alt=\"\" width=\"300\" height=\"300\" srcset=\"https:\/\/www.masharif.com\/fr\/wp-content\/uploads\/2018\/12\/47181217_754152568264871_7603980722709200896_n-300x300.jpg 300w, https:\/\/www.masharif.com\/fr\/wp-content\/uploads\/2018\/12\/47181217_754152568264871_7603980722709200896_n-150x150.jpg 150w, https:\/\/www.masharif.com\/fr\/wp-content\/uploads\/2018\/12\/47181217_754152568264871_7603980722709200896_n-55x55.jpg 55w, https:\/\/www.masharif.com\/fr\/wp-content\/uploads\/2018\/12\/47181217_754152568264871_7603980722709200896_n.jpg 348w\" sizes=\"(max-width: 300px) 100vw, 300px\" \/><\/a><p id=\"caption-attachment-9181\" class=\"wp-caption-text\">Patricia Royet<\/p><\/div>\n<p><a href=\"http:\/\/www.masharif.com\/fr\/wp-content\/uploads\/2019\/02\/sun-3051033_960_720.png\"><img loading=\"lazy\" class=\"alignnone size-medium wp-image-9585\" src=\"http:\/\/www.masharif.com\/fr\/wp-content\/uploads\/2019\/02\/sun-3051033_960_720-300x300.png\" alt=\"\" width=\"300\" height=\"300\" srcset=\"https:\/\/www.masharif.com\/fr\/wp-content\/uploads\/2019\/02\/sun-3051033_960_720-300x300.png 300w, https:\/\/www.masharif.com\/fr\/wp-content\/uploads\/2019\/02\/sun-3051033_960_720-150x150.png 150w, https:\/\/www.masharif.com\/fr\/wp-content\/uploads\/2019\/02\/sun-3051033_960_720-55x55.png 55w, https:\/\/www.masharif.com\/fr\/wp-content\/uploads\/2019\/02\/sun-3051033_960_720.png 720w\" sizes=\"(max-width: 300px) 100vw, 300px\" \/><\/a><\/p>\n<p>&nbsp;<\/p>\n<p><strong>Ne m&#8217;efface pas,<\/strong><\/p>\n<p><strong>De ton horizon,<\/strong><\/p>\n<p><strong>De ton pas,<\/strong><\/p>\n<p><strong>Un reflet me suffit,<\/strong><\/p>\n<p><strong>Pour esp\u00e9rer un \u00e9clat,<\/strong><\/p>\n<p><strong>Alors pose,<\/strong><\/p>\n<p><strong>Pose ton regard,<\/strong><\/p>\n<p><strong>Ne d\u00e9nis pas,<\/strong><\/p>\n<p><strong>L&#8217;ombre qui touche ton bras,<\/strong><\/p>\n<p><strong>Ecoute l&#8217;appel,<\/strong><\/p>\n<p><strong>De mon c\u0153ur,<\/strong><\/p>\n<p><strong>Le chuchotement,<\/strong><\/p>\n<p><strong>De ton nom,<\/strong><\/p>\n<p><strong>En attendant le firmament,<\/strong><\/p>\n<p><strong>J&#8217;ai besoin d&#8217;une larme de soleil,\u00a0<\/strong><\/p>\n<p><strong>Pour toucher l&#8217;arc-en-ciel,<\/strong><\/p>\n<p><strong>A la nuit tomb\u00e9e,<\/strong><\/p>\n<p><strong>Me laisser emporter par le sommeil,<\/strong><\/p>\n<p><strong>Donnes moi l&#8217;\u00e9toil\u00e9,<\/strong><\/p>\n<p><strong>Le fr\u00f4lement de la poussi\u00e8re de f\u00e9e,<\/strong><\/p>\n<p><strong>Pour moi la touche de tes baisers.<\/strong><\/p>\n<p><strong>J&#8217;attends une larme de soleil,<\/strong><\/p>\n<p><strong>Pour appr\u00e9cier l&#8217;arc -en-ciel.<\/strong><\/p>\n<p>&nbsp;<\/p>\n<p>Encore un po\u00e8me de Patricia Royet, cette po\u00e9tesse qui nous a cach\u00e9 longtemps le talent qu\u2019elle rec\u00e8le . Et la voici, apr\u00e8s sa sortie au grand jour de sa cachette, qui nous d\u00e9voile d\u2019un po\u00e8me \u00e0 l\u2019autre \u00a0les traits d\u2019un style qui lui est propre\u00a0 et dont les \u00a0caract\u00e9ristiques les plus remarquables \u00a0sont la spontan\u00e9it\u00e9 et la sinc\u00e9rit\u00e9, en plus d\u2019une sensibilit\u00e9 esth\u00e9tique que nous \u00a0lui connaissions d\u00e9j\u00e0 \u00a0longtemps avant de savoir qu\u2019elle \u00a0poss\u00e8de cette vocation de charmer les muses.<\/p>\n<p>Dans ce nouveau po\u00e8me qui gravite autour de son th\u00e8me de pr\u00e9dilection\u00a0: l\u2019Amour , elle use tr\u00e8s finement des deux techniques de l\u2019amenuisement \u00a0<strong>(\u00a0 ne m&#8217;efface pas, de ton horizon, de ton pas, un reflet me suffit \u00a0&#8211;\u00a0 le chuchotement,de ton nom &#8211; \u00a0ne d\u00e9nis pas, l&#8217;ombre qui touche ton bras \u00a0&#8211; j&#8217;ai besoin d&#8217;une larme de soleil \u00a0&#8211; la touche de tes baisers<\/strong>.) \u00a0et de l\u2019amplification \u00a0\u00a0\u00a0(\u00a0 <strong>pour esp\u00e9rer un \u00e9clat &#8211; \u00a0en attendant le firmament &#8211; pour toucher l&#8217;arc-en-ciel \u00a0<\/strong>) \u00a0pour\u00a0 d\u00e9crire \u00a0\u00e0 quel point \u00a0le charme \u00a0magique \u00a0\u00a0de son bien-aim\u00e9 l\u2019\u00e9blouit et exerce sur son \u00a0\u00a0\u00e2me une grande force d\u2019attraction \u00a0et\u00a0 pour rendre compte , \u00a0par la m\u00eame occasion, de \u00a0la distance \u00e9norme entre ce qu\u2019elle se sent \u00eatre dans le r\u00e9el par rapport \u00a0\u00e0 son bien-aim\u00e9 et ce qu\u2019elle souhaite \u00eatre . Le ton plaintif\u00a0 empreint de reproches \u00a0et d\u2019impatience a conf\u00e9r\u00e9 au po\u00e8me un accent v\u00e9ridique et touchant .<\/p>\n","protected":false},"excerpt":{"rendered":"<p>&nbsp; Ne m&#8217;efface pas, De ton horizon, De ton pas, Un reflet me suffit, Pour esp\u00e9rer un \u00e9clat, Alors pose, Pose ton regard, Ne d\u00e9nis pas, L&#8217;ombre qui touche ton bras, Ecoute l&#8217;appel, De mon c\u0153ur, Le chuchotement, De ton nom, En attendant le firmament, J&#8217;ai besoin d&#8217;une larme de soleil,\u00a0 Pour toucher l&#8217;arc-en-ciel, A &#8230;<\/p>\n","protected":false},"author":2,"featured_media":9181,"comment_status":"open","ping_status":"open","sticky":false,"template":"","format":"standard","meta":[],"categories":[8],"tags":[],"yoast_head":"<!-- This site is optimized with the Yoast SEO plugin v19.3 - https:\/\/yoast.com\/wordpress\/plugins\/seo\/ -->\n<title>Les archives des commentaires po\u00e9tiques de Mohamed Salah Ben Amor : 27\u2013Les po\u00e8mes de Patricia Royet :27-13 : Larme de Soleil - Culminances<\/title>\n<meta name=\"robots\" content=\"index, follow, max-snippet:-1, max-image-preview:large, max-video-preview:-1\" \/>\n<link rel=\"canonical\" href=\"https:\/\/www.masharif.com\/fr\/2019\/02\/25\/archives-commentaires-poetiques-de-mohamed-salah-ben-amor-27-poemes-de-patricia-royet-27-13-larme-de-soleil\/\" \/>\n<meta property=\"og:locale\" content=\"fr_FR\" \/>\n<meta property=\"og:type\" content=\"article\" \/>\n<meta property=\"og:title\" content=\"Les archives des commentaires po\u00e9tiques de Mohamed Salah Ben Amor : 27\u2013Les po\u00e8mes de Patricia Royet :27-13 : Larme de Soleil - Culminances\" \/>\n<meta property=\"og:description\" content=\"&nbsp; Ne m&#8217;efface pas, De ton horizon, De ton pas, Un reflet me suffit, Pour esp\u00e9rer un \u00e9clat, Alors pose, Pose ton regard, Ne d\u00e9nis pas, L&#8217;ombre qui touche ton bras, Ecoute l&#8217;appel, De mon c\u0153ur, Le chuchotement, De ton nom, En attendant le firmament, J&#8217;ai besoin d&#8217;une larme de soleil,\u00a0 Pour toucher l&#8217;arc-en-ciel, A ...\" \/>\n<meta property=\"og:url\" content=\"https:\/\/www.masharif.com\/fr\/2019\/02\/25\/archives-commentaires-poetiques-de-mohamed-salah-ben-amor-27-poemes-de-patricia-royet-27-13-larme-de-soleil\/\" \/>\n<meta property=\"og:site_name\" content=\"Culminances\" \/>\n<meta property=\"article:published_time\" content=\"2019-02-25T09:52:27+00:00\" \/>\n<meta property=\"article:modified_time\" content=\"2019-02-25T09:52:45+00:00\" \/>\n<meta property=\"og:image\" content=\"https:\/\/www.masharif.com\/fr\/wp-content\/uploads\/2018\/12\/47181217_754152568264871_7603980722709200896_n.jpg\" \/>\n\t<meta property=\"og:image:width\" content=\"348\" \/>\n\t<meta property=\"og:image:height\" content=\"348\" \/>\n\t<meta property=\"og:image:type\" content=\"image\/jpeg\" \/>\n<meta name=\"author\" content=\"Mohamed Salah Ben Amor\" \/>\n<meta name=\"twitter:card\" content=\"summary\" \/>\n<meta name=\"twitter:label1\" content=\"\u00c9crit par\" \/>\n\t<meta name=\"twitter:data1\" content=\"Mohamed Salah Ben Amor\" \/>\n\t<meta name=\"twitter:label2\" content=\"Dur\u00e9e de lecture estim\u00e9e\" \/>\n\t<meta name=\"twitter:data2\" content=\"2 minutes\" \/>\n<script type=\"application\/ld+json\" class=\"yoast-schema-graph\">{\"@context\":\"https:\/\/schema.org\",\"@graph\":[{\"@type\":\"WebSite\",\"@id\":\"https:\/\/www.masharif.com\/fr\/#website\",\"url\":\"https:\/\/www.masharif.com\/fr\/\",\"name\":\"Culminances\",\"description\":\"\",\"potentialAction\":[{\"@type\":\"SearchAction\",\"target\":{\"@type\":\"EntryPoint\",\"urlTemplate\":\"https:\/\/www.masharif.com\/fr\/?s={search_term_string}\"},\"query-input\":\"required name=search_term_string\"}],\"inLanguage\":\"fr-FR\"},{\"@type\":\"ImageObject\",\"inLanguage\":\"fr-FR\",\"@id\":\"https:\/\/www.masharif.com\/fr\/2019\/02\/25\/archives-commentaires-poetiques-de-mohamed-salah-ben-amor-27-poemes-de-patricia-royet-27-13-larme-de-soleil\/#primaryimage\",\"url\":\"https:\/\/www.masharif.com\/fr\/wp-content\/uploads\/2018\/12\/47181217_754152568264871_7603980722709200896_n.jpg\",\"contentUrl\":\"https:\/\/www.masharif.com\/fr\/wp-content\/uploads\/2018\/12\/47181217_754152568264871_7603980722709200896_n.jpg\",\"width\":348,\"height\":348},{\"@type\":\"WebPage\",\"@id\":\"https:\/\/www.masharif.com\/fr\/2019\/02\/25\/archives-commentaires-poetiques-de-mohamed-salah-ben-amor-27-poemes-de-patricia-royet-27-13-larme-de-soleil\/\",\"url\":\"https:\/\/www.masharif.com\/fr\/2019\/02\/25\/archives-commentaires-poetiques-de-mohamed-salah-ben-amor-27-poemes-de-patricia-royet-27-13-larme-de-soleil\/\",\"name\":\"Les archives des commentaires po\u00e9tiques de Mohamed Salah Ben Amor : 27\u2013Les po\u00e8mes de Patricia Royet :27-13 : Larme de Soleil - Culminances\",\"isPartOf\":{\"@id\":\"https:\/\/www.masharif.com\/fr\/#website\"},\"primaryImageOfPage\":{\"@id\":\"https:\/\/www.masharif.com\/fr\/2019\/02\/25\/archives-commentaires-poetiques-de-mohamed-salah-ben-amor-27-poemes-de-patricia-royet-27-13-larme-de-soleil\/#primaryimage\"},\"datePublished\":\"2019-02-25T09:52:27+00:00\",\"dateModified\":\"2019-02-25T09:52:45+00:00\",\"author\":{\"@id\":\"https:\/\/www.masharif.com\/fr\/#\/schema\/person\/839a7026efe9fa825134097c1041e4a0\"},\"breadcrumb\":{\"@id\":\"https:\/\/www.masharif.com\/fr\/2019\/02\/25\/archives-commentaires-poetiques-de-mohamed-salah-ben-amor-27-poemes-de-patricia-royet-27-13-larme-de-soleil\/#breadcrumb\"},\"inLanguage\":\"fr-FR\",\"potentialAction\":[{\"@type\":\"ReadAction\",\"target\":[\"https:\/\/www.masharif.com\/fr\/2019\/02\/25\/archives-commentaires-poetiques-de-mohamed-salah-ben-amor-27-poemes-de-patricia-royet-27-13-larme-de-soleil\/\"]}]},{\"@type\":\"BreadcrumbList\",\"@id\":\"https:\/\/www.masharif.com\/fr\/2019\/02\/25\/archives-commentaires-poetiques-de-mohamed-salah-ben-amor-27-poemes-de-patricia-royet-27-13-larme-de-soleil\/#breadcrumb\",\"itemListElement\":[{\"@type\":\"ListItem\",\"position\":1,\"name\":\"Home\",\"item\":\"https:\/\/www.masharif.com\/fr\/\"},{\"@type\":\"ListItem\",\"position\":2,\"name\":\"Les archives des commentaires po\u00e9tiques de Mohamed Salah Ben Amor : 27\u2013Les po\u00e8mes de Patricia Royet :27-13 : Larme de Soleil\"}]},{\"@type\":\"Person\",\"@id\":\"https:\/\/www.masharif.com\/fr\/#\/schema\/person\/839a7026efe9fa825134097c1041e4a0\",\"name\":\"Mohamed Salah Ben Amor\",\"image\":{\"@type\":\"ImageObject\",\"inLanguage\":\"fr-FR\",\"@id\":\"https:\/\/www.masharif.com\/fr\/#\/schema\/person\/image\/\",\"url\":\"https:\/\/secure.gravatar.com\/avatar\/f64806401ad5ed604ffec2272b19ef46?s=96&d=identicon&r=g\",\"contentUrl\":\"https:\/\/secure.gravatar.com\/avatar\/f64806401ad5ed604ffec2272b19ef46?s=96&d=identicon&r=g\",\"caption\":\"Mohamed Salah Ben Amor\"},\"sameAs\":[\"http:\/\/ben-amor.info\"],\"url\":\"https:\/\/www.masharif.com\/fr\/author\/msba\/\"}]}<\/script>\n<!-- \/ Yoast SEO plugin. -->","yoast_head_json":{"title":"Les archives des commentaires po\u00e9tiques de Mohamed Salah Ben Amor : 27\u2013Les po\u00e8mes de Patricia Royet :27-13 : Larme de Soleil - Culminances","robots":{"index":"index","follow":"follow","max-snippet":"max-snippet:-1","max-image-preview":"max-image-preview:large","max-video-preview":"max-video-preview:-1"},"canonical":"https:\/\/www.masharif.com\/fr\/2019\/02\/25\/archives-commentaires-poetiques-de-mohamed-salah-ben-amor-27-poemes-de-patricia-royet-27-13-larme-de-soleil\/","og_locale":"fr_FR","og_type":"article","og_title":"Les archives des commentaires po\u00e9tiques de Mohamed Salah Ben Amor : 27\u2013Les po\u00e8mes de Patricia Royet :27-13 : Larme de Soleil - Culminances","og_description":"&nbsp; Ne m&#8217;efface pas, De ton horizon, De ton pas, Un reflet me suffit, Pour esp\u00e9rer un \u00e9clat, Alors pose, Pose ton regard, Ne d\u00e9nis pas, L&#8217;ombre qui touche ton bras, Ecoute l&#8217;appel, De mon c\u0153ur, Le chuchotement, De ton nom, En attendant le firmament, J&#8217;ai besoin d&#8217;une larme de soleil,\u00a0 Pour toucher l&#8217;arc-en-ciel, A ...","og_url":"https:\/\/www.masharif.com\/fr\/2019\/02\/25\/archives-commentaires-poetiques-de-mohamed-salah-ben-amor-27-poemes-de-patricia-royet-27-13-larme-de-soleil\/","og_site_name":"Culminances","article_published_time":"2019-02-25T09:52:27+00:00","article_modified_time":"2019-02-25T09:52:45+00:00","og_image":[{"width":348,"height":348,"url":"https:\/\/www.masharif.com\/fr\/wp-content\/uploads\/2018\/12\/47181217_754152568264871_7603980722709200896_n.jpg","type":"image\/jpeg"}],"author":"Mohamed Salah Ben Amor","twitter_card":"summary","twitter_misc":{"\u00c9crit par":"Mohamed Salah Ben Amor","Dur\u00e9e de lecture estim\u00e9e":"2 minutes"},"schema":{"@context":"https:\/\/schema.org","@graph":[{"@type":"WebSite","@id":"https:\/\/www.masharif.com\/fr\/#website","url":"https:\/\/www.masharif.com\/fr\/","name":"Culminances","description":"","potentialAction":[{"@type":"SearchAction","target":{"@type":"EntryPoint","urlTemplate":"https:\/\/www.masharif.com\/fr\/?s={search_term_string}"},"query-input":"required name=search_term_string"}],"inLanguage":"fr-FR"},{"@type":"ImageObject","inLanguage":"fr-FR","@id":"https:\/\/www.masharif.com\/fr\/2019\/02\/25\/archives-commentaires-poetiques-de-mohamed-salah-ben-amor-27-poemes-de-patricia-royet-27-13-larme-de-soleil\/#primaryimage","url":"https:\/\/www.masharif.com\/fr\/wp-content\/uploads\/2018\/12\/47181217_754152568264871_7603980722709200896_n.jpg","contentUrl":"https:\/\/www.masharif.com\/fr\/wp-content\/uploads\/2018\/12\/47181217_754152568264871_7603980722709200896_n.jpg","width":348,"height":348},{"@type":"WebPage","@id":"https:\/\/www.masharif.com\/fr\/2019\/02\/25\/archives-commentaires-poetiques-de-mohamed-salah-ben-amor-27-poemes-de-patricia-royet-27-13-larme-de-soleil\/","url":"https:\/\/www.masharif.com\/fr\/2019\/02\/25\/archives-commentaires-poetiques-de-mohamed-salah-ben-amor-27-poemes-de-patricia-royet-27-13-larme-de-soleil\/","name":"Les archives des commentaires po\u00e9tiques de Mohamed Salah Ben Amor : 27\u2013Les po\u00e8mes de Patricia Royet :27-13 : Larme de Soleil - Culminances","isPartOf":{"@id":"https:\/\/www.masharif.com\/fr\/#website"},"primaryImageOfPage":{"@id":"https:\/\/www.masharif.com\/fr\/2019\/02\/25\/archives-commentaires-poetiques-de-mohamed-salah-ben-amor-27-poemes-de-patricia-royet-27-13-larme-de-soleil\/#primaryimage"},"datePublished":"2019-02-25T09:52:27+00:00","dateModified":"2019-02-25T09:52:45+00:00","author":{"@id":"https:\/\/www.masharif.com\/fr\/#\/schema\/person\/839a7026efe9fa825134097c1041e4a0"},"breadcrumb":{"@id":"https:\/\/www.masharif.com\/fr\/2019\/02\/25\/archives-commentaires-poetiques-de-mohamed-salah-ben-amor-27-poemes-de-patricia-royet-27-13-larme-de-soleil\/#breadcrumb"},"inLanguage":"fr-FR","potentialAction":[{"@type":"ReadAction","target":["https:\/\/www.masharif.com\/fr\/2019\/02\/25\/archives-commentaires-poetiques-de-mohamed-salah-ben-amor-27-poemes-de-patricia-royet-27-13-larme-de-soleil\/"]}]},{"@type":"BreadcrumbList","@id":"https:\/\/www.masharif.com\/fr\/2019\/02\/25\/archives-commentaires-poetiques-de-mohamed-salah-ben-amor-27-poemes-de-patricia-royet-27-13-larme-de-soleil\/#breadcrumb","itemListElement":[{"@type":"ListItem","position":1,"name":"Home","item":"https:\/\/www.masharif.com\/fr\/"},{"@type":"ListItem","position":2,"name":"Les archives des commentaires po\u00e9tiques de Mohamed Salah Ben Amor : 27\u2013Les po\u00e8mes de Patricia Royet :27-13 : Larme de Soleil"}]},{"@type":"Person","@id":"https:\/\/www.masharif.com\/fr\/#\/schema\/person\/839a7026efe9fa825134097c1041e4a0","name":"Mohamed Salah Ben Amor","image":{"@type":"ImageObject","inLanguage":"fr-FR","@id":"https:\/\/www.masharif.com\/fr\/#\/schema\/person\/image\/","url":"https:\/\/secure.gravatar.com\/avatar\/f64806401ad5ed604ffec2272b19ef46?s=96&d=identicon&r=g","contentUrl":"https:\/\/secure.gravatar.com\/avatar\/f64806401ad5ed604ffec2272b19ef46?s=96&d=identicon&r=g","caption":"Mohamed Salah Ben Amor"},"sameAs":["http:\/\/ben-amor.info"],"url":"https:\/\/www.masharif.com\/fr\/author\/msba\/"}]}},"_links":{"self":[{"href":"https:\/\/www.masharif.com\/fr\/wp-json\/wp\/v2\/posts\/9584"}],"collection":[{"href":"https:\/\/www.masharif.com\/fr\/wp-json\/wp\/v2\/posts"}],"about":[{"href":"https:\/\/www.masharif.com\/fr\/wp-json\/wp\/v2\/types\/post"}],"author":[{"embeddable":true,"href":"https:\/\/www.masharif.com\/fr\/wp-json\/wp\/v2\/users\/2"}],"replies":[{"embeddable":true,"href":"https:\/\/www.masharif.com\/fr\/wp-json\/wp\/v2\/comments?post=9584"}],"version-history":[{"count":2,"href":"https:\/\/www.masharif.com\/fr\/wp-json\/wp\/v2\/posts\/9584\/revisions"}],"predecessor-version":[{"id":9587,"href":"https:\/\/www.masharif.com\/fr\/wp-json\/wp\/v2\/posts\/9584\/revisions\/9587"}],"wp:featuredmedia":[{"embeddable":true,"href":"https:\/\/www.masharif.com\/fr\/wp-json\/wp\/v2\/media\/9181"}],"wp:attachment":[{"href":"https:\/\/www.masharif.com\/fr\/wp-json\/wp\/v2\/media?parent=9584"}],"wp:term":[{"taxonomy":"category","embeddable":true,"href":"https:\/\/www.masharif.com\/fr\/wp-json\/wp\/v2\/categories?post=9584"},{"taxonomy":"post_tag","embeddable":true,"href":"https:\/\/www.masharif.com\/fr\/wp-json\/wp\/v2\/tags?post=9584"}],"curies":[{"name":"wp","href":"https:\/\/api.w.org\/{rel}","templated":true}]}}