{"id":9581,"date":"2019-02-24T11:30:57","date_gmt":"2019-02-24T10:30:57","guid":{"rendered":"http:\/\/www.masharif.com\/fr\/?p=9581"},"modified":"2019-02-24T11:30:57","modified_gmt":"2019-02-24T10:30:57","slug":"archives-commentaires-poetiques-de-mohamed-salah-ben-amor-26-poemes-de-gaetan-parisi-26-9-inexplicable-tarentelle","status":"publish","type":"post","link":"https:\/\/www.masharif.com\/fr\/2019\/02\/24\/archives-commentaires-poetiques-de-mohamed-salah-ben-amor-26-poemes-de-gaetan-parisi-26-9-inexplicable-tarentelle\/","title":{"rendered":"Les archives des commentaires po\u00e9tiques de Mohamed Salah Ben Amor : 26\u2013Les po\u00e8mes de Ga\u00ebtan Parisi: 26 -9 :Inexplicable tarentelle"},"content":{"rendered":"<div id=\"attachment_8934\" style=\"width: 310px\" class=\"wp-caption alignnone\"><a href=\"http:\/\/www.masharif.com\/fr\/wp-content\/uploads\/2018\/10\/12079306_10207995464353417_2482464023517051032_n.jpg\"><img aria-describedby=\"caption-attachment-8934\" loading=\"lazy\" class=\"wp-image-8934 size-medium\" src=\"http:\/\/www.masharif.com\/fr\/wp-content\/uploads\/2018\/10\/12079306_10207995464353417_2482464023517051032_n-300x300.jpg\" alt=\"\" width=\"300\" height=\"300\" srcset=\"https:\/\/www.masharif.com\/fr\/wp-content\/uploads\/2018\/10\/12079306_10207995464353417_2482464023517051032_n-300x300.jpg 300w, https:\/\/www.masharif.com\/fr\/wp-content\/uploads\/2018\/10\/12079306_10207995464353417_2482464023517051032_n-150x150.jpg 150w, https:\/\/www.masharif.com\/fr\/wp-content\/uploads\/2018\/10\/12079306_10207995464353417_2482464023517051032_n-55x55.jpg 55w, https:\/\/www.masharif.com\/fr\/wp-content\/uploads\/2018\/10\/12079306_10207995464353417_2482464023517051032_n.jpg 309w\" sizes=\"(max-width: 300px) 100vw, 300px\" \/><\/a><p id=\"caption-attachment-8934\" class=\"wp-caption-text\">Ga\u00ebtan Parisi:<\/p><\/div>\n<p><a href=\"http:\/\/www.masharif.com\/fr\/wp-content\/uploads\/2019\/02\/silhouette-70190_960_720.jpg\"><img loading=\"lazy\" class=\"alignnone size-medium wp-image-9582\" src=\"http:\/\/www.masharif.com\/fr\/wp-content\/uploads\/2019\/02\/silhouette-70190_960_720-300x212.jpg\" alt=\"\" width=\"300\" height=\"212\" srcset=\"https:\/\/www.masharif.com\/fr\/wp-content\/uploads\/2019\/02\/silhouette-70190_960_720-300x212.jpg 300w, https:\/\/www.masharif.com\/fr\/wp-content\/uploads\/2019\/02\/silhouette-70190_960_720-768x542.jpg 768w, https:\/\/www.masharif.com\/fr\/wp-content\/uploads\/2019\/02\/silhouette-70190_960_720.jpg 960w\" sizes=\"(max-width: 300px) 100vw, 300px\" \/><\/a><\/p>\n<p><strong>Quand viennent les heures<\/strong><\/p>\n<p><strong>Houleuses<\/strong><\/p>\n<p><strong>Trompeuses<\/strong><\/p>\n<p><strong>Moqueuses<\/strong><\/p>\n<p><strong>Qui toujours arrivent<\/strong><\/p>\n<p><strong>O\u00f9 meurent les vagues m\u00eame les plus furieuses<\/strong><\/p>\n<p><strong>O\u00f9 le cycle des saisons d\u00e9lave chacune des heures<\/strong><\/p>\n<p><strong>Haute en couleur<\/strong><\/p>\n<p><strong>Du tissu de nos c\u0153urs<\/strong><\/p>\n<p><strong>O\u00f9 le feu des constellations qui donne au ciel son \u00e9loquence<\/strong><\/p>\n<p><strong>Termine sa danse<\/strong><\/p>\n<p><strong>Dans les cendres<\/strong><\/p>\n<p><strong>Alors s&#8217;envolent nos r\u00eaves tendres<\/strong><\/p>\n<p><strong>Quand viennent ces heures tumultueuses<\/strong><\/p>\n<p><strong>La vie se glace,\u00a0le temps d&#8217;une berceuse<\/strong><\/p>\n<p><strong>S&#8217;arr\u00eate\u00a0et recommence<\/strong><\/p>\n<p><strong>L&#8217;\u00e9vanescence<\/strong><\/p>\n<p><strong>La renaissance<\/strong><\/p>\n<p><strong>Ainsi se nouent d&#8217;autres cordes<\/strong><\/p>\n<p><strong>D&#8217;autres mains se tordent<\/strong><\/p>\n<p><strong>L&#8217;arc en ciel se recompose<\/strong><\/p>\n<p><strong>D&#8217;autres sons explosent \u00a0<\/strong><\/p>\n<p><strong>D\u2019autres images s\u2019imposent<\/strong><\/p>\n<p><strong>Le monde change de masque<\/strong><\/p>\n<p><strong>Pour mieux prendre \u00e0 son pi\u00e8ge<\/strong><\/p>\n<p><strong>Les captifs dans ses vasques<\/strong><\/p>\n<p><strong>L&#8217;amour joue un autre arp\u00e8ge<\/strong><\/p>\n<p><strong>Et la vie danse de plus belle<\/strong><\/p>\n<h4>Dans une inexplicable tarentelle.<\/h4>\n<p>&nbsp;<\/p>\n<p>Le vrai po\u00e8te diff\u00e8re , \u00a0aussi bien des scientifiques que des communs des mortels, par sa sensibilit\u00e9 \u00a0extr\u00eamement effil\u00e9e \u00a0, presque maladive qui le \u00a0met \u00a0directement et \u00a0quoiqu\u2019il fasse , sous l\u2019emprise des circonstances fluctuantes de la vie \u00a0o\u00f9 il d\u00e9couvre \u00a0mille et un secrets que ceux-ci et ceux-l\u00e0 \u00a0sont incapables d\u2019en soup\u00e7onner l\u2019existence . En effet \u00a0si \u00a0, \u00e0 titre d\u2019exemple , pour l\u2019astrophysicien , l\u2019historien , le biologiste , l\u2019agronome \u00a0ou l\u2019anthropologue ou autres \u00a0du m\u00eame acabit le cycle n\u2019est qu\u2019une simple loi qui r\u00e9git plusieurs ph\u00e9nom\u00e8nes dans l\u2019univers et si\u00a0 aux yeux de l\u2019homme ordinaire , il n\u2019est qu\u2019un fait \u00e9vident qui ne m\u00e9rite m\u00eame pas d\u2019y r\u00e9fl\u00e9chir , le po\u00e8te \u00a0, lui , le per\u00e7oit dans ses ramifications les plus infimes et les plus cach\u00e9es et \u00e0 fortiori \u00a0celles qui \u00a0touchent l\u2019essence de l\u2019\u00e2me . Et \u00e0 ce niveau-l\u00e0, il \u00a0se rend compte de sa passivit\u00e9 totale devant le tournoiement de la roue du temps qui le fait passer \u00a0d\u2019un \u00e9tat \u00e0 un autre. \u00a0Heureusement, les mauvais moments \u00a0sont toujours \u00a0\u00a0, \u00a0du point de vue de l\u2019auteur \u00a0franchement optimiste, suivis de \u00a0moments de d\u00e9tente et de plaisir \u00a0et non le contraire m\u00eame si cela est vrai<strong>\u00a0(\u00a0<\/strong><strong>Ainsi se nouent d&#8217;autres cordes\/D&#8217;autres mains se tordent\/L&#8217;arc en ciel se recompose\/D&#8217;autres sons explosent<\/strong> <strong>\/\u00a0D\u2019autres images s\u2019imposent\/Le monde change de masque\/Pour mieux prendre \u00e0 son pi\u00e8ge\/Les captifs dans ses vasques\/L&#8217;amour joue un autre arp\u00e8ge\/Et la vie danse de plus belle\/Dans une inexplicable tarentelle&#8230;)<\/strong><\/p>\n<p>N\u00e9anmoins, s\u2019agit-il \u00a0d\u2019une attitude sage \u00e0 l\u2019\u00e9gard de ce visage renversant de la vie\u00a0? ou bien d&#8217;une simple consolation pour mieux supporter \u00ab\u00a0<strong>les\u00a0heures<\/strong><strong>\u00a0\u00a0<\/strong><strong>Houleuses<\/strong><strong>\u00a0<\/strong><strong>trompeuses<\/strong><strong>\u00a0<\/strong><strong>moqueuses\u00a0<\/strong><strong>\u00a0<\/strong><strong>qui toujours arrivent- \u00a0o\u00f9 le feu des constellations qui donne au ciel son \u00e9loquence<\/strong><strong>\u00a0<\/strong><strong>termine sa danse<\/strong><strong>\u00a0<\/strong><strong>dans les cendres<\/strong><strong>\u00a0<\/strong><strong>alors s&#8217;envolent nos r\u00eaves tendres<\/strong>\u00a0\u00bb et oublier que m\u00eame si elles passent, leur retour est in\u00e9vitable.<\/p>\n<p>Dans les deux cas, le po\u00e8te \u00a0a mis le doigt sur l\u2019une des granges probl\u00e9matiques de l\u2019existence humaine dans ce bas-monde.<\/p>\n","protected":false},"excerpt":{"rendered":"<p>Quand viennent les heures Houleuses Trompeuses Moqueuses Qui toujours arrivent O\u00f9 meurent les vagues m\u00eame les plus furieuses O\u00f9 le cycle des saisons d\u00e9lave chacune des heures Haute en couleur Du tissu de nos c\u0153urs O\u00f9 le feu des constellations qui donne au ciel son \u00e9loquence Termine sa danse Dans les cendres Alors s&#8217;envolent nos &#8230;<\/p>\n","protected":false},"author":2,"featured_media":8934,"comment_status":"open","ping_status":"open","sticky":false,"template":"","format":"standard","meta":[],"categories":[8],"tags":[],"yoast_head":"<!-- This site is optimized with the Yoast SEO plugin v19.3 - https:\/\/yoast.com\/wordpress\/plugins\/seo\/ -->\n<title>Les archives des commentaires po\u00e9tiques de Mohamed Salah Ben Amor : 26\u2013Les po\u00e8mes de Ga\u00ebtan Parisi: 26 -9 :Inexplicable tarentelle - Culminances<\/title>\n<meta name=\"robots\" content=\"index, follow, max-snippet:-1, max-image-preview:large, max-video-preview:-1\" \/>\n<link rel=\"canonical\" href=\"https:\/\/www.masharif.com\/fr\/2019\/02\/24\/archives-commentaires-poetiques-de-mohamed-salah-ben-amor-26-poemes-de-gaetan-parisi-26-9-inexplicable-tarentelle\/\" \/>\n<meta property=\"og:locale\" content=\"fr_FR\" \/>\n<meta property=\"og:type\" content=\"article\" \/>\n<meta property=\"og:title\" content=\"Les archives des commentaires po\u00e9tiques de Mohamed Salah Ben Amor : 26\u2013Les po\u00e8mes de Ga\u00ebtan Parisi: 26 -9 :Inexplicable tarentelle - Culminances\" \/>\n<meta property=\"og:description\" content=\"Quand viennent les heures Houleuses Trompeuses Moqueuses Qui toujours arrivent O\u00f9 meurent les vagues m\u00eame les plus furieuses O\u00f9 le cycle des saisons d\u00e9lave chacune des heures Haute en couleur Du tissu de nos c\u0153urs O\u00f9 le feu des constellations qui donne au ciel son \u00e9loquence Termine sa danse Dans les cendres Alors s&#8217;envolent nos ...\" \/>\n<meta property=\"og:url\" content=\"https:\/\/www.masharif.com\/fr\/2019\/02\/24\/archives-commentaires-poetiques-de-mohamed-salah-ben-amor-26-poemes-de-gaetan-parisi-26-9-inexplicable-tarentelle\/\" \/>\n<meta property=\"og:site_name\" content=\"Culminances\" \/>\n<meta property=\"article:published_time\" content=\"2019-02-24T10:30:57+00:00\" \/>\n<meta property=\"og:image\" content=\"https:\/\/www.masharif.com\/fr\/wp-content\/uploads\/2018\/10\/12079306_10207995464353417_2482464023517051032_n.jpg\" \/>\n\t<meta property=\"og:image:width\" content=\"309\" \/>\n\t<meta property=\"og:image:height\" content=\"309\" \/>\n\t<meta property=\"og:image:type\" content=\"image\/jpeg\" \/>\n<meta name=\"author\" content=\"Mohamed Salah Ben Amor\" \/>\n<meta name=\"twitter:card\" content=\"summary\" \/>\n<meta name=\"twitter:label1\" content=\"\u00c9crit par\" \/>\n\t<meta name=\"twitter:data1\" content=\"Mohamed Salah Ben Amor\" \/>\n\t<meta name=\"twitter:label2\" content=\"Dur\u00e9e de lecture estim\u00e9e\" \/>\n\t<meta name=\"twitter:data2\" content=\"3 minutes\" \/>\n<script type=\"application\/ld+json\" class=\"yoast-schema-graph\">{\"@context\":\"https:\/\/schema.org\",\"@graph\":[{\"@type\":\"WebSite\",\"@id\":\"http:\/\/www.masharif.com\/fr\/#website\",\"url\":\"http:\/\/www.masharif.com\/fr\/\",\"name\":\"Culminances\",\"description\":\"\",\"potentialAction\":[{\"@type\":\"SearchAction\",\"target\":{\"@type\":\"EntryPoint\",\"urlTemplate\":\"http:\/\/www.masharif.com\/fr\/?s={search_term_string}\"},\"query-input\":\"required name=search_term_string\"}],\"inLanguage\":\"fr-FR\"},{\"@type\":\"ImageObject\",\"inLanguage\":\"fr-FR\",\"@id\":\"https:\/\/www.masharif.com\/fr\/2019\/02\/24\/archives-commentaires-poetiques-de-mohamed-salah-ben-amor-26-poemes-de-gaetan-parisi-26-9-inexplicable-tarentelle\/#primaryimage\",\"url\":\"https:\/\/www.masharif.com\/fr\/wp-content\/uploads\/2018\/10\/12079306_10207995464353417_2482464023517051032_n.jpg\",\"contentUrl\":\"https:\/\/www.masharif.com\/fr\/wp-content\/uploads\/2018\/10\/12079306_10207995464353417_2482464023517051032_n.jpg\",\"width\":309,\"height\":309},{\"@type\":\"WebPage\",\"@id\":\"https:\/\/www.masharif.com\/fr\/2019\/02\/24\/archives-commentaires-poetiques-de-mohamed-salah-ben-amor-26-poemes-de-gaetan-parisi-26-9-inexplicable-tarentelle\/\",\"url\":\"https:\/\/www.masharif.com\/fr\/2019\/02\/24\/archives-commentaires-poetiques-de-mohamed-salah-ben-amor-26-poemes-de-gaetan-parisi-26-9-inexplicable-tarentelle\/\",\"name\":\"Les archives des commentaires po\u00e9tiques de Mohamed Salah Ben Amor : 26\u2013Les po\u00e8mes de Ga\u00ebtan Parisi: 26 -9 :Inexplicable tarentelle - Culminances\",\"isPartOf\":{\"@id\":\"http:\/\/www.masharif.com\/fr\/#website\"},\"primaryImageOfPage\":{\"@id\":\"https:\/\/www.masharif.com\/fr\/2019\/02\/24\/archives-commentaires-poetiques-de-mohamed-salah-ben-amor-26-poemes-de-gaetan-parisi-26-9-inexplicable-tarentelle\/#primaryimage\"},\"datePublished\":\"2019-02-24T10:30:57+00:00\",\"dateModified\":\"2019-02-24T10:30:57+00:00\",\"author\":{\"@id\":\"http:\/\/www.masharif.com\/fr\/#\/schema\/person\/839a7026efe9fa825134097c1041e4a0\"},\"breadcrumb\":{\"@id\":\"https:\/\/www.masharif.com\/fr\/2019\/02\/24\/archives-commentaires-poetiques-de-mohamed-salah-ben-amor-26-poemes-de-gaetan-parisi-26-9-inexplicable-tarentelle\/#breadcrumb\"},\"inLanguage\":\"fr-FR\",\"potentialAction\":[{\"@type\":\"ReadAction\",\"target\":[\"https:\/\/www.masharif.com\/fr\/2019\/02\/24\/archives-commentaires-poetiques-de-mohamed-salah-ben-amor-26-poemes-de-gaetan-parisi-26-9-inexplicable-tarentelle\/\"]}]},{\"@type\":\"BreadcrumbList\",\"@id\":\"https:\/\/www.masharif.com\/fr\/2019\/02\/24\/archives-commentaires-poetiques-de-mohamed-salah-ben-amor-26-poemes-de-gaetan-parisi-26-9-inexplicable-tarentelle\/#breadcrumb\",\"itemListElement\":[{\"@type\":\"ListItem\",\"position\":1,\"name\":\"Home\",\"item\":\"http:\/\/www.masharif.com\/fr\/\"},{\"@type\":\"ListItem\",\"position\":2,\"name\":\"Les archives des commentaires po\u00e9tiques de Mohamed Salah Ben Amor : 26\u2013Les po\u00e8mes de Ga\u00ebtan Parisi: 26 -9 :Inexplicable tarentelle\"}]},{\"@type\":\"Person\",\"@id\":\"http:\/\/www.masharif.com\/fr\/#\/schema\/person\/839a7026efe9fa825134097c1041e4a0\",\"name\":\"Mohamed Salah Ben Amor\",\"image\":{\"@type\":\"ImageObject\",\"inLanguage\":\"fr-FR\",\"@id\":\"http:\/\/www.masharif.com\/fr\/#\/schema\/person\/image\/\",\"url\":\"https:\/\/secure.gravatar.com\/avatar\/f64806401ad5ed604ffec2272b19ef46?s=96&d=identicon&r=g\",\"contentUrl\":\"https:\/\/secure.gravatar.com\/avatar\/f64806401ad5ed604ffec2272b19ef46?s=96&d=identicon&r=g\",\"caption\":\"Mohamed Salah Ben Amor\"},\"sameAs\":[\"http:\/\/ben-amor.info\"],\"url\":\"https:\/\/www.masharif.com\/fr\/author\/msba\/\"}]}<\/script>\n<!-- \/ Yoast SEO plugin. -->","yoast_head_json":{"title":"Les archives des commentaires po\u00e9tiques de Mohamed Salah Ben Amor : 26\u2013Les po\u00e8mes de Ga\u00ebtan Parisi: 26 -9 :Inexplicable tarentelle - Culminances","robots":{"index":"index","follow":"follow","max-snippet":"max-snippet:-1","max-image-preview":"max-image-preview:large","max-video-preview":"max-video-preview:-1"},"canonical":"https:\/\/www.masharif.com\/fr\/2019\/02\/24\/archives-commentaires-poetiques-de-mohamed-salah-ben-amor-26-poemes-de-gaetan-parisi-26-9-inexplicable-tarentelle\/","og_locale":"fr_FR","og_type":"article","og_title":"Les archives des commentaires po\u00e9tiques de Mohamed Salah Ben Amor : 26\u2013Les po\u00e8mes de Ga\u00ebtan Parisi: 26 -9 :Inexplicable tarentelle - Culminances","og_description":"Quand viennent les heures Houleuses Trompeuses Moqueuses Qui toujours arrivent O\u00f9 meurent les vagues m\u00eame les plus furieuses O\u00f9 le cycle des saisons d\u00e9lave chacune des heures Haute en couleur Du tissu de nos c\u0153urs O\u00f9 le feu des constellations qui donne au ciel son \u00e9loquence Termine sa danse Dans les cendres Alors s&#8217;envolent nos ...","og_url":"https:\/\/www.masharif.com\/fr\/2019\/02\/24\/archives-commentaires-poetiques-de-mohamed-salah-ben-amor-26-poemes-de-gaetan-parisi-26-9-inexplicable-tarentelle\/","og_site_name":"Culminances","article_published_time":"2019-02-24T10:30:57+00:00","og_image":[{"width":309,"height":309,"url":"https:\/\/www.masharif.com\/fr\/wp-content\/uploads\/2018\/10\/12079306_10207995464353417_2482464023517051032_n.jpg","type":"image\/jpeg"}],"author":"Mohamed Salah Ben Amor","twitter_card":"summary","twitter_misc":{"\u00c9crit par":"Mohamed Salah Ben Amor","Dur\u00e9e de lecture estim\u00e9e":"3 minutes"},"schema":{"@context":"https:\/\/schema.org","@graph":[{"@type":"WebSite","@id":"http:\/\/www.masharif.com\/fr\/#website","url":"http:\/\/www.masharif.com\/fr\/","name":"Culminances","description":"","potentialAction":[{"@type":"SearchAction","target":{"@type":"EntryPoint","urlTemplate":"http:\/\/www.masharif.com\/fr\/?s={search_term_string}"},"query-input":"required name=search_term_string"}],"inLanguage":"fr-FR"},{"@type":"ImageObject","inLanguage":"fr-FR","@id":"https:\/\/www.masharif.com\/fr\/2019\/02\/24\/archives-commentaires-poetiques-de-mohamed-salah-ben-amor-26-poemes-de-gaetan-parisi-26-9-inexplicable-tarentelle\/#primaryimage","url":"https:\/\/www.masharif.com\/fr\/wp-content\/uploads\/2018\/10\/12079306_10207995464353417_2482464023517051032_n.jpg","contentUrl":"https:\/\/www.masharif.com\/fr\/wp-content\/uploads\/2018\/10\/12079306_10207995464353417_2482464023517051032_n.jpg","width":309,"height":309},{"@type":"WebPage","@id":"https:\/\/www.masharif.com\/fr\/2019\/02\/24\/archives-commentaires-poetiques-de-mohamed-salah-ben-amor-26-poemes-de-gaetan-parisi-26-9-inexplicable-tarentelle\/","url":"https:\/\/www.masharif.com\/fr\/2019\/02\/24\/archives-commentaires-poetiques-de-mohamed-salah-ben-amor-26-poemes-de-gaetan-parisi-26-9-inexplicable-tarentelle\/","name":"Les archives des commentaires po\u00e9tiques de Mohamed Salah Ben Amor : 26\u2013Les po\u00e8mes de Ga\u00ebtan Parisi: 26 -9 :Inexplicable tarentelle - Culminances","isPartOf":{"@id":"http:\/\/www.masharif.com\/fr\/#website"},"primaryImageOfPage":{"@id":"https:\/\/www.masharif.com\/fr\/2019\/02\/24\/archives-commentaires-poetiques-de-mohamed-salah-ben-amor-26-poemes-de-gaetan-parisi-26-9-inexplicable-tarentelle\/#primaryimage"},"datePublished":"2019-02-24T10:30:57+00:00","dateModified":"2019-02-24T10:30:57+00:00","author":{"@id":"http:\/\/www.masharif.com\/fr\/#\/schema\/person\/839a7026efe9fa825134097c1041e4a0"},"breadcrumb":{"@id":"https:\/\/www.masharif.com\/fr\/2019\/02\/24\/archives-commentaires-poetiques-de-mohamed-salah-ben-amor-26-poemes-de-gaetan-parisi-26-9-inexplicable-tarentelle\/#breadcrumb"},"inLanguage":"fr-FR","potentialAction":[{"@type":"ReadAction","target":["https:\/\/www.masharif.com\/fr\/2019\/02\/24\/archives-commentaires-poetiques-de-mohamed-salah-ben-amor-26-poemes-de-gaetan-parisi-26-9-inexplicable-tarentelle\/"]}]},{"@type":"BreadcrumbList","@id":"https:\/\/www.masharif.com\/fr\/2019\/02\/24\/archives-commentaires-poetiques-de-mohamed-salah-ben-amor-26-poemes-de-gaetan-parisi-26-9-inexplicable-tarentelle\/#breadcrumb","itemListElement":[{"@type":"ListItem","position":1,"name":"Home","item":"http:\/\/www.masharif.com\/fr\/"},{"@type":"ListItem","position":2,"name":"Les archives des commentaires po\u00e9tiques de Mohamed Salah Ben Amor : 26\u2013Les po\u00e8mes de Ga\u00ebtan Parisi: 26 -9 :Inexplicable tarentelle"}]},{"@type":"Person","@id":"http:\/\/www.masharif.com\/fr\/#\/schema\/person\/839a7026efe9fa825134097c1041e4a0","name":"Mohamed Salah Ben Amor","image":{"@type":"ImageObject","inLanguage":"fr-FR","@id":"http:\/\/www.masharif.com\/fr\/#\/schema\/person\/image\/","url":"https:\/\/secure.gravatar.com\/avatar\/f64806401ad5ed604ffec2272b19ef46?s=96&d=identicon&r=g","contentUrl":"https:\/\/secure.gravatar.com\/avatar\/f64806401ad5ed604ffec2272b19ef46?s=96&d=identicon&r=g","caption":"Mohamed Salah Ben Amor"},"sameAs":["http:\/\/ben-amor.info"],"url":"https:\/\/www.masharif.com\/fr\/author\/msba\/"}]}},"_links":{"self":[{"href":"https:\/\/www.masharif.com\/fr\/wp-json\/wp\/v2\/posts\/9581"}],"collection":[{"href":"https:\/\/www.masharif.com\/fr\/wp-json\/wp\/v2\/posts"}],"about":[{"href":"https:\/\/www.masharif.com\/fr\/wp-json\/wp\/v2\/types\/post"}],"author":[{"embeddable":true,"href":"https:\/\/www.masharif.com\/fr\/wp-json\/wp\/v2\/users\/2"}],"replies":[{"embeddable":true,"href":"https:\/\/www.masharif.com\/fr\/wp-json\/wp\/v2\/comments?post=9581"}],"version-history":[{"count":1,"href":"https:\/\/www.masharif.com\/fr\/wp-json\/wp\/v2\/posts\/9581\/revisions"}],"predecessor-version":[{"id":9583,"href":"https:\/\/www.masharif.com\/fr\/wp-json\/wp\/v2\/posts\/9581\/revisions\/9583"}],"wp:featuredmedia":[{"embeddable":true,"href":"https:\/\/www.masharif.com\/fr\/wp-json\/wp\/v2\/media\/8934"}],"wp:attachment":[{"href":"https:\/\/www.masharif.com\/fr\/wp-json\/wp\/v2\/media?parent=9581"}],"wp:term":[{"taxonomy":"category","embeddable":true,"href":"https:\/\/www.masharif.com\/fr\/wp-json\/wp\/v2\/categories?post=9581"},{"taxonomy":"post_tag","embeddable":true,"href":"https:\/\/www.masharif.com\/fr\/wp-json\/wp\/v2\/tags?post=9581"}],"curies":[{"name":"wp","href":"https:\/\/api.w.org\/{rel}","templated":true}]}}