{"id":9068,"date":"2018-11-17T08:07:09","date_gmt":"2018-11-17T07:07:09","guid":{"rendered":"http:\/\/www.masharif.com\/fr\/?p=9068"},"modified":"2018-11-17T08:15:55","modified_gmt":"2018-11-17T07:15:55","slug":"les-archives-des-commentaires-poetiques-de-mohamed-salah-ben-amor-19-les-poemes-de-qamar-sabri-jasem19-1-je-suis-une-anse-dans-la-chemise-de-la-vie","status":"publish","type":"post","link":"https:\/\/www.masharif.com\/fr\/2018\/11\/17\/les-archives-des-commentaires-poetiques-de-mohamed-salah-ben-amor-19-les-poemes-de-qamar-sabri-jasem19-1-je-suis-une-anse-dans-la-chemise-de-la-vie\/","title":{"rendered":"Les archives des commentaires po\u00e9tiques de Mohamed Salah Ben Amor :19 \u2013Les po\u00e8mes de Qamar Sabri Jasem:19 \u20131 : Je suis une anse dans la chemise de la vie"},"content":{"rendered":"<div id=\"attachment_9069\" style=\"width: 209px\" class=\"wp-caption alignnone\"><a href=\"http:\/\/www.masharif.com\/fr\/wp-content\/uploads\/2018\/11\/13445623_10206814748790529_9143729873380421616_n-1-199x300.jpg\"><img aria-describedby=\"caption-attachment-9069\" loading=\"lazy\" class=\"wp-image-9069 size-medium\" src=\"http:\/\/www.masharif.com\/fr\/wp-content\/uploads\/2018\/11\/13445623_10206814748790529_9143729873380421616_n-1-199x300-199x300.jpg\" alt=\"\" width=\"199\" height=\"300\" \/><\/a><p id=\"caption-attachment-9069\" class=\"wp-caption-text\">Qamar Sabri Jasem<\/p><\/div>\n<p>&nbsp;<\/p>\n<p><a href=\"http:\/\/www.masharif.com\/fr\/wp-content\/uploads\/2018\/11\/1377257_10200935863982083_2126450575_n.jpg\"><img loading=\"lazy\" class=\"alignnone size-medium wp-image-9071\" src=\"http:\/\/www.masharif.com\/fr\/wp-content\/uploads\/2018\/11\/1377257_10200935863982083_2126450575_n-300x265.jpg\" alt=\"\" width=\"300\" height=\"265\" srcset=\"https:\/\/www.masharif.com\/fr\/wp-content\/uploads\/2018\/11\/1377257_10200935863982083_2126450575_n-300x265.jpg 300w, https:\/\/www.masharif.com\/fr\/wp-content\/uploads\/2018\/11\/1377257_10200935863982083_2126450575_n-768x679.jpg 768w, https:\/\/www.masharif.com\/fr\/wp-content\/uploads\/2018\/11\/1377257_10200935863982083_2126450575_n-1024x905.jpg 1024w, https:\/\/www.masharif.com\/fr\/wp-content\/uploads\/2018\/11\/1377257_10200935863982083_2126450575_n.jpg 1750w\" sizes=\"(max-width: 300px) 100vw, 300px\" \/><\/a><\/p>\n<p>&nbsp;<\/p>\n<p><strong>Je suis une anse dans la chemise de la vie<\/strong><\/p>\n<p><strong>Qui te prot\u00e8ge du vent<\/strong><\/p>\n<p><strong>Et \u00a0ta tendresse\u00a0 est mon\u00a0 bouton \u00a0\u2026<\/strong><\/p>\n<p><strong>Je je\u00fbne, je prie, j\u2019invoque \u2026<\/strong><\/p>\n<p><strong>Et \u00a0le tapis de pri\u00e8re de la r\u00e9v\u00e9lation\u00a0\u00a0\u00a0\u00a0\u00a0\u00a0\u00a0\u00a0\u00a0\u00a0\u00a0\u00a0\u00a0\u00a0\u00a0\u00a0\u00a0\u00a0\u00a0\u00a0\u00a0\u00a0\u00a0\u00a0\u00a0\u00a0\u00a0<\/strong><\/p>\n<p><strong>Est ma po\u00e9sie.<\/strong><\/p>\n<p><strong>Je l\u00e8ve la main des po\u00e8mes vers le ciel<\/strong><\/p>\n<p><strong>Car les po\u00e8mes n\u2019ont jamais \u00e9t\u00e9 souill\u00e9s<\/strong><\/p>\n<p><strong>Par les p\u00e9ch\u00e9s.<\/strong><\/p>\n<p><strong>Bien plus\u00a0! Ma puret\u00e9 est ma po\u00e9sie .<\/strong><\/p>\n<p><strong>Et la nuit o\u00f9 ton espace \u00e9treindra ma nostalgie<\/strong><\/p>\n<p><strong>Sera la nuit de ma destin\u00e9e<\/strong><\/p>\n<p>&nbsp;<\/p>\n<p>( Qamar Sabri Jasem, po\u00e9tesse syrienne)<\/p>\n<p>&nbsp;<\/p>\n<p>Depuis l\u2019apparition de la po\u00e9sie dont le plus ancien sp\u00e9cimen, \u00e0 savoir\u00a0 l\u2019\u00c9pop\u00e9e de Gilgamesh, \u00e9crite en \u00a0 langue \u00a0akkadienne, remonte \u00a0au\u00a0\u00a0XVIIIe\u00a0ou\u00a0XVIIe\u00a0si\u00e8cle\u00a0av.\u00a0J.-C.\u00a0 en Babylonie dans l\u2019ancienne M\u00e9sopotamie (l\u2019Irak\u00a0d\u2019aujourd\u2019hui), chaque po\u00e8te s\u2019est forg\u00e9 une conception propre de ce vieil art linguistique dont la particularit\u00e9 est qu\u2019il \u00e9mane directement de l\u2019esprit, \u00e9tant donn\u00e9 que la langue et la pens\u00e9e font un, comme l\u2019a si bien d\u00e9montr\u00e9 le linguiste am\u00e9ricain Noam Chomsky\u00a0 dans son fameux ouvrage intitul\u00e9 <em>Le langage et la pens\u00e9e<\/em>. Pour faire part de la sienne, l\u2018auteure de ces vers qui tiennent lieu de manifeste, \u00e9tablit une double comparaison entre la po\u00e9sie en tant que compar\u00e9e et la religion et l\u2019amour comme comparants, donnant ainsi lieu \u00e0 deux m\u00e9taphores insolites\u00a0: la po\u00e9sie est amour \/et la po\u00e9sie est adoration .Cette conception a pour caract\u00e9ristique de fonder profond\u00e9ment la po\u00e9sie dans le psychique et le spirituel , ce qui est en soi un \u00e9tat \u00e9lev\u00e9 auquel n\u2019acc\u00e8de le po\u00e8te qu\u2019\u00e0 la condition d\u2019avoir atteint un haut degr\u00e9 de pl\u00e9nitude et de r\u00e9alisation de soi\u00a0 .D\u2019o\u00f9 cette profusion de hautes valeurs humaines qui remplissent l\u2019univers de la po\u00e9tesse dont les plus saillantes sont la fid\u00e9lit\u00e9, la sinc\u00e9rit\u00e9,\u00a0 la puret\u00e9, la chastet\u00e9, l\u2019amour sacr\u00e9\u2026<\/p>\n<p>Stylistiquement , la structuration trilit\u00e8re du texte a offert \u00e0 l\u2019auteure l\u2019occasion de jouer, tour \u00e0 tour, sur les points communs entre les trois axes s\u00e9mantiques\u00a0: po\u00e9sie, amour et religion, faisant d\u00e9gager, \u00e0 chaque contact, des \u00e9tincelles imag\u00e9es d\u00e9routantes (<strong>je suis une anse dans la chemise de la vie qui te prot\u00e8ge du vent- ta tendresse\u00a0 est mon\u00a0 bouton\u00a0 \u2026 le tapis de pri\u00e8re de la r\u00e9v\u00e9lation\u00a0\u00a0 est ma po\u00e9sie\u00a0 &#8211; \u00a0la nuit o\u00f9 ton espace \u00e9treindra ma nostalgie sera la nuit de ma destin\u00e9e\u00a0 \u2026<\/strong>) .Vais-je recopier tout le texte\u00a0?\u00a0 Tellement les \u00e9carts fusent de toute part\u00a0!\u00a0 C\u2019est ce qu\u2019on peut appeler po\u00e9sie pure\u00a0!<\/p>\n","protected":false},"excerpt":{"rendered":"<p>&nbsp; &nbsp; Je suis une anse dans la chemise de la vie Qui te prot\u00e8ge du vent Et \u00a0ta tendresse\u00a0 est mon\u00a0 bouton \u00a0\u2026 Je je\u00fbne, je prie, j\u2019invoque \u2026 Et \u00a0le tapis de pri\u00e8re de la r\u00e9v\u00e9lation\u00a0\u00a0\u00a0\u00a0\u00a0\u00a0\u00a0\u00a0\u00a0\u00a0\u00a0\u00a0\u00a0\u00a0\u00a0\u00a0\u00a0\u00a0\u00a0\u00a0\u00a0\u00a0\u00a0\u00a0\u00a0\u00a0\u00a0 Est ma po\u00e9sie. Je l\u00e8ve la main des po\u00e8mes vers le ciel Car les po\u00e8mes n\u2019ont jamais &#8230;<\/p>\n","protected":false},"author":2,"featured_media":9073,"comment_status":"open","ping_status":"open","sticky":false,"template":"","format":"standard","meta":[],"categories":[8],"tags":[],"yoast_head":"<!-- This site is optimized with the Yoast SEO plugin v19.3 - https:\/\/yoast.com\/wordpress\/plugins\/seo\/ -->\n<title>Les archives des commentaires po\u00e9tiques de Mohamed Salah Ben Amor :19 \u2013Les po\u00e8mes de Qamar Sabri Jasem:19 \u20131 : Je suis une anse dans la chemise de la vie - Culminances<\/title>\n<meta name=\"robots\" content=\"index, follow, max-snippet:-1, max-image-preview:large, max-video-preview:-1\" \/>\n<link rel=\"canonical\" href=\"https:\/\/www.masharif.com\/fr\/2018\/11\/17\/les-archives-des-commentaires-poetiques-de-mohamed-salah-ben-amor-19-les-poemes-de-qamar-sabri-jasem19-1-je-suis-une-anse-dans-la-chemise-de-la-vie\/\" \/>\n<meta property=\"og:locale\" content=\"fr_FR\" \/>\n<meta property=\"og:type\" content=\"article\" \/>\n<meta property=\"og:title\" content=\"Les archives des commentaires po\u00e9tiques de Mohamed Salah Ben Amor :19 \u2013Les po\u00e8mes de Qamar Sabri Jasem:19 \u20131 : Je suis une anse dans la chemise de la vie - Culminances\" \/>\n<meta property=\"og:description\" content=\"&nbsp; &nbsp; Je suis une anse dans la chemise de la vie Qui te prot\u00e8ge du vent Et \u00a0ta tendresse\u00a0 est mon\u00a0 bouton \u00a0\u2026 Je je\u00fbne, je prie, j\u2019invoque \u2026 Et \u00a0le tapis de pri\u00e8re de la r\u00e9v\u00e9lation\u00a0\u00a0\u00a0\u00a0\u00a0\u00a0\u00a0\u00a0\u00a0\u00a0\u00a0\u00a0\u00a0\u00a0\u00a0\u00a0\u00a0\u00a0\u00a0\u00a0\u00a0\u00a0\u00a0\u00a0\u00a0\u00a0\u00a0 Est ma po\u00e9sie. Je l\u00e8ve la main des po\u00e8mes vers le ciel Car les po\u00e8mes n\u2019ont jamais ...\" \/>\n<meta property=\"og:url\" content=\"https:\/\/www.masharif.com\/fr\/2018\/11\/17\/les-archives-des-commentaires-poetiques-de-mohamed-salah-ben-amor-19-les-poemes-de-qamar-sabri-jasem19-1-je-suis-une-anse-dans-la-chemise-de-la-vie\/\" \/>\n<meta property=\"og:site_name\" content=\"Culminances\" \/>\n<meta property=\"article:published_time\" content=\"2018-11-17T07:07:09+00:00\" \/>\n<meta property=\"article:modified_time\" content=\"2018-11-17T07:15:55+00:00\" \/>\n<meta property=\"og:image\" content=\"https:\/\/www.masharif.com\/fr\/wp-content\/uploads\/2018\/11\/13445623_10206814748790529_9143729873380421616_n-1-199x300-1.jpg\" \/>\n\t<meta property=\"og:image:width\" content=\"258\" \/>\n\t<meta property=\"og:image:height\" content=\"390\" \/>\n\t<meta property=\"og:image:type\" content=\"image\/jpeg\" \/>\n<meta name=\"author\" content=\"Mohamed Salah Ben Amor\" \/>\n<meta name=\"twitter:card\" content=\"summary\" \/>\n<meta name=\"twitter:label1\" content=\"\u00c9crit par\" \/>\n\t<meta name=\"twitter:data1\" content=\"Mohamed Salah Ben Amor\" \/>\n\t<meta name=\"twitter:label2\" content=\"Dur\u00e9e de lecture estim\u00e9e\" \/>\n\t<meta name=\"twitter:data2\" content=\"2 minutes\" \/>\n<script type=\"application\/ld+json\" class=\"yoast-schema-graph\">{\"@context\":\"https:\/\/schema.org\",\"@graph\":[{\"@type\":\"WebSite\",\"@id\":\"https:\/\/www.masharif.com\/fr\/#website\",\"url\":\"https:\/\/www.masharif.com\/fr\/\",\"name\":\"Culminances\",\"description\":\"\",\"potentialAction\":[{\"@type\":\"SearchAction\",\"target\":{\"@type\":\"EntryPoint\",\"urlTemplate\":\"https:\/\/www.masharif.com\/fr\/?s={search_term_string}\"},\"query-input\":\"required name=search_term_string\"}],\"inLanguage\":\"fr-FR\"},{\"@type\":\"ImageObject\",\"inLanguage\":\"fr-FR\",\"@id\":\"https:\/\/www.masharif.com\/fr\/2018\/11\/17\/les-archives-des-commentaires-poetiques-de-mohamed-salah-ben-amor-19-les-poemes-de-qamar-sabri-jasem19-1-je-suis-une-anse-dans-la-chemise-de-la-vie\/#primaryimage\",\"url\":\"https:\/\/www.masharif.com\/fr\/wp-content\/uploads\/2018\/11\/13445623_10206814748790529_9143729873380421616_n-1-199x300-1.jpg\",\"contentUrl\":\"https:\/\/www.masharif.com\/fr\/wp-content\/uploads\/2018\/11\/13445623_10206814748790529_9143729873380421616_n-1-199x300-1.jpg\",\"width\":258,\"height\":390},{\"@type\":\"WebPage\",\"@id\":\"https:\/\/www.masharif.com\/fr\/2018\/11\/17\/les-archives-des-commentaires-poetiques-de-mohamed-salah-ben-amor-19-les-poemes-de-qamar-sabri-jasem19-1-je-suis-une-anse-dans-la-chemise-de-la-vie\/\",\"url\":\"https:\/\/www.masharif.com\/fr\/2018\/11\/17\/les-archives-des-commentaires-poetiques-de-mohamed-salah-ben-amor-19-les-poemes-de-qamar-sabri-jasem19-1-je-suis-une-anse-dans-la-chemise-de-la-vie\/\",\"name\":\"Les archives des commentaires po\u00e9tiques de Mohamed Salah Ben Amor :19 \u2013Les po\u00e8mes de Qamar Sabri Jasem:19 \u20131 : Je suis une anse dans la chemise de la vie - Culminances\",\"isPartOf\":{\"@id\":\"https:\/\/www.masharif.com\/fr\/#website\"},\"primaryImageOfPage\":{\"@id\":\"https:\/\/www.masharif.com\/fr\/2018\/11\/17\/les-archives-des-commentaires-poetiques-de-mohamed-salah-ben-amor-19-les-poemes-de-qamar-sabri-jasem19-1-je-suis-une-anse-dans-la-chemise-de-la-vie\/#primaryimage\"},\"datePublished\":\"2018-11-17T07:07:09+00:00\",\"dateModified\":\"2018-11-17T07:15:55+00:00\",\"author\":{\"@id\":\"https:\/\/www.masharif.com\/fr\/#\/schema\/person\/839a7026efe9fa825134097c1041e4a0\"},\"breadcrumb\":{\"@id\":\"https:\/\/www.masharif.com\/fr\/2018\/11\/17\/les-archives-des-commentaires-poetiques-de-mohamed-salah-ben-amor-19-les-poemes-de-qamar-sabri-jasem19-1-je-suis-une-anse-dans-la-chemise-de-la-vie\/#breadcrumb\"},\"inLanguage\":\"fr-FR\",\"potentialAction\":[{\"@type\":\"ReadAction\",\"target\":[\"https:\/\/www.masharif.com\/fr\/2018\/11\/17\/les-archives-des-commentaires-poetiques-de-mohamed-salah-ben-amor-19-les-poemes-de-qamar-sabri-jasem19-1-je-suis-une-anse-dans-la-chemise-de-la-vie\/\"]}]},{\"@type\":\"BreadcrumbList\",\"@id\":\"https:\/\/www.masharif.com\/fr\/2018\/11\/17\/les-archives-des-commentaires-poetiques-de-mohamed-salah-ben-amor-19-les-poemes-de-qamar-sabri-jasem19-1-je-suis-une-anse-dans-la-chemise-de-la-vie\/#breadcrumb\",\"itemListElement\":[{\"@type\":\"ListItem\",\"position\":1,\"name\":\"Home\",\"item\":\"https:\/\/www.masharif.com\/fr\/\"},{\"@type\":\"ListItem\",\"position\":2,\"name\":\"Les archives des commentaires po\u00e9tiques de Mohamed Salah Ben Amor :19 \u2013Les po\u00e8mes de Qamar Sabri Jasem:19 \u20131 : Je suis une anse dans la chemise de la vie\"}]},{\"@type\":\"Person\",\"@id\":\"https:\/\/www.masharif.com\/fr\/#\/schema\/person\/839a7026efe9fa825134097c1041e4a0\",\"name\":\"Mohamed Salah Ben Amor\",\"image\":{\"@type\":\"ImageObject\",\"inLanguage\":\"fr-FR\",\"@id\":\"https:\/\/www.masharif.com\/fr\/#\/schema\/person\/image\/\",\"url\":\"https:\/\/secure.gravatar.com\/avatar\/f64806401ad5ed604ffec2272b19ef46?s=96&d=identicon&r=g\",\"contentUrl\":\"https:\/\/secure.gravatar.com\/avatar\/f64806401ad5ed604ffec2272b19ef46?s=96&d=identicon&r=g\",\"caption\":\"Mohamed Salah Ben Amor\"},\"sameAs\":[\"http:\/\/ben-amor.info\"],\"url\":\"https:\/\/www.masharif.com\/fr\/author\/msba\/\"}]}<\/script>\n<!-- \/ Yoast SEO plugin. -->","yoast_head_json":{"title":"Les archives des commentaires po\u00e9tiques de Mohamed Salah Ben Amor :19 \u2013Les po\u00e8mes de Qamar Sabri Jasem:19 \u20131 : Je suis une anse dans la chemise de la vie - Culminances","robots":{"index":"index","follow":"follow","max-snippet":"max-snippet:-1","max-image-preview":"max-image-preview:large","max-video-preview":"max-video-preview:-1"},"canonical":"https:\/\/www.masharif.com\/fr\/2018\/11\/17\/les-archives-des-commentaires-poetiques-de-mohamed-salah-ben-amor-19-les-poemes-de-qamar-sabri-jasem19-1-je-suis-une-anse-dans-la-chemise-de-la-vie\/","og_locale":"fr_FR","og_type":"article","og_title":"Les archives des commentaires po\u00e9tiques de Mohamed Salah Ben Amor :19 \u2013Les po\u00e8mes de Qamar Sabri Jasem:19 \u20131 : Je suis une anse dans la chemise de la vie - Culminances","og_description":"&nbsp; &nbsp; Je suis une anse dans la chemise de la vie Qui te prot\u00e8ge du vent Et \u00a0ta tendresse\u00a0 est mon\u00a0 bouton \u00a0\u2026 Je je\u00fbne, je prie, j\u2019invoque \u2026 Et \u00a0le tapis de pri\u00e8re de la r\u00e9v\u00e9lation\u00a0\u00a0\u00a0\u00a0\u00a0\u00a0\u00a0\u00a0\u00a0\u00a0\u00a0\u00a0\u00a0\u00a0\u00a0\u00a0\u00a0\u00a0\u00a0\u00a0\u00a0\u00a0\u00a0\u00a0\u00a0\u00a0\u00a0 Est ma po\u00e9sie. Je l\u00e8ve la main des po\u00e8mes vers le ciel Car les po\u00e8mes n\u2019ont jamais ...","og_url":"https:\/\/www.masharif.com\/fr\/2018\/11\/17\/les-archives-des-commentaires-poetiques-de-mohamed-salah-ben-amor-19-les-poemes-de-qamar-sabri-jasem19-1-je-suis-une-anse-dans-la-chemise-de-la-vie\/","og_site_name":"Culminances","article_published_time":"2018-11-17T07:07:09+00:00","article_modified_time":"2018-11-17T07:15:55+00:00","og_image":[{"width":258,"height":390,"url":"https:\/\/www.masharif.com\/fr\/wp-content\/uploads\/2018\/11\/13445623_10206814748790529_9143729873380421616_n-1-199x300-1.jpg","type":"image\/jpeg"}],"author":"Mohamed Salah Ben Amor","twitter_card":"summary","twitter_misc":{"\u00c9crit par":"Mohamed Salah Ben Amor","Dur\u00e9e de lecture estim\u00e9e":"2 minutes"},"schema":{"@context":"https:\/\/schema.org","@graph":[{"@type":"WebSite","@id":"https:\/\/www.masharif.com\/fr\/#website","url":"https:\/\/www.masharif.com\/fr\/","name":"Culminances","description":"","potentialAction":[{"@type":"SearchAction","target":{"@type":"EntryPoint","urlTemplate":"https:\/\/www.masharif.com\/fr\/?s={search_term_string}"},"query-input":"required name=search_term_string"}],"inLanguage":"fr-FR"},{"@type":"ImageObject","inLanguage":"fr-FR","@id":"https:\/\/www.masharif.com\/fr\/2018\/11\/17\/les-archives-des-commentaires-poetiques-de-mohamed-salah-ben-amor-19-les-poemes-de-qamar-sabri-jasem19-1-je-suis-une-anse-dans-la-chemise-de-la-vie\/#primaryimage","url":"https:\/\/www.masharif.com\/fr\/wp-content\/uploads\/2018\/11\/13445623_10206814748790529_9143729873380421616_n-1-199x300-1.jpg","contentUrl":"https:\/\/www.masharif.com\/fr\/wp-content\/uploads\/2018\/11\/13445623_10206814748790529_9143729873380421616_n-1-199x300-1.jpg","width":258,"height":390},{"@type":"WebPage","@id":"https:\/\/www.masharif.com\/fr\/2018\/11\/17\/les-archives-des-commentaires-poetiques-de-mohamed-salah-ben-amor-19-les-poemes-de-qamar-sabri-jasem19-1-je-suis-une-anse-dans-la-chemise-de-la-vie\/","url":"https:\/\/www.masharif.com\/fr\/2018\/11\/17\/les-archives-des-commentaires-poetiques-de-mohamed-salah-ben-amor-19-les-poemes-de-qamar-sabri-jasem19-1-je-suis-une-anse-dans-la-chemise-de-la-vie\/","name":"Les archives des commentaires po\u00e9tiques de Mohamed Salah Ben Amor :19 \u2013Les po\u00e8mes de Qamar Sabri Jasem:19 \u20131 : Je suis une anse dans la chemise de la vie - Culminances","isPartOf":{"@id":"https:\/\/www.masharif.com\/fr\/#website"},"primaryImageOfPage":{"@id":"https:\/\/www.masharif.com\/fr\/2018\/11\/17\/les-archives-des-commentaires-poetiques-de-mohamed-salah-ben-amor-19-les-poemes-de-qamar-sabri-jasem19-1-je-suis-une-anse-dans-la-chemise-de-la-vie\/#primaryimage"},"datePublished":"2018-11-17T07:07:09+00:00","dateModified":"2018-11-17T07:15:55+00:00","author":{"@id":"https:\/\/www.masharif.com\/fr\/#\/schema\/person\/839a7026efe9fa825134097c1041e4a0"},"breadcrumb":{"@id":"https:\/\/www.masharif.com\/fr\/2018\/11\/17\/les-archives-des-commentaires-poetiques-de-mohamed-salah-ben-amor-19-les-poemes-de-qamar-sabri-jasem19-1-je-suis-une-anse-dans-la-chemise-de-la-vie\/#breadcrumb"},"inLanguage":"fr-FR","potentialAction":[{"@type":"ReadAction","target":["https:\/\/www.masharif.com\/fr\/2018\/11\/17\/les-archives-des-commentaires-poetiques-de-mohamed-salah-ben-amor-19-les-poemes-de-qamar-sabri-jasem19-1-je-suis-une-anse-dans-la-chemise-de-la-vie\/"]}]},{"@type":"BreadcrumbList","@id":"https:\/\/www.masharif.com\/fr\/2018\/11\/17\/les-archives-des-commentaires-poetiques-de-mohamed-salah-ben-amor-19-les-poemes-de-qamar-sabri-jasem19-1-je-suis-une-anse-dans-la-chemise-de-la-vie\/#breadcrumb","itemListElement":[{"@type":"ListItem","position":1,"name":"Home","item":"https:\/\/www.masharif.com\/fr\/"},{"@type":"ListItem","position":2,"name":"Les archives des commentaires po\u00e9tiques de Mohamed Salah Ben Amor :19 \u2013Les po\u00e8mes de Qamar Sabri Jasem:19 \u20131 : Je suis une anse dans la chemise de la vie"}]},{"@type":"Person","@id":"https:\/\/www.masharif.com\/fr\/#\/schema\/person\/839a7026efe9fa825134097c1041e4a0","name":"Mohamed Salah Ben Amor","image":{"@type":"ImageObject","inLanguage":"fr-FR","@id":"https:\/\/www.masharif.com\/fr\/#\/schema\/person\/image\/","url":"https:\/\/secure.gravatar.com\/avatar\/f64806401ad5ed604ffec2272b19ef46?s=96&d=identicon&r=g","contentUrl":"https:\/\/secure.gravatar.com\/avatar\/f64806401ad5ed604ffec2272b19ef46?s=96&d=identicon&r=g","caption":"Mohamed Salah Ben Amor"},"sameAs":["http:\/\/ben-amor.info"],"url":"https:\/\/www.masharif.com\/fr\/author\/msba\/"}]}},"_links":{"self":[{"href":"https:\/\/www.masharif.com\/fr\/wp-json\/wp\/v2\/posts\/9068"}],"collection":[{"href":"https:\/\/www.masharif.com\/fr\/wp-json\/wp\/v2\/posts"}],"about":[{"href":"https:\/\/www.masharif.com\/fr\/wp-json\/wp\/v2\/types\/post"}],"author":[{"embeddable":true,"href":"https:\/\/www.masharif.com\/fr\/wp-json\/wp\/v2\/users\/2"}],"replies":[{"embeddable":true,"href":"https:\/\/www.masharif.com\/fr\/wp-json\/wp\/v2\/comments?post=9068"}],"version-history":[{"count":4,"href":"https:\/\/www.masharif.com\/fr\/wp-json\/wp\/v2\/posts\/9068\/revisions"}],"predecessor-version":[{"id":9075,"href":"https:\/\/www.masharif.com\/fr\/wp-json\/wp\/v2\/posts\/9068\/revisions\/9075"}],"wp:featuredmedia":[{"embeddable":true,"href":"https:\/\/www.masharif.com\/fr\/wp-json\/wp\/v2\/media\/9073"}],"wp:attachment":[{"href":"https:\/\/www.masharif.com\/fr\/wp-json\/wp\/v2\/media?parent=9068"}],"wp:term":[{"taxonomy":"category","embeddable":true,"href":"https:\/\/www.masharif.com\/fr\/wp-json\/wp\/v2\/categories?post=9068"},{"taxonomy":"post_tag","embeddable":true,"href":"https:\/\/www.masharif.com\/fr\/wp-json\/wp\/v2\/tags?post=9068"}],"curies":[{"name":"wp","href":"https:\/\/api.w.org\/{rel}","templated":true}]}}