{"id":8625,"date":"2018-06-20T22:11:05","date_gmt":"2018-06-20T21:11:05","guid":{"rendered":"http:\/\/www.masharif.com\/fr\/?p=8625"},"modified":"2018-06-20T22:15:09","modified_gmt":"2018-06-20T21:15:09","slug":"jaime-je-ne-dirai-pas-le-soleil-et-la-pluie-je-cherche-un-lit-fleur-guichet-de-la-poesie-nouveaux-poemes-de-fatima-maaouia-poete-tuniso-algerienne-tunis","status":"publish","type":"post","link":"https:\/\/www.masharif.com\/fr\/2018\/06\/20\/jaime-je-ne-dirai-pas-le-soleil-et-la-pluie-je-cherche-un-lit-fleur-guichet-de-la-poesie-nouveaux-poemes-de-fatima-maaouia-poete-tuniso-algerienne-tunis\/","title":{"rendered":"J&#8217;aime ..\/ Je ne dirai pas le soleil et la pluie\/ Je cherche un lit\/ Fleur&#8230;\/ Guichet de la po\u00e9sie : nouveaux po\u00e8mes de Fatima Maaouia \u2013 po\u00e8te  tuniso-alg\u00e9rienne \u2013Tunis"},"content":{"rendered":"<div id=\"attachment_8287\" style=\"width: 288px\" class=\"wp-caption alignnone\"><a href=\"http:\/\/www.masharif.com\/fr\/wp-content\/uploads\/2018\/05\/1972283_359499027560323_2433321752961173825_n-278x300-1.jpg\"><img aria-describedby=\"caption-attachment-8287\" loading=\"lazy\" class=\"wp-image-8287 size-medium\" src=\"http:\/\/www.masharif.com\/fr\/wp-content\/uploads\/2018\/05\/1972283_359499027560323_2433321752961173825_n-278x300-1-278x300.jpg\" alt=\"\" width=\"278\" height=\"300\" \/><\/a><p id=\"caption-attachment-8287\" class=\"wp-caption-text\">Fatima Maaouia<\/p><\/div>\n<p>&nbsp;<\/p>\n<p><a href=\"http:\/\/www.masharif.com\/fr\/wp-content\/uploads\/2018\/06\/facebook-box-1334045_960_720.png\"><img loading=\"lazy\" class=\"alignnone size-medium wp-image-8629\" src=\"http:\/\/www.masharif.com\/fr\/wp-content\/uploads\/2018\/06\/facebook-box-1334045_960_720-300x254.png\" alt=\"\" width=\"300\" height=\"254\" srcset=\"https:\/\/www.masharif.com\/fr\/wp-content\/uploads\/2018\/06\/facebook-box-1334045_960_720-300x254.png 300w, https:\/\/www.masharif.com\/fr\/wp-content\/uploads\/2018\/06\/facebook-box-1334045_960_720-768x651.png 768w, https:\/\/www.masharif.com\/fr\/wp-content\/uploads\/2018\/06\/facebook-box-1334045_960_720.png 849w\" sizes=\"(max-width: 300px) 100vw, 300px\" \/><\/a><\/p>\n<p><strong>&#8220;J&#8217;aime &#8220;&#8230;<\/strong><\/p>\n<p>&nbsp;<\/p>\n<p><strong>Je fouette en neige la cr\u00e8me<br \/>\nDes mots<br \/>\nPour que &#8221; j&#8217;aime&#8221; sorte du lot<\/strong><\/p>\n<p><strong>J&#8217;aime que &#8221; j&#8217;aime &#8221;<br \/>\nMonte \u00e0 bras nus<br \/>\nComme je l&#8217;aime<br \/>\n\u00c0 hauteur<br \/>\nDes c\u0153urs<br \/>\nQu&#8217;il br\u00fble, crucifie<br \/>\nGu\u00e9rit et tue<\/strong><\/p>\n<p><strong>Et pour qu&#8217;\u00e0 jamais on aime<br \/>\n&#8220;J&#8217;aime &#8220;&#8230;<br \/>\nCar c&#8217;est de lui<br \/>\nDont s&#8217;agit&#8230;<br \/>\nCe n&#8217;est pas de la poudre aux yeux&#8230;<br \/>\nLa foudre<br \/>\nQui r\u00e9duit les c\u0153urs en poudre<br \/>\nY&#8217;a mis le baroud, l&#8217;\u00e2me<br \/>\nDe ses yeux<br \/>\nAvec dans les coins la flamme<br \/>\nDe jolis papillons au gemme rouge bleu<br \/>\nQui descend les plus preux et courageux<\/strong><\/p>\n<p><strong>En partant<br \/>\nPour changer de lieu<br \/>\nAllumer d&#8217;autres feux :<br \/>\n&#8220;J&#8217;aime &#8221;<br \/>\nTueur fracassant ou silencieux<br \/>\nQui est un si joli po\u00e8me<br \/>\nDont chaque goutte qu&#8217;on go\u00fbte et boit<br \/>\nDis : &#8220;aime &#8211; moi&#8221;<br \/>\nPrend toujours un peu d&#8217;\u00e2me<br \/>\nEt laisse des bleus<br \/>\nUne tra\u00een\u00e9e de feu<br \/>\nDans les c\u0153urs et les yeux<br \/>\nDes hommes et des femmes<br \/>\nBr\u00fbl\u00e9s par ses flammes<br \/>\nQui ont aim\u00e9 ici bas<br \/>\nEt qui, maintes fois et maintes fois<br \/>\nMettent des ann\u00e9es et des ann\u00e9es<br \/>\n\u00c0 ne plus avoir froid<br \/>\nPour lui tendre encore les bras.<\/strong><\/p>\n<p>&nbsp;<\/p>\n<p><strong>\u00a0<a href=\"http:\/\/www.masharif.com\/fr\/wp-content\/uploads\/2018\/06\/clouds-1293230_960_720.png\"><img loading=\"lazy\" class=\"alignnone size-medium wp-image-8630\" src=\"http:\/\/www.masharif.com\/fr\/wp-content\/uploads\/2018\/06\/clouds-1293230_960_720-300x173.png\" alt=\"\" width=\"300\" height=\"173\" srcset=\"https:\/\/www.masharif.com\/fr\/wp-content\/uploads\/2018\/06\/clouds-1293230_960_720-300x173.png 300w, https:\/\/www.masharif.com\/fr\/wp-content\/uploads\/2018\/06\/clouds-1293230_960_720-768x443.png 768w, https:\/\/www.masharif.com\/fr\/wp-content\/uploads\/2018\/06\/clouds-1293230_960_720.png 960w\" sizes=\"(max-width: 300px) 100vw, 300px\" \/><\/a><\/strong><\/p>\n<p><strong>Je ne dirai pas le soleil et la pluie <\/strong><\/p>\n<p>&nbsp;<\/p>\n<p><strong>Je ne dirai pas le soleil et la pluie <\/strong><\/p>\n<p><strong>Je ne dirai pas le soleil<br \/>\nQui force les entrailles<br \/>\nForce le portail<br \/>\nForce de force la glace<br \/>\nPour coiffer sur place<br \/>\nLe froid et l&#8217;hiver quels qu&#8217;ils soient<br \/>\nGel ou mauvaise loi<br \/>\nNaturel ou l\u00e9gal<\/strong><\/p>\n<p><strong>C&#8217;est m\u00eame comme \u00e7a qu&#8217;on est vivant<\/strong><\/p>\n<p><strong>Je ne dirais pas le tourment<br \/>\nDe la nuit<br \/>\nQui se couche de tout son long<br \/>\nSur la terre<br \/>\nRemplit ses poumons<br \/>\nDe suie la publie comme v\u00e9rit\u00e9<br \/>\nEt oublie en v\u00e9rit\u00e9<br \/>\nQue le tambour du jour<br \/>\nQui bat dans les c\u0153urs incertains<br \/>\nSe r\u00e9veille palpitant matin<br \/>\n\u00c0 toute heure &#8230;<\/strong><\/p>\n<p><strong>D&#8217;ailleurs<\/strong><\/p>\n<p><strong>C&#8217;est bien comme \u00e7a qu&#8217;un jour<br \/>\nMonte le grain en t\u00eate<br \/>\nSe dresse le poing dans la temp\u00eate<br \/>\nEt qu&#8217;on se jette dehors<br \/>\nQuand on se croit pour de bon mort<\/strong><\/p>\n<p><strong>Je ne dirai pas<br \/>\nLa pluie nuque nerveuse<br \/>\nQui se mouche<br \/>\nQuand elle se sent morveuse<br \/>\nMais qui couve aussi<br \/>\nEt couvre de baisers humides la nich\u00e9e et le bl\u00e9<br \/>\nBouche ass\u00e9ch\u00e9e<\/strong><\/p>\n<p><strong>On leur doit tant la pluie<br \/>\nLa nuit<br \/>\nLe froid<br \/>\nCoupeurs de doigts<br \/>\nQui r\u00e9veillent la foi<\/strong><\/p>\n<p><strong>C&#8217;est m\u00eame comme \u00e7a qu&#8217;on est vivant<br \/>\nEt qu&#8217;on le ressent<br \/>\nDans le sang<\/strong><\/p>\n<p><strong>Car reconstruits au fond<\/strong><\/p>\n<p><strong>Je dirai, je dirai le vent<br \/>\nDe l&#8217;amour qui s&#8217;envoie<br \/>\nPo\u00e9sie en l&#8217;air<br \/>\nQuand c&#8217;est couvert<br \/>\nPour y voir clair<br \/>\nEt remettre le c\u0153ur \u00e0 l&#8217;endroit<br \/>\nAu c\u0153ur de l&#8217;univers<\/strong><\/p>\n<p><strong>C&#8217;est m\u00eame comme \u00e7a qu&#8217;on est un plus vivant<\/strong><\/p>\n<p>&nbsp;<\/p>\n<p><strong>\u00a0<a href=\"http:\/\/www.masharif.com\/fr\/wp-content\/uploads\/2018\/06\/bed-1546003_960_720.png\"><img loading=\"lazy\" class=\"alignnone size-medium wp-image-8628\" src=\"http:\/\/www.masharif.com\/fr\/wp-content\/uploads\/2018\/06\/bed-1546003_960_720-300x225.png\" alt=\"\" width=\"300\" height=\"225\" srcset=\"https:\/\/www.masharif.com\/fr\/wp-content\/uploads\/2018\/06\/bed-1546003_960_720-300x225.png 300w, https:\/\/www.masharif.com\/fr\/wp-content\/uploads\/2018\/06\/bed-1546003_960_720-768x576.png 768w, https:\/\/www.masharif.com\/fr\/wp-content\/uploads\/2018\/06\/bed-1546003_960_720.png 960w\" sizes=\"(max-width: 300px) 100vw, 300px\" \/><\/a><br \/>\n<\/strong><strong>Je cherche un lit<\/strong><\/p>\n<p>&nbsp;<\/p>\n<p><strong>Je cherche un lit<br \/>\nPour petits \u00e0 petit prix<\/strong><\/p>\n<p><strong>Un lit tout petit tout petit<br \/>\nPour les petits pieds tomb\u00e9s du nid<\/strong><\/p>\n<p><strong>Un lit tout petit tout petit<br \/>\nPour les petits sans chemise de nuit<br \/>\nEt sans parapluie<br \/>\nEn pleine nuit<\/strong><\/p>\n<p><strong>Un petit lit<br \/>\nUn petit lit \u00e0 prix doux<br \/>\nPour les petits tomb\u00e9s dans la boue&#8230;<br \/>\nQue la grande Am\u00e9rique<br \/>\nManitou tabou<br \/>\nChampion du lasso, rod\u00e9os murs et v\u00e9to<br \/>\nEt qui fabrique<\/strong><\/p>\n<p><strong>LA LIBERT\u00c9<\/strong><\/p>\n<p><strong>A arrach\u00e9 de force \u00e0 leurs parents<br \/>\nSans papier<br \/>\nEt mis au secret<br \/>\nDans des camps<br \/>\n\u00c9troits r\u00e9duits&#8230;<\/strong><\/p>\n<p><strong>Des cages pour \u00eatre plus pr\u00e9cis<\/strong><\/p>\n<p><strong>POURQUOI \u00c0 VOTRE AVIS ?<\/strong><\/p>\n<p><strong>Pour mieux sentir la fange et le moisi ?<\/strong><\/p>\n<p><strong>Parce qu\u2019ils font du bruit ?<\/strong><\/p>\n<p><strong>Mangent les \u00e9conomies &#8230;<\/strong><\/p>\n<p><strong>D\u00e9rangent M\u00e9lanie ?<\/strong><\/p>\n<p><strong>Les maudits !!<\/strong><\/p>\n<p><strong>\u00a0<a href=\"http:\/\/www.masharif.com\/fr\/wp-content\/uploads\/2018\/06\/pansy-427139_960_720.png\"><img loading=\"lazy\" class=\"alignnone size-medium wp-image-8626\" src=\"http:\/\/www.masharif.com\/fr\/wp-content\/uploads\/2018\/06\/pansy-427139_960_720-300x273.png\" alt=\"\" width=\"300\" height=\"273\" srcset=\"https:\/\/www.masharif.com\/fr\/wp-content\/uploads\/2018\/06\/pansy-427139_960_720-300x273.png 300w, https:\/\/www.masharif.com\/fr\/wp-content\/uploads\/2018\/06\/pansy-427139_960_720-768x698.png 768w, https:\/\/www.masharif.com\/fr\/wp-content\/uploads\/2018\/06\/pansy-427139_960_720.png 792w\" sizes=\"(max-width: 300px) 100vw, 300px\" \/><\/a><\/strong><\/p>\n<p><strong>Fleur&#8230;<\/strong><\/p>\n<p>&nbsp;<\/p>\n<p><strong>\u00a0<\/strong><\/p>\n<p><strong>Dans le vase muet du c\u0153ur&#8230;<br \/>\nVaste, claire et sombre vasque&#8230;<\/strong><\/p>\n<p><strong>Hum\u00e9e par l&#8217;heure<br \/>\nUne fleur<br \/>\nPleure son jardin int\u00e9rieur<\/strong><\/p>\n<p><strong>Couche l&#8217;\u00e2me de son joli corps<br \/>\nQui se d\u00e9colore<br \/>\nDans la vase du d\u00e9cor<\/strong><\/p>\n<p><strong>Pour parfumer encore<br \/>\nDehors<br \/>\nSe rem\u00e9more<br \/>\nSes senteurs<br \/>\nFait un effort<br \/>\nPasse souvenirs de fleur<br \/>\nQui affleurent parfum et odeur<br \/>\n\u00c0 l&#8217;aspirateur<\/strong><\/p>\n<p><strong>\u00a0<a href=\"http:\/\/www.masharif.com\/fr\/wp-content\/uploads\/2018\/06\/stock-photo-young-woman-at-the-cash-machine-452005171.jpg\"><img loading=\"lazy\" class=\"alignnone size-medium wp-image-8627\" src=\"http:\/\/www.masharif.com\/fr\/wp-content\/uploads\/2018\/06\/stock-photo-young-woman-at-the-cash-machine-452005171-300x213.jpg\" alt=\"\" width=\"300\" height=\"213\" srcset=\"https:\/\/www.masharif.com\/fr\/wp-content\/uploads\/2018\/06\/stock-photo-young-woman-at-the-cash-machine-452005171-300x213.jpg 300w, https:\/\/www.masharif.com\/fr\/wp-content\/uploads\/2018\/06\/stock-photo-young-woman-at-the-cash-machine-452005171.jpg 450w\" sizes=\"(max-width: 300px) 100vw, 300px\" \/><\/a><\/strong><\/p>\n<p><strong>Guichet de la po\u00e9sie <\/strong><\/p>\n<p><strong>\u00a0<\/strong><\/p>\n<p><strong>Je vous dirai&#8230; si \u00e7a sort de l&#8217;ordinaire &#8230;<br \/>\nJe vous dirai des choses extraordinaires !<\/strong><\/p>\n<p><strong>Encore faut-il qu&#8217;elles pointent le nez<br \/>\nEt que carte bancaire non n\u00e9cessaire<br \/>\nLe guichet Po\u00e9sie<br \/>\nQui colore et change l&#8217;atmosph\u00e8re<br \/>\n\u00c0 vie<br \/>\nSoit 24\/24 et 7\/7 ouvert \u00e0 ciel ouvert<br \/>\nSur la terre enti\u00e8re<\/strong><\/p>\n<p><strong>Mot \u00e0 mot&#8230;<br \/>\nEt pour faire court<br \/>\nContre le silence, la mort et le sable<br \/>\nJe viens de planter un arbre \u00e0 mots<br \/>\nPas en pot ni import\u00e9 de je ne sais d&#8217;o\u00f9<br \/>\nRien \u00e0 voir avec l&#8217;arbre \u00e0 palabres<\/strong><\/p>\n<p><strong>Il me parle<br \/>\nPour ne pas p\u00e9ter un c\u00e2ble<br \/>\nJe lui r\u00e9ponds<\/strong><\/p>\n<p><strong>\u00c9cho profond<br \/>\nSon tronc preux n&#8217;est pas creux ou poreux<br \/>\nSes fruits d\u00e9licieux<br \/>\nOuvrent le c\u0153ur, l&#8217;esprit et les yeux<br \/>\nDes gens<br \/>\nRendent intelligent<\/strong><\/p>\n<p><strong>Il illumine les cieux<br \/>\nNe fait pas d&#8217;ombre au soleil<\/strong><\/p>\n<p><strong>Peut \u00eatre un olivier?<br \/>\nEn tout cas plut\u00f4t particulier<br \/>\nIl a toutes mes amiti\u00e9s<br \/>\nJe lui embrasse les mains en plus !<\/strong><\/p>\n<p><strong>Comment a-t-il fait<br \/>\nHumus appauvri et sans engrais<br \/>\nPour pousser au bord du pr\u00e9cipice<br \/>\nEt sur toutes les plaines<br \/>\nEtendre ainsi feuilles et veines ?<\/strong><\/p>\n<p><strong>Son \u00e2me est en peine quand m\u00eame&#8230;<br \/>\nManque de pot !<br \/>\nSa peau qu&#8217;on malm\u00e8ne<br \/>\nManque d&#8217;eau&#8230;de Vous !<\/strong><\/p>\n<p><strong>O\u00f9 \u00eates-vous ?<\/strong><\/p>\n<p>&nbsp;<\/p>\n<p><strong>\u00a0<\/strong><\/p>\n","protected":false},"excerpt":{"rendered":"<p>&nbsp; &#8220;J&#8217;aime &#8220;&#8230; &nbsp; Je fouette en neige la cr\u00e8me Des mots Pour que &#8221; j&#8217;aime&#8221; sorte du lot J&#8217;aime que &#8221; j&#8217;aime &#8221; Monte \u00e0 bras nus Comme je l&#8217;aime \u00c0 hauteur Des c\u0153urs Qu&#8217;il br\u00fble, crucifie Gu\u00e9rit et tue Et pour qu&#8217;\u00e0 jamais on aime &#8220;J&#8217;aime &#8220;&#8230; Car c&#8217;est de lui Dont s&#8217;agit&#8230; &#8230;<\/p>\n","protected":false},"author":2,"featured_media":8628,"comment_status":"open","ping_status":"open","sticky":false,"template":"","format":"standard","meta":[],"categories":[4],"tags":[],"yoast_head":"<!-- This site is optimized with the Yoast SEO plugin v19.3 - https:\/\/yoast.com\/wordpress\/plugins\/seo\/ -->\n<title>J&#039;aime ..\/ Je ne dirai pas le soleil et la pluie\/ Je cherche un lit\/ Fleur...\/ Guichet de la po\u00e9sie : nouveaux po\u00e8mes de Fatima Maaouia \u2013 po\u00e8te tuniso-alg\u00e9rienne \u2013Tunis - Culminances<\/title>\n<meta name=\"robots\" content=\"index, follow, max-snippet:-1, max-image-preview:large, max-video-preview:-1\" \/>\n<link rel=\"canonical\" href=\"https:\/\/www.masharif.com\/fr\/2018\/06\/20\/jaime-je-ne-dirai-pas-le-soleil-et-la-pluie-je-cherche-un-lit-fleur-guichet-de-la-poesie-nouveaux-poemes-de-fatima-maaouia-poete-tuniso-algerienne-tunis\/\" \/>\n<meta property=\"og:locale\" content=\"fr_FR\" \/>\n<meta property=\"og:type\" content=\"article\" \/>\n<meta property=\"og:title\" content=\"J&#039;aime ..\/ Je ne dirai pas le soleil et la pluie\/ Je cherche un lit\/ Fleur...\/ Guichet de la po\u00e9sie : nouveaux po\u00e8mes de Fatima Maaouia \u2013 po\u00e8te tuniso-alg\u00e9rienne \u2013Tunis - Culminances\" \/>\n<meta property=\"og:description\" content=\"&nbsp; &#8220;J&#8217;aime &#8220;&#8230; &nbsp; Je fouette en neige la cr\u00e8me Des mots Pour que &#8221; j&#8217;aime&#8221; sorte du lot J&#8217;aime que &#8221; j&#8217;aime &#8221; Monte \u00e0 bras nus Comme je l&#8217;aime \u00c0 hauteur Des c\u0153urs Qu&#8217;il br\u00fble, crucifie Gu\u00e9rit et tue Et pour qu&#8217;\u00e0 jamais on aime &#8220;J&#8217;aime &#8220;&#8230; Car c&#8217;est de lui Dont s&#8217;agit&#8230; ...\" \/>\n<meta property=\"og:url\" content=\"https:\/\/www.masharif.com\/fr\/2018\/06\/20\/jaime-je-ne-dirai-pas-le-soleil-et-la-pluie-je-cherche-un-lit-fleur-guichet-de-la-poesie-nouveaux-poemes-de-fatima-maaouia-poete-tuniso-algerienne-tunis\/\" \/>\n<meta property=\"og:site_name\" content=\"Culminances\" \/>\n<meta property=\"article:published_time\" content=\"2018-06-20T21:11:05+00:00\" \/>\n<meta property=\"article:modified_time\" content=\"2018-06-20T21:15:09+00:00\" \/>\n<meta property=\"og:image\" content=\"https:\/\/www.masharif.com\/fr\/wp-content\/uploads\/2018\/06\/bed-1546003_960_720.png\" \/>\n\t<meta property=\"og:image:width\" content=\"960\" \/>\n\t<meta property=\"og:image:height\" content=\"720\" \/>\n\t<meta property=\"og:image:type\" content=\"image\/png\" \/>\n<meta name=\"author\" content=\"Mohamed Salah Ben Amor\" \/>\n<meta name=\"twitter:card\" content=\"summary\" \/>\n<meta name=\"twitter:label1\" content=\"\u00c9crit par\" \/>\n\t<meta name=\"twitter:data1\" content=\"Mohamed Salah Ben Amor\" \/>\n\t<meta name=\"twitter:label2\" content=\"Dur\u00e9e de lecture estim\u00e9e\" \/>\n\t<meta name=\"twitter:data2\" content=\"4 minutes\" \/>\n<script type=\"application\/ld+json\" class=\"yoast-schema-graph\">{\"@context\":\"https:\/\/schema.org\",\"@graph\":[{\"@type\":\"WebSite\",\"@id\":\"https:\/\/www.masharif.com\/fr\/#website\",\"url\":\"https:\/\/www.masharif.com\/fr\/\",\"name\":\"Culminances\",\"description\":\"\",\"potentialAction\":[{\"@type\":\"SearchAction\",\"target\":{\"@type\":\"EntryPoint\",\"urlTemplate\":\"https:\/\/www.masharif.com\/fr\/?s={search_term_string}\"},\"query-input\":\"required name=search_term_string\"}],\"inLanguage\":\"fr-FR\"},{\"@type\":\"ImageObject\",\"inLanguage\":\"fr-FR\",\"@id\":\"https:\/\/www.masharif.com\/fr\/2018\/06\/20\/jaime-je-ne-dirai-pas-le-soleil-et-la-pluie-je-cherche-un-lit-fleur-guichet-de-la-poesie-nouveaux-poemes-de-fatima-maaouia-poete-tuniso-algerienne-tunis\/#primaryimage\",\"url\":\"https:\/\/www.masharif.com\/fr\/wp-content\/uploads\/2018\/06\/bed-1546003_960_720.png\",\"contentUrl\":\"https:\/\/www.masharif.com\/fr\/wp-content\/uploads\/2018\/06\/bed-1546003_960_720.png\",\"width\":960,\"height\":720},{\"@type\":\"WebPage\",\"@id\":\"https:\/\/www.masharif.com\/fr\/2018\/06\/20\/jaime-je-ne-dirai-pas-le-soleil-et-la-pluie-je-cherche-un-lit-fleur-guichet-de-la-poesie-nouveaux-poemes-de-fatima-maaouia-poete-tuniso-algerienne-tunis\/\",\"url\":\"https:\/\/www.masharif.com\/fr\/2018\/06\/20\/jaime-je-ne-dirai-pas-le-soleil-et-la-pluie-je-cherche-un-lit-fleur-guichet-de-la-poesie-nouveaux-poemes-de-fatima-maaouia-poete-tuniso-algerienne-tunis\/\",\"name\":\"J'aime ..\/ Je ne dirai pas le soleil et la pluie\/ Je cherche un lit\/ Fleur...\/ Guichet de la po\u00e9sie : nouveaux po\u00e8mes de Fatima Maaouia \u2013 po\u00e8te tuniso-alg\u00e9rienne \u2013Tunis - Culminances\",\"isPartOf\":{\"@id\":\"https:\/\/www.masharif.com\/fr\/#website\"},\"primaryImageOfPage\":{\"@id\":\"https:\/\/www.masharif.com\/fr\/2018\/06\/20\/jaime-je-ne-dirai-pas-le-soleil-et-la-pluie-je-cherche-un-lit-fleur-guichet-de-la-poesie-nouveaux-poemes-de-fatima-maaouia-poete-tuniso-algerienne-tunis\/#primaryimage\"},\"datePublished\":\"2018-06-20T21:11:05+00:00\",\"dateModified\":\"2018-06-20T21:15:09+00:00\",\"author\":{\"@id\":\"https:\/\/www.masharif.com\/fr\/#\/schema\/person\/839a7026efe9fa825134097c1041e4a0\"},\"breadcrumb\":{\"@id\":\"https:\/\/www.masharif.com\/fr\/2018\/06\/20\/jaime-je-ne-dirai-pas-le-soleil-et-la-pluie-je-cherche-un-lit-fleur-guichet-de-la-poesie-nouveaux-poemes-de-fatima-maaouia-poete-tuniso-algerienne-tunis\/#breadcrumb\"},\"inLanguage\":\"fr-FR\",\"potentialAction\":[{\"@type\":\"ReadAction\",\"target\":[\"https:\/\/www.masharif.com\/fr\/2018\/06\/20\/jaime-je-ne-dirai-pas-le-soleil-et-la-pluie-je-cherche-un-lit-fleur-guichet-de-la-poesie-nouveaux-poemes-de-fatima-maaouia-poete-tuniso-algerienne-tunis\/\"]}]},{\"@type\":\"BreadcrumbList\",\"@id\":\"https:\/\/www.masharif.com\/fr\/2018\/06\/20\/jaime-je-ne-dirai-pas-le-soleil-et-la-pluie-je-cherche-un-lit-fleur-guichet-de-la-poesie-nouveaux-poemes-de-fatima-maaouia-poete-tuniso-algerienne-tunis\/#breadcrumb\",\"itemListElement\":[{\"@type\":\"ListItem\",\"position\":1,\"name\":\"Home\",\"item\":\"https:\/\/www.masharif.com\/fr\/\"},{\"@type\":\"ListItem\",\"position\":2,\"name\":\"J&#8217;aime ..\/ Je ne dirai pas le soleil et la pluie\/ Je cherche un lit\/ Fleur&#8230;\/ Guichet de la po\u00e9sie : nouveaux po\u00e8mes de Fatima Maaouia \u2013 po\u00e8te tuniso-alg\u00e9rienne \u2013Tunis\"}]},{\"@type\":\"Person\",\"@id\":\"https:\/\/www.masharif.com\/fr\/#\/schema\/person\/839a7026efe9fa825134097c1041e4a0\",\"name\":\"Mohamed Salah Ben Amor\",\"image\":{\"@type\":\"ImageObject\",\"inLanguage\":\"fr-FR\",\"@id\":\"https:\/\/www.masharif.com\/fr\/#\/schema\/person\/image\/\",\"url\":\"https:\/\/secure.gravatar.com\/avatar\/f64806401ad5ed604ffec2272b19ef46?s=96&d=identicon&r=g\",\"contentUrl\":\"https:\/\/secure.gravatar.com\/avatar\/f64806401ad5ed604ffec2272b19ef46?s=96&d=identicon&r=g\",\"caption\":\"Mohamed Salah Ben Amor\"},\"sameAs\":[\"http:\/\/ben-amor.info\"],\"url\":\"https:\/\/www.masharif.com\/fr\/author\/msba\/\"}]}<\/script>\n<!-- \/ Yoast SEO plugin. -->","yoast_head_json":{"title":"J'aime ..\/ Je ne dirai pas le soleil et la pluie\/ Je cherche un lit\/ Fleur...\/ Guichet de la po\u00e9sie : nouveaux po\u00e8mes de Fatima Maaouia \u2013 po\u00e8te tuniso-alg\u00e9rienne \u2013Tunis - Culminances","robots":{"index":"index","follow":"follow","max-snippet":"max-snippet:-1","max-image-preview":"max-image-preview:large","max-video-preview":"max-video-preview:-1"},"canonical":"https:\/\/www.masharif.com\/fr\/2018\/06\/20\/jaime-je-ne-dirai-pas-le-soleil-et-la-pluie-je-cherche-un-lit-fleur-guichet-de-la-poesie-nouveaux-poemes-de-fatima-maaouia-poete-tuniso-algerienne-tunis\/","og_locale":"fr_FR","og_type":"article","og_title":"J'aime ..\/ Je ne dirai pas le soleil et la pluie\/ Je cherche un lit\/ Fleur...\/ Guichet de la po\u00e9sie : nouveaux po\u00e8mes de Fatima Maaouia \u2013 po\u00e8te tuniso-alg\u00e9rienne \u2013Tunis - Culminances","og_description":"&nbsp; &#8220;J&#8217;aime &#8220;&#8230; &nbsp; Je fouette en neige la cr\u00e8me Des mots Pour que &#8221; j&#8217;aime&#8221; sorte du lot J&#8217;aime que &#8221; j&#8217;aime &#8221; Monte \u00e0 bras nus Comme je l&#8217;aime \u00c0 hauteur Des c\u0153urs Qu&#8217;il br\u00fble, crucifie Gu\u00e9rit et tue Et pour qu&#8217;\u00e0 jamais on aime &#8220;J&#8217;aime &#8220;&#8230; Car c&#8217;est de lui Dont s&#8217;agit&#8230; ...","og_url":"https:\/\/www.masharif.com\/fr\/2018\/06\/20\/jaime-je-ne-dirai-pas-le-soleil-et-la-pluie-je-cherche-un-lit-fleur-guichet-de-la-poesie-nouveaux-poemes-de-fatima-maaouia-poete-tuniso-algerienne-tunis\/","og_site_name":"Culminances","article_published_time":"2018-06-20T21:11:05+00:00","article_modified_time":"2018-06-20T21:15:09+00:00","og_image":[{"width":960,"height":720,"url":"https:\/\/www.masharif.com\/fr\/wp-content\/uploads\/2018\/06\/bed-1546003_960_720.png","type":"image\/png"}],"author":"Mohamed Salah Ben Amor","twitter_card":"summary","twitter_misc":{"\u00c9crit par":"Mohamed Salah Ben Amor","Dur\u00e9e de lecture estim\u00e9e":"4 minutes"},"schema":{"@context":"https:\/\/schema.org","@graph":[{"@type":"WebSite","@id":"https:\/\/www.masharif.com\/fr\/#website","url":"https:\/\/www.masharif.com\/fr\/","name":"Culminances","description":"","potentialAction":[{"@type":"SearchAction","target":{"@type":"EntryPoint","urlTemplate":"https:\/\/www.masharif.com\/fr\/?s={search_term_string}"},"query-input":"required name=search_term_string"}],"inLanguage":"fr-FR"},{"@type":"ImageObject","inLanguage":"fr-FR","@id":"https:\/\/www.masharif.com\/fr\/2018\/06\/20\/jaime-je-ne-dirai-pas-le-soleil-et-la-pluie-je-cherche-un-lit-fleur-guichet-de-la-poesie-nouveaux-poemes-de-fatima-maaouia-poete-tuniso-algerienne-tunis\/#primaryimage","url":"https:\/\/www.masharif.com\/fr\/wp-content\/uploads\/2018\/06\/bed-1546003_960_720.png","contentUrl":"https:\/\/www.masharif.com\/fr\/wp-content\/uploads\/2018\/06\/bed-1546003_960_720.png","width":960,"height":720},{"@type":"WebPage","@id":"https:\/\/www.masharif.com\/fr\/2018\/06\/20\/jaime-je-ne-dirai-pas-le-soleil-et-la-pluie-je-cherche-un-lit-fleur-guichet-de-la-poesie-nouveaux-poemes-de-fatima-maaouia-poete-tuniso-algerienne-tunis\/","url":"https:\/\/www.masharif.com\/fr\/2018\/06\/20\/jaime-je-ne-dirai-pas-le-soleil-et-la-pluie-je-cherche-un-lit-fleur-guichet-de-la-poesie-nouveaux-poemes-de-fatima-maaouia-poete-tuniso-algerienne-tunis\/","name":"J'aime ..\/ Je ne dirai pas le soleil et la pluie\/ Je cherche un lit\/ Fleur...\/ Guichet de la po\u00e9sie : nouveaux po\u00e8mes de Fatima Maaouia \u2013 po\u00e8te tuniso-alg\u00e9rienne \u2013Tunis - Culminances","isPartOf":{"@id":"https:\/\/www.masharif.com\/fr\/#website"},"primaryImageOfPage":{"@id":"https:\/\/www.masharif.com\/fr\/2018\/06\/20\/jaime-je-ne-dirai-pas-le-soleil-et-la-pluie-je-cherche-un-lit-fleur-guichet-de-la-poesie-nouveaux-poemes-de-fatima-maaouia-poete-tuniso-algerienne-tunis\/#primaryimage"},"datePublished":"2018-06-20T21:11:05+00:00","dateModified":"2018-06-20T21:15:09+00:00","author":{"@id":"https:\/\/www.masharif.com\/fr\/#\/schema\/person\/839a7026efe9fa825134097c1041e4a0"},"breadcrumb":{"@id":"https:\/\/www.masharif.com\/fr\/2018\/06\/20\/jaime-je-ne-dirai-pas-le-soleil-et-la-pluie-je-cherche-un-lit-fleur-guichet-de-la-poesie-nouveaux-poemes-de-fatima-maaouia-poete-tuniso-algerienne-tunis\/#breadcrumb"},"inLanguage":"fr-FR","potentialAction":[{"@type":"ReadAction","target":["https:\/\/www.masharif.com\/fr\/2018\/06\/20\/jaime-je-ne-dirai-pas-le-soleil-et-la-pluie-je-cherche-un-lit-fleur-guichet-de-la-poesie-nouveaux-poemes-de-fatima-maaouia-poete-tuniso-algerienne-tunis\/"]}]},{"@type":"BreadcrumbList","@id":"https:\/\/www.masharif.com\/fr\/2018\/06\/20\/jaime-je-ne-dirai-pas-le-soleil-et-la-pluie-je-cherche-un-lit-fleur-guichet-de-la-poesie-nouveaux-poemes-de-fatima-maaouia-poete-tuniso-algerienne-tunis\/#breadcrumb","itemListElement":[{"@type":"ListItem","position":1,"name":"Home","item":"https:\/\/www.masharif.com\/fr\/"},{"@type":"ListItem","position":2,"name":"J&#8217;aime ..\/ Je ne dirai pas le soleil et la pluie\/ Je cherche un lit\/ Fleur&#8230;\/ Guichet de la po\u00e9sie : nouveaux po\u00e8mes de Fatima Maaouia \u2013 po\u00e8te tuniso-alg\u00e9rienne \u2013Tunis"}]},{"@type":"Person","@id":"https:\/\/www.masharif.com\/fr\/#\/schema\/person\/839a7026efe9fa825134097c1041e4a0","name":"Mohamed Salah Ben Amor","image":{"@type":"ImageObject","inLanguage":"fr-FR","@id":"https:\/\/www.masharif.com\/fr\/#\/schema\/person\/image\/","url":"https:\/\/secure.gravatar.com\/avatar\/f64806401ad5ed604ffec2272b19ef46?s=96&d=identicon&r=g","contentUrl":"https:\/\/secure.gravatar.com\/avatar\/f64806401ad5ed604ffec2272b19ef46?s=96&d=identicon&r=g","caption":"Mohamed Salah Ben Amor"},"sameAs":["http:\/\/ben-amor.info"],"url":"https:\/\/www.masharif.com\/fr\/author\/msba\/"}]}},"_links":{"self":[{"href":"https:\/\/www.masharif.com\/fr\/wp-json\/wp\/v2\/posts\/8625"}],"collection":[{"href":"https:\/\/www.masharif.com\/fr\/wp-json\/wp\/v2\/posts"}],"about":[{"href":"https:\/\/www.masharif.com\/fr\/wp-json\/wp\/v2\/types\/post"}],"author":[{"embeddable":true,"href":"https:\/\/www.masharif.com\/fr\/wp-json\/wp\/v2\/users\/2"}],"replies":[{"embeddable":true,"href":"https:\/\/www.masharif.com\/fr\/wp-json\/wp\/v2\/comments?post=8625"}],"version-history":[{"count":3,"href":"https:\/\/www.masharif.com\/fr\/wp-json\/wp\/v2\/posts\/8625\/revisions"}],"predecessor-version":[{"id":8633,"href":"https:\/\/www.masharif.com\/fr\/wp-json\/wp\/v2\/posts\/8625\/revisions\/8633"}],"wp:featuredmedia":[{"embeddable":true,"href":"https:\/\/www.masharif.com\/fr\/wp-json\/wp\/v2\/media\/8628"}],"wp:attachment":[{"href":"https:\/\/www.masharif.com\/fr\/wp-json\/wp\/v2\/media?parent=8625"}],"wp:term":[{"taxonomy":"category","embeddable":true,"href":"https:\/\/www.masharif.com\/fr\/wp-json\/wp\/v2\/categories?post=8625"},{"taxonomy":"post_tag","embeddable":true,"href":"https:\/\/www.masharif.com\/fr\/wp-json\/wp\/v2\/tags?post=8625"}],"curies":[{"name":"wp","href":"https:\/\/api.w.org\/{rel}","templated":true}]}}