{"id":8536,"date":"2018-06-09T07:38:40","date_gmt":"2018-06-09T06:38:40","guid":{"rendered":"http:\/\/www.masharif.com\/fr\/?p=8536"},"modified":"2018-06-09T07:38:40","modified_gmt":"2018-06-09T06:38:40","slug":"deux-nouveaux-poemes-de-suzanne-ibrahim-poete-syrienne-residant-suede","status":"publish","type":"post","link":"https:\/\/www.masharif.com\/fr\/2018\/06\/09\/deux-nouveaux-poemes-de-suzanne-ibrahim-poete-syrienne-residant-suede\/","title":{"rendered":"Deux nouveaux po\u00e8mes de Suzanne Ibrahim \u2013 po\u00e8te syrienne r\u00e9sidant en Su\u00e8de"},"content":{"rendered":"<div id=\"attachment_8537\" style=\"width: 210px\" class=\"wp-caption alignnone\"><a href=\"http:\/\/www.masharif.com\/fr\/wp-content\/uploads\/2018\/06\/34777631_1828358060577118_1442972014884159488_n.jpg\"><img aria-describedby=\"caption-attachment-8537\" loading=\"lazy\" class=\"wp-image-8537 size-medium\" src=\"http:\/\/www.masharif.com\/fr\/wp-content\/uploads\/2018\/06\/34777631_1828358060577118_1442972014884159488_n-200x300.jpg\" alt=\"\" width=\"200\" height=\"300\" srcset=\"https:\/\/www.masharif.com\/fr\/wp-content\/uploads\/2018\/06\/34777631_1828358060577118_1442972014884159488_n-200x300.jpg 200w, https:\/\/www.masharif.com\/fr\/wp-content\/uploads\/2018\/06\/34777631_1828358060577118_1442972014884159488_n.jpg 640w\" sizes=\"(max-width: 200px) 100vw, 200px\" \/><\/a><p id=\"caption-attachment-8537\" class=\"wp-caption-text\">Suzanne Ibrahim<\/p><\/div>\n<p><a href=\"http:\/\/www.masharif.com\/fr\/wp-content\/uploads\/2018\/06\/justitia-2638601_960_720.png\"><img loading=\"lazy\" class=\"alignnone size-medium wp-image-8538\" src=\"http:\/\/www.masharif.com\/fr\/wp-content\/uploads\/2018\/06\/justitia-2638601_960_720-300x200.png\" alt=\"\" width=\"300\" height=\"200\" srcset=\"https:\/\/www.masharif.com\/fr\/wp-content\/uploads\/2018\/06\/justitia-2638601_960_720-300x200.png 300w, https:\/\/www.masharif.com\/fr\/wp-content\/uploads\/2018\/06\/justitia-2638601_960_720-768x512.png 768w, https:\/\/www.masharif.com\/fr\/wp-content\/uploads\/2018\/06\/justitia-2638601_960_720.png 960w\" sizes=\"(max-width: 300px) 100vw, 300px\" \/><\/a><\/p>\n<p><strong>Je ne suis personne<\/strong><\/p>\n<p>&nbsp;<\/p>\n<p><strong>Je ne suis personne,<\/strong><\/p>\n<p><strong>Ni unit\u00e9.<\/strong><\/p>\n<p><strong>J\u2019appartiens au n\u00e9ant,<\/strong><\/p>\n<p><strong>Au z\u00e9ro dont rien n\u2019est apparent<\/strong><\/p>\n<p><strong>Et duquel tout na\u00eet,<\/strong><\/p>\n<p><strong>A l\u2019obscurit\u00e9, le lieu de descendance de la premi\u00e8re cr\u00e9ation,<\/strong><\/p>\n<p><strong>A la grotte des messages divins,<\/strong><\/p>\n<p><strong>A l\u2019esprit de la question unique et \u00e9ternelle\u00a0!<\/strong><\/p>\n<p><a href=\"http:\/\/www.masharif.com\/fr\/wp-content\/uploads\/2018\/06\/silhouette-1603286_960_720.png\"><img loading=\"lazy\" class=\"alignnone size-medium wp-image-8539\" src=\"http:\/\/www.masharif.com\/fr\/wp-content\/uploads\/2018\/06\/silhouette-1603286_960_720-80x300.png\" alt=\"\" width=\"80\" height=\"300\" \/><\/a><\/p>\n<p><strong>Je me vois\u00a0<\/strong><\/p>\n<p><strong>\u00a0<\/strong><\/p>\n<p><strong>Je me vois\u00a0! Comment donc ne pas me reconna\u00eetre\u00a0?<\/strong><\/p>\n<p><strong>Et une copie de la voix d\u2019autrui peut-elle \u00eatre plus \u00e9lev\u00e9e que la voix originale\u00a0?<\/strong><\/p>\n<p><strong>Je renie mes clones\u00a0; car ils ne sont\u00a0 pas des parties restantes de moi\u00a0!<\/strong><\/p>\n<p><strong>Jai mis au monde des mots occup\u00e9s par la passion.<\/strong><\/p>\n<p><strong>Comment ceux-ci pr\u00e9tendent-ils donc avoir des liens de parent\u00e9 avec mes g\u00e8nes\u00a0?<\/strong><\/p>\n<p><strong>Et moi, l\u2019arbre qui s\u2019est d\u00e9nud\u00e9 des feuilles d\u2019une histoire aussi friable que la cendre,<\/strong><\/p>\n<p><strong>L\u2019arbre sauvage et amer malgr\u00e9 un suc doux coulant de son \u00e9corce,<\/strong><\/p>\n<p><strong>Je tuerai les clones ombre apr\u00e8s ombre\u00a0!<\/strong><\/p>\n<p><strong>C\u2019est ce dont s\u2019apercevront \u00a0les sages d\u00e9\u00e7us\u00a0!<\/strong><\/p>\n<p><strong>Ce que veut la foule immense est un accord secret de soumission et une habitude d\u2019accomplir ce qu\u2019il faut faire.<\/strong><\/p>\n<p><strong>Et moi qui ai d\u00e9cid\u00e9 de faire les choses \u00e0 ma fa\u00e7on,<\/strong><\/p>\n<p><strong>J\u2019offrirai aux ombres l\u2019occasion<\/strong><\/p>\n<p><strong>De conna\u00eetre par elles-m\u00eames ce que veut dire un original lumineux\u00a0! <\/strong><\/p>\n<p>&nbsp;<\/p>\n","protected":false},"excerpt":{"rendered":"<p>Je ne suis personne &nbsp; Je ne suis personne, Ni unit\u00e9. J\u2019appartiens au n\u00e9ant, Au z\u00e9ro dont rien n\u2019est apparent Et duquel tout na\u00eet, A l\u2019obscurit\u00e9, le lieu de descendance de la premi\u00e8re cr\u00e9ation, A la grotte des messages divins, A l\u2019esprit de la question unique et \u00e9ternelle\u00a0! Je me vois\u00a0 \u00a0 Je me vois\u00a0! &#8230;<\/p>\n","protected":false},"author":2,"featured_media":8538,"comment_status":"open","ping_status":"open","sticky":false,"template":"","format":"standard","meta":[],"categories":[6],"tags":[],"yoast_head":"<!-- This site is optimized with the Yoast SEO plugin v19.3 - https:\/\/yoast.com\/wordpress\/plugins\/seo\/ -->\n<title>Deux nouveaux po\u00e8mes de Suzanne Ibrahim \u2013 po\u00e8te syrienne r\u00e9sidant en Su\u00e8de - Culminances<\/title>\n<meta name=\"robots\" content=\"index, follow, max-snippet:-1, max-image-preview:large, max-video-preview:-1\" \/>\n<link rel=\"canonical\" href=\"https:\/\/www.masharif.com\/fr\/2018\/06\/09\/deux-nouveaux-poemes-de-suzanne-ibrahim-poete-syrienne-residant-suede\/\" \/>\n<meta property=\"og:locale\" content=\"fr_FR\" \/>\n<meta property=\"og:type\" content=\"article\" \/>\n<meta property=\"og:title\" content=\"Deux nouveaux po\u00e8mes de Suzanne Ibrahim \u2013 po\u00e8te syrienne r\u00e9sidant en Su\u00e8de - Culminances\" \/>\n<meta property=\"og:description\" content=\"Je ne suis personne &nbsp; Je ne suis personne, Ni unit\u00e9. J\u2019appartiens au n\u00e9ant, Au z\u00e9ro dont rien n\u2019est apparent Et duquel tout na\u00eet, A l\u2019obscurit\u00e9, le lieu de descendance de la premi\u00e8re cr\u00e9ation, A la grotte des messages divins, A l\u2019esprit de la question unique et \u00e9ternelle\u00a0! Je me vois\u00a0 \u00a0 Je me vois\u00a0! ...\" \/>\n<meta property=\"og:url\" content=\"https:\/\/www.masharif.com\/fr\/2018\/06\/09\/deux-nouveaux-poemes-de-suzanne-ibrahim-poete-syrienne-residant-suede\/\" \/>\n<meta property=\"og:site_name\" content=\"Culminances\" \/>\n<meta property=\"article:published_time\" content=\"2018-06-09T06:38:40+00:00\" \/>\n<meta property=\"og:image\" content=\"https:\/\/www.masharif.com\/fr\/wp-content\/uploads\/2018\/06\/justitia-2638601_960_720.png\" \/>\n\t<meta property=\"og:image:width\" content=\"960\" \/>\n\t<meta property=\"og:image:height\" content=\"640\" \/>\n\t<meta property=\"og:image:type\" content=\"image\/png\" \/>\n<meta name=\"author\" content=\"Mohamed Salah Ben Amor\" \/>\n<meta name=\"twitter:card\" content=\"summary\" \/>\n<meta name=\"twitter:label1\" content=\"\u00c9crit par\" \/>\n\t<meta name=\"twitter:data1\" content=\"Mohamed Salah Ben Amor\" \/>\n\t<meta name=\"twitter:label2\" content=\"Dur\u00e9e de lecture estim\u00e9e\" \/>\n\t<meta name=\"twitter:data2\" content=\"1 minute\" \/>\n<script type=\"application\/ld+json\" class=\"yoast-schema-graph\">{\"@context\":\"https:\/\/schema.org\",\"@graph\":[{\"@type\":\"WebSite\",\"@id\":\"http:\/\/www.masharif.com\/fr\/#website\",\"url\":\"http:\/\/www.masharif.com\/fr\/\",\"name\":\"Culminances\",\"description\":\"\",\"potentialAction\":[{\"@type\":\"SearchAction\",\"target\":{\"@type\":\"EntryPoint\",\"urlTemplate\":\"http:\/\/www.masharif.com\/fr\/?s={search_term_string}\"},\"query-input\":\"required name=search_term_string\"}],\"inLanguage\":\"fr-FR\"},{\"@type\":\"ImageObject\",\"inLanguage\":\"fr-FR\",\"@id\":\"https:\/\/www.masharif.com\/fr\/2018\/06\/09\/deux-nouveaux-poemes-de-suzanne-ibrahim-poete-syrienne-residant-suede\/#primaryimage\",\"url\":\"https:\/\/www.masharif.com\/fr\/wp-content\/uploads\/2018\/06\/justitia-2638601_960_720.png\",\"contentUrl\":\"https:\/\/www.masharif.com\/fr\/wp-content\/uploads\/2018\/06\/justitia-2638601_960_720.png\",\"width\":960,\"height\":640},{\"@type\":\"WebPage\",\"@id\":\"https:\/\/www.masharif.com\/fr\/2018\/06\/09\/deux-nouveaux-poemes-de-suzanne-ibrahim-poete-syrienne-residant-suede\/\",\"url\":\"https:\/\/www.masharif.com\/fr\/2018\/06\/09\/deux-nouveaux-poemes-de-suzanne-ibrahim-poete-syrienne-residant-suede\/\",\"name\":\"Deux nouveaux po\u00e8mes de Suzanne Ibrahim \u2013 po\u00e8te syrienne r\u00e9sidant en Su\u00e8de - Culminances\",\"isPartOf\":{\"@id\":\"http:\/\/www.masharif.com\/fr\/#website\"},\"primaryImageOfPage\":{\"@id\":\"https:\/\/www.masharif.com\/fr\/2018\/06\/09\/deux-nouveaux-poemes-de-suzanne-ibrahim-poete-syrienne-residant-suede\/#primaryimage\"},\"datePublished\":\"2018-06-09T06:38:40+00:00\",\"dateModified\":\"2018-06-09T06:38:40+00:00\",\"author\":{\"@id\":\"http:\/\/www.masharif.com\/fr\/#\/schema\/person\/839a7026efe9fa825134097c1041e4a0\"},\"breadcrumb\":{\"@id\":\"https:\/\/www.masharif.com\/fr\/2018\/06\/09\/deux-nouveaux-poemes-de-suzanne-ibrahim-poete-syrienne-residant-suede\/#breadcrumb\"},\"inLanguage\":\"fr-FR\",\"potentialAction\":[{\"@type\":\"ReadAction\",\"target\":[\"https:\/\/www.masharif.com\/fr\/2018\/06\/09\/deux-nouveaux-poemes-de-suzanne-ibrahim-poete-syrienne-residant-suede\/\"]}]},{\"@type\":\"BreadcrumbList\",\"@id\":\"https:\/\/www.masharif.com\/fr\/2018\/06\/09\/deux-nouveaux-poemes-de-suzanne-ibrahim-poete-syrienne-residant-suede\/#breadcrumb\",\"itemListElement\":[{\"@type\":\"ListItem\",\"position\":1,\"name\":\"Home\",\"item\":\"http:\/\/www.masharif.com\/fr\/\"},{\"@type\":\"ListItem\",\"position\":2,\"name\":\"Deux nouveaux po\u00e8mes de Suzanne Ibrahim \u2013 po\u00e8te syrienne r\u00e9sidant en Su\u00e8de\"}]},{\"@type\":\"Person\",\"@id\":\"http:\/\/www.masharif.com\/fr\/#\/schema\/person\/839a7026efe9fa825134097c1041e4a0\",\"name\":\"Mohamed Salah Ben Amor\",\"image\":{\"@type\":\"ImageObject\",\"inLanguage\":\"fr-FR\",\"@id\":\"http:\/\/www.masharif.com\/fr\/#\/schema\/person\/image\/\",\"url\":\"https:\/\/secure.gravatar.com\/avatar\/f64806401ad5ed604ffec2272b19ef46?s=96&d=identicon&r=g\",\"contentUrl\":\"https:\/\/secure.gravatar.com\/avatar\/f64806401ad5ed604ffec2272b19ef46?s=96&d=identicon&r=g\",\"caption\":\"Mohamed Salah Ben Amor\"},\"sameAs\":[\"http:\/\/ben-amor.info\"],\"url\":\"https:\/\/www.masharif.com\/fr\/author\/msba\/\"}]}<\/script>\n<!-- \/ Yoast SEO plugin. -->","yoast_head_json":{"title":"Deux nouveaux po\u00e8mes de Suzanne Ibrahim \u2013 po\u00e8te syrienne r\u00e9sidant en Su\u00e8de - Culminances","robots":{"index":"index","follow":"follow","max-snippet":"max-snippet:-1","max-image-preview":"max-image-preview:large","max-video-preview":"max-video-preview:-1"},"canonical":"https:\/\/www.masharif.com\/fr\/2018\/06\/09\/deux-nouveaux-poemes-de-suzanne-ibrahim-poete-syrienne-residant-suede\/","og_locale":"fr_FR","og_type":"article","og_title":"Deux nouveaux po\u00e8mes de Suzanne Ibrahim \u2013 po\u00e8te syrienne r\u00e9sidant en Su\u00e8de - Culminances","og_description":"Je ne suis personne &nbsp; Je ne suis personne, Ni unit\u00e9. J\u2019appartiens au n\u00e9ant, Au z\u00e9ro dont rien n\u2019est apparent Et duquel tout na\u00eet, A l\u2019obscurit\u00e9, le lieu de descendance de la premi\u00e8re cr\u00e9ation, A la grotte des messages divins, A l\u2019esprit de la question unique et \u00e9ternelle\u00a0! Je me vois\u00a0 \u00a0 Je me vois\u00a0! ...","og_url":"https:\/\/www.masharif.com\/fr\/2018\/06\/09\/deux-nouveaux-poemes-de-suzanne-ibrahim-poete-syrienne-residant-suede\/","og_site_name":"Culminances","article_published_time":"2018-06-09T06:38:40+00:00","og_image":[{"width":960,"height":640,"url":"https:\/\/www.masharif.com\/fr\/wp-content\/uploads\/2018\/06\/justitia-2638601_960_720.png","type":"image\/png"}],"author":"Mohamed Salah Ben Amor","twitter_card":"summary","twitter_misc":{"\u00c9crit par":"Mohamed Salah Ben Amor","Dur\u00e9e de lecture estim\u00e9e":"1 minute"},"schema":{"@context":"https:\/\/schema.org","@graph":[{"@type":"WebSite","@id":"http:\/\/www.masharif.com\/fr\/#website","url":"http:\/\/www.masharif.com\/fr\/","name":"Culminances","description":"","potentialAction":[{"@type":"SearchAction","target":{"@type":"EntryPoint","urlTemplate":"http:\/\/www.masharif.com\/fr\/?s={search_term_string}"},"query-input":"required name=search_term_string"}],"inLanguage":"fr-FR"},{"@type":"ImageObject","inLanguage":"fr-FR","@id":"https:\/\/www.masharif.com\/fr\/2018\/06\/09\/deux-nouveaux-poemes-de-suzanne-ibrahim-poete-syrienne-residant-suede\/#primaryimage","url":"https:\/\/www.masharif.com\/fr\/wp-content\/uploads\/2018\/06\/justitia-2638601_960_720.png","contentUrl":"https:\/\/www.masharif.com\/fr\/wp-content\/uploads\/2018\/06\/justitia-2638601_960_720.png","width":960,"height":640},{"@type":"WebPage","@id":"https:\/\/www.masharif.com\/fr\/2018\/06\/09\/deux-nouveaux-poemes-de-suzanne-ibrahim-poete-syrienne-residant-suede\/","url":"https:\/\/www.masharif.com\/fr\/2018\/06\/09\/deux-nouveaux-poemes-de-suzanne-ibrahim-poete-syrienne-residant-suede\/","name":"Deux nouveaux po\u00e8mes de Suzanne Ibrahim \u2013 po\u00e8te syrienne r\u00e9sidant en Su\u00e8de - Culminances","isPartOf":{"@id":"http:\/\/www.masharif.com\/fr\/#website"},"primaryImageOfPage":{"@id":"https:\/\/www.masharif.com\/fr\/2018\/06\/09\/deux-nouveaux-poemes-de-suzanne-ibrahim-poete-syrienne-residant-suede\/#primaryimage"},"datePublished":"2018-06-09T06:38:40+00:00","dateModified":"2018-06-09T06:38:40+00:00","author":{"@id":"http:\/\/www.masharif.com\/fr\/#\/schema\/person\/839a7026efe9fa825134097c1041e4a0"},"breadcrumb":{"@id":"https:\/\/www.masharif.com\/fr\/2018\/06\/09\/deux-nouveaux-poemes-de-suzanne-ibrahim-poete-syrienne-residant-suede\/#breadcrumb"},"inLanguage":"fr-FR","potentialAction":[{"@type":"ReadAction","target":["https:\/\/www.masharif.com\/fr\/2018\/06\/09\/deux-nouveaux-poemes-de-suzanne-ibrahim-poete-syrienne-residant-suede\/"]}]},{"@type":"BreadcrumbList","@id":"https:\/\/www.masharif.com\/fr\/2018\/06\/09\/deux-nouveaux-poemes-de-suzanne-ibrahim-poete-syrienne-residant-suede\/#breadcrumb","itemListElement":[{"@type":"ListItem","position":1,"name":"Home","item":"http:\/\/www.masharif.com\/fr\/"},{"@type":"ListItem","position":2,"name":"Deux nouveaux po\u00e8mes de Suzanne Ibrahim \u2013 po\u00e8te syrienne r\u00e9sidant en Su\u00e8de"}]},{"@type":"Person","@id":"http:\/\/www.masharif.com\/fr\/#\/schema\/person\/839a7026efe9fa825134097c1041e4a0","name":"Mohamed Salah Ben Amor","image":{"@type":"ImageObject","inLanguage":"fr-FR","@id":"http:\/\/www.masharif.com\/fr\/#\/schema\/person\/image\/","url":"https:\/\/secure.gravatar.com\/avatar\/f64806401ad5ed604ffec2272b19ef46?s=96&d=identicon&r=g","contentUrl":"https:\/\/secure.gravatar.com\/avatar\/f64806401ad5ed604ffec2272b19ef46?s=96&d=identicon&r=g","caption":"Mohamed Salah Ben Amor"},"sameAs":["http:\/\/ben-amor.info"],"url":"https:\/\/www.masharif.com\/fr\/author\/msba\/"}]}},"_links":{"self":[{"href":"https:\/\/www.masharif.com\/fr\/wp-json\/wp\/v2\/posts\/8536"}],"collection":[{"href":"https:\/\/www.masharif.com\/fr\/wp-json\/wp\/v2\/posts"}],"about":[{"href":"https:\/\/www.masharif.com\/fr\/wp-json\/wp\/v2\/types\/post"}],"author":[{"embeddable":true,"href":"https:\/\/www.masharif.com\/fr\/wp-json\/wp\/v2\/users\/2"}],"replies":[{"embeddable":true,"href":"https:\/\/www.masharif.com\/fr\/wp-json\/wp\/v2\/comments?post=8536"}],"version-history":[{"count":1,"href":"https:\/\/www.masharif.com\/fr\/wp-json\/wp\/v2\/posts\/8536\/revisions"}],"predecessor-version":[{"id":8540,"href":"https:\/\/www.masharif.com\/fr\/wp-json\/wp\/v2\/posts\/8536\/revisions\/8540"}],"wp:featuredmedia":[{"embeddable":true,"href":"https:\/\/www.masharif.com\/fr\/wp-json\/wp\/v2\/media\/8538"}],"wp:attachment":[{"href":"https:\/\/www.masharif.com\/fr\/wp-json\/wp\/v2\/media?parent=8536"}],"wp:term":[{"taxonomy":"category","embeddable":true,"href":"https:\/\/www.masharif.com\/fr\/wp-json\/wp\/v2\/categories?post=8536"},{"taxonomy":"post_tag","embeddable":true,"href":"https:\/\/www.masharif.com\/fr\/wp-json\/wp\/v2\/tags?post=8536"}],"curies":[{"name":"wp","href":"https:\/\/api.w.org\/{rel}","templated":true}]}}