{"id":8434,"date":"2018-05-31T06:58:17","date_gmt":"2018-05-31T05:58:17","guid":{"rendered":"http:\/\/www.masharif.com\/fr\/?p=8434"},"modified":"2018-05-31T06:58:17","modified_gmt":"2018-05-31T05:58:17","slug":"me-suis-assise-face-de-mer-maissa-boutiche-ain-benian-alger-algerie-2","status":"publish","type":"post","link":"https:\/\/www.masharif.com\/fr\/2018\/05\/31\/me-suis-assise-face-de-mer-maissa-boutiche-ain-benian-alger-algerie-2\/","title":{"rendered":"Je me suis assise en face de la mer par : Maissa Boutiche \u2013 Ain B\u00e9nian \u2013 Alger- Alg\u00e9rie"},"content":{"rendered":"<div id=\"attachment_8435\" style=\"width: 200px\" class=\"wp-caption alignnone\"><a href=\"http:\/\/www.masharif.com\/fr\/wp-content\/uploads\/2018\/05\/t\u00e9l\u00e9chargement-1-1.jpg\"><img aria-describedby=\"caption-attachment-8435\" loading=\"lazy\" class=\"wp-image-8435 size-full\" src=\"http:\/\/www.masharif.com\/fr\/wp-content\/uploads\/2018\/05\/t\u00e9l\u00e9chargement-1-1.jpg\" alt=\"\" width=\"190\" height=\"265\" \/><\/a><p id=\"caption-attachment-8435\" class=\"wp-caption-text\">Maissa Boutiche<\/p><\/div>\n<p><a href=\"http:\/\/www.masharif.com\/fr\/wp-content\/uploads\/2018\/05\/woman-2616333_960_720.jpg\"><img loading=\"lazy\" class=\"alignnone size-medium wp-image-8436\" src=\"http:\/\/www.masharif.com\/fr\/wp-content\/uploads\/2018\/05\/woman-2616333_960_720-300x200.jpg\" alt=\"\" width=\"300\" height=\"200\" srcset=\"https:\/\/www.masharif.com\/fr\/wp-content\/uploads\/2018\/05\/woman-2616333_960_720-300x200.jpg 300w, https:\/\/www.masharif.com\/fr\/wp-content\/uploads\/2018\/05\/woman-2616333_960_720.jpg 480w\" sizes=\"(max-width: 300px) 100vw, 300px\" \/><\/a><\/p>\n<p>&nbsp;<\/p>\n<p><strong>Je me suis assise en face de la mer.<\/strong><strong><br \/>\nComme un enfant, je me suis mis \u00e0 pleurer.<br \/>\nSuis-je la seule que cette angoisse \u00e9treint?<br \/>\nPourquoi se pose-t-on sur mon chemin et d\u00e9tourne-t-on ma destin\u00e9e?<\/strong><\/p>\n<p><strong>Le \u00ab Il \u00bb avec ses sautes d\u2019humeurs \u00a0sur le dos<br \/>\nEt le \u00ab Moi \u00bb dans les larmes des vagues<br \/>\nTriste et pein\u00e9e.<br \/>\nQue faire quand on est \u00e0 la merci des circonstances,<br \/>\nImpuissante et encha\u00een\u00e9e ?<\/strong><\/p>\n<p><strong>Fascin\u00e9e par le jeu des eaux<br \/>\nQui se battent sur le sable, essayant d\u2019embrasser les rocs<br \/>\nQui refusent leurs baisers\u00a0!<br \/>\nElles reviennent \u00e0 la rescousse<br \/>\nPr\u00eates \u00e0 se battre,<br \/>\nNe demandant qu\u2019un peu d\u2019amour.<br \/>\nMais les rocs n\u2019ont pas ni c\u0153ur,<br \/>\nNi sensibilit\u00e9.<br \/>\nIls les rejettent sur les c\u00f4tes comme des exil\u00e9es.<\/strong><\/p>\n<p><strong>Oh mon \u00ab Je \u00bb, orphelin, ne pleure pas\u00a0!<br \/>\nLes larmes ne m\u00e8nent rien.<br \/>\nLa vie est ainsi faite<br \/>\nEt les d\u00e9s depuis longtemps sont jet\u00e9s.<br \/>\nMa f\u00e9minit\u00e9 est naine et \u00a0compl\u00e8tement domin\u00e9e<br \/>\nPar ceux \u00e0 qui j\u2019ai offert mon c\u0153ur<br \/>\nEt qui le \u00a0brisent \u00e0 chaque fois que l\u2019espoir<br \/>\nDans mon ciel se pointe,<br \/>\nL\u2019obligeant \u00e0 s\u2019exiler !<\/strong><\/p>\n<p><strong>Oh plage o\u00f9 je suis assise\u00a0!<\/strong><strong><br \/>\nLe chant de la brise ravive mes plaies non gu\u00e9ries<br \/>\nPrends-moi sur les ailes,<\/strong><\/p>\n<p><strong>\u00c9loigne-moi \u00e0 des milles d\u2019ici<\/strong><strong><br \/>\nEt change ma destin\u00e9e\u00a0!<\/strong><\/p>\n<p>&nbsp;<\/p>\n","protected":false},"excerpt":{"rendered":"<p>&nbsp; Je me suis assise en face de la mer. Comme un enfant, je me suis mis \u00e0 pleurer. Suis-je la seule que cette angoisse \u00e9treint? Pourquoi se pose-t-on sur mon chemin et d\u00e9tourne-t-on ma destin\u00e9e? Le \u00ab Il \u00bb avec ses sautes d\u2019humeurs \u00a0sur le dos Et le \u00ab Moi \u00bb dans les larmes &#8230;<\/p>\n","protected":false},"author":2,"featured_media":8436,"comment_status":"open","ping_status":"open","sticky":false,"template":"","format":"standard","meta":[],"categories":[4,6],"tags":[],"yoast_head":"<!-- This site is optimized with the Yoast SEO plugin v19.3 - https:\/\/yoast.com\/wordpress\/plugins\/seo\/ -->\n<title>Je me suis assise en face de la mer par : Maissa Boutiche \u2013 Ain B\u00e9nian \u2013 Alger- Alg\u00e9rie - Culminances<\/title>\n<meta name=\"robots\" content=\"index, follow, max-snippet:-1, max-image-preview:large, max-video-preview:-1\" \/>\n<link rel=\"canonical\" href=\"https:\/\/www.masharif.com\/fr\/2018\/05\/31\/me-suis-assise-face-de-mer-maissa-boutiche-ain-benian-alger-algerie-2\/\" \/>\n<meta property=\"og:locale\" content=\"fr_FR\" \/>\n<meta property=\"og:type\" content=\"article\" \/>\n<meta property=\"og:title\" content=\"Je me suis assise en face de la mer par : Maissa Boutiche \u2013 Ain B\u00e9nian \u2013 Alger- Alg\u00e9rie - Culminances\" \/>\n<meta property=\"og:description\" content=\"&nbsp; Je me suis assise en face de la mer. Comme un enfant, je me suis mis \u00e0 pleurer. Suis-je la seule que cette angoisse \u00e9treint? Pourquoi se pose-t-on sur mon chemin et d\u00e9tourne-t-on ma destin\u00e9e? Le \u00ab Il \u00bb avec ses sautes d\u2019humeurs \u00a0sur le dos Et le \u00ab Moi \u00bb dans les larmes ...\" \/>\n<meta property=\"og:url\" content=\"https:\/\/www.masharif.com\/fr\/2018\/05\/31\/me-suis-assise-face-de-mer-maissa-boutiche-ain-benian-alger-algerie-2\/\" \/>\n<meta property=\"og:site_name\" content=\"Culminances\" \/>\n<meta property=\"article:published_time\" content=\"2018-05-31T05:58:17+00:00\" \/>\n<meta property=\"og:image\" content=\"https:\/\/www.masharif.com\/fr\/wp-content\/uploads\/2018\/05\/woman-2616333_960_720.jpg\" \/>\n\t<meta property=\"og:image:width\" content=\"480\" \/>\n\t<meta property=\"og:image:height\" content=\"320\" \/>\n\t<meta property=\"og:image:type\" content=\"image\/jpeg\" \/>\n<meta name=\"author\" content=\"Mohamed Salah Ben Amor\" \/>\n<meta name=\"twitter:card\" content=\"summary\" \/>\n<meta name=\"twitter:label1\" content=\"\u00c9crit par\" \/>\n\t<meta name=\"twitter:data1\" content=\"Mohamed Salah Ben Amor\" \/>\n\t<meta name=\"twitter:label2\" content=\"Dur\u00e9e de lecture estim\u00e9e\" \/>\n\t<meta name=\"twitter:data2\" content=\"1 minute\" \/>\n<script type=\"application\/ld+json\" class=\"yoast-schema-graph\">{\"@context\":\"https:\/\/schema.org\",\"@graph\":[{\"@type\":\"WebSite\",\"@id\":\"https:\/\/www.masharif.com\/fr\/#website\",\"url\":\"https:\/\/www.masharif.com\/fr\/\",\"name\":\"Culminances\",\"description\":\"\",\"potentialAction\":[{\"@type\":\"SearchAction\",\"target\":{\"@type\":\"EntryPoint\",\"urlTemplate\":\"https:\/\/www.masharif.com\/fr\/?s={search_term_string}\"},\"query-input\":\"required name=search_term_string\"}],\"inLanguage\":\"fr-FR\"},{\"@type\":\"ImageObject\",\"inLanguage\":\"fr-FR\",\"@id\":\"https:\/\/www.masharif.com\/fr\/2018\/05\/31\/me-suis-assise-face-de-mer-maissa-boutiche-ain-benian-alger-algerie-2\/#primaryimage\",\"url\":\"https:\/\/www.masharif.com\/fr\/wp-content\/uploads\/2018\/05\/woman-2616333_960_720.jpg\",\"contentUrl\":\"https:\/\/www.masharif.com\/fr\/wp-content\/uploads\/2018\/05\/woman-2616333_960_720.jpg\",\"width\":480,\"height\":320},{\"@type\":\"WebPage\",\"@id\":\"https:\/\/www.masharif.com\/fr\/2018\/05\/31\/me-suis-assise-face-de-mer-maissa-boutiche-ain-benian-alger-algerie-2\/\",\"url\":\"https:\/\/www.masharif.com\/fr\/2018\/05\/31\/me-suis-assise-face-de-mer-maissa-boutiche-ain-benian-alger-algerie-2\/\",\"name\":\"Je me suis assise en face de la mer par : Maissa Boutiche \u2013 Ain B\u00e9nian \u2013 Alger- Alg\u00e9rie - Culminances\",\"isPartOf\":{\"@id\":\"https:\/\/www.masharif.com\/fr\/#website\"},\"primaryImageOfPage\":{\"@id\":\"https:\/\/www.masharif.com\/fr\/2018\/05\/31\/me-suis-assise-face-de-mer-maissa-boutiche-ain-benian-alger-algerie-2\/#primaryimage\"},\"datePublished\":\"2018-05-31T05:58:17+00:00\",\"dateModified\":\"2018-05-31T05:58:17+00:00\",\"author\":{\"@id\":\"https:\/\/www.masharif.com\/fr\/#\/schema\/person\/839a7026efe9fa825134097c1041e4a0\"},\"breadcrumb\":{\"@id\":\"https:\/\/www.masharif.com\/fr\/2018\/05\/31\/me-suis-assise-face-de-mer-maissa-boutiche-ain-benian-alger-algerie-2\/#breadcrumb\"},\"inLanguage\":\"fr-FR\",\"potentialAction\":[{\"@type\":\"ReadAction\",\"target\":[\"https:\/\/www.masharif.com\/fr\/2018\/05\/31\/me-suis-assise-face-de-mer-maissa-boutiche-ain-benian-alger-algerie-2\/\"]}]},{\"@type\":\"BreadcrumbList\",\"@id\":\"https:\/\/www.masharif.com\/fr\/2018\/05\/31\/me-suis-assise-face-de-mer-maissa-boutiche-ain-benian-alger-algerie-2\/#breadcrumb\",\"itemListElement\":[{\"@type\":\"ListItem\",\"position\":1,\"name\":\"Home\",\"item\":\"https:\/\/www.masharif.com\/fr\/\"},{\"@type\":\"ListItem\",\"position\":2,\"name\":\"Je me suis assise en face de la mer par : Maissa Boutiche \u2013 Ain B\u00e9nian \u2013 Alger- Alg\u00e9rie\"}]},{\"@type\":\"Person\",\"@id\":\"https:\/\/www.masharif.com\/fr\/#\/schema\/person\/839a7026efe9fa825134097c1041e4a0\",\"name\":\"Mohamed Salah Ben Amor\",\"image\":{\"@type\":\"ImageObject\",\"inLanguage\":\"fr-FR\",\"@id\":\"https:\/\/www.masharif.com\/fr\/#\/schema\/person\/image\/\",\"url\":\"https:\/\/secure.gravatar.com\/avatar\/f64806401ad5ed604ffec2272b19ef46?s=96&d=identicon&r=g\",\"contentUrl\":\"https:\/\/secure.gravatar.com\/avatar\/f64806401ad5ed604ffec2272b19ef46?s=96&d=identicon&r=g\",\"caption\":\"Mohamed Salah Ben Amor\"},\"sameAs\":[\"http:\/\/ben-amor.info\"],\"url\":\"https:\/\/www.masharif.com\/fr\/author\/msba\/\"}]}<\/script>\n<!-- \/ Yoast SEO plugin. -->","yoast_head_json":{"title":"Je me suis assise en face de la mer par : Maissa Boutiche \u2013 Ain B\u00e9nian \u2013 Alger- Alg\u00e9rie - Culminances","robots":{"index":"index","follow":"follow","max-snippet":"max-snippet:-1","max-image-preview":"max-image-preview:large","max-video-preview":"max-video-preview:-1"},"canonical":"https:\/\/www.masharif.com\/fr\/2018\/05\/31\/me-suis-assise-face-de-mer-maissa-boutiche-ain-benian-alger-algerie-2\/","og_locale":"fr_FR","og_type":"article","og_title":"Je me suis assise en face de la mer par : Maissa Boutiche \u2013 Ain B\u00e9nian \u2013 Alger- Alg\u00e9rie - Culminances","og_description":"&nbsp; Je me suis assise en face de la mer. Comme un enfant, je me suis mis \u00e0 pleurer. Suis-je la seule que cette angoisse \u00e9treint? Pourquoi se pose-t-on sur mon chemin et d\u00e9tourne-t-on ma destin\u00e9e? Le \u00ab Il \u00bb avec ses sautes d\u2019humeurs \u00a0sur le dos Et le \u00ab Moi \u00bb dans les larmes ...","og_url":"https:\/\/www.masharif.com\/fr\/2018\/05\/31\/me-suis-assise-face-de-mer-maissa-boutiche-ain-benian-alger-algerie-2\/","og_site_name":"Culminances","article_published_time":"2018-05-31T05:58:17+00:00","og_image":[{"width":480,"height":320,"url":"https:\/\/www.masharif.com\/fr\/wp-content\/uploads\/2018\/05\/woman-2616333_960_720.jpg","type":"image\/jpeg"}],"author":"Mohamed Salah Ben Amor","twitter_card":"summary","twitter_misc":{"\u00c9crit par":"Mohamed Salah Ben Amor","Dur\u00e9e de lecture estim\u00e9e":"1 minute"},"schema":{"@context":"https:\/\/schema.org","@graph":[{"@type":"WebSite","@id":"https:\/\/www.masharif.com\/fr\/#website","url":"https:\/\/www.masharif.com\/fr\/","name":"Culminances","description":"","potentialAction":[{"@type":"SearchAction","target":{"@type":"EntryPoint","urlTemplate":"https:\/\/www.masharif.com\/fr\/?s={search_term_string}"},"query-input":"required name=search_term_string"}],"inLanguage":"fr-FR"},{"@type":"ImageObject","inLanguage":"fr-FR","@id":"https:\/\/www.masharif.com\/fr\/2018\/05\/31\/me-suis-assise-face-de-mer-maissa-boutiche-ain-benian-alger-algerie-2\/#primaryimage","url":"https:\/\/www.masharif.com\/fr\/wp-content\/uploads\/2018\/05\/woman-2616333_960_720.jpg","contentUrl":"https:\/\/www.masharif.com\/fr\/wp-content\/uploads\/2018\/05\/woman-2616333_960_720.jpg","width":480,"height":320},{"@type":"WebPage","@id":"https:\/\/www.masharif.com\/fr\/2018\/05\/31\/me-suis-assise-face-de-mer-maissa-boutiche-ain-benian-alger-algerie-2\/","url":"https:\/\/www.masharif.com\/fr\/2018\/05\/31\/me-suis-assise-face-de-mer-maissa-boutiche-ain-benian-alger-algerie-2\/","name":"Je me suis assise en face de la mer par : Maissa Boutiche \u2013 Ain B\u00e9nian \u2013 Alger- Alg\u00e9rie - Culminances","isPartOf":{"@id":"https:\/\/www.masharif.com\/fr\/#website"},"primaryImageOfPage":{"@id":"https:\/\/www.masharif.com\/fr\/2018\/05\/31\/me-suis-assise-face-de-mer-maissa-boutiche-ain-benian-alger-algerie-2\/#primaryimage"},"datePublished":"2018-05-31T05:58:17+00:00","dateModified":"2018-05-31T05:58:17+00:00","author":{"@id":"https:\/\/www.masharif.com\/fr\/#\/schema\/person\/839a7026efe9fa825134097c1041e4a0"},"breadcrumb":{"@id":"https:\/\/www.masharif.com\/fr\/2018\/05\/31\/me-suis-assise-face-de-mer-maissa-boutiche-ain-benian-alger-algerie-2\/#breadcrumb"},"inLanguage":"fr-FR","potentialAction":[{"@type":"ReadAction","target":["https:\/\/www.masharif.com\/fr\/2018\/05\/31\/me-suis-assise-face-de-mer-maissa-boutiche-ain-benian-alger-algerie-2\/"]}]},{"@type":"BreadcrumbList","@id":"https:\/\/www.masharif.com\/fr\/2018\/05\/31\/me-suis-assise-face-de-mer-maissa-boutiche-ain-benian-alger-algerie-2\/#breadcrumb","itemListElement":[{"@type":"ListItem","position":1,"name":"Home","item":"https:\/\/www.masharif.com\/fr\/"},{"@type":"ListItem","position":2,"name":"Je me suis assise en face de la mer par : Maissa Boutiche \u2013 Ain B\u00e9nian \u2013 Alger- Alg\u00e9rie"}]},{"@type":"Person","@id":"https:\/\/www.masharif.com\/fr\/#\/schema\/person\/839a7026efe9fa825134097c1041e4a0","name":"Mohamed Salah Ben Amor","image":{"@type":"ImageObject","inLanguage":"fr-FR","@id":"https:\/\/www.masharif.com\/fr\/#\/schema\/person\/image\/","url":"https:\/\/secure.gravatar.com\/avatar\/f64806401ad5ed604ffec2272b19ef46?s=96&d=identicon&r=g","contentUrl":"https:\/\/secure.gravatar.com\/avatar\/f64806401ad5ed604ffec2272b19ef46?s=96&d=identicon&r=g","caption":"Mohamed Salah Ben Amor"},"sameAs":["http:\/\/ben-amor.info"],"url":"https:\/\/www.masharif.com\/fr\/author\/msba\/"}]}},"_links":{"self":[{"href":"https:\/\/www.masharif.com\/fr\/wp-json\/wp\/v2\/posts\/8434"}],"collection":[{"href":"https:\/\/www.masharif.com\/fr\/wp-json\/wp\/v2\/posts"}],"about":[{"href":"https:\/\/www.masharif.com\/fr\/wp-json\/wp\/v2\/types\/post"}],"author":[{"embeddable":true,"href":"https:\/\/www.masharif.com\/fr\/wp-json\/wp\/v2\/users\/2"}],"replies":[{"embeddable":true,"href":"https:\/\/www.masharif.com\/fr\/wp-json\/wp\/v2\/comments?post=8434"}],"version-history":[{"count":1,"href":"https:\/\/www.masharif.com\/fr\/wp-json\/wp\/v2\/posts\/8434\/revisions"}],"predecessor-version":[{"id":8437,"href":"https:\/\/www.masharif.com\/fr\/wp-json\/wp\/v2\/posts\/8434\/revisions\/8437"}],"wp:featuredmedia":[{"embeddable":true,"href":"https:\/\/www.masharif.com\/fr\/wp-json\/wp\/v2\/media\/8436"}],"wp:attachment":[{"href":"https:\/\/www.masharif.com\/fr\/wp-json\/wp\/v2\/media?parent=8434"}],"wp:term":[{"taxonomy":"category","embeddable":true,"href":"https:\/\/www.masharif.com\/fr\/wp-json\/wp\/v2\/categories?post=8434"},{"taxonomy":"post_tag","embeddable":true,"href":"https:\/\/www.masharif.com\/fr\/wp-json\/wp\/v2\/tags?post=8434"}],"curies":[{"name":"wp","href":"https:\/\/api.w.org\/{rel}","templated":true}]}}