{"id":834,"date":"2015-08-31T14:25:21","date_gmt":"2015-08-31T13:25:21","guid":{"rendered":"http:\/\/www.masharif.com\/fr\/?p=834"},"modified":"2017-03-18T17:10:28","modified_gmt":"2017-03-18T16:10:28","slug":"la-terrasse-des-poetes-par-mustapha-saha-poete-marocain","status":"publish","type":"post","link":"https:\/\/www.masharif.com\/fr\/2015\/08\/31\/la-terrasse-des-poetes-par-mustapha-saha-poete-marocain\/","title":{"rendered":"LA TERRASSE DES POETES Par Mustapha Saha &#8211; po\u00e8te marocain"},"content":{"rendered":"<div id=\"attachment_835\" style=\"width: 239px\" class=\"wp-caption alignnone\"><a href=\"http:\/\/www.masharif.com\/fr\/wp-content\/uploads\/2015\/08\/image.png\"><img aria-describedby=\"caption-attachment-835\" loading=\"lazy\" class=\"wp-image-835 size-medium\" src=\"http:\/\/www.masharif.com\/fr\/wp-content\/uploads\/2015\/08\/image-229x300.png\" alt=\"image\" width=\"229\" height=\"300\" srcset=\"https:\/\/www.masharif.com\/fr\/wp-content\/uploads\/2015\/08\/image-229x300.png 229w, https:\/\/www.masharif.com\/fr\/wp-content\/uploads\/2015\/08\/image.png 322w\" sizes=\"(max-width: 229px) 100vw, 229px\" \/><\/a><p id=\"caption-attachment-835\" class=\"wp-caption-text\">Mustapha Saha &#8211; po\u00e8te marocain<\/p><\/div>\n<div id=\"attachment_836\" style=\"width: 310px\" class=\"wp-caption alignnone\"><a href=\"http:\/\/www.masharif.com\/fr\/wp-content\/uploads\/2015\/08\/image-1.png\"><img aria-describedby=\"caption-attachment-836\" loading=\"lazy\" class=\"wp-image-836 size-medium\" src=\"http:\/\/www.masharif.com\/fr\/wp-content\/uploads\/2015\/08\/image-1-300x226.png\" alt=\"image (1)\" width=\"300\" height=\"226\" srcset=\"https:\/\/www.masharif.com\/fr\/wp-content\/uploads\/2015\/08\/image-1-300x226.png 300w, https:\/\/www.masharif.com\/fr\/wp-content\/uploads\/2015\/08\/image-1.png 609w\" sizes=\"(max-width: 300px) 100vw, 300px\" \/><\/a><p id=\"caption-attachment-836\" class=\"wp-caption-text\">Caf\u00e9 La Palette. Saint-Germain-des-pr\u00e9s. Paris<\/p><\/div>\n<p>La douce rhapsode fille d&#8217;Apollinaire<br \/>\nBlasonne sa romance aux couleurs du Verseau<br \/>\nLe penseur aveugle Socrate d\u00e9bonnaire<br \/>\nPorte sa clairvoyance au bout de son paisseau<\/p>\n<p>L&#8217;amante en silence couve son partenaire<br \/>\nLecteur imp\u00e9nitent de Montaigne et Rousseau<br \/>\nPaisible explorateur de tant d&#8217;imaginaires<br \/>\nL&#8217;art est sa banni\u00e8re le livre son vaisseau<\/p>\n<p>Mais qu&#8217;attend l&#8217;\u00e9l\u00e9gante ourl\u00e9e de saponaires<br \/>\nL&#8217;intelligence aux nues les pieds dans le ruisseau<br \/>\nL&#8217;incroyable chef-d&#8217;oeuvre aux reflets sublunaires<br \/>\nOu sous plis de son sac l&#8217;introuvable trousseau<\/p>\n<p>100. Mustapha Saha<\/p>\n<p>Mustapha Saha.<br \/>\nPar F\u00e9rial.<br \/>\nCopyright photo (c) F\u00e9rial.<\/p>\n","protected":false},"excerpt":{"rendered":"<p>La douce rhapsode fille d&#8217;Apollinaire Blasonne sa romance aux couleurs du Verseau Le penseur aveugle Socrate d\u00e9bonnaire Porte sa clairvoyance au bout de son paisseau L&#8217;amante en silence couve son partenaire Lecteur imp\u00e9nitent de Montaigne et Rousseau Paisible explorateur de tant d&#8217;imaginaires L&#8217;art est sa banni\u00e8re le livre son vaisseau Mais qu&#8217;attend l&#8217;\u00e9l\u00e9gante ourl\u00e9e de &#8230;<\/p>\n","protected":false},"author":2,"featured_media":835,"comment_status":"open","ping_status":"open","sticky":false,"template":"","format":"standard","meta":[],"categories":[4],"tags":[],"yoast_head":"<!-- This site is optimized with the Yoast SEO plugin v19.3 - https:\/\/yoast.com\/wordpress\/plugins\/seo\/ -->\n<title>LA TERRASSE DES POETES Par Mustapha Saha - po\u00e8te marocain - Culminances<\/title>\n<meta name=\"robots\" content=\"index, follow, max-snippet:-1, max-image-preview:large, max-video-preview:-1\" \/>\n<link rel=\"canonical\" href=\"http:\/\/www.masharif.com\/fr\/2015\/08\/31\/la-terrasse-des-poetes-par-mustapha-saha-poete-marocain\/\" \/>\n<meta property=\"og:locale\" content=\"fr_FR\" \/>\n<meta property=\"og:type\" content=\"article\" \/>\n<meta property=\"og:title\" content=\"LA TERRASSE DES POETES Par Mustapha Saha - po\u00e8te marocain - Culminances\" \/>\n<meta property=\"og:description\" content=\"La douce rhapsode fille d&#8217;Apollinaire Blasonne sa romance aux couleurs du Verseau Le penseur aveugle Socrate d\u00e9bonnaire Porte sa clairvoyance au bout de son paisseau L&#8217;amante en silence couve son partenaire Lecteur imp\u00e9nitent de Montaigne et Rousseau Paisible explorateur de tant d&#8217;imaginaires L&#8217;art est sa banni\u00e8re le livre son vaisseau Mais qu&#8217;attend l&#8217;\u00e9l\u00e9gante ourl\u00e9e de ...\" \/>\n<meta property=\"og:url\" content=\"http:\/\/www.masharif.com\/fr\/2015\/08\/31\/la-terrasse-des-poetes-par-mustapha-saha-poete-marocain\/\" \/>\n<meta property=\"og:site_name\" content=\"Culminances\" \/>\n<meta property=\"article:published_time\" content=\"2015-08-31T13:25:21+00:00\" \/>\n<meta property=\"article:modified_time\" content=\"2017-03-18T16:10:28+00:00\" \/>\n<meta property=\"og:image\" content=\"http:\/\/www.masharif.com\/fr\/wp-content\/uploads\/2015\/08\/image.png\" \/>\n\t<meta property=\"og:image:width\" content=\"322\" \/>\n\t<meta property=\"og:image:height\" content=\"422\" \/>\n\t<meta property=\"og:image:type\" content=\"image\/png\" \/>\n<meta name=\"author\" content=\"Mohamed Salah Ben Amor\" \/>\n<meta name=\"twitter:card\" content=\"summary\" \/>\n<meta name=\"twitter:label1\" content=\"\u00c9crit par\" \/>\n\t<meta name=\"twitter:data1\" content=\"Mohamed Salah Ben Amor\" \/>\n\t<meta name=\"twitter:label2\" content=\"Dur\u00e9e de lecture estim\u00e9e\" \/>\n\t<meta name=\"twitter:data2\" content=\"1 minute\" \/>\n<script type=\"application\/ld+json\" class=\"yoast-schema-graph\">{\"@context\":\"https:\/\/schema.org\",\"@graph\":[{\"@type\":\"WebSite\",\"@id\":\"https:\/\/www.masharif.com\/fr\/#website\",\"url\":\"https:\/\/www.masharif.com\/fr\/\",\"name\":\"Culminances\",\"description\":\"\",\"potentialAction\":[{\"@type\":\"SearchAction\",\"target\":{\"@type\":\"EntryPoint\",\"urlTemplate\":\"https:\/\/www.masharif.com\/fr\/?s={search_term_string}\"},\"query-input\":\"required name=search_term_string\"}],\"inLanguage\":\"fr-FR\"},{\"@type\":\"ImageObject\",\"inLanguage\":\"fr-FR\",\"@id\":\"http:\/\/www.masharif.com\/fr\/2015\/08\/31\/la-terrasse-des-poetes-par-mustapha-saha-poete-marocain\/#primaryimage\",\"url\":\"https:\/\/www.masharif.com\/fr\/wp-content\/uploads\/2015\/08\/image.png\",\"contentUrl\":\"https:\/\/www.masharif.com\/fr\/wp-content\/uploads\/2015\/08\/image.png\",\"width\":322,\"height\":422},{\"@type\":\"WebPage\",\"@id\":\"http:\/\/www.masharif.com\/fr\/2015\/08\/31\/la-terrasse-des-poetes-par-mustapha-saha-poete-marocain\/\",\"url\":\"http:\/\/www.masharif.com\/fr\/2015\/08\/31\/la-terrasse-des-poetes-par-mustapha-saha-poete-marocain\/\",\"name\":\"LA TERRASSE DES POETES Par Mustapha Saha - po\u00e8te marocain - Culminances\",\"isPartOf\":{\"@id\":\"https:\/\/www.masharif.com\/fr\/#website\"},\"primaryImageOfPage\":{\"@id\":\"http:\/\/www.masharif.com\/fr\/2015\/08\/31\/la-terrasse-des-poetes-par-mustapha-saha-poete-marocain\/#primaryimage\"},\"datePublished\":\"2015-08-31T13:25:21+00:00\",\"dateModified\":\"2017-03-18T16:10:28+00:00\",\"author\":{\"@id\":\"https:\/\/www.masharif.com\/fr\/#\/schema\/person\/839a7026efe9fa825134097c1041e4a0\"},\"breadcrumb\":{\"@id\":\"http:\/\/www.masharif.com\/fr\/2015\/08\/31\/la-terrasse-des-poetes-par-mustapha-saha-poete-marocain\/#breadcrumb\"},\"inLanguage\":\"fr-FR\",\"potentialAction\":[{\"@type\":\"ReadAction\",\"target\":[\"http:\/\/www.masharif.com\/fr\/2015\/08\/31\/la-terrasse-des-poetes-par-mustapha-saha-poete-marocain\/\"]}]},{\"@type\":\"BreadcrumbList\",\"@id\":\"http:\/\/www.masharif.com\/fr\/2015\/08\/31\/la-terrasse-des-poetes-par-mustapha-saha-poete-marocain\/#breadcrumb\",\"itemListElement\":[{\"@type\":\"ListItem\",\"position\":1,\"name\":\"Home\",\"item\":\"https:\/\/www.masharif.com\/fr\/\"},{\"@type\":\"ListItem\",\"position\":2,\"name\":\"LA TERRASSE DES POETES Par Mustapha Saha &#8211; po\u00e8te marocain\"}]},{\"@type\":\"Person\",\"@id\":\"https:\/\/www.masharif.com\/fr\/#\/schema\/person\/839a7026efe9fa825134097c1041e4a0\",\"name\":\"Mohamed Salah Ben Amor\",\"image\":{\"@type\":\"ImageObject\",\"inLanguage\":\"fr-FR\",\"@id\":\"https:\/\/www.masharif.com\/fr\/#\/schema\/person\/image\/\",\"url\":\"https:\/\/secure.gravatar.com\/avatar\/f64806401ad5ed604ffec2272b19ef46?s=96&d=identicon&r=g\",\"contentUrl\":\"https:\/\/secure.gravatar.com\/avatar\/f64806401ad5ed604ffec2272b19ef46?s=96&d=identicon&r=g\",\"caption\":\"Mohamed Salah Ben Amor\"},\"sameAs\":[\"http:\/\/ben-amor.info\"],\"url\":\"https:\/\/www.masharif.com\/fr\/author\/msba\/\"}]}<\/script>\n<!-- \/ Yoast SEO plugin. -->","yoast_head_json":{"title":"LA TERRASSE DES POETES Par Mustapha Saha - po\u00e8te marocain - Culminances","robots":{"index":"index","follow":"follow","max-snippet":"max-snippet:-1","max-image-preview":"max-image-preview:large","max-video-preview":"max-video-preview:-1"},"canonical":"http:\/\/www.masharif.com\/fr\/2015\/08\/31\/la-terrasse-des-poetes-par-mustapha-saha-poete-marocain\/","og_locale":"fr_FR","og_type":"article","og_title":"LA TERRASSE DES POETES Par Mustapha Saha - po\u00e8te marocain - Culminances","og_description":"La douce rhapsode fille d&#8217;Apollinaire Blasonne sa romance aux couleurs du Verseau Le penseur aveugle Socrate d\u00e9bonnaire Porte sa clairvoyance au bout de son paisseau L&#8217;amante en silence couve son partenaire Lecteur imp\u00e9nitent de Montaigne et Rousseau Paisible explorateur de tant d&#8217;imaginaires L&#8217;art est sa banni\u00e8re le livre son vaisseau Mais qu&#8217;attend l&#8217;\u00e9l\u00e9gante ourl\u00e9e de ...","og_url":"http:\/\/www.masharif.com\/fr\/2015\/08\/31\/la-terrasse-des-poetes-par-mustapha-saha-poete-marocain\/","og_site_name":"Culminances","article_published_time":"2015-08-31T13:25:21+00:00","article_modified_time":"2017-03-18T16:10:28+00:00","og_image":[{"width":322,"height":422,"url":"http:\/\/www.masharif.com\/fr\/wp-content\/uploads\/2015\/08\/image.png","type":"image\/png"}],"author":"Mohamed Salah Ben Amor","twitter_card":"summary","twitter_misc":{"\u00c9crit par":"Mohamed Salah Ben Amor","Dur\u00e9e de lecture estim\u00e9e":"1 minute"},"schema":{"@context":"https:\/\/schema.org","@graph":[{"@type":"WebSite","@id":"https:\/\/www.masharif.com\/fr\/#website","url":"https:\/\/www.masharif.com\/fr\/","name":"Culminances","description":"","potentialAction":[{"@type":"SearchAction","target":{"@type":"EntryPoint","urlTemplate":"https:\/\/www.masharif.com\/fr\/?s={search_term_string}"},"query-input":"required name=search_term_string"}],"inLanguage":"fr-FR"},{"@type":"ImageObject","inLanguage":"fr-FR","@id":"http:\/\/www.masharif.com\/fr\/2015\/08\/31\/la-terrasse-des-poetes-par-mustapha-saha-poete-marocain\/#primaryimage","url":"https:\/\/www.masharif.com\/fr\/wp-content\/uploads\/2015\/08\/image.png","contentUrl":"https:\/\/www.masharif.com\/fr\/wp-content\/uploads\/2015\/08\/image.png","width":322,"height":422},{"@type":"WebPage","@id":"http:\/\/www.masharif.com\/fr\/2015\/08\/31\/la-terrasse-des-poetes-par-mustapha-saha-poete-marocain\/","url":"http:\/\/www.masharif.com\/fr\/2015\/08\/31\/la-terrasse-des-poetes-par-mustapha-saha-poete-marocain\/","name":"LA TERRASSE DES POETES Par Mustapha Saha - po\u00e8te marocain - Culminances","isPartOf":{"@id":"https:\/\/www.masharif.com\/fr\/#website"},"primaryImageOfPage":{"@id":"http:\/\/www.masharif.com\/fr\/2015\/08\/31\/la-terrasse-des-poetes-par-mustapha-saha-poete-marocain\/#primaryimage"},"datePublished":"2015-08-31T13:25:21+00:00","dateModified":"2017-03-18T16:10:28+00:00","author":{"@id":"https:\/\/www.masharif.com\/fr\/#\/schema\/person\/839a7026efe9fa825134097c1041e4a0"},"breadcrumb":{"@id":"http:\/\/www.masharif.com\/fr\/2015\/08\/31\/la-terrasse-des-poetes-par-mustapha-saha-poete-marocain\/#breadcrumb"},"inLanguage":"fr-FR","potentialAction":[{"@type":"ReadAction","target":["http:\/\/www.masharif.com\/fr\/2015\/08\/31\/la-terrasse-des-poetes-par-mustapha-saha-poete-marocain\/"]}]},{"@type":"BreadcrumbList","@id":"http:\/\/www.masharif.com\/fr\/2015\/08\/31\/la-terrasse-des-poetes-par-mustapha-saha-poete-marocain\/#breadcrumb","itemListElement":[{"@type":"ListItem","position":1,"name":"Home","item":"https:\/\/www.masharif.com\/fr\/"},{"@type":"ListItem","position":2,"name":"LA TERRASSE DES POETES Par Mustapha Saha &#8211; po\u00e8te marocain"}]},{"@type":"Person","@id":"https:\/\/www.masharif.com\/fr\/#\/schema\/person\/839a7026efe9fa825134097c1041e4a0","name":"Mohamed Salah Ben Amor","image":{"@type":"ImageObject","inLanguage":"fr-FR","@id":"https:\/\/www.masharif.com\/fr\/#\/schema\/person\/image\/","url":"https:\/\/secure.gravatar.com\/avatar\/f64806401ad5ed604ffec2272b19ef46?s=96&d=identicon&r=g","contentUrl":"https:\/\/secure.gravatar.com\/avatar\/f64806401ad5ed604ffec2272b19ef46?s=96&d=identicon&r=g","caption":"Mohamed Salah Ben Amor"},"sameAs":["http:\/\/ben-amor.info"],"url":"https:\/\/www.masharif.com\/fr\/author\/msba\/"}]}},"_links":{"self":[{"href":"https:\/\/www.masharif.com\/fr\/wp-json\/wp\/v2\/posts\/834"}],"collection":[{"href":"https:\/\/www.masharif.com\/fr\/wp-json\/wp\/v2\/posts"}],"about":[{"href":"https:\/\/www.masharif.com\/fr\/wp-json\/wp\/v2\/types\/post"}],"author":[{"embeddable":true,"href":"https:\/\/www.masharif.com\/fr\/wp-json\/wp\/v2\/users\/2"}],"replies":[{"embeddable":true,"href":"https:\/\/www.masharif.com\/fr\/wp-json\/wp\/v2\/comments?post=834"}],"version-history":[{"count":1,"href":"https:\/\/www.masharif.com\/fr\/wp-json\/wp\/v2\/posts\/834\/revisions"}],"predecessor-version":[{"id":837,"href":"https:\/\/www.masharif.com\/fr\/wp-json\/wp\/v2\/posts\/834\/revisions\/837"}],"wp:featuredmedia":[{"embeddable":true,"href":"https:\/\/www.masharif.com\/fr\/wp-json\/wp\/v2\/media\/835"}],"wp:attachment":[{"href":"https:\/\/www.masharif.com\/fr\/wp-json\/wp\/v2\/media?parent=834"}],"wp:term":[{"taxonomy":"category","embeddable":true,"href":"https:\/\/www.masharif.com\/fr\/wp-json\/wp\/v2\/categories?post=834"},{"taxonomy":"post_tag","embeddable":true,"href":"https:\/\/www.masharif.com\/fr\/wp-json\/wp\/v2\/tags?post=834"}],"curies":[{"name":"wp","href":"https:\/\/api.w.org\/{rel}","templated":true}]}}