{"id":8326,"date":"2018-05-22T15:35:23","date_gmt":"2018-05-22T14:35:23","guid":{"rendered":"http:\/\/www.masharif.com\/fr\/?p=8326"},"modified":"2018-05-22T15:38:03","modified_gmt":"2018-05-22T14:38:03","slug":"lenceinte-sacree-de-ton-silence-par-hala-shaar-damas-syrie","status":"publish","type":"post","link":"https:\/\/www.masharif.com\/fr\/2018\/05\/22\/lenceinte-sacree-de-ton-silence-par-hala-shaar-damas-syrie\/","title":{"rendered":"L\u2019enceinte sacr\u00e9e de ton silence par :Hala Shaar \u2013 Damas \u2013Syrie"},"content":{"rendered":"<div id=\"attachment_7781\" style=\"width: 310px\" class=\"wp-caption alignnone\"><a href=\"http:\/\/www.masharif.com\/fr\/wp-content\/uploads\/2018\/04\/27073368_177056833054805_5117872270392818327_n.jpg\"><img aria-describedby=\"caption-attachment-7781\" loading=\"lazy\" class=\"wp-image-7781 size-medium\" src=\"http:\/\/www.masharif.com\/fr\/wp-content\/uploads\/2018\/04\/27073368_177056833054805_5117872270392818327_n-300x298.jpg\" alt=\"\" width=\"300\" height=\"298\" srcset=\"https:\/\/www.masharif.com\/fr\/wp-content\/uploads\/2018\/04\/27073368_177056833054805_5117872270392818327_n-300x298.jpg 300w, https:\/\/www.masharif.com\/fr\/wp-content\/uploads\/2018\/04\/27073368_177056833054805_5117872270392818327_n-150x150.jpg 150w, https:\/\/www.masharif.com\/fr\/wp-content\/uploads\/2018\/04\/27073368_177056833054805_5117872270392818327_n-55x55.jpg 55w, https:\/\/www.masharif.com\/fr\/wp-content\/uploads\/2018\/04\/27073368_177056833054805_5117872270392818327_n.jpg 668w\" sizes=\"(max-width: 300px) 100vw, 300px\" \/><\/a><p id=\"caption-attachment-7781\" class=\"wp-caption-text\">Hala Shaar<\/p><\/div>\n<p><a href=\"http:\/\/www.masharif.com\/fr\/wp-content\/uploads\/2018\/05\/older-2864181_960_720.jpg\"><img loading=\"lazy\" class=\"alignnone size-medium wp-image-8327\" src=\"http:\/\/www.masharif.com\/fr\/wp-content\/uploads\/2018\/05\/older-2864181_960_720-300x200.jpg\" alt=\"\" width=\"300\" height=\"200\" srcset=\"https:\/\/www.masharif.com\/fr\/wp-content\/uploads\/2018\/05\/older-2864181_960_720-300x200.jpg 300w, https:\/\/www.masharif.com\/fr\/wp-content\/uploads\/2018\/05\/older-2864181_960_720-768x512.jpg 768w, https:\/\/www.masharif.com\/fr\/wp-content\/uploads\/2018\/05\/older-2864181_960_720.jpg 960w\" sizes=\"(max-width: 300px) 100vw, 300px\" \/><\/a><\/p>\n<p>&nbsp;<\/p>\n<p><strong>Telle une pierre au fond d\u2019une vieille mare,<\/strong><\/p>\n<p><strong>Telles les neiges du mont Echcheikh* \u00e0 la fin de l\u2019\u00e9t\u00e9,<\/strong><\/p>\n<p><strong>Ton silence est froid. <\/strong><\/p>\n<p><strong>J\u2019y accomplis mon p\u00e8lerinage et lui envoie mon flamboiement.<\/strong><\/p>\n<p><strong>Il demeure froid. <\/strong><\/p>\n<p><strong>Qu\u2019il est incandescent mon flamboiement bleu\u00a0!<\/strong><\/p>\n<p><strong>Je suis la flamme de l\u2019ozone froid, le flambeau neigeux <\/strong><\/p>\n<p><strong>Et toi tu es le flambeau lointain, la luminescence d\u2019une \u00e9toile \u00e9teinte.<\/strong><\/p>\n<p><strong>Qu\u2019il est \u00e9loquent ton silence quand il parle avec incandescence <\/strong><\/p>\n<p><strong>Et quand les traductions se perdent dans mon corps\u00a0!<\/strong><\/p>\n<p><strong>Nous faisons glisser dans nos paroles des suppositions,<\/strong><\/p>\n<p><strong>Comme si quelqu\u2019un essaie d\u2019atteindre la fin d\u2019un voyage \u00a0\u00e0 son d\u00e9but.<\/strong><\/p>\n<p><strong>Ton silence tout entier dans son enceinte sacr\u00e9e, <\/strong><\/p>\n<p><strong>Je re\u00e7ois toutes sortes de passions,<\/strong><\/p>\n<p><strong>A part celle du verbe.<\/strong><\/p>\n<p><strong>La langue est insuffisante pour que l\u2019acheminement de la passion atteigne son paroxysme.<\/strong><\/p>\n<p><strong>Qu\u2019il est br\u00fblant ton silence dissimul\u00e9 tout au bout de tes doigts<\/strong><\/p>\n<p><strong>O\u00f9 r\u00e9side mon flamboiement.<\/strong><\/p>\n<p><strong>A bas donc la langue des mots\u00a0!<\/strong><\/p>\n<p><strong>Et que la langue transparente, allusive et tactile<\/strong><\/p>\n<p><strong>Continue sa marche dans l\u2019embrasement de l\u2019\u00e2me\u00a0!<\/strong><\/p>\n<p><strong>Que ton toucher est br\u00fblant! Que ton toucher est br\u00fblant !<\/strong><\/p>\n<ul>\n<li><strong>Le sanctuaire de Yahia* est lointain.<\/strong><\/li>\n<\/ul>\n<p><strong>Que je finisse mes invocations<\/strong><\/p>\n<p><strong>Pr\u00e8s du sanctuaire de ton silence\u00a0!<\/strong><\/p>\n<p><strong>\u00a0<\/strong><\/p>\n<p><strong>*********<\/strong><\/p>\n<p>*La montagne du Cheikh est est une <a href=\"https:\/\/fr.wikipedia.org\/wiki\/Montagne\">montagne<\/a> de l&#8217;<a href=\"https:\/\/fr.wikipedia.org\/wiki\/Anti-Liban\">Anti-Liban<\/a>culminant \u00e0 2\u00a0814\u00a0m\u00e8tres d&#8217;altitude.<\/p>\n<p>*Yahia est Jean le baptiste fils de Zacharie.<\/p>\n<p>&nbsp;<\/p>\n","protected":false},"excerpt":{"rendered":"<p>&nbsp; Telle une pierre au fond d\u2019une vieille mare, Telles les neiges du mont Echcheikh* \u00e0 la fin de l\u2019\u00e9t\u00e9, Ton silence est froid. J\u2019y accomplis mon p\u00e8lerinage et lui envoie mon flamboiement. Il demeure froid. Qu\u2019il est incandescent mon flamboiement bleu\u00a0! Je suis la flamme de l\u2019ozone froid, le flambeau neigeux Et toi tu &#8230;<\/p>\n","protected":false},"author":2,"featured_media":7781,"comment_status":"open","ping_status":"open","sticky":false,"template":"","format":"standard","meta":[],"categories":[1],"tags":[],"yoast_head":"<!-- This site is optimized with the Yoast SEO plugin v19.3 - https:\/\/yoast.com\/wordpress\/plugins\/seo\/ -->\n<title>L\u2019enceinte sacr\u00e9e de ton silence par :Hala Shaar \u2013 Damas \u2013Syrie - Culminances<\/title>\n<meta name=\"robots\" content=\"index, follow, max-snippet:-1, max-image-preview:large, max-video-preview:-1\" \/>\n<link rel=\"canonical\" href=\"https:\/\/www.masharif.com\/fr\/2018\/05\/22\/lenceinte-sacree-de-ton-silence-par-hala-shaar-damas-syrie\/\" \/>\n<meta property=\"og:locale\" content=\"fr_FR\" \/>\n<meta property=\"og:type\" content=\"article\" \/>\n<meta property=\"og:title\" content=\"L\u2019enceinte sacr\u00e9e de ton silence par :Hala Shaar \u2013 Damas \u2013Syrie - Culminances\" \/>\n<meta property=\"og:description\" content=\"&nbsp; Telle une pierre au fond d\u2019une vieille mare, Telles les neiges du mont Echcheikh* \u00e0 la fin de l\u2019\u00e9t\u00e9, Ton silence est froid. J\u2019y accomplis mon p\u00e8lerinage et lui envoie mon flamboiement. Il demeure froid. Qu\u2019il est incandescent mon flamboiement bleu\u00a0! Je suis la flamme de l\u2019ozone froid, le flambeau neigeux Et toi tu ...\" \/>\n<meta property=\"og:url\" content=\"https:\/\/www.masharif.com\/fr\/2018\/05\/22\/lenceinte-sacree-de-ton-silence-par-hala-shaar-damas-syrie\/\" \/>\n<meta property=\"og:site_name\" content=\"Culminances\" \/>\n<meta property=\"article:published_time\" content=\"2018-05-22T14:35:23+00:00\" \/>\n<meta property=\"article:modified_time\" content=\"2018-05-22T14:38:03+00:00\" \/>\n<meta property=\"og:image\" content=\"https:\/\/www.masharif.com\/fr\/wp-content\/uploads\/2018\/04\/27073368_177056833054805_5117872270392818327_n.jpg\" \/>\n\t<meta property=\"og:image:width\" content=\"668\" \/>\n\t<meta property=\"og:image:height\" content=\"663\" \/>\n\t<meta property=\"og:image:type\" content=\"image\/jpeg\" \/>\n<meta name=\"author\" content=\"Mohamed Salah Ben Amor\" \/>\n<meta name=\"twitter:card\" content=\"summary\" \/>\n<meta name=\"twitter:label1\" content=\"\u00c9crit par\" \/>\n\t<meta name=\"twitter:data1\" content=\"Mohamed Salah Ben Amor\" \/>\n\t<meta name=\"twitter:label2\" content=\"Dur\u00e9e de lecture estim\u00e9e\" \/>\n\t<meta name=\"twitter:data2\" content=\"1 minute\" \/>\n<script type=\"application\/ld+json\" class=\"yoast-schema-graph\">{\"@context\":\"https:\/\/schema.org\",\"@graph\":[{\"@type\":\"WebSite\",\"@id\":\"https:\/\/www.masharif.com\/fr\/#website\",\"url\":\"https:\/\/www.masharif.com\/fr\/\",\"name\":\"Culminances\",\"description\":\"\",\"potentialAction\":[{\"@type\":\"SearchAction\",\"target\":{\"@type\":\"EntryPoint\",\"urlTemplate\":\"https:\/\/www.masharif.com\/fr\/?s={search_term_string}\"},\"query-input\":\"required name=search_term_string\"}],\"inLanguage\":\"fr-FR\"},{\"@type\":\"ImageObject\",\"inLanguage\":\"fr-FR\",\"@id\":\"https:\/\/www.masharif.com\/fr\/2018\/05\/22\/lenceinte-sacree-de-ton-silence-par-hala-shaar-damas-syrie\/#primaryimage\",\"url\":\"https:\/\/www.masharif.com\/fr\/wp-content\/uploads\/2018\/04\/27073368_177056833054805_5117872270392818327_n.jpg\",\"contentUrl\":\"https:\/\/www.masharif.com\/fr\/wp-content\/uploads\/2018\/04\/27073368_177056833054805_5117872270392818327_n.jpg\",\"width\":668,\"height\":663},{\"@type\":\"WebPage\",\"@id\":\"https:\/\/www.masharif.com\/fr\/2018\/05\/22\/lenceinte-sacree-de-ton-silence-par-hala-shaar-damas-syrie\/\",\"url\":\"https:\/\/www.masharif.com\/fr\/2018\/05\/22\/lenceinte-sacree-de-ton-silence-par-hala-shaar-damas-syrie\/\",\"name\":\"L\u2019enceinte sacr\u00e9e de ton silence par :Hala Shaar \u2013 Damas \u2013Syrie - Culminances\",\"isPartOf\":{\"@id\":\"https:\/\/www.masharif.com\/fr\/#website\"},\"primaryImageOfPage\":{\"@id\":\"https:\/\/www.masharif.com\/fr\/2018\/05\/22\/lenceinte-sacree-de-ton-silence-par-hala-shaar-damas-syrie\/#primaryimage\"},\"datePublished\":\"2018-05-22T14:35:23+00:00\",\"dateModified\":\"2018-05-22T14:38:03+00:00\",\"author\":{\"@id\":\"https:\/\/www.masharif.com\/fr\/#\/schema\/person\/839a7026efe9fa825134097c1041e4a0\"},\"breadcrumb\":{\"@id\":\"https:\/\/www.masharif.com\/fr\/2018\/05\/22\/lenceinte-sacree-de-ton-silence-par-hala-shaar-damas-syrie\/#breadcrumb\"},\"inLanguage\":\"fr-FR\",\"potentialAction\":[{\"@type\":\"ReadAction\",\"target\":[\"https:\/\/www.masharif.com\/fr\/2018\/05\/22\/lenceinte-sacree-de-ton-silence-par-hala-shaar-damas-syrie\/\"]}]},{\"@type\":\"BreadcrumbList\",\"@id\":\"https:\/\/www.masharif.com\/fr\/2018\/05\/22\/lenceinte-sacree-de-ton-silence-par-hala-shaar-damas-syrie\/#breadcrumb\",\"itemListElement\":[{\"@type\":\"ListItem\",\"position\":1,\"name\":\"Home\",\"item\":\"https:\/\/www.masharif.com\/fr\/\"},{\"@type\":\"ListItem\",\"position\":2,\"name\":\"L\u2019enceinte sacr\u00e9e de ton silence par :Hala Shaar \u2013 Damas \u2013Syrie\"}]},{\"@type\":\"Person\",\"@id\":\"https:\/\/www.masharif.com\/fr\/#\/schema\/person\/839a7026efe9fa825134097c1041e4a0\",\"name\":\"Mohamed Salah Ben Amor\",\"image\":{\"@type\":\"ImageObject\",\"inLanguage\":\"fr-FR\",\"@id\":\"https:\/\/www.masharif.com\/fr\/#\/schema\/person\/image\/\",\"url\":\"https:\/\/secure.gravatar.com\/avatar\/f64806401ad5ed604ffec2272b19ef46?s=96&d=identicon&r=g\",\"contentUrl\":\"https:\/\/secure.gravatar.com\/avatar\/f64806401ad5ed604ffec2272b19ef46?s=96&d=identicon&r=g\",\"caption\":\"Mohamed Salah Ben Amor\"},\"sameAs\":[\"http:\/\/ben-amor.info\"],\"url\":\"https:\/\/www.masharif.com\/fr\/author\/msba\/\"}]}<\/script>\n<!-- \/ Yoast SEO plugin. -->","yoast_head_json":{"title":"L\u2019enceinte sacr\u00e9e de ton silence par :Hala Shaar \u2013 Damas \u2013Syrie - Culminances","robots":{"index":"index","follow":"follow","max-snippet":"max-snippet:-1","max-image-preview":"max-image-preview:large","max-video-preview":"max-video-preview:-1"},"canonical":"https:\/\/www.masharif.com\/fr\/2018\/05\/22\/lenceinte-sacree-de-ton-silence-par-hala-shaar-damas-syrie\/","og_locale":"fr_FR","og_type":"article","og_title":"L\u2019enceinte sacr\u00e9e de ton silence par :Hala Shaar \u2013 Damas \u2013Syrie - Culminances","og_description":"&nbsp; Telle une pierre au fond d\u2019une vieille mare, Telles les neiges du mont Echcheikh* \u00e0 la fin de l\u2019\u00e9t\u00e9, Ton silence est froid. J\u2019y accomplis mon p\u00e8lerinage et lui envoie mon flamboiement. Il demeure froid. Qu\u2019il est incandescent mon flamboiement bleu\u00a0! Je suis la flamme de l\u2019ozone froid, le flambeau neigeux Et toi tu ...","og_url":"https:\/\/www.masharif.com\/fr\/2018\/05\/22\/lenceinte-sacree-de-ton-silence-par-hala-shaar-damas-syrie\/","og_site_name":"Culminances","article_published_time":"2018-05-22T14:35:23+00:00","article_modified_time":"2018-05-22T14:38:03+00:00","og_image":[{"width":668,"height":663,"url":"https:\/\/www.masharif.com\/fr\/wp-content\/uploads\/2018\/04\/27073368_177056833054805_5117872270392818327_n.jpg","type":"image\/jpeg"}],"author":"Mohamed Salah Ben Amor","twitter_card":"summary","twitter_misc":{"\u00c9crit par":"Mohamed Salah Ben Amor","Dur\u00e9e de lecture estim\u00e9e":"1 minute"},"schema":{"@context":"https:\/\/schema.org","@graph":[{"@type":"WebSite","@id":"https:\/\/www.masharif.com\/fr\/#website","url":"https:\/\/www.masharif.com\/fr\/","name":"Culminances","description":"","potentialAction":[{"@type":"SearchAction","target":{"@type":"EntryPoint","urlTemplate":"https:\/\/www.masharif.com\/fr\/?s={search_term_string}"},"query-input":"required name=search_term_string"}],"inLanguage":"fr-FR"},{"@type":"ImageObject","inLanguage":"fr-FR","@id":"https:\/\/www.masharif.com\/fr\/2018\/05\/22\/lenceinte-sacree-de-ton-silence-par-hala-shaar-damas-syrie\/#primaryimage","url":"https:\/\/www.masharif.com\/fr\/wp-content\/uploads\/2018\/04\/27073368_177056833054805_5117872270392818327_n.jpg","contentUrl":"https:\/\/www.masharif.com\/fr\/wp-content\/uploads\/2018\/04\/27073368_177056833054805_5117872270392818327_n.jpg","width":668,"height":663},{"@type":"WebPage","@id":"https:\/\/www.masharif.com\/fr\/2018\/05\/22\/lenceinte-sacree-de-ton-silence-par-hala-shaar-damas-syrie\/","url":"https:\/\/www.masharif.com\/fr\/2018\/05\/22\/lenceinte-sacree-de-ton-silence-par-hala-shaar-damas-syrie\/","name":"L\u2019enceinte sacr\u00e9e de ton silence par :Hala Shaar \u2013 Damas \u2013Syrie - Culminances","isPartOf":{"@id":"https:\/\/www.masharif.com\/fr\/#website"},"primaryImageOfPage":{"@id":"https:\/\/www.masharif.com\/fr\/2018\/05\/22\/lenceinte-sacree-de-ton-silence-par-hala-shaar-damas-syrie\/#primaryimage"},"datePublished":"2018-05-22T14:35:23+00:00","dateModified":"2018-05-22T14:38:03+00:00","author":{"@id":"https:\/\/www.masharif.com\/fr\/#\/schema\/person\/839a7026efe9fa825134097c1041e4a0"},"breadcrumb":{"@id":"https:\/\/www.masharif.com\/fr\/2018\/05\/22\/lenceinte-sacree-de-ton-silence-par-hala-shaar-damas-syrie\/#breadcrumb"},"inLanguage":"fr-FR","potentialAction":[{"@type":"ReadAction","target":["https:\/\/www.masharif.com\/fr\/2018\/05\/22\/lenceinte-sacree-de-ton-silence-par-hala-shaar-damas-syrie\/"]}]},{"@type":"BreadcrumbList","@id":"https:\/\/www.masharif.com\/fr\/2018\/05\/22\/lenceinte-sacree-de-ton-silence-par-hala-shaar-damas-syrie\/#breadcrumb","itemListElement":[{"@type":"ListItem","position":1,"name":"Home","item":"https:\/\/www.masharif.com\/fr\/"},{"@type":"ListItem","position":2,"name":"L\u2019enceinte sacr\u00e9e de ton silence par :Hala Shaar \u2013 Damas \u2013Syrie"}]},{"@type":"Person","@id":"https:\/\/www.masharif.com\/fr\/#\/schema\/person\/839a7026efe9fa825134097c1041e4a0","name":"Mohamed Salah Ben Amor","image":{"@type":"ImageObject","inLanguage":"fr-FR","@id":"https:\/\/www.masharif.com\/fr\/#\/schema\/person\/image\/","url":"https:\/\/secure.gravatar.com\/avatar\/f64806401ad5ed604ffec2272b19ef46?s=96&d=identicon&r=g","contentUrl":"https:\/\/secure.gravatar.com\/avatar\/f64806401ad5ed604ffec2272b19ef46?s=96&d=identicon&r=g","caption":"Mohamed Salah Ben Amor"},"sameAs":["http:\/\/ben-amor.info"],"url":"https:\/\/www.masharif.com\/fr\/author\/msba\/"}]}},"_links":{"self":[{"href":"https:\/\/www.masharif.com\/fr\/wp-json\/wp\/v2\/posts\/8326"}],"collection":[{"href":"https:\/\/www.masharif.com\/fr\/wp-json\/wp\/v2\/posts"}],"about":[{"href":"https:\/\/www.masharif.com\/fr\/wp-json\/wp\/v2\/types\/post"}],"author":[{"embeddable":true,"href":"https:\/\/www.masharif.com\/fr\/wp-json\/wp\/v2\/users\/2"}],"replies":[{"embeddable":true,"href":"https:\/\/www.masharif.com\/fr\/wp-json\/wp\/v2\/comments?post=8326"}],"version-history":[{"count":4,"href":"https:\/\/www.masharif.com\/fr\/wp-json\/wp\/v2\/posts\/8326\/revisions"}],"predecessor-version":[{"id":8331,"href":"https:\/\/www.masharif.com\/fr\/wp-json\/wp\/v2\/posts\/8326\/revisions\/8331"}],"wp:featuredmedia":[{"embeddable":true,"href":"https:\/\/www.masharif.com\/fr\/wp-json\/wp\/v2\/media\/7781"}],"wp:attachment":[{"href":"https:\/\/www.masharif.com\/fr\/wp-json\/wp\/v2\/media?parent=8326"}],"wp:term":[{"taxonomy":"category","embeddable":true,"href":"https:\/\/www.masharif.com\/fr\/wp-json\/wp\/v2\/categories?post=8326"},{"taxonomy":"post_tag","embeddable":true,"href":"https:\/\/www.masharif.com\/fr\/wp-json\/wp\/v2\/tags?post=8326"}],"curies":[{"name":"wp","href":"https:\/\/api.w.org\/{rel}","templated":true}]}}