{"id":8208,"date":"2018-05-11T19:44:46","date_gmt":"2018-05-11T18:44:46","guid":{"rendered":"http:\/\/www.masharif.com\/fr\/?p=8208"},"modified":"2018-05-11T19:55:38","modified_gmt":"2018-05-11T18:55:38","slug":"les-archives-des-commentaires-poetiques-de-mohamed-salah-ben-amor-6-les-poemes-de-solene-de-lam6-10-je-suis-soupir","status":"publish","type":"post","link":"https:\/\/www.masharif.com\/fr\/2018\/05\/11\/les-archives-des-commentaires-poetiques-de-mohamed-salah-ben-amor-6-les-poemes-de-solene-de-lam6-10-je-suis-soupir\/","title":{"rendered":"Les archives des commentaires po\u00e9tiques de Mohamed Salah Ben Amor :6 &#8211; Les po\u00e8mes de Sol\u00e8ne de Lam:6 -10 :Je suis soupir"},"content":{"rendered":"<p><em>Sonnet d\u00e9di\u00e9 \u00e0\u00a0Mohamed Salah, par amour des mots et de la po\u00e9sie, pour ce qu&#8217;il aime go\u00fbter les fruits des \u00e9critures des \u00e2mes, dont il sait si bien scruter les heurts, si bien les dire, et partager ces petits g\u00e2teaux de compliments qu&#8217;ils nous offre, quelques notes parfois incisives, souvent pr\u00e9cieuses, qu&#8217;il n&#8217;h\u00e9site pas \u00e0 rendre \u00e0 notre copie, en si bon professeur qu&#8217;il est. Amicalement, Sol\u00e8ne de Lam.<\/em><\/p>\n<div id=\"attachment_7528\" style=\"width: 310px\" class=\"wp-caption alignnone\"><a href=\"http:\/\/www.masharif.com\/fr\/wp-content\/uploads\/2018\/03\/10559899_10202415362527803_4517410004001902300_n.jpg\"><img aria-describedby=\"caption-attachment-7528\" loading=\"lazy\" class=\"wp-image-7528 size-medium\" src=\"http:\/\/www.masharif.com\/fr\/wp-content\/uploads\/2018\/03\/10559899_10202415362527803_4517410004001902300_n-300x294.jpg\" alt=\"\" width=\"300\" height=\"294\" srcset=\"https:\/\/www.masharif.com\/fr\/wp-content\/uploads\/2018\/03\/10559899_10202415362527803_4517410004001902300_n-300x294.jpg 300w, https:\/\/www.masharif.com\/fr\/wp-content\/uploads\/2018\/03\/10559899_10202415362527803_4517410004001902300_n-768x752.jpg 768w, https:\/\/www.masharif.com\/fr\/wp-content\/uploads\/2018\/03\/10559899_10202415362527803_4517410004001902300_n-55x55.jpg 55w, https:\/\/www.masharif.com\/fr\/wp-content\/uploads\/2018\/03\/10559899_10202415362527803_4517410004001902300_n.jpg 994w\" sizes=\"(max-width: 300px) 100vw, 300px\" \/><\/a><p id=\"caption-attachment-7528\" class=\"wp-caption-text\">Sol\u00e8ne de Lam<\/p><\/div>\n<p><a href=\"http:\/\/www.masharif.com\/fr\/wp-content\/uploads\/2018\/05\/portrait-3229610_960_720.jpg\"><img loading=\"lazy\" class=\"alignnone size-medium wp-image-8210\" src=\"http:\/\/www.masharif.com\/fr\/wp-content\/uploads\/2018\/05\/portrait-3229610_960_720-300x196.jpg\" alt=\"\" width=\"300\" height=\"196\" srcset=\"https:\/\/www.masharif.com\/fr\/wp-content\/uploads\/2018\/05\/portrait-3229610_960_720-300x196.jpg 300w, https:\/\/www.masharif.com\/fr\/wp-content\/uploads\/2018\/05\/portrait-3229610_960_720-768x501.jpg 768w, https:\/\/www.masharif.com\/fr\/wp-content\/uploads\/2018\/05\/portrait-3229610_960_720.jpg 960w\" sizes=\"(max-width: 300px) 100vw, 300px\" \/><\/a><\/p>\n<p>&nbsp;<\/p>\n<p><strong>D\u00e9j\u00e0 le temps ne ressent plus aucun effet <\/strong><\/p>\n<p><strong>Quand en passant dans les all\u00e9es de son jardin, <\/strong><\/p>\n<p><strong>Aucune fleur, aucun oiseau, aucun regret <\/strong><\/p>\n<p><strong>Ne laisse \u00e0 l&#8217;\u00e2me le souvenir d&#8217;un \u00e2ge meilleur.<\/strong><\/p>\n<p><strong>\u00a0<\/strong><\/p>\n<p><strong>Jamais la vie n&#8217;a de saveur autant qu&#8217;en r\u00eave : <\/strong><\/p>\n<p><strong>Pleine d&#8217;entrain, elle est folie, douce chim\u00e8re ; <\/strong><\/p>\n<p><strong>On court apr\u00e8s les sentiments, aucune tr\u00eave, <\/strong><\/p>\n<p><strong>Car notre c\u0153ur n&#8217;aura de paix que s&#8217;il est guerre ! <\/strong><\/p>\n<p><strong>\u00a0<\/strong><\/p>\n<p><strong>Vaille que vaille, voici la vie, quelle ch\u00e9rie !<\/strong><\/p>\n<p><strong>\u00a0<\/strong><\/p>\n<p><strong>Quelle aventure que ressentir : \u00eatre jardin,\u00a0<\/strong><\/p>\n<p><strong>\u00catre plaisir et \u00eatre aim\u00e9e, \u00eatre nature ou bien envie&#8230;<\/strong><\/p>\n<p><strong>\u00a0<\/strong><\/p>\n<p><strong>D\u00e9j\u00e0 le temps qui m&#8217;est donn\u00e9 est souvenir.<\/strong><\/p>\n<p><strong>Je me prom\u00e8ne encore un peu dans mon destin&#8230;<\/strong><\/p>\n<p><strong>Pr\u00e8s de mon r\u00eave je repose, je suis soupir.<\/strong><\/p>\n<p><strong>\u00a0<\/strong><\/p>\n<p><strong>\u00a0<\/strong><\/p>\n<p>Tout en remerciant notre po\u00e9tesse Sol\u00e8ne pour sa gentille d\u00e9dicace, je me dois de pr\u00e9ciser que je ne pratique pas la critique litt\u00e9raire avec l\u2019\u00e2me et l\u2019esprit d\u2019un enseignant qui corrige des copies d\u2019\u00e9l\u00e8ves mais en tant que lecteur amoureux de beaux textes litt\u00e9raires qui ne repr\u00e9sente que soi-m\u00eame et qui se met sur le m\u00eame pied d\u2019\u00e9galit\u00e9 que les auteurs .J\u2019attire l\u2019aimable attention de Sol\u00e8ne aussi que j\u2019ai commenc\u00e9 \u00e0 publier mes textes \u00a0 critiques \u00a0\u00e0 l\u2019\u00e2ge de dix-sept ans alors que j\u2019\u00e9tais \u00e9l\u00e8ve au lyc\u00e9e , qu&#8217;\u00e0 l\u2019\u00e2ge de vingt-et-un ans j&#8217;avais d\u00e9j\u00e0 fait para\u00eetre\u00a0mon premier livre et \u00e0 la m\u00eame ann\u00e9e j\u2019avais \u00e9t\u00e9 \u00a0re\u00e7u \u00e0 Paris par les deux grands \u00e9crivains fran\u00e7ais Philippe Sollers et Jean-Pierre Faye dans leurs bureaux alors qu\u2019ils \u00e9taient directeurs respectifs des revues &#8220;Tel quel&#8221; et &#8220;Change&#8221; apr\u00e8s que le journal &#8220;Le Monde&#8221; eut parl\u00e9 de moi . Ainsi, ce n&#8217;est pas de l&#8217;universit\u00e9 que je suis venu \u00e0 la critique mais c&#8217;est dans la sc\u00e8ne litt\u00e9raire que je suis n\u00e9. Bon\u00a0! Cela c&#8217;est de l&#8217;histoire. Passons au po\u00e8me.\u00a0Ce nouveau texte porte profond\u00e9ment l\u2019empreinte sp\u00e9cifique de son auteure, \u00e0 savoir une sensibilit\u00e9 aiguis\u00e9e \u00e0 fleur de peau qui trouve son expression dans la haute charge \u00e9motionnelle dont s\u2019empreignent les mots. D\u00e9pays\u00e9e par\u00a0la monotonie, la fadeur et la platitude du r\u00e9el\u00a0et effray\u00e9e par la fuite inexorable du temps (\u00a0<strong>le temps \u00a0ne ressent plus aucun effet quand, en passant dans les all\u00e9es de son jardin\u00a0, aucune fleur, aucun oiseau, aucun regret ne laisse \u00e0 l&#8217;\u00e2me le souvenir d&#8217;un \u00e2ge meilleur<\/strong> ), la po\u00e9tesse ne trouve refuge que dans le r\u00eave .Mais quel refuge! Il a toutes les particularit\u00e9s d\u2019un paradis(<strong>jamais la vie n&#8217;a de saveur autant qu&#8217;en r\u00eave : pleine d&#8217;entrain, elle est folie, douce chim\u00e8re ; on court apr\u00e8s les sentiments, aucune tr\u00eave \u00a0&#8211;\u00a0\u00eatre jardin,\u00a0\u00eatre plaisir et \u00eatre aim\u00e9e, \u00eatre natur<\/strong>e\u00a0),ou plus exactement d\u2019un paradis perdu\u00a0:la matrice protectrice de la m\u00e8re .Cependant s\u2019agit-il de la m\u00e8re biologique ou bien de la classe aristocratique d\u00e9chue par la r\u00e9volution de 1789 et dont l&#8217;auteure \u00a0est issue\u00a0? Une question bien l\u00e9gitime \u00e0 se poser car les grands chantres du romantisme Mme de Sta\u00ebl, Chateaubriand, Alfred de Musset, Alfred De Vigny et autres qui \u00e9taient de la m\u00eame souche n\u2019\u00e9taient-ils pas saisis par l\u2019horreur de l\u2019espace citadin, le chef-lieu de la bourgeoisie montante et ne tentaient-ils pas une fuite en arri\u00e8re vers la nature, l\u2019enfance, le pass\u00e9 collectif r\u00e9volu et le r\u00eave ? Du point de vue style, la rencontre entre le r\u00eave \u00e9veill\u00e9, l\u2019inconscient et l\u2019imaginaire a empreint le texte d\u2019une ambiance hautement romantique .<\/p>\n<p>Un tr\u00e8s bon po\u00e8me Sol\u00e8ne\u00a0!\u00a0Bravo!<\/p>\n<p>&nbsp;<\/p>\n<p><strong><em>\u00a0<\/em><\/strong><\/p>\n","protected":false},"excerpt":{"rendered":"<p>Sonnet d\u00e9di\u00e9 \u00e0\u00a0Mohamed Salah, par amour des mots et de la po\u00e9sie, pour ce qu&#8217;il aime go\u00fbter les fruits des \u00e9critures des \u00e2mes, dont il sait si bien scruter les heurts, si bien les dire, et partager ces petits g\u00e2teaux de compliments qu&#8217;ils nous offre, quelques notes parfois incisives, souvent pr\u00e9cieuses, qu&#8217;il n&#8217;h\u00e9site pas \u00e0 &#8230;<\/p>\n","protected":false},"author":2,"featured_media":8209,"comment_status":"open","ping_status":"open","sticky":false,"template":"","format":"standard","meta":[],"categories":[8],"tags":[],"yoast_head":"<!-- This site is optimized with the Yoast SEO plugin v19.3 - https:\/\/yoast.com\/wordpress\/plugins\/seo\/ -->\n<title>Les archives des commentaires po\u00e9tiques de Mohamed Salah Ben Amor :6 - Les po\u00e8mes de Sol\u00e8ne de Lam:6 -10 :Je suis soupir - Culminances<\/title>\n<meta name=\"robots\" content=\"index, follow, max-snippet:-1, max-image-preview:large, max-video-preview:-1\" \/>\n<link rel=\"canonical\" href=\"https:\/\/www.masharif.com\/fr\/2018\/05\/11\/les-archives-des-commentaires-poetiques-de-mohamed-salah-ben-amor-6-les-poemes-de-solene-de-lam6-10-je-suis-soupir\/\" \/>\n<meta property=\"og:locale\" content=\"fr_FR\" \/>\n<meta property=\"og:type\" content=\"article\" \/>\n<meta property=\"og:title\" content=\"Les archives des commentaires po\u00e9tiques de Mohamed Salah Ben Amor :6 - Les po\u00e8mes de Sol\u00e8ne de Lam:6 -10 :Je suis soupir - Culminances\" \/>\n<meta property=\"og:description\" content=\"Sonnet d\u00e9di\u00e9 \u00e0\u00a0Mohamed Salah, par amour des mots et de la po\u00e9sie, pour ce qu&#8217;il aime go\u00fbter les fruits des \u00e9critures des \u00e2mes, dont il sait si bien scruter les heurts, si bien les dire, et partager ces petits g\u00e2teaux de compliments qu&#8217;ils nous offre, quelques notes parfois incisives, souvent pr\u00e9cieuses, qu&#8217;il n&#8217;h\u00e9site pas \u00e0 ...\" \/>\n<meta property=\"og:url\" content=\"https:\/\/www.masharif.com\/fr\/2018\/05\/11\/les-archives-des-commentaires-poetiques-de-mohamed-salah-ben-amor-6-les-poemes-de-solene-de-lam6-10-je-suis-soupir\/\" \/>\n<meta property=\"og:site_name\" content=\"Culminances\" \/>\n<meta property=\"article:published_time\" content=\"2018-05-11T18:44:46+00:00\" \/>\n<meta property=\"article:modified_time\" content=\"2018-05-11T18:55:38+00:00\" \/>\n<meta property=\"og:image\" content=\"https:\/\/www.masharif.com\/fr\/wp-content\/uploads\/2018\/05\/10559899_10202415362527803_4517410004001902300_n-300x294.jpg\" \/>\n\t<meta property=\"og:image:width\" content=\"300\" \/>\n\t<meta property=\"og:image:height\" content=\"294\" \/>\n\t<meta property=\"og:image:type\" content=\"image\/jpeg\" \/>\n<meta name=\"author\" content=\"Mohamed Salah Ben Amor\" \/>\n<meta name=\"twitter:card\" content=\"summary\" \/>\n<meta name=\"twitter:label1\" content=\"\u00c9crit par\" \/>\n\t<meta name=\"twitter:data1\" content=\"Mohamed Salah Ben Amor\" \/>\n\t<meta name=\"twitter:label2\" content=\"Dur\u00e9e de lecture estim\u00e9e\" \/>\n\t<meta name=\"twitter:data2\" content=\"4 minutes\" \/>\n<script type=\"application\/ld+json\" class=\"yoast-schema-graph\">{\"@context\":\"https:\/\/schema.org\",\"@graph\":[{\"@type\":\"WebSite\",\"@id\":\"https:\/\/www.masharif.com\/fr\/#website\",\"url\":\"https:\/\/www.masharif.com\/fr\/\",\"name\":\"Culminances\",\"description\":\"\",\"potentialAction\":[{\"@type\":\"SearchAction\",\"target\":{\"@type\":\"EntryPoint\",\"urlTemplate\":\"https:\/\/www.masharif.com\/fr\/?s={search_term_string}\"},\"query-input\":\"required name=search_term_string\"}],\"inLanguage\":\"fr-FR\"},{\"@type\":\"ImageObject\",\"inLanguage\":\"fr-FR\",\"@id\":\"https:\/\/www.masharif.com\/fr\/2018\/05\/11\/les-archives-des-commentaires-poetiques-de-mohamed-salah-ben-amor-6-les-poemes-de-solene-de-lam6-10-je-suis-soupir\/#primaryimage\",\"url\":\"https:\/\/www.masharif.com\/fr\/wp-content\/uploads\/2018\/05\/10559899_10202415362527803_4517410004001902300_n-300x294.jpg\",\"contentUrl\":\"https:\/\/www.masharif.com\/fr\/wp-content\/uploads\/2018\/05\/10559899_10202415362527803_4517410004001902300_n-300x294.jpg\",\"width\":300,\"height\":294},{\"@type\":\"WebPage\",\"@id\":\"https:\/\/www.masharif.com\/fr\/2018\/05\/11\/les-archives-des-commentaires-poetiques-de-mohamed-salah-ben-amor-6-les-poemes-de-solene-de-lam6-10-je-suis-soupir\/\",\"url\":\"https:\/\/www.masharif.com\/fr\/2018\/05\/11\/les-archives-des-commentaires-poetiques-de-mohamed-salah-ben-amor-6-les-poemes-de-solene-de-lam6-10-je-suis-soupir\/\",\"name\":\"Les archives des commentaires po\u00e9tiques de Mohamed Salah Ben Amor :6 - Les po\u00e8mes de Sol\u00e8ne de Lam:6 -10 :Je suis soupir - Culminances\",\"isPartOf\":{\"@id\":\"https:\/\/www.masharif.com\/fr\/#website\"},\"primaryImageOfPage\":{\"@id\":\"https:\/\/www.masharif.com\/fr\/2018\/05\/11\/les-archives-des-commentaires-poetiques-de-mohamed-salah-ben-amor-6-les-poemes-de-solene-de-lam6-10-je-suis-soupir\/#primaryimage\"},\"datePublished\":\"2018-05-11T18:44:46+00:00\",\"dateModified\":\"2018-05-11T18:55:38+00:00\",\"author\":{\"@id\":\"https:\/\/www.masharif.com\/fr\/#\/schema\/person\/839a7026efe9fa825134097c1041e4a0\"},\"breadcrumb\":{\"@id\":\"https:\/\/www.masharif.com\/fr\/2018\/05\/11\/les-archives-des-commentaires-poetiques-de-mohamed-salah-ben-amor-6-les-poemes-de-solene-de-lam6-10-je-suis-soupir\/#breadcrumb\"},\"inLanguage\":\"fr-FR\",\"potentialAction\":[{\"@type\":\"ReadAction\",\"target\":[\"https:\/\/www.masharif.com\/fr\/2018\/05\/11\/les-archives-des-commentaires-poetiques-de-mohamed-salah-ben-amor-6-les-poemes-de-solene-de-lam6-10-je-suis-soupir\/\"]}]},{\"@type\":\"BreadcrumbList\",\"@id\":\"https:\/\/www.masharif.com\/fr\/2018\/05\/11\/les-archives-des-commentaires-poetiques-de-mohamed-salah-ben-amor-6-les-poemes-de-solene-de-lam6-10-je-suis-soupir\/#breadcrumb\",\"itemListElement\":[{\"@type\":\"ListItem\",\"position\":1,\"name\":\"Home\",\"item\":\"https:\/\/www.masharif.com\/fr\/\"},{\"@type\":\"ListItem\",\"position\":2,\"name\":\"Les archives des commentaires po\u00e9tiques de Mohamed Salah Ben Amor :6 &#8211; Les po\u00e8mes de Sol\u00e8ne de Lam:6 -10 :Je suis soupir\"}]},{\"@type\":\"Person\",\"@id\":\"https:\/\/www.masharif.com\/fr\/#\/schema\/person\/839a7026efe9fa825134097c1041e4a0\",\"name\":\"Mohamed Salah Ben Amor\",\"image\":{\"@type\":\"ImageObject\",\"inLanguage\":\"fr-FR\",\"@id\":\"https:\/\/www.masharif.com\/fr\/#\/schema\/person\/image\/\",\"url\":\"https:\/\/secure.gravatar.com\/avatar\/f64806401ad5ed604ffec2272b19ef46?s=96&d=identicon&r=g\",\"contentUrl\":\"https:\/\/secure.gravatar.com\/avatar\/f64806401ad5ed604ffec2272b19ef46?s=96&d=identicon&r=g\",\"caption\":\"Mohamed Salah Ben Amor\"},\"sameAs\":[\"http:\/\/ben-amor.info\"],\"url\":\"https:\/\/www.masharif.com\/fr\/author\/msba\/\"}]}<\/script>\n<!-- \/ Yoast SEO plugin. -->","yoast_head_json":{"title":"Les archives des commentaires po\u00e9tiques de Mohamed Salah Ben Amor :6 - Les po\u00e8mes de Sol\u00e8ne de Lam:6 -10 :Je suis soupir - Culminances","robots":{"index":"index","follow":"follow","max-snippet":"max-snippet:-1","max-image-preview":"max-image-preview:large","max-video-preview":"max-video-preview:-1"},"canonical":"https:\/\/www.masharif.com\/fr\/2018\/05\/11\/les-archives-des-commentaires-poetiques-de-mohamed-salah-ben-amor-6-les-poemes-de-solene-de-lam6-10-je-suis-soupir\/","og_locale":"fr_FR","og_type":"article","og_title":"Les archives des commentaires po\u00e9tiques de Mohamed Salah Ben Amor :6 - Les po\u00e8mes de Sol\u00e8ne de Lam:6 -10 :Je suis soupir - Culminances","og_description":"Sonnet d\u00e9di\u00e9 \u00e0\u00a0Mohamed Salah, par amour des mots et de la po\u00e9sie, pour ce qu&#8217;il aime go\u00fbter les fruits des \u00e9critures des \u00e2mes, dont il sait si bien scruter les heurts, si bien les dire, et partager ces petits g\u00e2teaux de compliments qu&#8217;ils nous offre, quelques notes parfois incisives, souvent pr\u00e9cieuses, qu&#8217;il n&#8217;h\u00e9site pas \u00e0 ...","og_url":"https:\/\/www.masharif.com\/fr\/2018\/05\/11\/les-archives-des-commentaires-poetiques-de-mohamed-salah-ben-amor-6-les-poemes-de-solene-de-lam6-10-je-suis-soupir\/","og_site_name":"Culminances","article_published_time":"2018-05-11T18:44:46+00:00","article_modified_time":"2018-05-11T18:55:38+00:00","og_image":[{"width":300,"height":294,"url":"https:\/\/www.masharif.com\/fr\/wp-content\/uploads\/2018\/05\/10559899_10202415362527803_4517410004001902300_n-300x294.jpg","type":"image\/jpeg"}],"author":"Mohamed Salah Ben Amor","twitter_card":"summary","twitter_misc":{"\u00c9crit par":"Mohamed Salah Ben Amor","Dur\u00e9e de lecture estim\u00e9e":"4 minutes"},"schema":{"@context":"https:\/\/schema.org","@graph":[{"@type":"WebSite","@id":"https:\/\/www.masharif.com\/fr\/#website","url":"https:\/\/www.masharif.com\/fr\/","name":"Culminances","description":"","potentialAction":[{"@type":"SearchAction","target":{"@type":"EntryPoint","urlTemplate":"https:\/\/www.masharif.com\/fr\/?s={search_term_string}"},"query-input":"required name=search_term_string"}],"inLanguage":"fr-FR"},{"@type":"ImageObject","inLanguage":"fr-FR","@id":"https:\/\/www.masharif.com\/fr\/2018\/05\/11\/les-archives-des-commentaires-poetiques-de-mohamed-salah-ben-amor-6-les-poemes-de-solene-de-lam6-10-je-suis-soupir\/#primaryimage","url":"https:\/\/www.masharif.com\/fr\/wp-content\/uploads\/2018\/05\/10559899_10202415362527803_4517410004001902300_n-300x294.jpg","contentUrl":"https:\/\/www.masharif.com\/fr\/wp-content\/uploads\/2018\/05\/10559899_10202415362527803_4517410004001902300_n-300x294.jpg","width":300,"height":294},{"@type":"WebPage","@id":"https:\/\/www.masharif.com\/fr\/2018\/05\/11\/les-archives-des-commentaires-poetiques-de-mohamed-salah-ben-amor-6-les-poemes-de-solene-de-lam6-10-je-suis-soupir\/","url":"https:\/\/www.masharif.com\/fr\/2018\/05\/11\/les-archives-des-commentaires-poetiques-de-mohamed-salah-ben-amor-6-les-poemes-de-solene-de-lam6-10-je-suis-soupir\/","name":"Les archives des commentaires po\u00e9tiques de Mohamed Salah Ben Amor :6 - Les po\u00e8mes de Sol\u00e8ne de Lam:6 -10 :Je suis soupir - Culminances","isPartOf":{"@id":"https:\/\/www.masharif.com\/fr\/#website"},"primaryImageOfPage":{"@id":"https:\/\/www.masharif.com\/fr\/2018\/05\/11\/les-archives-des-commentaires-poetiques-de-mohamed-salah-ben-amor-6-les-poemes-de-solene-de-lam6-10-je-suis-soupir\/#primaryimage"},"datePublished":"2018-05-11T18:44:46+00:00","dateModified":"2018-05-11T18:55:38+00:00","author":{"@id":"https:\/\/www.masharif.com\/fr\/#\/schema\/person\/839a7026efe9fa825134097c1041e4a0"},"breadcrumb":{"@id":"https:\/\/www.masharif.com\/fr\/2018\/05\/11\/les-archives-des-commentaires-poetiques-de-mohamed-salah-ben-amor-6-les-poemes-de-solene-de-lam6-10-je-suis-soupir\/#breadcrumb"},"inLanguage":"fr-FR","potentialAction":[{"@type":"ReadAction","target":["https:\/\/www.masharif.com\/fr\/2018\/05\/11\/les-archives-des-commentaires-poetiques-de-mohamed-salah-ben-amor-6-les-poemes-de-solene-de-lam6-10-je-suis-soupir\/"]}]},{"@type":"BreadcrumbList","@id":"https:\/\/www.masharif.com\/fr\/2018\/05\/11\/les-archives-des-commentaires-poetiques-de-mohamed-salah-ben-amor-6-les-poemes-de-solene-de-lam6-10-je-suis-soupir\/#breadcrumb","itemListElement":[{"@type":"ListItem","position":1,"name":"Home","item":"https:\/\/www.masharif.com\/fr\/"},{"@type":"ListItem","position":2,"name":"Les archives des commentaires po\u00e9tiques de Mohamed Salah Ben Amor :6 &#8211; Les po\u00e8mes de Sol\u00e8ne de Lam:6 -10 :Je suis soupir"}]},{"@type":"Person","@id":"https:\/\/www.masharif.com\/fr\/#\/schema\/person\/839a7026efe9fa825134097c1041e4a0","name":"Mohamed Salah Ben Amor","image":{"@type":"ImageObject","inLanguage":"fr-FR","@id":"https:\/\/www.masharif.com\/fr\/#\/schema\/person\/image\/","url":"https:\/\/secure.gravatar.com\/avatar\/f64806401ad5ed604ffec2272b19ef46?s=96&d=identicon&r=g","contentUrl":"https:\/\/secure.gravatar.com\/avatar\/f64806401ad5ed604ffec2272b19ef46?s=96&d=identicon&r=g","caption":"Mohamed Salah Ben Amor"},"sameAs":["http:\/\/ben-amor.info"],"url":"https:\/\/www.masharif.com\/fr\/author\/msba\/"}]}},"_links":{"self":[{"href":"https:\/\/www.masharif.com\/fr\/wp-json\/wp\/v2\/posts\/8208"}],"collection":[{"href":"https:\/\/www.masharif.com\/fr\/wp-json\/wp\/v2\/posts"}],"about":[{"href":"https:\/\/www.masharif.com\/fr\/wp-json\/wp\/v2\/types\/post"}],"author":[{"embeddable":true,"href":"https:\/\/www.masharif.com\/fr\/wp-json\/wp\/v2\/users\/2"}],"replies":[{"embeddable":true,"href":"https:\/\/www.masharif.com\/fr\/wp-json\/wp\/v2\/comments?post=8208"}],"version-history":[{"count":3,"href":"https:\/\/www.masharif.com\/fr\/wp-json\/wp\/v2\/posts\/8208\/revisions"}],"predecessor-version":[{"id":8213,"href":"https:\/\/www.masharif.com\/fr\/wp-json\/wp\/v2\/posts\/8208\/revisions\/8213"}],"wp:featuredmedia":[{"embeddable":true,"href":"https:\/\/www.masharif.com\/fr\/wp-json\/wp\/v2\/media\/8209"}],"wp:attachment":[{"href":"https:\/\/www.masharif.com\/fr\/wp-json\/wp\/v2\/media?parent=8208"}],"wp:term":[{"taxonomy":"category","embeddable":true,"href":"https:\/\/www.masharif.com\/fr\/wp-json\/wp\/v2\/categories?post=8208"},{"taxonomy":"post_tag","embeddable":true,"href":"https:\/\/www.masharif.com\/fr\/wp-json\/wp\/v2\/tags?post=8208"}],"curies":[{"name":"wp","href":"https:\/\/api.w.org\/{rel}","templated":true}]}}