{"id":8145,"date":"2018-05-07T20:25:08","date_gmt":"2018-05-07T19:25:08","guid":{"rendered":"http:\/\/www.masharif.com\/fr\/?p=8145"},"modified":"2018-05-07T20:25:08","modified_gmt":"2018-05-07T19:25:08","slug":"archives-commentaires-poetiques-de-mohamed-salah-ben-amor-8-poemes-de-jose-moigne8-6-heureux-se-souvient","status":"publish","type":"post","link":"https:\/\/www.masharif.com\/fr\/2018\/05\/07\/archives-commentaires-poetiques-de-mohamed-salah-ben-amor-8-poemes-de-jose-moigne8-6-heureux-se-souvient\/","title":{"rendered":"Les archives des commentaires po\u00e9tiques de Mohamed Salah Ben Amor :8 -Les po\u00e8mes de Jos\u00e9 Le Moigne:8-6 : Heureux qui se souvient"},"content":{"rendered":"<div id=\"attachment_7811\" style=\"width: 310px\" class=\"wp-caption alignnone\"><a href=\"http:\/\/www.masharif.com\/fr\/wp-content\/uploads\/2018\/04\/1175107_10201952627443882_1458515441_n.jpg\"><img aria-describedby=\"caption-attachment-7811\" loading=\"lazy\" class=\"wp-image-7811 size-medium\" src=\"http:\/\/www.masharif.com\/fr\/wp-content\/uploads\/2018\/04\/1175107_10201952627443882_1458515441_n-300x225.jpg\" alt=\"\" width=\"300\" height=\"225\" srcset=\"https:\/\/www.masharif.com\/fr\/wp-content\/uploads\/2018\/04\/1175107_10201952627443882_1458515441_n-300x225.jpg 300w, https:\/\/www.masharif.com\/fr\/wp-content\/uploads\/2018\/04\/1175107_10201952627443882_1458515441_n.jpg 640w\" sizes=\"(max-width: 300px) 100vw, 300px\" \/><\/a><p id=\"caption-attachment-7811\" class=\"wp-caption-text\">Jos\u00e9 Le Moigne<\/p><\/div>\n<p><a href=\"http:\/\/www.masharif.com\/fr\/wp-content\/uploads\/2018\/05\/beach-2636059_960_720-1.jpg\"><img loading=\"lazy\" class=\"alignnone size-medium wp-image-8146\" src=\"http:\/\/www.masharif.com\/fr\/wp-content\/uploads\/2018\/05\/beach-2636059_960_720-1-300x168.jpg\" alt=\"\" width=\"300\" height=\"168\" srcset=\"https:\/\/www.masharif.com\/fr\/wp-content\/uploads\/2018\/05\/beach-2636059_960_720-1-300x168.jpg 300w, https:\/\/www.masharif.com\/fr\/wp-content\/uploads\/2018\/05\/beach-2636059_960_720-1-768x431.jpg 768w, https:\/\/www.masharif.com\/fr\/wp-content\/uploads\/2018\/05\/beach-2636059_960_720-1.jpg 960w\" sizes=\"(max-width: 300px) 100vw, 300px\" \/><\/a><\/p>\n<p><strong>Pour Patrig<\/strong><\/p>\n<p><strong>\u00a0<\/strong><\/p>\n<p><strong>Heureux qui se souvient<\/strong><\/p>\n<p><strong>du vol des macareux<\/strong><\/p>\n<p><strong>dans le ciel gris d\u2019automne<\/strong><\/p>\n<p><strong>\u00a0<\/strong><\/p>\n<p><strong>Mille petits chevaux bais<\/strong><\/p>\n<p><strong>ont racl\u00e9 le pav\u00e9<\/strong><\/p>\n<p><strong>avec sous leurs sabots<\/strong><\/p>\n<p><strong>des r\u00eaves de proph\u00e8te<\/strong><\/p>\n<p><strong>\u00a0<\/strong><\/p>\n<p><strong>Qu\u2019y a-t-il donc<\/strong><\/p>\n<p><strong>dis-moi<\/strong><\/p>\n<p><strong>qui a-t-il donc<\/strong><\/p>\n<p><strong>\u00a0<\/strong><\/p>\n<p><strong>lorsque le vent d\u00e9pose les armes<\/strong><\/p>\n<p><strong>et que la nuit \u00e9tire<\/strong><\/p>\n<p><strong>ses douceurs de psaume<\/strong><\/p>\n<p><strong>\u00a0<\/strong><\/p>\n<p><strong>Qu\u2019y a-t-il donc<\/strong><\/p>\n<p><strong>vraiment<\/strong><\/p>\n<p><strong>qu\u2019y a-t-il donc<\/strong><\/p>\n<p><strong>\u00a0<\/strong><\/p>\n<p><strong>dans ton regard qui s\u2019ouvre<\/strong><\/p>\n<p><strong>sur des promesses de n\u00e9ant<\/strong><\/p>\n<p><strong>\u00a0<\/strong><\/p>\n<p><strong>\u00a0<\/strong><\/p>\n<p>De prime abord, l\u2019atmosph\u00e8re que l\u2019auteur de ce po\u00e8me d\u00e9peint baigne pleinement dans\u00a0 la nature (<strong>macareux \u2013 ciel- vent \u00a0&#8211; automne \u2013 chevaux \u2013 nuit <\/strong>) sur fond de r\u00e9miniscences,\u00a0suscitant, chez le locuteur tout comme le lecteur , \u00a0un \u00e9tat d\u2019\u00e2me mitig\u00e9 , oscillant entre d\u2019un c\u00f4t\u00e9 , la qui\u00e9tude et le plaisir dans l\u2019ici-maintenant (la <strong>nuit \u00e9tire ses douceurs de psaume<\/strong> ) et de l\u2019autre une curiosit\u00e9 teint\u00e9e d\u2019incertitude vis-\u00e0-vis de ce qui se passe dans l\u2019au-del\u00e0\u00a0 (<strong>r\u00eaves de proph\u00e8te &#8211; promesses de<\/strong> <strong>n\u00e9ant<\/strong>) . Ce qui donne ,en tout, une sorte de romantisme philosophique ou religieux .<\/p>\n<p>Sur le plan stylistique , le proc\u00e9d\u00e9 de pr\u00e9dilection du po\u00e8te est, \u00e0 ce qu&#8217;il parait , de tenter de dire l\u2019indicible, par l\u2019exploitation \u00a0\u00e0 fond de \u00a0l\u2019effet \u00e9vocateur des choses, \u00a0en les d\u00e9tachant de leur contexte r\u00e9el et les \u00a0lan\u00e7ant vers un au-del\u00e0 lointain et inconnu, \u00a0par le biais d\u2019actes m\u00e9taphorisants tr\u00e8s particuliers o\u00f9 le comparant rel\u00e8ve du domaine de l\u2019inimagin\u00e9 et de l\u2019inaccessible. Ce qui r\u00e9v\u00e8lerait chez l&#8217;auteur , une \u00e2me avide d\u2019irr\u00e9v\u00e9l\u00e9s et de\u00a0 myst\u00e8res ( <strong>sous leurs sabots des r\u00eaves de proph\u00e8te &#8211; ton regard qui s\u2019ouvre sur des promesses de n\u00e9ant<\/strong>). Cette technique a\u00a0 permis au po\u00e8te \u00a0de cr\u00e9er des images surprenantes \u00a0\u00e0 la fin des trois derni\u00e8res strophes.<\/p>\n<p>Un po\u00e8me concis mais archi-plein d\u2019\u00e9carts et de sens seconds profonds\u00a0!<\/p>\n<p>&nbsp;<\/p>\n<p>&nbsp;<\/p>\n","protected":false},"excerpt":{"rendered":"<p>Pour Patrig \u00a0 Heureux qui se souvient du vol des macareux dans le ciel gris d\u2019automne \u00a0 Mille petits chevaux bais ont racl\u00e9 le pav\u00e9 avec sous leurs sabots des r\u00eaves de proph\u00e8te \u00a0 Qu\u2019y a-t-il donc dis-moi qui a-t-il donc \u00a0 lorsque le vent d\u00e9pose les armes et que la nuit \u00e9tire ses douceurs &#8230;<\/p>\n","protected":false},"author":2,"featured_media":7811,"comment_status":"open","ping_status":"open","sticky":false,"template":"","format":"standard","meta":[],"categories":[8],"tags":[],"yoast_head":"<!-- This site is optimized with the Yoast SEO plugin v19.3 - https:\/\/yoast.com\/wordpress\/plugins\/seo\/ -->\n<title>Les archives des commentaires po\u00e9tiques de Mohamed Salah Ben Amor :8 -Les po\u00e8mes de Jos\u00e9 Le Moigne:8-6 : Heureux qui se souvient - Culminances<\/title>\n<meta name=\"robots\" content=\"index, follow, max-snippet:-1, max-image-preview:large, max-video-preview:-1\" \/>\n<link rel=\"canonical\" href=\"https:\/\/www.masharif.com\/fr\/2018\/05\/07\/archives-commentaires-poetiques-de-mohamed-salah-ben-amor-8-poemes-de-jose-moigne8-6-heureux-se-souvient\/\" \/>\n<meta property=\"og:locale\" content=\"fr_FR\" \/>\n<meta property=\"og:type\" content=\"article\" \/>\n<meta property=\"og:title\" content=\"Les archives des commentaires po\u00e9tiques de Mohamed Salah Ben Amor :8 -Les po\u00e8mes de Jos\u00e9 Le Moigne:8-6 : Heureux qui se souvient - Culminances\" \/>\n<meta property=\"og:description\" content=\"Pour Patrig \u00a0 Heureux qui se souvient du vol des macareux dans le ciel gris d\u2019automne \u00a0 Mille petits chevaux bais ont racl\u00e9 le pav\u00e9 avec sous leurs sabots des r\u00eaves de proph\u00e8te \u00a0 Qu\u2019y a-t-il donc dis-moi qui a-t-il donc \u00a0 lorsque le vent d\u00e9pose les armes et que la nuit \u00e9tire ses douceurs ...\" \/>\n<meta property=\"og:url\" content=\"https:\/\/www.masharif.com\/fr\/2018\/05\/07\/archives-commentaires-poetiques-de-mohamed-salah-ben-amor-8-poemes-de-jose-moigne8-6-heureux-se-souvient\/\" \/>\n<meta property=\"og:site_name\" content=\"Culminances\" \/>\n<meta property=\"article:published_time\" content=\"2018-05-07T19:25:08+00:00\" \/>\n<meta property=\"og:image\" content=\"https:\/\/www.masharif.com\/fr\/wp-content\/uploads\/2018\/04\/1175107_10201952627443882_1458515441_n.jpg\" \/>\n\t<meta property=\"og:image:width\" content=\"640\" \/>\n\t<meta property=\"og:image:height\" content=\"480\" \/>\n\t<meta property=\"og:image:type\" content=\"image\/jpeg\" \/>\n<meta name=\"author\" content=\"Mohamed Salah Ben Amor\" \/>\n<meta name=\"twitter:card\" content=\"summary\" \/>\n<meta name=\"twitter:label1\" content=\"\u00c9crit par\" \/>\n\t<meta name=\"twitter:data1\" content=\"Mohamed Salah Ben Amor\" \/>\n\t<meta name=\"twitter:label2\" content=\"Dur\u00e9e de lecture estim\u00e9e\" \/>\n\t<meta name=\"twitter:data2\" content=\"2 minutes\" \/>\n<script type=\"application\/ld+json\" class=\"yoast-schema-graph\">{\"@context\":\"https:\/\/schema.org\",\"@graph\":[{\"@type\":\"WebSite\",\"@id\":\"https:\/\/www.masharif.com\/fr\/#website\",\"url\":\"https:\/\/www.masharif.com\/fr\/\",\"name\":\"Culminances\",\"description\":\"\",\"potentialAction\":[{\"@type\":\"SearchAction\",\"target\":{\"@type\":\"EntryPoint\",\"urlTemplate\":\"https:\/\/www.masharif.com\/fr\/?s={search_term_string}\"},\"query-input\":\"required name=search_term_string\"}],\"inLanguage\":\"fr-FR\"},{\"@type\":\"ImageObject\",\"inLanguage\":\"fr-FR\",\"@id\":\"https:\/\/www.masharif.com\/fr\/2018\/05\/07\/archives-commentaires-poetiques-de-mohamed-salah-ben-amor-8-poemes-de-jose-moigne8-6-heureux-se-souvient\/#primaryimage\",\"url\":\"https:\/\/www.masharif.com\/fr\/wp-content\/uploads\/2018\/04\/1175107_10201952627443882_1458515441_n.jpg\",\"contentUrl\":\"https:\/\/www.masharif.com\/fr\/wp-content\/uploads\/2018\/04\/1175107_10201952627443882_1458515441_n.jpg\",\"width\":640,\"height\":480},{\"@type\":\"WebPage\",\"@id\":\"https:\/\/www.masharif.com\/fr\/2018\/05\/07\/archives-commentaires-poetiques-de-mohamed-salah-ben-amor-8-poemes-de-jose-moigne8-6-heureux-se-souvient\/\",\"url\":\"https:\/\/www.masharif.com\/fr\/2018\/05\/07\/archives-commentaires-poetiques-de-mohamed-salah-ben-amor-8-poemes-de-jose-moigne8-6-heureux-se-souvient\/\",\"name\":\"Les archives des commentaires po\u00e9tiques de Mohamed Salah Ben Amor :8 -Les po\u00e8mes de Jos\u00e9 Le Moigne:8-6 : Heureux qui se souvient - Culminances\",\"isPartOf\":{\"@id\":\"https:\/\/www.masharif.com\/fr\/#website\"},\"primaryImageOfPage\":{\"@id\":\"https:\/\/www.masharif.com\/fr\/2018\/05\/07\/archives-commentaires-poetiques-de-mohamed-salah-ben-amor-8-poemes-de-jose-moigne8-6-heureux-se-souvient\/#primaryimage\"},\"datePublished\":\"2018-05-07T19:25:08+00:00\",\"dateModified\":\"2018-05-07T19:25:08+00:00\",\"author\":{\"@id\":\"https:\/\/www.masharif.com\/fr\/#\/schema\/person\/839a7026efe9fa825134097c1041e4a0\"},\"breadcrumb\":{\"@id\":\"https:\/\/www.masharif.com\/fr\/2018\/05\/07\/archives-commentaires-poetiques-de-mohamed-salah-ben-amor-8-poemes-de-jose-moigne8-6-heureux-se-souvient\/#breadcrumb\"},\"inLanguage\":\"fr-FR\",\"potentialAction\":[{\"@type\":\"ReadAction\",\"target\":[\"https:\/\/www.masharif.com\/fr\/2018\/05\/07\/archives-commentaires-poetiques-de-mohamed-salah-ben-amor-8-poemes-de-jose-moigne8-6-heureux-se-souvient\/\"]}]},{\"@type\":\"BreadcrumbList\",\"@id\":\"https:\/\/www.masharif.com\/fr\/2018\/05\/07\/archives-commentaires-poetiques-de-mohamed-salah-ben-amor-8-poemes-de-jose-moigne8-6-heureux-se-souvient\/#breadcrumb\",\"itemListElement\":[{\"@type\":\"ListItem\",\"position\":1,\"name\":\"Home\",\"item\":\"https:\/\/www.masharif.com\/fr\/\"},{\"@type\":\"ListItem\",\"position\":2,\"name\":\"Les archives des commentaires po\u00e9tiques de Mohamed Salah Ben Amor :8 -Les po\u00e8mes de Jos\u00e9 Le Moigne:8-6 : Heureux qui se souvient\"}]},{\"@type\":\"Person\",\"@id\":\"https:\/\/www.masharif.com\/fr\/#\/schema\/person\/839a7026efe9fa825134097c1041e4a0\",\"name\":\"Mohamed Salah Ben Amor\",\"image\":{\"@type\":\"ImageObject\",\"inLanguage\":\"fr-FR\",\"@id\":\"https:\/\/www.masharif.com\/fr\/#\/schema\/person\/image\/\",\"url\":\"https:\/\/secure.gravatar.com\/avatar\/f64806401ad5ed604ffec2272b19ef46?s=96&d=identicon&r=g\",\"contentUrl\":\"https:\/\/secure.gravatar.com\/avatar\/f64806401ad5ed604ffec2272b19ef46?s=96&d=identicon&r=g\",\"caption\":\"Mohamed Salah Ben Amor\"},\"sameAs\":[\"http:\/\/ben-amor.info\"],\"url\":\"https:\/\/www.masharif.com\/fr\/author\/msba\/\"}]}<\/script>\n<!-- \/ Yoast SEO plugin. -->","yoast_head_json":{"title":"Les archives des commentaires po\u00e9tiques de Mohamed Salah Ben Amor :8 -Les po\u00e8mes de Jos\u00e9 Le Moigne:8-6 : Heureux qui se souvient - Culminances","robots":{"index":"index","follow":"follow","max-snippet":"max-snippet:-1","max-image-preview":"max-image-preview:large","max-video-preview":"max-video-preview:-1"},"canonical":"https:\/\/www.masharif.com\/fr\/2018\/05\/07\/archives-commentaires-poetiques-de-mohamed-salah-ben-amor-8-poemes-de-jose-moigne8-6-heureux-se-souvient\/","og_locale":"fr_FR","og_type":"article","og_title":"Les archives des commentaires po\u00e9tiques de Mohamed Salah Ben Amor :8 -Les po\u00e8mes de Jos\u00e9 Le Moigne:8-6 : Heureux qui se souvient - Culminances","og_description":"Pour Patrig \u00a0 Heureux qui se souvient du vol des macareux dans le ciel gris d\u2019automne \u00a0 Mille petits chevaux bais ont racl\u00e9 le pav\u00e9 avec sous leurs sabots des r\u00eaves de proph\u00e8te \u00a0 Qu\u2019y a-t-il donc dis-moi qui a-t-il donc \u00a0 lorsque le vent d\u00e9pose les armes et que la nuit \u00e9tire ses douceurs ...","og_url":"https:\/\/www.masharif.com\/fr\/2018\/05\/07\/archives-commentaires-poetiques-de-mohamed-salah-ben-amor-8-poemes-de-jose-moigne8-6-heureux-se-souvient\/","og_site_name":"Culminances","article_published_time":"2018-05-07T19:25:08+00:00","og_image":[{"width":640,"height":480,"url":"https:\/\/www.masharif.com\/fr\/wp-content\/uploads\/2018\/04\/1175107_10201952627443882_1458515441_n.jpg","type":"image\/jpeg"}],"author":"Mohamed Salah Ben Amor","twitter_card":"summary","twitter_misc":{"\u00c9crit par":"Mohamed Salah Ben Amor","Dur\u00e9e de lecture estim\u00e9e":"2 minutes"},"schema":{"@context":"https:\/\/schema.org","@graph":[{"@type":"WebSite","@id":"https:\/\/www.masharif.com\/fr\/#website","url":"https:\/\/www.masharif.com\/fr\/","name":"Culminances","description":"","potentialAction":[{"@type":"SearchAction","target":{"@type":"EntryPoint","urlTemplate":"https:\/\/www.masharif.com\/fr\/?s={search_term_string}"},"query-input":"required name=search_term_string"}],"inLanguage":"fr-FR"},{"@type":"ImageObject","inLanguage":"fr-FR","@id":"https:\/\/www.masharif.com\/fr\/2018\/05\/07\/archives-commentaires-poetiques-de-mohamed-salah-ben-amor-8-poemes-de-jose-moigne8-6-heureux-se-souvient\/#primaryimage","url":"https:\/\/www.masharif.com\/fr\/wp-content\/uploads\/2018\/04\/1175107_10201952627443882_1458515441_n.jpg","contentUrl":"https:\/\/www.masharif.com\/fr\/wp-content\/uploads\/2018\/04\/1175107_10201952627443882_1458515441_n.jpg","width":640,"height":480},{"@type":"WebPage","@id":"https:\/\/www.masharif.com\/fr\/2018\/05\/07\/archives-commentaires-poetiques-de-mohamed-salah-ben-amor-8-poemes-de-jose-moigne8-6-heureux-se-souvient\/","url":"https:\/\/www.masharif.com\/fr\/2018\/05\/07\/archives-commentaires-poetiques-de-mohamed-salah-ben-amor-8-poemes-de-jose-moigne8-6-heureux-se-souvient\/","name":"Les archives des commentaires po\u00e9tiques de Mohamed Salah Ben Amor :8 -Les po\u00e8mes de Jos\u00e9 Le Moigne:8-6 : Heureux qui se souvient - Culminances","isPartOf":{"@id":"https:\/\/www.masharif.com\/fr\/#website"},"primaryImageOfPage":{"@id":"https:\/\/www.masharif.com\/fr\/2018\/05\/07\/archives-commentaires-poetiques-de-mohamed-salah-ben-amor-8-poemes-de-jose-moigne8-6-heureux-se-souvient\/#primaryimage"},"datePublished":"2018-05-07T19:25:08+00:00","dateModified":"2018-05-07T19:25:08+00:00","author":{"@id":"https:\/\/www.masharif.com\/fr\/#\/schema\/person\/839a7026efe9fa825134097c1041e4a0"},"breadcrumb":{"@id":"https:\/\/www.masharif.com\/fr\/2018\/05\/07\/archives-commentaires-poetiques-de-mohamed-salah-ben-amor-8-poemes-de-jose-moigne8-6-heureux-se-souvient\/#breadcrumb"},"inLanguage":"fr-FR","potentialAction":[{"@type":"ReadAction","target":["https:\/\/www.masharif.com\/fr\/2018\/05\/07\/archives-commentaires-poetiques-de-mohamed-salah-ben-amor-8-poemes-de-jose-moigne8-6-heureux-se-souvient\/"]}]},{"@type":"BreadcrumbList","@id":"https:\/\/www.masharif.com\/fr\/2018\/05\/07\/archives-commentaires-poetiques-de-mohamed-salah-ben-amor-8-poemes-de-jose-moigne8-6-heureux-se-souvient\/#breadcrumb","itemListElement":[{"@type":"ListItem","position":1,"name":"Home","item":"https:\/\/www.masharif.com\/fr\/"},{"@type":"ListItem","position":2,"name":"Les archives des commentaires po\u00e9tiques de Mohamed Salah Ben Amor :8 -Les po\u00e8mes de Jos\u00e9 Le Moigne:8-6 : Heureux qui se souvient"}]},{"@type":"Person","@id":"https:\/\/www.masharif.com\/fr\/#\/schema\/person\/839a7026efe9fa825134097c1041e4a0","name":"Mohamed Salah Ben Amor","image":{"@type":"ImageObject","inLanguage":"fr-FR","@id":"https:\/\/www.masharif.com\/fr\/#\/schema\/person\/image\/","url":"https:\/\/secure.gravatar.com\/avatar\/f64806401ad5ed604ffec2272b19ef46?s=96&d=identicon&r=g","contentUrl":"https:\/\/secure.gravatar.com\/avatar\/f64806401ad5ed604ffec2272b19ef46?s=96&d=identicon&r=g","caption":"Mohamed Salah Ben Amor"},"sameAs":["http:\/\/ben-amor.info"],"url":"https:\/\/www.masharif.com\/fr\/author\/msba\/"}]}},"_links":{"self":[{"href":"https:\/\/www.masharif.com\/fr\/wp-json\/wp\/v2\/posts\/8145"}],"collection":[{"href":"https:\/\/www.masharif.com\/fr\/wp-json\/wp\/v2\/posts"}],"about":[{"href":"https:\/\/www.masharif.com\/fr\/wp-json\/wp\/v2\/types\/post"}],"author":[{"embeddable":true,"href":"https:\/\/www.masharif.com\/fr\/wp-json\/wp\/v2\/users\/2"}],"replies":[{"embeddable":true,"href":"https:\/\/www.masharif.com\/fr\/wp-json\/wp\/v2\/comments?post=8145"}],"version-history":[{"count":1,"href":"https:\/\/www.masharif.com\/fr\/wp-json\/wp\/v2\/posts\/8145\/revisions"}],"predecessor-version":[{"id":8147,"href":"https:\/\/www.masharif.com\/fr\/wp-json\/wp\/v2\/posts\/8145\/revisions\/8147"}],"wp:featuredmedia":[{"embeddable":true,"href":"https:\/\/www.masharif.com\/fr\/wp-json\/wp\/v2\/media\/7811"}],"wp:attachment":[{"href":"https:\/\/www.masharif.com\/fr\/wp-json\/wp\/v2\/media?parent=8145"}],"wp:term":[{"taxonomy":"category","embeddable":true,"href":"https:\/\/www.masharif.com\/fr\/wp-json\/wp\/v2\/categories?post=8145"},{"taxonomy":"post_tag","embeddable":true,"href":"https:\/\/www.masharif.com\/fr\/wp-json\/wp\/v2\/tags?post=8145"}],"curies":[{"name":"wp","href":"https:\/\/api.w.org\/{rel}","templated":true}]}}