{"id":795,"date":"2015-08-25T14:51:26","date_gmt":"2015-08-25T13:51:26","guid":{"rendered":"http:\/\/www.masharif.com\/fr\/?p=795"},"modified":"2015-08-29T15:04:28","modified_gmt":"2015-08-29T14:04:28","slug":"les-espagnols-daujourdhui-un-peuple-travailleur-et-organise-par-mohamed-salah-ben-amor","status":"publish","type":"post","link":"https:\/\/www.masharif.com\/fr\/2015\/08\/25\/les-espagnols-daujourdhui-un-peuple-travailleur-et-organise-par-mohamed-salah-ben-amor\/","title":{"rendered":"Les Espagnols d\u2019aujourd\u2019hui : un peuple travailleur et organis\u00e9 par : Mohamed Salah Ben Amor"},"content":{"rendered":"<p><a href=\"http:\/\/www.masharif.com\/fr\/wp-content\/uploads\/2015\/08\/4399740_7_a249_le-reservoir-de-mequinenza-construit-dans-le_0a7f3eb6395532aa7ddc25d14053e6f2.jpg\"><img loading=\"lazy\" class=\"alignnone size-medium wp-image-796\" src=\"http:\/\/www.masharif.com\/fr\/wp-content\/uploads\/2015\/08\/4399740_7_a249_le-reservoir-de-mequinenza-construit-dans-le_0a7f3eb6395532aa7ddc25d14053e6f2-300x200.jpg\" alt=\"4399740_7_a249_le-reservoir-de-mequinenza-construit-dans-le_0a7f3eb6395532aa7ddc25d14053e6f2\" width=\"300\" height=\"200\" srcset=\"https:\/\/www.masharif.com\/fr\/wp-content\/uploads\/2015\/08\/4399740_7_a249_le-reservoir-de-mequinenza-construit-dans-le_0a7f3eb6395532aa7ddc25d14053e6f2-300x200.jpg 300w, https:\/\/www.masharif.com\/fr\/wp-content\/uploads\/2015\/08\/4399740_7_a249_le-reservoir-de-mequinenza-construit-dans-le_0a7f3eb6395532aa7ddc25d14053e6f2.jpg 534w\" sizes=\"(max-width: 300px) 100vw, 300px\" \/><\/a><\/p>\n<p><a href=\"http:\/\/www.masharif.com\/fr\/wp-content\/uploads\/2015\/08\/07.jpg\"><img loading=\"lazy\" class=\"alignnone size-medium wp-image-797\" src=\"http:\/\/www.masharif.com\/fr\/wp-content\/uploads\/2015\/08\/07-300x200.jpg\" alt=\"07\" width=\"300\" height=\"200\" srcset=\"https:\/\/www.masharif.com\/fr\/wp-content\/uploads\/2015\/08\/07-300x200.jpg 300w, https:\/\/www.masharif.com\/fr\/wp-content\/uploads\/2015\/08\/07.jpg 640w\" sizes=\"(max-width: 300px) 100vw, 300px\" \/><\/a><br \/>\nRevenons de nouveau \u00e0 l\u2019Espagne d\u2019aujourd\u2019hui qui est, en toute objectivit\u00e9, tr\u00e8s diff\u00e9rente de l\u2019Espagne du Moyen-\u00e2ge ou m\u00eame celle qui \u00e9tait sous le r\u00e9gime du g\u00e9n\u00e9ral\u00a0 Franco. L\u2019impression g\u00e9n\u00e9rale que le visiteur en retire est que les Espagnols sont un peuple travailleur, organis\u00e9 et qui connait parfaitement les sp\u00e9cificit\u00e9s de son pays .Ce qui lui a permis d\u2019en tirer le plus grand profit et de ne pas se lancer dans des exp\u00e9riences futiles .En effet, puisque ce pays est avant tout agricole et poss\u00e8de de nombreuses zones attractives soit par leur beaut\u00e9 naturelle ou ses sites historiques, la presque totalit\u00e9 des efforts\u00a0 des Espagnols ont \u00e9t\u00e9 ax\u00e9s sur l\u2019agriculture et le tourisme .Concernant le premier domaine, j\u2019ai \u00e9t\u00e9 saisi par la verdure immense qui couvre toutes les r\u00e9gions que j\u2019ai travers\u00e9es du nord au sud et de l\u2019est \u00e0 l\u2019ouest, au point o\u00f9 il n\u2019y a presque aucun morceau de terre non-exploit\u00e9, que ce soit dans les plaines ou sur les montagnes qui sont toutes plant\u00e9es d\u2019oliviers ou d&#8217;arbres fruitiers. Ce qui n\u2019est donc pas \u00e9tonnant que l\u2019Espagne, malgr\u00e9 son climat semi-aride ( la temp\u00e9rature y a oscill\u00e9 pendant mon s\u00e9jour entre 45 et 50 degr\u00e9s) , occupe la quatri\u00e8me place dans la production agricole \u00e0 l\u2019\u00e9chelle europ\u00e9enne apr\u00e8s la France, l\u2019Italie et l\u2019Allemagne. Et cette production tr\u00e8s importante dans un domaine aussi vital nous laisse imaginer \u00e0 quel point il concourt \u00e0 la r\u00e9solution du probl\u00e8me du ch\u00f4mage dont souffrent g\u00e9n\u00e9ralement les pays non ou peu industrialis\u00e9s.<br \/>\nBien entendu, en livrant ces impressions, j\u2019ai dans l\u2019esprit la situation \u00e9conomique d\u00e9licate en Tunisie qui \u00e9tait dans le pass\u00e9 \u00ab le grenier de Rome \u00bb alors qu\u2019aujourd\u2019hui des surfaces \u00e0 perte de vue sont arides ou inexploit\u00e9es et que les campagnes se d\u00e9peuplent de plus en plus de leurs forces vives surtout jeunes \u00e0 cause des difficult\u00e9s que rencontrent les paysans \u00e0 subsister et l\u2019absence ou presque de postes de travail stables en nombre suffisant , tandis que le pays dispose de grandes comp\u00e9tences en agronomie et dans les sp\u00e9cialit\u00e9s de dessalement de l\u2019eau de mer et de\u00a0 sondage des eaux souterraines . Pourquoi les gestionnaires tunisiens ne prennent-il donc pas des le\u00e7ons dans ce domaine sur les Espagnols, vu la ressemblances entre deux pays de c\u00f4t\u00e9-l\u00e0 , au lieu de pleurnicher tout le temps sur l\u2019absence de quantit\u00e9s suffisantes de p\u00e9trole et de gaz, contrairement aux deux pays voisins : l\u2019Alg\u00e9rie et la Libye ?<\/p>\n<p><a href=\"http:\/\/www.masharif.com\/fr\/wp-content\/uploads\/2015\/08\/P8110141.jpg\"><img loading=\"lazy\" class=\"size-medium wp-image-798\" src=\"http:\/\/www.masharif.com\/fr\/wp-content\/uploads\/2015\/08\/P8110141-225x300.jpg\" alt=\"OLYMPUS DIGITAL CAMERA\" width=\"225\" height=\"300\" srcset=\"https:\/\/www.masharif.com\/fr\/wp-content\/uploads\/2015\/08\/P8110141-225x300.jpg 225w, https:\/\/www.masharif.com\/fr\/wp-content\/uploads\/2015\/08\/P8110141-768x1024.jpg 768w, https:\/\/www.masharif.com\/fr\/wp-content\/uploads\/2015\/08\/P8110141.jpg 1920w\" sizes=\"(max-width: 225px) 100vw, 225px\" \/><\/a><\/p>\n","protected":false},"excerpt":{"rendered":"<p>Revenons de nouveau \u00e0 l\u2019Espagne d\u2019aujourd\u2019hui qui est, en toute objectivit\u00e9, tr\u00e8s diff\u00e9rente de l\u2019Espagne du Moyen-\u00e2ge ou m\u00eame celle qui \u00e9tait sous le r\u00e9gime du g\u00e9n\u00e9ral\u00a0 Franco. L\u2019impression g\u00e9n\u00e9rale que le visiteur en retire est que les Espagnols sont un peuple travailleur, organis\u00e9 et qui connait parfaitement les sp\u00e9cificit\u00e9s de son pays .Ce qui &#8230;<\/p>\n","protected":false},"author":2,"featured_media":796,"comment_status":"open","ping_status":"open","sticky":false,"template":"","format":"standard","meta":[],"categories":[2],"tags":[],"yoast_head":"<!-- This site is optimized with the Yoast SEO plugin v19.3 - https:\/\/yoast.com\/wordpress\/plugins\/seo\/ -->\n<title>Les Espagnols d\u2019aujourd\u2019hui : un peuple travailleur et organis\u00e9 par : Mohamed Salah Ben Amor - Culminances<\/title>\n<meta name=\"robots\" content=\"index, follow, max-snippet:-1, max-image-preview:large, max-video-preview:-1\" \/>\n<link rel=\"canonical\" href=\"https:\/\/www.masharif.com\/fr\/2015\/08\/25\/les-espagnols-daujourdhui-un-peuple-travailleur-et-organise-par-mohamed-salah-ben-amor\/\" \/>\n<meta property=\"og:locale\" content=\"fr_FR\" \/>\n<meta property=\"og:type\" content=\"article\" \/>\n<meta property=\"og:title\" content=\"Les Espagnols d\u2019aujourd\u2019hui : un peuple travailleur et organis\u00e9 par : Mohamed Salah Ben Amor - Culminances\" \/>\n<meta property=\"og:description\" content=\"Revenons de nouveau \u00e0 l\u2019Espagne d\u2019aujourd\u2019hui qui est, en toute objectivit\u00e9, tr\u00e8s diff\u00e9rente de l\u2019Espagne du Moyen-\u00e2ge ou m\u00eame celle qui \u00e9tait sous le r\u00e9gime du g\u00e9n\u00e9ral\u00a0 Franco. L\u2019impression g\u00e9n\u00e9rale que le visiteur en retire est que les Espagnols sont un peuple travailleur, organis\u00e9 et qui connait parfaitement les sp\u00e9cificit\u00e9s de son pays .Ce qui ...\" \/>\n<meta property=\"og:url\" content=\"https:\/\/www.masharif.com\/fr\/2015\/08\/25\/les-espagnols-daujourdhui-un-peuple-travailleur-et-organise-par-mohamed-salah-ben-amor\/\" \/>\n<meta property=\"og:site_name\" content=\"Culminances\" \/>\n<meta property=\"article:published_time\" content=\"2015-08-25T13:51:26+00:00\" \/>\n<meta property=\"article:modified_time\" content=\"2015-08-29T14:04:28+00:00\" \/>\n<meta property=\"og:image\" content=\"https:\/\/www.masharif.com\/fr\/wp-content\/uploads\/2015\/08\/4399740_7_a249_le-reservoir-de-mequinenza-construit-dans-le_0a7f3eb6395532aa7ddc25d14053e6f2.jpg\" \/>\n\t<meta property=\"og:image:width\" content=\"534\" \/>\n\t<meta property=\"og:image:height\" content=\"356\" \/>\n\t<meta property=\"og:image:type\" content=\"image\/jpeg\" \/>\n<meta name=\"author\" content=\"Mohamed Salah Ben Amor\" \/>\n<meta name=\"twitter:card\" content=\"summary\" \/>\n<meta name=\"twitter:label1\" content=\"\u00c9crit par\" \/>\n\t<meta name=\"twitter:data1\" content=\"Mohamed Salah Ben Amor\" \/>\n\t<meta name=\"twitter:label2\" content=\"Dur\u00e9e de lecture estim\u00e9e\" \/>\n\t<meta name=\"twitter:data2\" content=\"2 minutes\" \/>\n<script type=\"application\/ld+json\" class=\"yoast-schema-graph\">{\"@context\":\"https:\/\/schema.org\",\"@graph\":[{\"@type\":\"WebSite\",\"@id\":\"https:\/\/www.masharif.com\/fr\/#website\",\"url\":\"https:\/\/www.masharif.com\/fr\/\",\"name\":\"Culminances\",\"description\":\"\",\"potentialAction\":[{\"@type\":\"SearchAction\",\"target\":{\"@type\":\"EntryPoint\",\"urlTemplate\":\"https:\/\/www.masharif.com\/fr\/?s={search_term_string}\"},\"query-input\":\"required name=search_term_string\"}],\"inLanguage\":\"fr-FR\"},{\"@type\":\"ImageObject\",\"inLanguage\":\"fr-FR\",\"@id\":\"https:\/\/www.masharif.com\/fr\/2015\/08\/25\/les-espagnols-daujourdhui-un-peuple-travailleur-et-organise-par-mohamed-salah-ben-amor\/#primaryimage\",\"url\":\"https:\/\/www.masharif.com\/fr\/wp-content\/uploads\/2015\/08\/4399740_7_a249_le-reservoir-de-mequinenza-construit-dans-le_0a7f3eb6395532aa7ddc25d14053e6f2.jpg\",\"contentUrl\":\"https:\/\/www.masharif.com\/fr\/wp-content\/uploads\/2015\/08\/4399740_7_a249_le-reservoir-de-mequinenza-construit-dans-le_0a7f3eb6395532aa7ddc25d14053e6f2.jpg\",\"width\":534,\"height\":356},{\"@type\":\"WebPage\",\"@id\":\"https:\/\/www.masharif.com\/fr\/2015\/08\/25\/les-espagnols-daujourdhui-un-peuple-travailleur-et-organise-par-mohamed-salah-ben-amor\/\",\"url\":\"https:\/\/www.masharif.com\/fr\/2015\/08\/25\/les-espagnols-daujourdhui-un-peuple-travailleur-et-organise-par-mohamed-salah-ben-amor\/\",\"name\":\"Les Espagnols d\u2019aujourd\u2019hui : un peuple travailleur et organis\u00e9 par : Mohamed Salah Ben Amor - Culminances\",\"isPartOf\":{\"@id\":\"https:\/\/www.masharif.com\/fr\/#website\"},\"primaryImageOfPage\":{\"@id\":\"https:\/\/www.masharif.com\/fr\/2015\/08\/25\/les-espagnols-daujourdhui-un-peuple-travailleur-et-organise-par-mohamed-salah-ben-amor\/#primaryimage\"},\"datePublished\":\"2015-08-25T13:51:26+00:00\",\"dateModified\":\"2015-08-29T14:04:28+00:00\",\"author\":{\"@id\":\"https:\/\/www.masharif.com\/fr\/#\/schema\/person\/839a7026efe9fa825134097c1041e4a0\"},\"breadcrumb\":{\"@id\":\"https:\/\/www.masharif.com\/fr\/2015\/08\/25\/les-espagnols-daujourdhui-un-peuple-travailleur-et-organise-par-mohamed-salah-ben-amor\/#breadcrumb\"},\"inLanguage\":\"fr-FR\",\"potentialAction\":[{\"@type\":\"ReadAction\",\"target\":[\"https:\/\/www.masharif.com\/fr\/2015\/08\/25\/les-espagnols-daujourdhui-un-peuple-travailleur-et-organise-par-mohamed-salah-ben-amor\/\"]}]},{\"@type\":\"BreadcrumbList\",\"@id\":\"https:\/\/www.masharif.com\/fr\/2015\/08\/25\/les-espagnols-daujourdhui-un-peuple-travailleur-et-organise-par-mohamed-salah-ben-amor\/#breadcrumb\",\"itemListElement\":[{\"@type\":\"ListItem\",\"position\":1,\"name\":\"Home\",\"item\":\"https:\/\/www.masharif.com\/fr\/\"},{\"@type\":\"ListItem\",\"position\":2,\"name\":\"Les Espagnols d\u2019aujourd\u2019hui : un peuple travailleur et organis\u00e9 par : Mohamed Salah Ben Amor\"}]},{\"@type\":\"Person\",\"@id\":\"https:\/\/www.masharif.com\/fr\/#\/schema\/person\/839a7026efe9fa825134097c1041e4a0\",\"name\":\"Mohamed Salah Ben Amor\",\"image\":{\"@type\":\"ImageObject\",\"inLanguage\":\"fr-FR\",\"@id\":\"https:\/\/www.masharif.com\/fr\/#\/schema\/person\/image\/\",\"url\":\"https:\/\/secure.gravatar.com\/avatar\/f64806401ad5ed604ffec2272b19ef46?s=96&d=identicon&r=g\",\"contentUrl\":\"https:\/\/secure.gravatar.com\/avatar\/f64806401ad5ed604ffec2272b19ef46?s=96&d=identicon&r=g\",\"caption\":\"Mohamed Salah Ben Amor\"},\"sameAs\":[\"http:\/\/ben-amor.info\"],\"url\":\"https:\/\/www.masharif.com\/fr\/author\/msba\/\"}]}<\/script>\n<!-- \/ Yoast SEO plugin. -->","yoast_head_json":{"title":"Les Espagnols d\u2019aujourd\u2019hui : un peuple travailleur et organis\u00e9 par : Mohamed Salah Ben Amor - Culminances","robots":{"index":"index","follow":"follow","max-snippet":"max-snippet:-1","max-image-preview":"max-image-preview:large","max-video-preview":"max-video-preview:-1"},"canonical":"https:\/\/www.masharif.com\/fr\/2015\/08\/25\/les-espagnols-daujourdhui-un-peuple-travailleur-et-organise-par-mohamed-salah-ben-amor\/","og_locale":"fr_FR","og_type":"article","og_title":"Les Espagnols d\u2019aujourd\u2019hui : un peuple travailleur et organis\u00e9 par : Mohamed Salah Ben Amor - Culminances","og_description":"Revenons de nouveau \u00e0 l\u2019Espagne d\u2019aujourd\u2019hui qui est, en toute objectivit\u00e9, tr\u00e8s diff\u00e9rente de l\u2019Espagne du Moyen-\u00e2ge ou m\u00eame celle qui \u00e9tait sous le r\u00e9gime du g\u00e9n\u00e9ral\u00a0 Franco. L\u2019impression g\u00e9n\u00e9rale que le visiteur en retire est que les Espagnols sont un peuple travailleur, organis\u00e9 et qui connait parfaitement les sp\u00e9cificit\u00e9s de son pays .Ce qui ...","og_url":"https:\/\/www.masharif.com\/fr\/2015\/08\/25\/les-espagnols-daujourdhui-un-peuple-travailleur-et-organise-par-mohamed-salah-ben-amor\/","og_site_name":"Culminances","article_published_time":"2015-08-25T13:51:26+00:00","article_modified_time":"2015-08-29T14:04:28+00:00","og_image":[{"width":534,"height":356,"url":"https:\/\/www.masharif.com\/fr\/wp-content\/uploads\/2015\/08\/4399740_7_a249_le-reservoir-de-mequinenza-construit-dans-le_0a7f3eb6395532aa7ddc25d14053e6f2.jpg","type":"image\/jpeg"}],"author":"Mohamed Salah Ben Amor","twitter_card":"summary","twitter_misc":{"\u00c9crit par":"Mohamed Salah Ben Amor","Dur\u00e9e de lecture estim\u00e9e":"2 minutes"},"schema":{"@context":"https:\/\/schema.org","@graph":[{"@type":"WebSite","@id":"https:\/\/www.masharif.com\/fr\/#website","url":"https:\/\/www.masharif.com\/fr\/","name":"Culminances","description":"","potentialAction":[{"@type":"SearchAction","target":{"@type":"EntryPoint","urlTemplate":"https:\/\/www.masharif.com\/fr\/?s={search_term_string}"},"query-input":"required name=search_term_string"}],"inLanguage":"fr-FR"},{"@type":"ImageObject","inLanguage":"fr-FR","@id":"https:\/\/www.masharif.com\/fr\/2015\/08\/25\/les-espagnols-daujourdhui-un-peuple-travailleur-et-organise-par-mohamed-salah-ben-amor\/#primaryimage","url":"https:\/\/www.masharif.com\/fr\/wp-content\/uploads\/2015\/08\/4399740_7_a249_le-reservoir-de-mequinenza-construit-dans-le_0a7f3eb6395532aa7ddc25d14053e6f2.jpg","contentUrl":"https:\/\/www.masharif.com\/fr\/wp-content\/uploads\/2015\/08\/4399740_7_a249_le-reservoir-de-mequinenza-construit-dans-le_0a7f3eb6395532aa7ddc25d14053e6f2.jpg","width":534,"height":356},{"@type":"WebPage","@id":"https:\/\/www.masharif.com\/fr\/2015\/08\/25\/les-espagnols-daujourdhui-un-peuple-travailleur-et-organise-par-mohamed-salah-ben-amor\/","url":"https:\/\/www.masharif.com\/fr\/2015\/08\/25\/les-espagnols-daujourdhui-un-peuple-travailleur-et-organise-par-mohamed-salah-ben-amor\/","name":"Les Espagnols d\u2019aujourd\u2019hui : un peuple travailleur et organis\u00e9 par : Mohamed Salah Ben Amor - Culminances","isPartOf":{"@id":"https:\/\/www.masharif.com\/fr\/#website"},"primaryImageOfPage":{"@id":"https:\/\/www.masharif.com\/fr\/2015\/08\/25\/les-espagnols-daujourdhui-un-peuple-travailleur-et-organise-par-mohamed-salah-ben-amor\/#primaryimage"},"datePublished":"2015-08-25T13:51:26+00:00","dateModified":"2015-08-29T14:04:28+00:00","author":{"@id":"https:\/\/www.masharif.com\/fr\/#\/schema\/person\/839a7026efe9fa825134097c1041e4a0"},"breadcrumb":{"@id":"https:\/\/www.masharif.com\/fr\/2015\/08\/25\/les-espagnols-daujourdhui-un-peuple-travailleur-et-organise-par-mohamed-salah-ben-amor\/#breadcrumb"},"inLanguage":"fr-FR","potentialAction":[{"@type":"ReadAction","target":["https:\/\/www.masharif.com\/fr\/2015\/08\/25\/les-espagnols-daujourdhui-un-peuple-travailleur-et-organise-par-mohamed-salah-ben-amor\/"]}]},{"@type":"BreadcrumbList","@id":"https:\/\/www.masharif.com\/fr\/2015\/08\/25\/les-espagnols-daujourdhui-un-peuple-travailleur-et-organise-par-mohamed-salah-ben-amor\/#breadcrumb","itemListElement":[{"@type":"ListItem","position":1,"name":"Home","item":"https:\/\/www.masharif.com\/fr\/"},{"@type":"ListItem","position":2,"name":"Les Espagnols d\u2019aujourd\u2019hui : un peuple travailleur et organis\u00e9 par : Mohamed Salah Ben Amor"}]},{"@type":"Person","@id":"https:\/\/www.masharif.com\/fr\/#\/schema\/person\/839a7026efe9fa825134097c1041e4a0","name":"Mohamed Salah Ben Amor","image":{"@type":"ImageObject","inLanguage":"fr-FR","@id":"https:\/\/www.masharif.com\/fr\/#\/schema\/person\/image\/","url":"https:\/\/secure.gravatar.com\/avatar\/f64806401ad5ed604ffec2272b19ef46?s=96&d=identicon&r=g","contentUrl":"https:\/\/secure.gravatar.com\/avatar\/f64806401ad5ed604ffec2272b19ef46?s=96&d=identicon&r=g","caption":"Mohamed Salah Ben Amor"},"sameAs":["http:\/\/ben-amor.info"],"url":"https:\/\/www.masharif.com\/fr\/author\/msba\/"}]}},"_links":{"self":[{"href":"https:\/\/www.masharif.com\/fr\/wp-json\/wp\/v2\/posts\/795"}],"collection":[{"href":"https:\/\/www.masharif.com\/fr\/wp-json\/wp\/v2\/posts"}],"about":[{"href":"https:\/\/www.masharif.com\/fr\/wp-json\/wp\/v2\/types\/post"}],"author":[{"embeddable":true,"href":"https:\/\/www.masharif.com\/fr\/wp-json\/wp\/v2\/users\/2"}],"replies":[{"embeddable":true,"href":"https:\/\/www.masharif.com\/fr\/wp-json\/wp\/v2\/comments?post=795"}],"version-history":[{"count":1,"href":"https:\/\/www.masharif.com\/fr\/wp-json\/wp\/v2\/posts\/795\/revisions"}],"predecessor-version":[{"id":799,"href":"https:\/\/www.masharif.com\/fr\/wp-json\/wp\/v2\/posts\/795\/revisions\/799"}],"wp:featuredmedia":[{"embeddable":true,"href":"https:\/\/www.masharif.com\/fr\/wp-json\/wp\/v2\/media\/796"}],"wp:attachment":[{"href":"https:\/\/www.masharif.com\/fr\/wp-json\/wp\/v2\/media?parent=795"}],"wp:term":[{"taxonomy":"category","embeddable":true,"href":"https:\/\/www.masharif.com\/fr\/wp-json\/wp\/v2\/categories?post=795"},{"taxonomy":"post_tag","embeddable":true,"href":"https:\/\/www.masharif.com\/fr\/wp-json\/wp\/v2\/tags?post=795"}],"curies":[{"name":"wp","href":"https:\/\/api.w.org\/{rel}","templated":true}]}}