{"id":7780,"date":"2018-04-07T15:20:28","date_gmt":"2018-04-07T14:20:28","guid":{"rendered":"http:\/\/www.masharif.com\/fr\/?p=7780"},"modified":"2018-04-07T15:20:28","modified_gmt":"2018-04-07T14:20:28","slug":"sois-pastorale-hala-shaar-damas-syrie","status":"publish","type":"post","link":"https:\/\/www.masharif.com\/fr\/2018\/04\/07\/sois-pastorale-hala-shaar-damas-syrie\/","title":{"rendered":"Sois pastorale ! par :Hala Shaar \u2013 Damas &#8211; syrie"},"content":{"rendered":"<div id=\"attachment_7781\" style=\"width: 310px\" class=\"wp-caption alignnone\"><a href=\"http:\/\/www.masharif.com\/fr\/wp-content\/uploads\/2018\/04\/27073368_177056833054805_5117872270392818327_n.jpg\"><img aria-describedby=\"caption-attachment-7781\" loading=\"lazy\" class=\"wp-image-7781 size-medium\" src=\"http:\/\/www.masharif.com\/fr\/wp-content\/uploads\/2018\/04\/27073368_177056833054805_5117872270392818327_n-300x298.jpg\" alt=\"\" width=\"300\" height=\"298\" srcset=\"https:\/\/www.masharif.com\/fr\/wp-content\/uploads\/2018\/04\/27073368_177056833054805_5117872270392818327_n-300x298.jpg 300w, https:\/\/www.masharif.com\/fr\/wp-content\/uploads\/2018\/04\/27073368_177056833054805_5117872270392818327_n-150x150.jpg 150w, https:\/\/www.masharif.com\/fr\/wp-content\/uploads\/2018\/04\/27073368_177056833054805_5117872270392818327_n-55x55.jpg 55w, https:\/\/www.masharif.com\/fr\/wp-content\/uploads\/2018\/04\/27073368_177056833054805_5117872270392818327_n.jpg 668w\" sizes=\"(max-width: 300px) 100vw, 300px\" \/><\/a><p id=\"caption-attachment-7781\" class=\"wp-caption-text\">Hala Shaar<\/p><\/div>\n<p><a href=\"http:\/\/www.masharif.com\/fr\/wp-content\/uploads\/2018\/04\/antique-403599_960_720.jpg\"><img loading=\"lazy\" class=\"alignnone size-medium wp-image-7782\" src=\"http:\/\/www.masharif.com\/fr\/wp-content\/uploads\/2018\/04\/antique-403599_960_720-300x200.jpg\" alt=\"\" width=\"300\" height=\"200\" srcset=\"https:\/\/www.masharif.com\/fr\/wp-content\/uploads\/2018\/04\/antique-403599_960_720-300x200.jpg 300w, https:\/\/www.masharif.com\/fr\/wp-content\/uploads\/2018\/04\/antique-403599_960_720-768x512.jpg 768w, https:\/\/www.masharif.com\/fr\/wp-content\/uploads\/2018\/04\/antique-403599_960_720.jpg 960w\" sizes=\"(max-width: 300px) 100vw, 300px\" \/><\/a><\/p>\n<p>&nbsp;<\/p>\n<p>&nbsp;<\/p>\n<p><strong>Il extrait les esses du c\u0153ur \u00e0 l\u2019aube.<\/strong><\/p>\n<p><strong>Une plume s\u2019entretient avec lui.<\/strong><\/p>\n<p><strong>\u00d4 fils de la lumi\u00e8re,<\/strong><\/p>\n<p><strong>O\u00f9 est le brandon de la passion\u00a0?!!<\/strong><\/p>\n<p><strong>Orph\u00e9e a dompt\u00e9 ta flamme.<\/strong><\/p>\n<p><strong>Les racines froides et humides<\/strong><\/p>\n<p><strong>T\u2019ont offert leur fum\u00e9e \u00e9paisse.<\/strong><\/p>\n<p><strong>Ta fum\u00e9e provient d\u2019une brulure incompl\u00e8te<\/strong><\/p>\n<p><strong>Tes nuages regroup\u00e9s \u00a0autour de tes bornes<\/strong><\/p>\n<p><strong>Ne sont qu\u2019une simple flamme \u00e9teinte et une fum\u00e9e.<\/strong><\/p>\n<p><strong>L\u2019encens de ma caverne suscite des frissons<\/strong><\/p>\n<p><strong>Qui envahissent les bribes de l\u2019\u00e2me<\/strong><\/p>\n<p><strong>Parce que je suis l\u2019\u00e9parpill\u00e9e<\/strong><\/p>\n<p><strong>Dans les coins d\u2019un po\u00e8me,<\/strong><\/p>\n<p><strong>Je suis l\u2019unique autiste tel un phare.<\/strong><\/p>\n<p><strong>Je tra\u00eene mon c\u0153ur derri\u00e8re moi vers ma caverne<\/strong><\/p>\n<p>&nbsp;<\/p>\n<p><strong>L\u00e0 o\u00f9 la voix est sans \u00e9cho<\/strong><\/p>\n<p><strong>L\u00e0 o\u00f9 je suis la cit\u00e9 destin\u00e9e<\/strong><\/p>\n<p><strong>Aux odeurs de cette mort.<\/strong><\/p>\n<p><strong>La mort \u00f4 mon p\u00e8re peut \u00eatre une rime.<\/strong><\/p>\n<p><strong>Elle peut \u00eatre une voile .<\/strong><\/p>\n<p><strong>Je m\u2019adresse \u00e0 toi<\/strong><\/p>\n<p><strong>Pour que je m\u2019entende\u00a0!<\/strong><\/p>\n<p><strong>\u00d4\u00a0 autisme ,<\/strong><\/p>\n<p><strong>Je suis le minaret d\u2019une mosqu\u00e9e d\u00e9molie<\/strong><\/p>\n<p><strong>O\u00f9 le vent appelle \u00e0 la pri\u00e8re aux temps vides.<\/strong><\/p>\n<p><strong>Le tonnerre s\u2019\u00e9parpille dans la soif censur\u00e9e Du c\u0153ur au profit de la douleur.<\/strong><\/p>\n<p><strong>Quel entrave \u00f4 fille de l\u2019\u00e2me\u00a0?<\/strong><\/p>\n<p><strong>O\u00f9 sont l\u2019eau, l\u2019expression ex\u00e9cr\u00e9e et les trous de la fl\u00fbte ferm\u00e9e\u00a0?<\/strong><\/p>\n<p><strong>L\u00e8ve-toi pour te rassembler<\/strong><\/p>\n<p><strong>Et fa\u00e7onne-toi un squelette<\/strong><\/p>\n<p><strong>Avant que les chiens sauvages ne se nourrissent de tes membres \u00e9pars\u00a0!<\/strong><\/p>\n<p><strong>Prends en exemple la veuve noire<\/strong><\/p>\n<p><strong>Monte sur le r\u00e9seau\u00a0!<\/strong><\/p>\n<p><strong>Couvre les provisions de l\u2019hiver\u00a0!<\/strong><\/p>\n<p><strong>Entreprends ta symphonie<\/strong><\/p>\n<p><strong>Et sois pastorale\u00a0!<\/strong><\/p>\n<p>&nbsp;<\/p>\n<p>&nbsp;<\/p>\n<p>&nbsp;<\/p>\n","protected":false},"excerpt":{"rendered":"<p>&nbsp; &nbsp; Il extrait les esses du c\u0153ur \u00e0 l\u2019aube. Une plume s\u2019entretient avec lui. \u00d4 fils de la lumi\u00e8re, O\u00f9 est le brandon de la passion\u00a0?!! Orph\u00e9e a dompt\u00e9 ta flamme. Les racines froides et humides T\u2019ont offert leur fum\u00e9e \u00e9paisse. Ta fum\u00e9e provient d\u2019une brulure incompl\u00e8te Tes nuages regroup\u00e9s \u00a0autour de tes bornes &#8230;<\/p>\n","protected":false},"author":2,"featured_media":7781,"comment_status":"open","ping_status":"open","sticky":false,"template":"","format":"standard","meta":[],"categories":[6],"tags":[],"yoast_head":"<!-- This site is optimized with the Yoast SEO plugin v19.3 - https:\/\/yoast.com\/wordpress\/plugins\/seo\/ -->\n<title>Sois pastorale ! par :Hala Shaar \u2013 Damas - syrie - Culminances<\/title>\n<meta name=\"robots\" content=\"index, follow, max-snippet:-1, max-image-preview:large, max-video-preview:-1\" \/>\n<link rel=\"canonical\" href=\"http:\/\/www.masharif.com\/fr\/2018\/04\/07\/sois-pastorale-hala-shaar-damas-syrie\/\" \/>\n<meta property=\"og:locale\" content=\"fr_FR\" \/>\n<meta property=\"og:type\" content=\"article\" \/>\n<meta property=\"og:title\" content=\"Sois pastorale ! par :Hala Shaar \u2013 Damas - syrie - Culminances\" \/>\n<meta property=\"og:description\" content=\"&nbsp; &nbsp; Il extrait les esses du c\u0153ur \u00e0 l\u2019aube. Une plume s\u2019entretient avec lui. \u00d4 fils de la lumi\u00e8re, O\u00f9 est le brandon de la passion\u00a0?!! Orph\u00e9e a dompt\u00e9 ta flamme. Les racines froides et humides T\u2019ont offert leur fum\u00e9e \u00e9paisse. Ta fum\u00e9e provient d\u2019une brulure incompl\u00e8te Tes nuages regroup\u00e9s \u00a0autour de tes bornes ...\" \/>\n<meta property=\"og:url\" content=\"http:\/\/www.masharif.com\/fr\/2018\/04\/07\/sois-pastorale-hala-shaar-damas-syrie\/\" \/>\n<meta property=\"og:site_name\" content=\"Culminances\" \/>\n<meta property=\"article:published_time\" content=\"2018-04-07T14:20:28+00:00\" \/>\n<meta property=\"og:image\" content=\"http:\/\/www.masharif.com\/fr\/wp-content\/uploads\/2018\/04\/27073368_177056833054805_5117872270392818327_n.jpg\" \/>\n\t<meta property=\"og:image:width\" content=\"668\" \/>\n\t<meta property=\"og:image:height\" content=\"663\" \/>\n\t<meta property=\"og:image:type\" content=\"image\/jpeg\" \/>\n<meta name=\"author\" content=\"Mohamed Salah Ben Amor\" \/>\n<meta name=\"twitter:card\" content=\"summary\" \/>\n<meta name=\"twitter:label1\" content=\"\u00c9crit par\" \/>\n\t<meta name=\"twitter:data1\" content=\"Mohamed Salah Ben Amor\" \/>\n\t<meta name=\"twitter:label2\" content=\"Dur\u00e9e de lecture estim\u00e9e\" \/>\n\t<meta name=\"twitter:data2\" content=\"1 minute\" \/>\n<script type=\"application\/ld+json\" class=\"yoast-schema-graph\">{\"@context\":\"https:\/\/schema.org\",\"@graph\":[{\"@type\":\"WebSite\",\"@id\":\"https:\/\/www.masharif.com\/fr\/#website\",\"url\":\"https:\/\/www.masharif.com\/fr\/\",\"name\":\"Culminances\",\"description\":\"\",\"potentialAction\":[{\"@type\":\"SearchAction\",\"target\":{\"@type\":\"EntryPoint\",\"urlTemplate\":\"https:\/\/www.masharif.com\/fr\/?s={search_term_string}\"},\"query-input\":\"required name=search_term_string\"}],\"inLanguage\":\"fr-FR\"},{\"@type\":\"ImageObject\",\"inLanguage\":\"fr-FR\",\"@id\":\"http:\/\/www.masharif.com\/fr\/2018\/04\/07\/sois-pastorale-hala-shaar-damas-syrie\/#primaryimage\",\"url\":\"https:\/\/www.masharif.com\/fr\/wp-content\/uploads\/2018\/04\/27073368_177056833054805_5117872270392818327_n.jpg\",\"contentUrl\":\"https:\/\/www.masharif.com\/fr\/wp-content\/uploads\/2018\/04\/27073368_177056833054805_5117872270392818327_n.jpg\",\"width\":668,\"height\":663},{\"@type\":\"WebPage\",\"@id\":\"http:\/\/www.masharif.com\/fr\/2018\/04\/07\/sois-pastorale-hala-shaar-damas-syrie\/\",\"url\":\"http:\/\/www.masharif.com\/fr\/2018\/04\/07\/sois-pastorale-hala-shaar-damas-syrie\/\",\"name\":\"Sois pastorale ! par :Hala Shaar \u2013 Damas - syrie - Culminances\",\"isPartOf\":{\"@id\":\"https:\/\/www.masharif.com\/fr\/#website\"},\"primaryImageOfPage\":{\"@id\":\"http:\/\/www.masharif.com\/fr\/2018\/04\/07\/sois-pastorale-hala-shaar-damas-syrie\/#primaryimage\"},\"datePublished\":\"2018-04-07T14:20:28+00:00\",\"dateModified\":\"2018-04-07T14:20:28+00:00\",\"author\":{\"@id\":\"https:\/\/www.masharif.com\/fr\/#\/schema\/person\/839a7026efe9fa825134097c1041e4a0\"},\"breadcrumb\":{\"@id\":\"http:\/\/www.masharif.com\/fr\/2018\/04\/07\/sois-pastorale-hala-shaar-damas-syrie\/#breadcrumb\"},\"inLanguage\":\"fr-FR\",\"potentialAction\":[{\"@type\":\"ReadAction\",\"target\":[\"http:\/\/www.masharif.com\/fr\/2018\/04\/07\/sois-pastorale-hala-shaar-damas-syrie\/\"]}]},{\"@type\":\"BreadcrumbList\",\"@id\":\"http:\/\/www.masharif.com\/fr\/2018\/04\/07\/sois-pastorale-hala-shaar-damas-syrie\/#breadcrumb\",\"itemListElement\":[{\"@type\":\"ListItem\",\"position\":1,\"name\":\"Home\",\"item\":\"https:\/\/www.masharif.com\/fr\/\"},{\"@type\":\"ListItem\",\"position\":2,\"name\":\"Sois pastorale ! par :Hala Shaar \u2013 Damas &#8211; syrie\"}]},{\"@type\":\"Person\",\"@id\":\"https:\/\/www.masharif.com\/fr\/#\/schema\/person\/839a7026efe9fa825134097c1041e4a0\",\"name\":\"Mohamed Salah Ben Amor\",\"image\":{\"@type\":\"ImageObject\",\"inLanguage\":\"fr-FR\",\"@id\":\"https:\/\/www.masharif.com\/fr\/#\/schema\/person\/image\/\",\"url\":\"https:\/\/secure.gravatar.com\/avatar\/f64806401ad5ed604ffec2272b19ef46?s=96&d=identicon&r=g\",\"contentUrl\":\"https:\/\/secure.gravatar.com\/avatar\/f64806401ad5ed604ffec2272b19ef46?s=96&d=identicon&r=g\",\"caption\":\"Mohamed Salah Ben Amor\"},\"sameAs\":[\"http:\/\/ben-amor.info\"],\"url\":\"https:\/\/www.masharif.com\/fr\/author\/msba\/\"}]}<\/script>\n<!-- \/ Yoast SEO plugin. -->","yoast_head_json":{"title":"Sois pastorale ! par :Hala Shaar \u2013 Damas - syrie - Culminances","robots":{"index":"index","follow":"follow","max-snippet":"max-snippet:-1","max-image-preview":"max-image-preview:large","max-video-preview":"max-video-preview:-1"},"canonical":"http:\/\/www.masharif.com\/fr\/2018\/04\/07\/sois-pastorale-hala-shaar-damas-syrie\/","og_locale":"fr_FR","og_type":"article","og_title":"Sois pastorale ! par :Hala Shaar \u2013 Damas - syrie - Culminances","og_description":"&nbsp; &nbsp; Il extrait les esses du c\u0153ur \u00e0 l\u2019aube. Une plume s\u2019entretient avec lui. \u00d4 fils de la lumi\u00e8re, O\u00f9 est le brandon de la passion\u00a0?!! Orph\u00e9e a dompt\u00e9 ta flamme. Les racines froides et humides T\u2019ont offert leur fum\u00e9e \u00e9paisse. Ta fum\u00e9e provient d\u2019une brulure incompl\u00e8te Tes nuages regroup\u00e9s \u00a0autour de tes bornes ...","og_url":"http:\/\/www.masharif.com\/fr\/2018\/04\/07\/sois-pastorale-hala-shaar-damas-syrie\/","og_site_name":"Culminances","article_published_time":"2018-04-07T14:20:28+00:00","og_image":[{"width":668,"height":663,"url":"http:\/\/www.masharif.com\/fr\/wp-content\/uploads\/2018\/04\/27073368_177056833054805_5117872270392818327_n.jpg","type":"image\/jpeg"}],"author":"Mohamed Salah Ben Amor","twitter_card":"summary","twitter_misc":{"\u00c9crit par":"Mohamed Salah Ben Amor","Dur\u00e9e de lecture estim\u00e9e":"1 minute"},"schema":{"@context":"https:\/\/schema.org","@graph":[{"@type":"WebSite","@id":"https:\/\/www.masharif.com\/fr\/#website","url":"https:\/\/www.masharif.com\/fr\/","name":"Culminances","description":"","potentialAction":[{"@type":"SearchAction","target":{"@type":"EntryPoint","urlTemplate":"https:\/\/www.masharif.com\/fr\/?s={search_term_string}"},"query-input":"required name=search_term_string"}],"inLanguage":"fr-FR"},{"@type":"ImageObject","inLanguage":"fr-FR","@id":"http:\/\/www.masharif.com\/fr\/2018\/04\/07\/sois-pastorale-hala-shaar-damas-syrie\/#primaryimage","url":"https:\/\/www.masharif.com\/fr\/wp-content\/uploads\/2018\/04\/27073368_177056833054805_5117872270392818327_n.jpg","contentUrl":"https:\/\/www.masharif.com\/fr\/wp-content\/uploads\/2018\/04\/27073368_177056833054805_5117872270392818327_n.jpg","width":668,"height":663},{"@type":"WebPage","@id":"http:\/\/www.masharif.com\/fr\/2018\/04\/07\/sois-pastorale-hala-shaar-damas-syrie\/","url":"http:\/\/www.masharif.com\/fr\/2018\/04\/07\/sois-pastorale-hala-shaar-damas-syrie\/","name":"Sois pastorale ! par :Hala Shaar \u2013 Damas - syrie - Culminances","isPartOf":{"@id":"https:\/\/www.masharif.com\/fr\/#website"},"primaryImageOfPage":{"@id":"http:\/\/www.masharif.com\/fr\/2018\/04\/07\/sois-pastorale-hala-shaar-damas-syrie\/#primaryimage"},"datePublished":"2018-04-07T14:20:28+00:00","dateModified":"2018-04-07T14:20:28+00:00","author":{"@id":"https:\/\/www.masharif.com\/fr\/#\/schema\/person\/839a7026efe9fa825134097c1041e4a0"},"breadcrumb":{"@id":"http:\/\/www.masharif.com\/fr\/2018\/04\/07\/sois-pastorale-hala-shaar-damas-syrie\/#breadcrumb"},"inLanguage":"fr-FR","potentialAction":[{"@type":"ReadAction","target":["http:\/\/www.masharif.com\/fr\/2018\/04\/07\/sois-pastorale-hala-shaar-damas-syrie\/"]}]},{"@type":"BreadcrumbList","@id":"http:\/\/www.masharif.com\/fr\/2018\/04\/07\/sois-pastorale-hala-shaar-damas-syrie\/#breadcrumb","itemListElement":[{"@type":"ListItem","position":1,"name":"Home","item":"https:\/\/www.masharif.com\/fr\/"},{"@type":"ListItem","position":2,"name":"Sois pastorale ! par :Hala Shaar \u2013 Damas &#8211; syrie"}]},{"@type":"Person","@id":"https:\/\/www.masharif.com\/fr\/#\/schema\/person\/839a7026efe9fa825134097c1041e4a0","name":"Mohamed Salah Ben Amor","image":{"@type":"ImageObject","inLanguage":"fr-FR","@id":"https:\/\/www.masharif.com\/fr\/#\/schema\/person\/image\/","url":"https:\/\/secure.gravatar.com\/avatar\/f64806401ad5ed604ffec2272b19ef46?s=96&d=identicon&r=g","contentUrl":"https:\/\/secure.gravatar.com\/avatar\/f64806401ad5ed604ffec2272b19ef46?s=96&d=identicon&r=g","caption":"Mohamed Salah Ben Amor"},"sameAs":["http:\/\/ben-amor.info"],"url":"https:\/\/www.masharif.com\/fr\/author\/msba\/"}]}},"_links":{"self":[{"href":"https:\/\/www.masharif.com\/fr\/wp-json\/wp\/v2\/posts\/7780"}],"collection":[{"href":"https:\/\/www.masharif.com\/fr\/wp-json\/wp\/v2\/posts"}],"about":[{"href":"https:\/\/www.masharif.com\/fr\/wp-json\/wp\/v2\/types\/post"}],"author":[{"embeddable":true,"href":"https:\/\/www.masharif.com\/fr\/wp-json\/wp\/v2\/users\/2"}],"replies":[{"embeddable":true,"href":"https:\/\/www.masharif.com\/fr\/wp-json\/wp\/v2\/comments?post=7780"}],"version-history":[{"count":1,"href":"https:\/\/www.masharif.com\/fr\/wp-json\/wp\/v2\/posts\/7780\/revisions"}],"predecessor-version":[{"id":7783,"href":"https:\/\/www.masharif.com\/fr\/wp-json\/wp\/v2\/posts\/7780\/revisions\/7783"}],"wp:featuredmedia":[{"embeddable":true,"href":"https:\/\/www.masharif.com\/fr\/wp-json\/wp\/v2\/media\/7781"}],"wp:attachment":[{"href":"https:\/\/www.masharif.com\/fr\/wp-json\/wp\/v2\/media?parent=7780"}],"wp:term":[{"taxonomy":"category","embeddable":true,"href":"https:\/\/www.masharif.com\/fr\/wp-json\/wp\/v2\/categories?post=7780"},{"taxonomy":"post_tag","embeddable":true,"href":"https:\/\/www.masharif.com\/fr\/wp-json\/wp\/v2\/tags?post=7780"}],"curies":[{"name":"wp","href":"https:\/\/api.w.org\/{rel}","templated":true}]}}