{"id":7630,"date":"2018-03-26T19:55:43","date_gmt":"2018-03-26T18:55:43","guid":{"rendered":"http:\/\/www.masharif.com\/fr\/?p=7630"},"modified":"2018-03-26T20:28:46","modified_gmt":"2018-03-26T19:28:46","slug":"archives-commentaires-poetiques-de-mohamed-salah-ben-amor-3-poemes-recits-de-patricia-laranco-3-8-silence","status":"publish","type":"post","link":"https:\/\/www.masharif.com\/fr\/2018\/03\/26\/archives-commentaires-poetiques-de-mohamed-salah-ben-amor-3-poemes-recits-de-patricia-laranco-3-8-silence\/","title":{"rendered":"Les archives des commentaires po\u00e9tiques de Mohamed Salah Ben Amor :3 -Les po\u00e8mes et les r\u00e9cits de Patricia Laranco :3-8 :Le silence"},"content":{"rendered":"<div id=\"attachment_7386\" style=\"width: 210px\" class=\"wp-caption alignnone\"><a href=\"http:\/\/www.masharif.com\/fr\/wp-content\/uploads\/2018\/03\/index-2.jpg\"><img aria-describedby=\"caption-attachment-7386\" loading=\"lazy\" class=\"wp-image-7386 size-medium\" src=\"http:\/\/www.masharif.com\/fr\/wp-content\/uploads\/2018\/03\/index-2-200x300.jpg\" alt=\"\" width=\"200\" height=\"300\" srcset=\"https:\/\/www.masharif.com\/fr\/wp-content\/uploads\/2018\/03\/index-2-200x300.jpg 200w, https:\/\/www.masharif.com\/fr\/wp-content\/uploads\/2018\/03\/index-2.jpg 440w\" sizes=\"(max-width: 200px) 100vw, 200px\" \/><\/a><p id=\"caption-attachment-7386\" class=\"wp-caption-text\">Patricia Laranco<\/p><\/div>\n<p><a href=\"http:\/\/www.masharif.com\/fr\/wp-content\/uploads\/2018\/03\/night-3115977_960_720.jpg\"><img loading=\"lazy\" class=\"alignnone size-medium wp-image-7631\" src=\"http:\/\/www.masharif.com\/fr\/wp-content\/uploads\/2018\/03\/night-3115977_960_720-300x200.jpg\" alt=\"\" width=\"300\" height=\"200\" srcset=\"https:\/\/www.masharif.com\/fr\/wp-content\/uploads\/2018\/03\/night-3115977_960_720-300x200.jpg 300w, https:\/\/www.masharif.com\/fr\/wp-content\/uploads\/2018\/03\/night-3115977_960_720-768x512.jpg 768w, https:\/\/www.masharif.com\/fr\/wp-content\/uploads\/2018\/03\/night-3115977_960_720.jpg 960w\" sizes=\"(max-width: 300px) 100vw, 300px\" \/><\/a><\/p>\n<p>&nbsp;<\/p>\n<p><strong>Le silence, qui a des profondeurs d&#8217;humus&#8230;des \u00e9paisseurs o\u00f9 s&#8217;ensevelissent les jours et les souvenirs<\/strong><\/p>\n<p><strong>Des senteurs fortes et mac\u00e9r\u00e9es de champs, de terre, de lisi\u00e8res de bois et de seuil ouvert sur les vents.<\/strong><\/p>\n<p><strong>Le silence et son pouvoir de coaguler, de tasser, de niveler&#8230;de tout accueillir dans son globule, dans son m\u00e9tabolisme.<\/strong><\/p>\n<p><strong>Le silence. Point d&#8217;orgue. Et point d&#8217;intersection. Entre le pass\u00e9 rameut\u00e9 et le pr\u00e9sent informe.<\/strong><\/p>\n<p><strong>Le silence.<\/strong><\/p>\n<p><strong>Ce petit coussin feutr\u00e9, gris. Sur lequel on vient s&#8217;endormir, poser sa joue.<\/strong><\/p>\n<p><strong>Le silence. Narcotique.<\/strong><\/p>\n<p><strong>Ce s\u00e9diment. Ce d\u00e9p\u00f4t strate apr\u00e8s strate.<\/strong><\/p>\n<p><strong>Ce varech mou.<\/strong><\/p>\n<p><strong>Cette gel\u00e9e qui vous d\u00e9pose sur des gr\u00e8ves o\u00f9 prend enfin son sens l&#8217;\u00e9paisseur d&#8217;une vie.<\/strong><\/p>\n<p><strong>Le silence. Arr\u00eat\u00e9.<\/strong><\/p>\n<p><strong>Sa stase qui renoue.<\/strong><\/p>\n<p><strong>Son havre de d\u00e9cantation o\u00f9 l&#8217;essentiel, seul, \u00e9merge du tamis, et vous fait sourire&#8230;<br \/>\n<\/strong><\/p>\n<p><strong>\u00a0<\/strong><\/p>\n<p>La signification du silence a toujours constitu\u00e9 un point de divergence entre les penseurs et les philosophes. Si pour Pindare (po\u00e8te grec mort en 438), il est le plus haut degr\u00e9 de la sagesse, Bernard Shaw (homme de lettres irlandais mort en \u00a01950) voyait en lui l&#8217;expression la plus parfaite du m\u00e9pris. Il y en a m\u00eame qui ont \u00e9tabli un lien entre le sens de ce ph\u00e9nom\u00e8ne n\u00e9gatif du point de vue de la physique, \u00e9tant donn\u00e9 qu\u2019il se d\u00e9finit comme l\u2019absence de son contraire le bruit qui existe mat\u00e9riellement, \u00a0\u00a0et chacun des deux sexes, pr\u00e9tendant de la sorte comme Pierre Daninos (\u00e9crivain fran\u00e7ais mort en 2005) qu\u2019il est la seule chose en or que les femmes d\u00e9testent. Ce qui veut dire qu\u2019il est au contraire \u00a0pour les m\u00e2les d\u2019une grande valeur. C\u2019est avec ces id\u00e9es brouill\u00e9es que le lecteur de ce po\u00e8me\u00a0 essaie d\u2019appr\u00e9hender la conception propre du silence chez notre po\u00e9tesse qui nous a habitu\u00e9s \u00e0 sortir des sentiers battus.Et du coup, nous constatons que la th\u00e8se de Pierre Daninos est fausse. En effet, \u00a0l\u2019auteure, guid\u00e9e \u00a0par son intuition effil\u00e9e et sa sensibilit\u00e9 extr\u00eame p\u00e9n\u00e8tre au fin fond du silence, \u00a0le d\u00e9crit de l\u2019int\u00e9rieur pour en \u00a0tirer \u00e0 la fin \u00a0la quintessence \u00a0et la mat\u00e9rialiser sous forme d\u2019images \u00a0concr\u00e8tes \u00a0soit visuelles (<strong>Le silence, qui a des profondeurs d&#8217;humus&#8230;des \u00e9paisseurs o\u00f9 s&#8217;ensevelissent les jours et les souvenirs \u00a0&#8211; Ce petit coussin feutr\u00e9, gris. Sur lequel on vient s&#8217;endormir, poser sa joue<\/strong>) soit \u00a0auditives (<strong>point d\u2019orgue<\/strong>) \u00a0ou m\u00eame\u00a0 olfactives (<strong>des senteurs fortes et<\/strong> <strong>mac\u00e9r\u00e9es de champs, de terre, de lisi\u00e8res de bois et de seuil ouvert sur les vents<\/strong>) tout en guettant ses moindres mouvements invisibles (<strong>coaguler, de tasse<\/strong>r, de niveler&#8230;de tout accueillir dans son globule, dans son m\u00e9tabolisme) et le situant avec une grande pr\u00e9cision\u00a0(<strong>Et point d&#8217;intersection. Entre le pass\u00e9 rameut\u00e9 et le pr\u00e9sent informe<\/strong>). Un texte concis mais tr\u00e8s condens\u00e9 et extr\u00eamement profond.<\/p>\n<p>&nbsp;<\/p>\n","protected":false},"excerpt":{"rendered":"<p>&nbsp; Le silence, qui a des profondeurs d&#8217;humus&#8230;des \u00e9paisseurs o\u00f9 s&#8217;ensevelissent les jours et les souvenirs Des senteurs fortes et mac\u00e9r\u00e9es de champs, de terre, de lisi\u00e8res de bois et de seuil ouvert sur les vents. Le silence et son pouvoir de coaguler, de tasser, de niveler&#8230;de tout accueillir dans son globule, dans son m\u00e9tabolisme. &#8230;<\/p>\n","protected":false},"author":2,"featured_media":7386,"comment_status":"open","ping_status":"open","sticky":false,"template":"","format":"standard","meta":[],"categories":[8],"tags":[],"yoast_head":"<!-- This site is optimized with the Yoast SEO plugin v19.3 - https:\/\/yoast.com\/wordpress\/plugins\/seo\/ -->\n<title>Les archives des commentaires po\u00e9tiques de Mohamed Salah Ben Amor :3 -Les po\u00e8mes et les r\u00e9cits de Patricia Laranco :3-8 :Le silence - Culminances<\/title>\n<meta name=\"robots\" content=\"index, follow, max-snippet:-1, max-image-preview:large, max-video-preview:-1\" \/>\n<link rel=\"canonical\" href=\"https:\/\/www.masharif.com\/fr\/2018\/03\/26\/archives-commentaires-poetiques-de-mohamed-salah-ben-amor-3-poemes-recits-de-patricia-laranco-3-8-silence\/\" \/>\n<meta property=\"og:locale\" content=\"fr_FR\" \/>\n<meta property=\"og:type\" content=\"article\" \/>\n<meta property=\"og:title\" content=\"Les archives des commentaires po\u00e9tiques de Mohamed Salah Ben Amor :3 -Les po\u00e8mes et les r\u00e9cits de Patricia Laranco :3-8 :Le silence - Culminances\" \/>\n<meta property=\"og:description\" content=\"&nbsp; Le silence, qui a des profondeurs d&#8217;humus&#8230;des \u00e9paisseurs o\u00f9 s&#8217;ensevelissent les jours et les souvenirs Des senteurs fortes et mac\u00e9r\u00e9es de champs, de terre, de lisi\u00e8res de bois et de seuil ouvert sur les vents. Le silence et son pouvoir de coaguler, de tasser, de niveler&#8230;de tout accueillir dans son globule, dans son m\u00e9tabolisme. ...\" \/>\n<meta property=\"og:url\" content=\"https:\/\/www.masharif.com\/fr\/2018\/03\/26\/archives-commentaires-poetiques-de-mohamed-salah-ben-amor-3-poemes-recits-de-patricia-laranco-3-8-silence\/\" \/>\n<meta property=\"og:site_name\" content=\"Culminances\" \/>\n<meta property=\"article:published_time\" content=\"2018-03-26T18:55:43+00:00\" \/>\n<meta property=\"article:modified_time\" content=\"2018-03-26T19:28:46+00:00\" \/>\n<meta property=\"og:image\" content=\"https:\/\/www.masharif.com\/fr\/wp-content\/uploads\/2018\/03\/index-2.jpg\" \/>\n\t<meta property=\"og:image:width\" content=\"440\" \/>\n\t<meta property=\"og:image:height\" content=\"660\" \/>\n\t<meta property=\"og:image:type\" content=\"image\/jpeg\" \/>\n<meta name=\"author\" content=\"Mohamed Salah Ben Amor\" \/>\n<meta name=\"twitter:card\" content=\"summary\" \/>\n<meta name=\"twitter:label1\" content=\"\u00c9crit par\" \/>\n\t<meta name=\"twitter:data1\" content=\"Mohamed Salah Ben Amor\" \/>\n\t<meta name=\"twitter:label2\" content=\"Dur\u00e9e de lecture estim\u00e9e\" \/>\n\t<meta name=\"twitter:data2\" content=\"3 minutes\" \/>\n<script type=\"application\/ld+json\" class=\"yoast-schema-graph\">{\"@context\":\"https:\/\/schema.org\",\"@graph\":[{\"@type\":\"WebSite\",\"@id\":\"https:\/\/www.masharif.com\/fr\/#website\",\"url\":\"https:\/\/www.masharif.com\/fr\/\",\"name\":\"Culminances\",\"description\":\"\",\"potentialAction\":[{\"@type\":\"SearchAction\",\"target\":{\"@type\":\"EntryPoint\",\"urlTemplate\":\"https:\/\/www.masharif.com\/fr\/?s={search_term_string}\"},\"query-input\":\"required name=search_term_string\"}],\"inLanguage\":\"fr-FR\"},{\"@type\":\"ImageObject\",\"inLanguage\":\"fr-FR\",\"@id\":\"https:\/\/www.masharif.com\/fr\/2018\/03\/26\/archives-commentaires-poetiques-de-mohamed-salah-ben-amor-3-poemes-recits-de-patricia-laranco-3-8-silence\/#primaryimage\",\"url\":\"https:\/\/www.masharif.com\/fr\/wp-content\/uploads\/2018\/03\/index-2.jpg\",\"contentUrl\":\"https:\/\/www.masharif.com\/fr\/wp-content\/uploads\/2018\/03\/index-2.jpg\",\"width\":440,\"height\":660},{\"@type\":\"WebPage\",\"@id\":\"https:\/\/www.masharif.com\/fr\/2018\/03\/26\/archives-commentaires-poetiques-de-mohamed-salah-ben-amor-3-poemes-recits-de-patricia-laranco-3-8-silence\/\",\"url\":\"https:\/\/www.masharif.com\/fr\/2018\/03\/26\/archives-commentaires-poetiques-de-mohamed-salah-ben-amor-3-poemes-recits-de-patricia-laranco-3-8-silence\/\",\"name\":\"Les archives des commentaires po\u00e9tiques de Mohamed Salah Ben Amor :3 -Les po\u00e8mes et les r\u00e9cits de Patricia Laranco :3-8 :Le silence - Culminances\",\"isPartOf\":{\"@id\":\"https:\/\/www.masharif.com\/fr\/#website\"},\"primaryImageOfPage\":{\"@id\":\"https:\/\/www.masharif.com\/fr\/2018\/03\/26\/archives-commentaires-poetiques-de-mohamed-salah-ben-amor-3-poemes-recits-de-patricia-laranco-3-8-silence\/#primaryimage\"},\"datePublished\":\"2018-03-26T18:55:43+00:00\",\"dateModified\":\"2018-03-26T19:28:46+00:00\",\"author\":{\"@id\":\"https:\/\/www.masharif.com\/fr\/#\/schema\/person\/839a7026efe9fa825134097c1041e4a0\"},\"breadcrumb\":{\"@id\":\"https:\/\/www.masharif.com\/fr\/2018\/03\/26\/archives-commentaires-poetiques-de-mohamed-salah-ben-amor-3-poemes-recits-de-patricia-laranco-3-8-silence\/#breadcrumb\"},\"inLanguage\":\"fr-FR\",\"potentialAction\":[{\"@type\":\"ReadAction\",\"target\":[\"https:\/\/www.masharif.com\/fr\/2018\/03\/26\/archives-commentaires-poetiques-de-mohamed-salah-ben-amor-3-poemes-recits-de-patricia-laranco-3-8-silence\/\"]}]},{\"@type\":\"BreadcrumbList\",\"@id\":\"https:\/\/www.masharif.com\/fr\/2018\/03\/26\/archives-commentaires-poetiques-de-mohamed-salah-ben-amor-3-poemes-recits-de-patricia-laranco-3-8-silence\/#breadcrumb\",\"itemListElement\":[{\"@type\":\"ListItem\",\"position\":1,\"name\":\"Home\",\"item\":\"https:\/\/www.masharif.com\/fr\/\"},{\"@type\":\"ListItem\",\"position\":2,\"name\":\"Les archives des commentaires po\u00e9tiques de Mohamed Salah Ben Amor :3 -Les po\u00e8mes et les r\u00e9cits de Patricia Laranco :3-8 :Le silence\"}]},{\"@type\":\"Person\",\"@id\":\"https:\/\/www.masharif.com\/fr\/#\/schema\/person\/839a7026efe9fa825134097c1041e4a0\",\"name\":\"Mohamed Salah Ben Amor\",\"image\":{\"@type\":\"ImageObject\",\"inLanguage\":\"fr-FR\",\"@id\":\"https:\/\/www.masharif.com\/fr\/#\/schema\/person\/image\/\",\"url\":\"https:\/\/secure.gravatar.com\/avatar\/f64806401ad5ed604ffec2272b19ef46?s=96&d=identicon&r=g\",\"contentUrl\":\"https:\/\/secure.gravatar.com\/avatar\/f64806401ad5ed604ffec2272b19ef46?s=96&d=identicon&r=g\",\"caption\":\"Mohamed Salah Ben Amor\"},\"sameAs\":[\"http:\/\/ben-amor.info\"],\"url\":\"https:\/\/www.masharif.com\/fr\/author\/msba\/\"}]}<\/script>\n<!-- \/ Yoast SEO plugin. -->","yoast_head_json":{"title":"Les archives des commentaires po\u00e9tiques de Mohamed Salah Ben Amor :3 -Les po\u00e8mes et les r\u00e9cits de Patricia Laranco :3-8 :Le silence - Culminances","robots":{"index":"index","follow":"follow","max-snippet":"max-snippet:-1","max-image-preview":"max-image-preview:large","max-video-preview":"max-video-preview:-1"},"canonical":"https:\/\/www.masharif.com\/fr\/2018\/03\/26\/archives-commentaires-poetiques-de-mohamed-salah-ben-amor-3-poemes-recits-de-patricia-laranco-3-8-silence\/","og_locale":"fr_FR","og_type":"article","og_title":"Les archives des commentaires po\u00e9tiques de Mohamed Salah Ben Amor :3 -Les po\u00e8mes et les r\u00e9cits de Patricia Laranco :3-8 :Le silence - Culminances","og_description":"&nbsp; Le silence, qui a des profondeurs d&#8217;humus&#8230;des \u00e9paisseurs o\u00f9 s&#8217;ensevelissent les jours et les souvenirs Des senteurs fortes et mac\u00e9r\u00e9es de champs, de terre, de lisi\u00e8res de bois et de seuil ouvert sur les vents. Le silence et son pouvoir de coaguler, de tasser, de niveler&#8230;de tout accueillir dans son globule, dans son m\u00e9tabolisme. ...","og_url":"https:\/\/www.masharif.com\/fr\/2018\/03\/26\/archives-commentaires-poetiques-de-mohamed-salah-ben-amor-3-poemes-recits-de-patricia-laranco-3-8-silence\/","og_site_name":"Culminances","article_published_time":"2018-03-26T18:55:43+00:00","article_modified_time":"2018-03-26T19:28:46+00:00","og_image":[{"width":440,"height":660,"url":"https:\/\/www.masharif.com\/fr\/wp-content\/uploads\/2018\/03\/index-2.jpg","type":"image\/jpeg"}],"author":"Mohamed Salah Ben Amor","twitter_card":"summary","twitter_misc":{"\u00c9crit par":"Mohamed Salah Ben Amor","Dur\u00e9e de lecture estim\u00e9e":"3 minutes"},"schema":{"@context":"https:\/\/schema.org","@graph":[{"@type":"WebSite","@id":"https:\/\/www.masharif.com\/fr\/#website","url":"https:\/\/www.masharif.com\/fr\/","name":"Culminances","description":"","potentialAction":[{"@type":"SearchAction","target":{"@type":"EntryPoint","urlTemplate":"https:\/\/www.masharif.com\/fr\/?s={search_term_string}"},"query-input":"required name=search_term_string"}],"inLanguage":"fr-FR"},{"@type":"ImageObject","inLanguage":"fr-FR","@id":"https:\/\/www.masharif.com\/fr\/2018\/03\/26\/archives-commentaires-poetiques-de-mohamed-salah-ben-amor-3-poemes-recits-de-patricia-laranco-3-8-silence\/#primaryimage","url":"https:\/\/www.masharif.com\/fr\/wp-content\/uploads\/2018\/03\/index-2.jpg","contentUrl":"https:\/\/www.masharif.com\/fr\/wp-content\/uploads\/2018\/03\/index-2.jpg","width":440,"height":660},{"@type":"WebPage","@id":"https:\/\/www.masharif.com\/fr\/2018\/03\/26\/archives-commentaires-poetiques-de-mohamed-salah-ben-amor-3-poemes-recits-de-patricia-laranco-3-8-silence\/","url":"https:\/\/www.masharif.com\/fr\/2018\/03\/26\/archives-commentaires-poetiques-de-mohamed-salah-ben-amor-3-poemes-recits-de-patricia-laranco-3-8-silence\/","name":"Les archives des commentaires po\u00e9tiques de Mohamed Salah Ben Amor :3 -Les po\u00e8mes et les r\u00e9cits de Patricia Laranco :3-8 :Le silence - Culminances","isPartOf":{"@id":"https:\/\/www.masharif.com\/fr\/#website"},"primaryImageOfPage":{"@id":"https:\/\/www.masharif.com\/fr\/2018\/03\/26\/archives-commentaires-poetiques-de-mohamed-salah-ben-amor-3-poemes-recits-de-patricia-laranco-3-8-silence\/#primaryimage"},"datePublished":"2018-03-26T18:55:43+00:00","dateModified":"2018-03-26T19:28:46+00:00","author":{"@id":"https:\/\/www.masharif.com\/fr\/#\/schema\/person\/839a7026efe9fa825134097c1041e4a0"},"breadcrumb":{"@id":"https:\/\/www.masharif.com\/fr\/2018\/03\/26\/archives-commentaires-poetiques-de-mohamed-salah-ben-amor-3-poemes-recits-de-patricia-laranco-3-8-silence\/#breadcrumb"},"inLanguage":"fr-FR","potentialAction":[{"@type":"ReadAction","target":["https:\/\/www.masharif.com\/fr\/2018\/03\/26\/archives-commentaires-poetiques-de-mohamed-salah-ben-amor-3-poemes-recits-de-patricia-laranco-3-8-silence\/"]}]},{"@type":"BreadcrumbList","@id":"https:\/\/www.masharif.com\/fr\/2018\/03\/26\/archives-commentaires-poetiques-de-mohamed-salah-ben-amor-3-poemes-recits-de-patricia-laranco-3-8-silence\/#breadcrumb","itemListElement":[{"@type":"ListItem","position":1,"name":"Home","item":"https:\/\/www.masharif.com\/fr\/"},{"@type":"ListItem","position":2,"name":"Les archives des commentaires po\u00e9tiques de Mohamed Salah Ben Amor :3 -Les po\u00e8mes et les r\u00e9cits de Patricia Laranco :3-8 :Le silence"}]},{"@type":"Person","@id":"https:\/\/www.masharif.com\/fr\/#\/schema\/person\/839a7026efe9fa825134097c1041e4a0","name":"Mohamed Salah Ben Amor","image":{"@type":"ImageObject","inLanguage":"fr-FR","@id":"https:\/\/www.masharif.com\/fr\/#\/schema\/person\/image\/","url":"https:\/\/secure.gravatar.com\/avatar\/f64806401ad5ed604ffec2272b19ef46?s=96&d=identicon&r=g","contentUrl":"https:\/\/secure.gravatar.com\/avatar\/f64806401ad5ed604ffec2272b19ef46?s=96&d=identicon&r=g","caption":"Mohamed Salah Ben Amor"},"sameAs":["http:\/\/ben-amor.info"],"url":"https:\/\/www.masharif.com\/fr\/author\/msba\/"}]}},"_links":{"self":[{"href":"https:\/\/www.masharif.com\/fr\/wp-json\/wp\/v2\/posts\/7630"}],"collection":[{"href":"https:\/\/www.masharif.com\/fr\/wp-json\/wp\/v2\/posts"}],"about":[{"href":"https:\/\/www.masharif.com\/fr\/wp-json\/wp\/v2\/types\/post"}],"author":[{"embeddable":true,"href":"https:\/\/www.masharif.com\/fr\/wp-json\/wp\/v2\/users\/2"}],"replies":[{"embeddable":true,"href":"https:\/\/www.masharif.com\/fr\/wp-json\/wp\/v2\/comments?post=7630"}],"version-history":[{"count":2,"href":"https:\/\/www.masharif.com\/fr\/wp-json\/wp\/v2\/posts\/7630\/revisions"}],"predecessor-version":[{"id":7633,"href":"https:\/\/www.masharif.com\/fr\/wp-json\/wp\/v2\/posts\/7630\/revisions\/7633"}],"wp:featuredmedia":[{"embeddable":true,"href":"https:\/\/www.masharif.com\/fr\/wp-json\/wp\/v2\/media\/7386"}],"wp:attachment":[{"href":"https:\/\/www.masharif.com\/fr\/wp-json\/wp\/v2\/media?parent=7630"}],"wp:term":[{"taxonomy":"category","embeddable":true,"href":"https:\/\/www.masharif.com\/fr\/wp-json\/wp\/v2\/categories?post=7630"},{"taxonomy":"post_tag","embeddable":true,"href":"https:\/\/www.masharif.com\/fr\/wp-json\/wp\/v2\/tags?post=7630"}],"curies":[{"name":"wp","href":"https:\/\/api.w.org\/{rel}","templated":true}]}}