{"id":7450,"date":"2018-03-14T16:57:44","date_gmt":"2018-03-14T15:57:44","guid":{"rendered":"http:\/\/www.masharif.com\/fr\/?p=7450"},"modified":"2018-03-14T16:58:42","modified_gmt":"2018-03-14T15:58:42","slug":"archives-commentaires-poetiques-de-mohamed-salah-ben-amor-4-poemes-de-calli-mondesir-4-1-mal-temps-durs","status":"publish","type":"post","link":"https:\/\/www.masharif.com\/fr\/2018\/03\/14\/archives-commentaires-poetiques-de-mohamed-salah-ben-amor-4-poemes-de-calli-mondesir-4-1-mal-temps-durs\/","title":{"rendered":"Les archives des commentaires po\u00e9tiques de Mohamed Salah Ben Amor : 4 &#8211; Les po\u00e8mes de  Calli Mond\u00e9sir: 4-2 : Mal en temps durs"},"content":{"rendered":"<div id=\"attachment_7418\" style=\"width: 310px\" class=\"wp-caption alignnone\"><a href=\"http:\/\/www.masharif.com\/fr\/wp-content\/uploads\/2018\/03\/20476186_1577569142287721_991623535661286111_n.jpg\"><img aria-describedby=\"caption-attachment-7418\" loading=\"lazy\" class=\"wp-image-7418 size-medium\" src=\"http:\/\/www.masharif.com\/fr\/wp-content\/uploads\/2018\/03\/20476186_1577569142287721_991623535661286111_n-300x300.jpg\" alt=\"\" width=\"300\" height=\"300\" srcset=\"https:\/\/www.masharif.com\/fr\/wp-content\/uploads\/2018\/03\/20476186_1577569142287721_991623535661286111_n-300x300.jpg 300w, https:\/\/www.masharif.com\/fr\/wp-content\/uploads\/2018\/03\/20476186_1577569142287721_991623535661286111_n-150x150.jpg 150w, https:\/\/www.masharif.com\/fr\/wp-content\/uploads\/2018\/03\/20476186_1577569142287721_991623535661286111_n-55x55.jpg 55w, https:\/\/www.masharif.com\/fr\/wp-content\/uploads\/2018\/03\/20476186_1577569142287721_991623535661286111_n.jpg 540w\" sizes=\"(max-width: 300px) 100vw, 300px\" \/><\/a><p id=\"caption-attachment-7418\" class=\"wp-caption-text\">Calli Mond\u00e9sir<\/p><\/div>\n<p>&nbsp;<\/p>\n<p><strong>La sueur est en crue<\/strong><\/p>\n<p><strong>Sur le visage des cieux<\/strong><\/p>\n<p><strong>Car les jours se sont hier fondus<\/strong><\/p>\n<p><strong>En des coul\u00e9es de couleurs<\/strong><\/p>\n<p><strong>Qui refroidissent l&#8217;espoir des lieux\u00a0<\/strong><\/p>\n<p>&nbsp;<\/p>\n<p><strong>Regarder jusqu&#8217;\u00e0 embrasser<\/strong><\/p>\n<p><strong>La porte qui garde les maux<\/strong><\/p>\n<p><strong>\u00c0 la port\u00e9e des pleurs<\/strong><\/p>\n<p><strong>Regarder<\/strong><\/p>\n<p><strong>Ne rien voir<\/strong><\/p>\n<p><strong>Ni feux ni foul\u00e9es<\/strong><\/p>\n<p><strong>Renoncer aux cris pour combattre la douleur<\/strong><\/p>\n<p>&nbsp;<\/p>\n<p><strong>Il y a des c\u0153urs<\/strong><\/p>\n<p><strong>Qui crient d\u00e9j\u00e0 l&#8217;oppression des bottes<\/strong><\/p>\n<p>&nbsp;<\/p>\n<p><strong>Le temps hurle la venue des derni\u00e8res saisons\u00a0<\/strong><\/p>\n<p>&nbsp;<\/p>\n<p><strong>Les heures se rassemblent comme un r\u00e9giment d&#8217;illusions<\/strong><\/p>\n<p><strong>Pour monter les intrigues des instants st\u00e9riles<\/strong><\/p>\n<p>&nbsp;<\/p>\n<p><strong>Moi je garde mes larmes pour le d\u00e9nouement<\/strong><\/p>\n<p><strong>Car apr\u00e8s le baiser des rideaux<\/strong><\/p>\n<p><strong>Le dernier mot sera<\/strong><\/p>\n<p><strong>FIN<\/strong><\/p>\n<p>&nbsp;<\/p>\n<p>Il y a grosso modo deux sortes d\u2019approches du texte litt\u00e9raire\u00a0: la lecture impressionniste \u00e9motionnelle et la lecture scientifique raisonn\u00e9e .Et \u00e9tant donn\u00e9 que nous avons toujours choisi de pratiquer la deuxi\u00e8me, il nous faut, \u00a0\u00e0 chaque fois, trouver \u00a0une cl\u00e9 ad\u00e9quate et efficace .Et celle qui nous para\u00eet la plus appropri\u00e9e ici est la lecture psychocritique, du fait que l\u2019auteur de ce po\u00e8me nous met d\u00e8s le titre et en caract\u00e8res majuscules \u00a0(MAL EN TEMPS DURS )\u00a0\u00a0 devant un v\u00e9ritable gouffre psychologique .Vu sous cet angle, le po\u00e8me exprime une tristesse des plus noires .Et ce chagrin visiblement tr\u00e8s profond, est loin d\u2019\u00eatre un \u00e9tat d\u2019\u00e2me passager \u00a0mais il a, au contraire, toutes les caract\u00e9ristiques d\u2019une tristesse native ou originelle, donc faisant partie int\u00e9grante de l\u2019humeur du locuteur ( celui qui parle) et qui ne peut , pour cette raison, se dissiper ou \u00a0faiblir. La premier signe r\u00e9v\u00e9lateur de ce genre de m\u00e9lancolie\u00a0 est son caract\u00e8re holistique \u00a0ou global qui se manifeste \u00a0par son envahissement de l\u2019\u00eatre \u00a0humain \u00a0y compris le po\u00e8te \u00a0(<strong>des c\u0153urs qui crient d\u00e9j\u00e0 l&#8217;oppression des bottes &#8211; mes larmes &#8211; les maux \u2013 les pleurs<\/strong>) ainsi que \u00a0le milieu qui l\u2019entoure et qui s\u2019\u00e9tend \u00e0 l\u2019univers tout entier o\u00f9 elle est diffus\u00e9e aussi bien dans l\u2019espace \u00a0(<strong>La sueur est en crue sur le visag<\/strong>e <strong>des cieux &#8211; la porte qui garde les maux<\/strong> ) que dans le temps (<strong>les jours se sont hier fondus en des coul\u00e9es de couleurs ,qui refroidissent l&#8217;espoir des lieux-\u00a0le temps hurle la venue des derni\u00e8res saisons\u00a0&#8211;<\/strong> <strong>les heures se rassemblent comme un r\u00e9giment d&#8217;illusions pour monter les intrigues<\/strong> <strong>des instants st\u00e9riles<\/strong>). Ce qui revient \u00e0 dire que le locuteur baigne dans une tristesse cosmique et permanente englobant l\u2019int\u00e9rieur et l\u2019ext\u00e9rieur qui se fondent ainsi et se confondent, \u00e0 tel point que le po\u00e8te est envahi par un sentiment d\u2019\u00e9touffement qui lui fait pr\u00e9sager une fin imminente (moi je garde mes larmes pour le d\u00e9nouement car apr\u00e8s le baiser des rideaux le dernier mot sera FIN ). N\u00e9anmoins, il ne s\u2019agit, bien entendu, l\u00e0 \u00a0que d\u2019une projection de cette tristesse irr\u00e9pressible sur le monde externe.<\/p>\n<p>Au niveau stylistique, le progr\u00e8s rapide et palpable que l\u2019auteur ne cesse d\u2019accomplir est \u00e9tonnant , car sa langue acquiert de plus en plus de luminosit\u00e9, gr\u00e2ce \u00e0 l\u2019emploi massif des connotations et des sens seconds \u00a0qui lui conf\u00e9r\u00e8rent un haut degr\u00e9 de po\u00e9ticit\u00e9 .Bravo Calli !Tu as fait un pas de g\u00e9ant. Continue sur cette lanc\u00e9e !<\/p>\n<p>&nbsp;<\/p>\n<p>&nbsp;<\/p>\n<p>&nbsp;<\/p>\n<p>&nbsp;<\/p>\n<p>&nbsp;<\/p>\n","protected":false},"excerpt":{"rendered":"<p>&nbsp; La sueur est en crue Sur le visage des cieux Car les jours se sont hier fondus En des coul\u00e9es de couleurs Qui refroidissent l&#8217;espoir des lieux\u00a0 &nbsp; Regarder jusqu&#8217;\u00e0 embrasser La porte qui garde les maux \u00c0 la port\u00e9e des pleurs Regarder Ne rien voir Ni feux ni foul\u00e9es Renoncer aux cris pour &#8230;<\/p>\n","protected":false},"author":2,"featured_media":7418,"comment_status":"open","ping_status":"open","sticky":false,"template":"","format":"standard","meta":[],"categories":[8],"tags":[],"yoast_head":"<!-- This site is optimized with the Yoast SEO plugin v19.3 - https:\/\/yoast.com\/wordpress\/plugins\/seo\/ -->\n<title>Les archives des commentaires po\u00e9tiques de Mohamed Salah Ben Amor : 4 - Les po\u00e8mes de Calli Mond\u00e9sir: 4-2 : Mal en temps durs - Culminances<\/title>\n<meta name=\"robots\" content=\"index, follow, max-snippet:-1, max-image-preview:large, max-video-preview:-1\" \/>\n<link rel=\"canonical\" href=\"https:\/\/www.masharif.com\/fr\/2018\/03\/14\/archives-commentaires-poetiques-de-mohamed-salah-ben-amor-4-poemes-de-calli-mondesir-4-1-mal-temps-durs\/\" \/>\n<meta property=\"og:locale\" content=\"fr_FR\" \/>\n<meta property=\"og:type\" content=\"article\" \/>\n<meta property=\"og:title\" content=\"Les archives des commentaires po\u00e9tiques de Mohamed Salah Ben Amor : 4 - Les po\u00e8mes de Calli Mond\u00e9sir: 4-2 : Mal en temps durs - Culminances\" \/>\n<meta property=\"og:description\" content=\"&nbsp; La sueur est en crue Sur le visage des cieux Car les jours se sont hier fondus En des coul\u00e9es de couleurs Qui refroidissent l&#8217;espoir des lieux\u00a0 &nbsp; Regarder jusqu&#8217;\u00e0 embrasser La porte qui garde les maux \u00c0 la port\u00e9e des pleurs Regarder Ne rien voir Ni feux ni foul\u00e9es Renoncer aux cris pour ...\" \/>\n<meta property=\"og:url\" content=\"https:\/\/www.masharif.com\/fr\/2018\/03\/14\/archives-commentaires-poetiques-de-mohamed-salah-ben-amor-4-poemes-de-calli-mondesir-4-1-mal-temps-durs\/\" \/>\n<meta property=\"og:site_name\" content=\"Culminances\" \/>\n<meta property=\"article:published_time\" content=\"2018-03-14T15:57:44+00:00\" \/>\n<meta property=\"article:modified_time\" content=\"2018-03-14T15:58:42+00:00\" \/>\n<meta property=\"og:image\" content=\"https:\/\/www.masharif.com\/fr\/wp-content\/uploads\/2018\/03\/20476186_1577569142287721_991623535661286111_n.jpg\" \/>\n\t<meta property=\"og:image:width\" content=\"540\" \/>\n\t<meta property=\"og:image:height\" content=\"540\" \/>\n\t<meta property=\"og:image:type\" content=\"image\/jpeg\" \/>\n<meta name=\"author\" content=\"Mohamed Salah Ben Amor\" \/>\n<meta name=\"twitter:card\" content=\"summary\" \/>\n<meta name=\"twitter:label1\" content=\"\u00c9crit par\" \/>\n\t<meta name=\"twitter:data1\" content=\"Mohamed Salah Ben Amor\" \/>\n\t<meta name=\"twitter:label2\" content=\"Dur\u00e9e de lecture estim\u00e9e\" \/>\n\t<meta name=\"twitter:data2\" content=\"3 minutes\" \/>\n<script type=\"application\/ld+json\" class=\"yoast-schema-graph\">{\"@context\":\"https:\/\/schema.org\",\"@graph\":[{\"@type\":\"WebSite\",\"@id\":\"https:\/\/www.masharif.com\/fr\/#website\",\"url\":\"https:\/\/www.masharif.com\/fr\/\",\"name\":\"Culminances\",\"description\":\"\",\"potentialAction\":[{\"@type\":\"SearchAction\",\"target\":{\"@type\":\"EntryPoint\",\"urlTemplate\":\"https:\/\/www.masharif.com\/fr\/?s={search_term_string}\"},\"query-input\":\"required name=search_term_string\"}],\"inLanguage\":\"fr-FR\"},{\"@type\":\"ImageObject\",\"inLanguage\":\"fr-FR\",\"@id\":\"https:\/\/www.masharif.com\/fr\/2018\/03\/14\/archives-commentaires-poetiques-de-mohamed-salah-ben-amor-4-poemes-de-calli-mondesir-4-1-mal-temps-durs\/#primaryimage\",\"url\":\"https:\/\/www.masharif.com\/fr\/wp-content\/uploads\/2018\/03\/20476186_1577569142287721_991623535661286111_n.jpg\",\"contentUrl\":\"https:\/\/www.masharif.com\/fr\/wp-content\/uploads\/2018\/03\/20476186_1577569142287721_991623535661286111_n.jpg\",\"width\":540,\"height\":540},{\"@type\":\"WebPage\",\"@id\":\"https:\/\/www.masharif.com\/fr\/2018\/03\/14\/archives-commentaires-poetiques-de-mohamed-salah-ben-amor-4-poemes-de-calli-mondesir-4-1-mal-temps-durs\/\",\"url\":\"https:\/\/www.masharif.com\/fr\/2018\/03\/14\/archives-commentaires-poetiques-de-mohamed-salah-ben-amor-4-poemes-de-calli-mondesir-4-1-mal-temps-durs\/\",\"name\":\"Les archives des commentaires po\u00e9tiques de Mohamed Salah Ben Amor : 4 - Les po\u00e8mes de Calli Mond\u00e9sir: 4-2 : Mal en temps durs - Culminances\",\"isPartOf\":{\"@id\":\"https:\/\/www.masharif.com\/fr\/#website\"},\"primaryImageOfPage\":{\"@id\":\"https:\/\/www.masharif.com\/fr\/2018\/03\/14\/archives-commentaires-poetiques-de-mohamed-salah-ben-amor-4-poemes-de-calli-mondesir-4-1-mal-temps-durs\/#primaryimage\"},\"datePublished\":\"2018-03-14T15:57:44+00:00\",\"dateModified\":\"2018-03-14T15:58:42+00:00\",\"author\":{\"@id\":\"https:\/\/www.masharif.com\/fr\/#\/schema\/person\/839a7026efe9fa825134097c1041e4a0\"},\"breadcrumb\":{\"@id\":\"https:\/\/www.masharif.com\/fr\/2018\/03\/14\/archives-commentaires-poetiques-de-mohamed-salah-ben-amor-4-poemes-de-calli-mondesir-4-1-mal-temps-durs\/#breadcrumb\"},\"inLanguage\":\"fr-FR\",\"potentialAction\":[{\"@type\":\"ReadAction\",\"target\":[\"https:\/\/www.masharif.com\/fr\/2018\/03\/14\/archives-commentaires-poetiques-de-mohamed-salah-ben-amor-4-poemes-de-calli-mondesir-4-1-mal-temps-durs\/\"]}]},{\"@type\":\"BreadcrumbList\",\"@id\":\"https:\/\/www.masharif.com\/fr\/2018\/03\/14\/archives-commentaires-poetiques-de-mohamed-salah-ben-amor-4-poemes-de-calli-mondesir-4-1-mal-temps-durs\/#breadcrumb\",\"itemListElement\":[{\"@type\":\"ListItem\",\"position\":1,\"name\":\"Home\",\"item\":\"https:\/\/www.masharif.com\/fr\/\"},{\"@type\":\"ListItem\",\"position\":2,\"name\":\"Les archives des commentaires po\u00e9tiques de Mohamed Salah Ben Amor : 4 &#8211; Les po\u00e8mes de Calli Mond\u00e9sir: 4-2 : Mal en temps durs\"}]},{\"@type\":\"Person\",\"@id\":\"https:\/\/www.masharif.com\/fr\/#\/schema\/person\/839a7026efe9fa825134097c1041e4a0\",\"name\":\"Mohamed Salah Ben Amor\",\"image\":{\"@type\":\"ImageObject\",\"inLanguage\":\"fr-FR\",\"@id\":\"https:\/\/www.masharif.com\/fr\/#\/schema\/person\/image\/\",\"url\":\"https:\/\/secure.gravatar.com\/avatar\/f64806401ad5ed604ffec2272b19ef46?s=96&d=identicon&r=g\",\"contentUrl\":\"https:\/\/secure.gravatar.com\/avatar\/f64806401ad5ed604ffec2272b19ef46?s=96&d=identicon&r=g\",\"caption\":\"Mohamed Salah Ben Amor\"},\"sameAs\":[\"http:\/\/ben-amor.info\"],\"url\":\"https:\/\/www.masharif.com\/fr\/author\/msba\/\"}]}<\/script>\n<!-- \/ Yoast SEO plugin. -->","yoast_head_json":{"title":"Les archives des commentaires po\u00e9tiques de Mohamed Salah Ben Amor : 4 - Les po\u00e8mes de Calli Mond\u00e9sir: 4-2 : Mal en temps durs - Culminances","robots":{"index":"index","follow":"follow","max-snippet":"max-snippet:-1","max-image-preview":"max-image-preview:large","max-video-preview":"max-video-preview:-1"},"canonical":"https:\/\/www.masharif.com\/fr\/2018\/03\/14\/archives-commentaires-poetiques-de-mohamed-salah-ben-amor-4-poemes-de-calli-mondesir-4-1-mal-temps-durs\/","og_locale":"fr_FR","og_type":"article","og_title":"Les archives des commentaires po\u00e9tiques de Mohamed Salah Ben Amor : 4 - Les po\u00e8mes de Calli Mond\u00e9sir: 4-2 : Mal en temps durs - Culminances","og_description":"&nbsp; La sueur est en crue Sur le visage des cieux Car les jours se sont hier fondus En des coul\u00e9es de couleurs Qui refroidissent l&#8217;espoir des lieux\u00a0 &nbsp; Regarder jusqu&#8217;\u00e0 embrasser La porte qui garde les maux \u00c0 la port\u00e9e des pleurs Regarder Ne rien voir Ni feux ni foul\u00e9es Renoncer aux cris pour ...","og_url":"https:\/\/www.masharif.com\/fr\/2018\/03\/14\/archives-commentaires-poetiques-de-mohamed-salah-ben-amor-4-poemes-de-calli-mondesir-4-1-mal-temps-durs\/","og_site_name":"Culminances","article_published_time":"2018-03-14T15:57:44+00:00","article_modified_time":"2018-03-14T15:58:42+00:00","og_image":[{"width":540,"height":540,"url":"https:\/\/www.masharif.com\/fr\/wp-content\/uploads\/2018\/03\/20476186_1577569142287721_991623535661286111_n.jpg","type":"image\/jpeg"}],"author":"Mohamed Salah Ben Amor","twitter_card":"summary","twitter_misc":{"\u00c9crit par":"Mohamed Salah Ben Amor","Dur\u00e9e de lecture estim\u00e9e":"3 minutes"},"schema":{"@context":"https:\/\/schema.org","@graph":[{"@type":"WebSite","@id":"https:\/\/www.masharif.com\/fr\/#website","url":"https:\/\/www.masharif.com\/fr\/","name":"Culminances","description":"","potentialAction":[{"@type":"SearchAction","target":{"@type":"EntryPoint","urlTemplate":"https:\/\/www.masharif.com\/fr\/?s={search_term_string}"},"query-input":"required name=search_term_string"}],"inLanguage":"fr-FR"},{"@type":"ImageObject","inLanguage":"fr-FR","@id":"https:\/\/www.masharif.com\/fr\/2018\/03\/14\/archives-commentaires-poetiques-de-mohamed-salah-ben-amor-4-poemes-de-calli-mondesir-4-1-mal-temps-durs\/#primaryimage","url":"https:\/\/www.masharif.com\/fr\/wp-content\/uploads\/2018\/03\/20476186_1577569142287721_991623535661286111_n.jpg","contentUrl":"https:\/\/www.masharif.com\/fr\/wp-content\/uploads\/2018\/03\/20476186_1577569142287721_991623535661286111_n.jpg","width":540,"height":540},{"@type":"WebPage","@id":"https:\/\/www.masharif.com\/fr\/2018\/03\/14\/archives-commentaires-poetiques-de-mohamed-salah-ben-amor-4-poemes-de-calli-mondesir-4-1-mal-temps-durs\/","url":"https:\/\/www.masharif.com\/fr\/2018\/03\/14\/archives-commentaires-poetiques-de-mohamed-salah-ben-amor-4-poemes-de-calli-mondesir-4-1-mal-temps-durs\/","name":"Les archives des commentaires po\u00e9tiques de Mohamed Salah Ben Amor : 4 - Les po\u00e8mes de Calli Mond\u00e9sir: 4-2 : Mal en temps durs - Culminances","isPartOf":{"@id":"https:\/\/www.masharif.com\/fr\/#website"},"primaryImageOfPage":{"@id":"https:\/\/www.masharif.com\/fr\/2018\/03\/14\/archives-commentaires-poetiques-de-mohamed-salah-ben-amor-4-poemes-de-calli-mondesir-4-1-mal-temps-durs\/#primaryimage"},"datePublished":"2018-03-14T15:57:44+00:00","dateModified":"2018-03-14T15:58:42+00:00","author":{"@id":"https:\/\/www.masharif.com\/fr\/#\/schema\/person\/839a7026efe9fa825134097c1041e4a0"},"breadcrumb":{"@id":"https:\/\/www.masharif.com\/fr\/2018\/03\/14\/archives-commentaires-poetiques-de-mohamed-salah-ben-amor-4-poemes-de-calli-mondesir-4-1-mal-temps-durs\/#breadcrumb"},"inLanguage":"fr-FR","potentialAction":[{"@type":"ReadAction","target":["https:\/\/www.masharif.com\/fr\/2018\/03\/14\/archives-commentaires-poetiques-de-mohamed-salah-ben-amor-4-poemes-de-calli-mondesir-4-1-mal-temps-durs\/"]}]},{"@type":"BreadcrumbList","@id":"https:\/\/www.masharif.com\/fr\/2018\/03\/14\/archives-commentaires-poetiques-de-mohamed-salah-ben-amor-4-poemes-de-calli-mondesir-4-1-mal-temps-durs\/#breadcrumb","itemListElement":[{"@type":"ListItem","position":1,"name":"Home","item":"https:\/\/www.masharif.com\/fr\/"},{"@type":"ListItem","position":2,"name":"Les archives des commentaires po\u00e9tiques de Mohamed Salah Ben Amor : 4 &#8211; Les po\u00e8mes de Calli Mond\u00e9sir: 4-2 : Mal en temps durs"}]},{"@type":"Person","@id":"https:\/\/www.masharif.com\/fr\/#\/schema\/person\/839a7026efe9fa825134097c1041e4a0","name":"Mohamed Salah Ben Amor","image":{"@type":"ImageObject","inLanguage":"fr-FR","@id":"https:\/\/www.masharif.com\/fr\/#\/schema\/person\/image\/","url":"https:\/\/secure.gravatar.com\/avatar\/f64806401ad5ed604ffec2272b19ef46?s=96&d=identicon&r=g","contentUrl":"https:\/\/secure.gravatar.com\/avatar\/f64806401ad5ed604ffec2272b19ef46?s=96&d=identicon&r=g","caption":"Mohamed Salah Ben Amor"},"sameAs":["http:\/\/ben-amor.info"],"url":"https:\/\/www.masharif.com\/fr\/author\/msba\/"}]}},"_links":{"self":[{"href":"https:\/\/www.masharif.com\/fr\/wp-json\/wp\/v2\/posts\/7450"}],"collection":[{"href":"https:\/\/www.masharif.com\/fr\/wp-json\/wp\/v2\/posts"}],"about":[{"href":"https:\/\/www.masharif.com\/fr\/wp-json\/wp\/v2\/types\/post"}],"author":[{"embeddable":true,"href":"https:\/\/www.masharif.com\/fr\/wp-json\/wp\/v2\/users\/2"}],"replies":[{"embeddable":true,"href":"https:\/\/www.masharif.com\/fr\/wp-json\/wp\/v2\/comments?post=7450"}],"version-history":[{"count":3,"href":"https:\/\/www.masharif.com\/fr\/wp-json\/wp\/v2\/posts\/7450\/revisions"}],"predecessor-version":[{"id":7453,"href":"https:\/\/www.masharif.com\/fr\/wp-json\/wp\/v2\/posts\/7450\/revisions\/7453"}],"wp:featuredmedia":[{"embeddable":true,"href":"https:\/\/www.masharif.com\/fr\/wp-json\/wp\/v2\/media\/7418"}],"wp:attachment":[{"href":"https:\/\/www.masharif.com\/fr\/wp-json\/wp\/v2\/media?parent=7450"}],"wp:term":[{"taxonomy":"category","embeddable":true,"href":"https:\/\/www.masharif.com\/fr\/wp-json\/wp\/v2\/categories?post=7450"},{"taxonomy":"post_tag","embeddable":true,"href":"https:\/\/www.masharif.com\/fr\/wp-json\/wp\/v2\/tags?post=7450"}],"curies":[{"name":"wp","href":"https:\/\/api.w.org\/{rel}","templated":true}]}}