{"id":7428,"date":"2018-03-12T19:11:45","date_gmt":"2018-03-12T18:11:45","guid":{"rendered":"http:\/\/www.masharif.com\/fr\/?p=7428"},"modified":"2018-03-12T19:43:47","modified_gmt":"2018-03-12T18:43:47","slug":"deux-poemes-damal-hindi-damas-syrie-et-de-laura-klemm-poete-italienne-residant-en-france","status":"publish","type":"post","link":"https:\/\/www.masharif.com\/fr\/2018\/03\/12\/deux-poemes-damal-hindi-damas-syrie-et-de-laura-klemm-poete-italienne-residant-en-france\/","title":{"rendered":"Deux po\u00e8mes d&#8217;Amal Hindi (Damas &#8211; Syrie) et de Laura Klemm (po\u00e8te italienne r\u00e9sidant en France)"},"content":{"rendered":"<p><em><strong>Deux po\u00e9tesses, l\u2019une arabe et l\u2019autre europ\u00e9enne, affectionnent l\u2019art de l\u2019\u00e9cart par l\u2019accumulation des connotations .A vous de juger !<\/strong><\/em><\/p>\n<p><a href=\"http:\/\/www.masharif.com\/fr\/wp-content\/uploads\/2018\/02\/22904978_483598745360027_2896916166372303040_o-1.jpg\"><img loading=\"lazy\" class=\"alignnone size-medium wp-image-6993\" src=\"http:\/\/www.masharif.com\/fr\/wp-content\/uploads\/2018\/02\/22904978_483598745360027_2896916166372303040_o-1-300x188.jpg\" alt=\"\" width=\"300\" height=\"188\" srcset=\"https:\/\/www.masharif.com\/fr\/wp-content\/uploads\/2018\/02\/22904978_483598745360027_2896916166372303040_o-1-300x188.jpg 300w, https:\/\/www.masharif.com\/fr\/wp-content\/uploads\/2018\/02\/22904978_483598745360027_2896916166372303040_o-1-768x480.jpg 768w, https:\/\/www.masharif.com\/fr\/wp-content\/uploads\/2018\/02\/22904978_483598745360027_2896916166372303040_o-1.jpg 864w\" sizes=\"(max-width: 300px) 100vw, 300px\" \/><\/a><a href=\"http:\/\/www.masharif.com\/fr\/wp-content\/uploads\/2018\/01\/16003301_1906098876287924_6180163073139760381_n-1.jpg\"><img loading=\"lazy\" class=\"alignnone size-medium wp-image-6734\" src=\"http:\/\/www.masharif.com\/fr\/wp-content\/uploads\/2018\/01\/16003301_1906098876287924_6180163073139760381_n-1-300x300.jpg\" alt=\"\" width=\"300\" height=\"300\" srcset=\"https:\/\/www.masharif.com\/fr\/wp-content\/uploads\/2018\/01\/16003301_1906098876287924_6180163073139760381_n-1-300x300.jpg 300w, https:\/\/www.masharif.com\/fr\/wp-content\/uploads\/2018\/01\/16003301_1906098876287924_6180163073139760381_n-1-150x150.jpg 150w, https:\/\/www.masharif.com\/fr\/wp-content\/uploads\/2018\/01\/16003301_1906098876287924_6180163073139760381_n-1-768x768.jpg 768w, https:\/\/www.masharif.com\/fr\/wp-content\/uploads\/2018\/01\/16003301_1906098876287924_6180163073139760381_n-1-1024x1024.jpg 1024w, https:\/\/www.masharif.com\/fr\/wp-content\/uploads\/2018\/01\/16003301_1906098876287924_6180163073139760381_n-1-55x55.jpg 55w, https:\/\/www.masharif.com\/fr\/wp-content\/uploads\/2018\/01\/16003301_1906098876287924_6180163073139760381_n-1.jpg 1035w\" sizes=\"(max-width: 300px) 100vw, 300px\" \/><\/a><\/p>\n<p><strong>Le temps est une biche par\u00a0:Amel Hindi \u2013Damas -Syrie<\/strong><\/p>\n<p><a href=\"http:\/\/www.masharif.com\/fr\/wp-content\/uploads\/2018\/03\/clock-3179167_960_720.jpg\"><img loading=\"lazy\" class=\"alignnone size-medium wp-image-7426\" src=\"http:\/\/www.masharif.com\/fr\/wp-content\/uploads\/2018\/03\/clock-3179167_960_720-300x200.jpg\" alt=\"\" width=\"300\" height=\"200\" srcset=\"https:\/\/www.masharif.com\/fr\/wp-content\/uploads\/2018\/03\/clock-3179167_960_720-300x200.jpg 300w, https:\/\/www.masharif.com\/fr\/wp-content\/uploads\/2018\/03\/clock-3179167_960_720-768x512.jpg 768w, https:\/\/www.masharif.com\/fr\/wp-content\/uploads\/2018\/03\/clock-3179167_960_720.jpg 960w\" sizes=\"(max-width: 300px) 100vw, 300px\" \/><\/a><\/p>\n<p><strong>Le temps est une biche qui d\u00e9tecte les fins.<\/strong><\/p>\n<p><strong>Ne le gaspillez pas en apposant les affiches de la d\u00e9faite<\/strong><\/p>\n<p><strong>Sur les poteaux \u00e9lectriques en panne\u00a0 pour des raisons relevant de la citoyennet\u00e9\u00a0!<\/strong><\/p>\n<p>&nbsp;<\/p>\n<p><strong>La d\u00e9faite est un cheval tra\u00eetre qui s\u2019effarouche<\/strong><\/p>\n<p><strong>Au moment de la prise de d\u00e9cision.<\/strong><\/p>\n<p><strong>Ne sous-estimez pas votre capacit\u00e9 de suivre la course<\/strong><\/p>\n<p><strong>Dans des chemins n\u2019ayant pas \u00e9t\u00e9 pav\u00e9s expr\u00e8s\u00a0<\/strong><\/p>\n<p><strong>Sur ordre de la loi de s\u00e9lection\u00a0!<\/strong><\/p>\n<p><strong>Le r\u00eave est une violette que tu dessines avant de dormir.<\/strong><\/p>\n<p><strong>Son parfum qui s\u2019infiltre \u00e0 travers les pores de tes paumes te r\u00e9veille.<\/strong><\/p>\n<p><strong>Ne jetez pas une plume quand elle est dans son dernier soupir\u00a0!<\/strong><\/p>\n<p><strong>Il se peut qu\u2019elle\u00a0 soit un fil de sauvetage de haute qualit\u00e9.<\/strong><\/p>\n<p>&nbsp;<\/p>\n<p><a href=\"http:\/\/www.masharif.com\/fr\/wp-content\/uploads\/2018\/02\/22904978_483598745360027_2896916166372303040_o-1.jpg\"><img loading=\"lazy\" class=\"alignnone size-medium wp-image-6993\" src=\"http:\/\/www.masharif.com\/fr\/wp-content\/uploads\/2018\/02\/22904978_483598745360027_2896916166372303040_o-1-300x188.jpg\" alt=\"\" width=\"300\" height=\"188\" srcset=\"https:\/\/www.masharif.com\/fr\/wp-content\/uploads\/2018\/02\/22904978_483598745360027_2896916166372303040_o-1-300x188.jpg 300w, https:\/\/www.masharif.com\/fr\/wp-content\/uploads\/2018\/02\/22904978_483598745360027_2896916166372303040_o-1-768x480.jpg 768w, https:\/\/www.masharif.com\/fr\/wp-content\/uploads\/2018\/02\/22904978_483598745360027_2896916166372303040_o-1.jpg 864w\" sizes=\"(max-width: 300px) 100vw, 300px\" \/><\/a><\/p>\n<p><strong>Pr\u00e9mices par\u00a0: Laura Mucelli Klemm \u2013 po\u00e8te italienne r\u00e9sidant en France<br \/>\n<\/strong><\/p>\n<p><a href=\"http:\/\/www.masharif.com\/fr\/wp-content\/uploads\/2018\/03\/tightrope-walker-458315_960_720.jpg\"><img loading=\"lazy\" class=\"alignnone size-medium wp-image-7427\" src=\"http:\/\/www.masharif.com\/fr\/wp-content\/uploads\/2018\/03\/tightrope-walker-458315_960_720-199x300.jpg\" alt=\"\" width=\"199\" height=\"300\" srcset=\"https:\/\/www.masharif.com\/fr\/wp-content\/uploads\/2018\/03\/tightrope-walker-458315_960_720-199x300.jpg 199w, https:\/\/www.masharif.com\/fr\/wp-content\/uploads\/2018\/03\/tightrope-walker-458315_960_720.jpg 478w\" sizes=\"(max-width: 199px) 100vw, 199px\" \/><\/a><\/p>\n<p><strong>Funambule<\/strong><\/p>\n<p><strong>L\u2019ivresse au c\u0153ur<\/strong><\/p>\n<p><strong>La lumi\u00e8re m\u2019oriente<\/strong><\/p>\n<p><strong>Dans l\u2019opale du jour<\/strong><\/p>\n<p>&nbsp;<\/p>\n<p><strong>Tout est pos\u00e9<\/strong><\/p>\n<p><strong>Comme \u00e0 l\u2019origine<\/strong><\/p>\n<p><strong>Sur la terre nourrici\u00e8re<\/strong><\/p>\n<p><strong>Ni exotisme, ni exode<\/strong><\/p>\n<p>&nbsp;<\/p>\n<p><strong>Le limon, le liant<\/strong><\/p>\n<p><strong>Le g\u00e9nie du vivant<\/strong><\/p>\n<p><strong>Les fen\u00eatres sur le temps<\/strong><\/p>\n<p><strong>Et l\u2019approche \u00e9minente<\/strong><\/p>\n<p>&nbsp;<\/p>\n<p><strong>Tout est pos\u00e9<\/strong><\/p>\n<p><strong>Comme \u00e0 l\u2019origine<\/strong><\/p>\n<p><strong>Sur les sillons de l\u2019amour<\/strong><\/p>\n<p><strong>Et tout \u00eatre prend naissance<\/strong><\/p>\n<p>&nbsp;<\/p>\n","protected":false},"excerpt":{"rendered":"<p>Deux po\u00e9tesses, l\u2019une arabe et l\u2019autre europ\u00e9enne, affectionnent l\u2019art de l\u2019\u00e9cart par l\u2019accumulation des connotations .A vous de juger ! Le temps est une biche par\u00a0:Amel Hindi \u2013Damas -Syrie Le temps est une biche qui d\u00e9tecte les fins. Ne le gaspillez pas en apposant les affiches de la d\u00e9faite Sur les poteaux \u00e9lectriques en panne\u00a0 &#8230;<\/p>\n","protected":false},"author":2,"featured_media":6993,"comment_status":"open","ping_status":"open","sticky":false,"template":"","format":"standard","meta":[],"categories":[6],"tags":[],"yoast_head":"<!-- This site is optimized with the Yoast SEO plugin v19.3 - https:\/\/yoast.com\/wordpress\/plugins\/seo\/ -->\n<title>Deux po\u00e8mes d&#039;Amal Hindi (Damas - Syrie) et de Laura Klemm (po\u00e8te italienne r\u00e9sidant en France) - Culminances<\/title>\n<meta name=\"robots\" content=\"index, follow, max-snippet:-1, max-image-preview:large, max-video-preview:-1\" \/>\n<link rel=\"canonical\" href=\"http:\/\/www.masharif.com\/fr\/2018\/03\/12\/deux-poemes-damal-hindi-damas-syrie-et-de-laura-klemm-poete-italienne-residant-en-france\/\" \/>\n<meta property=\"og:locale\" content=\"fr_FR\" \/>\n<meta property=\"og:type\" content=\"article\" \/>\n<meta property=\"og:title\" content=\"Deux po\u00e8mes d&#039;Amal Hindi (Damas - Syrie) et de Laura Klemm (po\u00e8te italienne r\u00e9sidant en France) - Culminances\" \/>\n<meta property=\"og:description\" content=\"Deux po\u00e9tesses, l\u2019une arabe et l\u2019autre europ\u00e9enne, affectionnent l\u2019art de l\u2019\u00e9cart par l\u2019accumulation des connotations .A vous de juger ! Le temps est une biche par\u00a0:Amel Hindi \u2013Damas -Syrie Le temps est une biche qui d\u00e9tecte les fins. Ne le gaspillez pas en apposant les affiches de la d\u00e9faite Sur les poteaux \u00e9lectriques en panne\u00a0 ...\" \/>\n<meta property=\"og:url\" content=\"http:\/\/www.masharif.com\/fr\/2018\/03\/12\/deux-poemes-damal-hindi-damas-syrie-et-de-laura-klemm-poete-italienne-residant-en-france\/\" \/>\n<meta property=\"og:site_name\" content=\"Culminances\" \/>\n<meta property=\"article:published_time\" content=\"2018-03-12T18:11:45+00:00\" \/>\n<meta property=\"article:modified_time\" content=\"2018-03-12T18:43:47+00:00\" \/>\n<meta property=\"og:image\" content=\"http:\/\/www.masharif.com\/fr\/wp-content\/uploads\/2018\/02\/22904978_483598745360027_2896916166372303040_o-1.jpg\" \/>\n\t<meta property=\"og:image:width\" content=\"864\" \/>\n\t<meta property=\"og:image:height\" content=\"540\" \/>\n\t<meta property=\"og:image:type\" content=\"image\/jpeg\" \/>\n<meta name=\"author\" content=\"Mohamed Salah Ben Amor\" \/>\n<meta name=\"twitter:card\" content=\"summary\" \/>\n<meta name=\"twitter:label1\" content=\"\u00c9crit par\" \/>\n\t<meta name=\"twitter:data1\" content=\"Mohamed Salah Ben Amor\" \/>\n\t<meta name=\"twitter:label2\" content=\"Dur\u00e9e de lecture estim\u00e9e\" \/>\n\t<meta name=\"twitter:data2\" content=\"1 minute\" \/>\n<script type=\"application\/ld+json\" class=\"yoast-schema-graph\">{\"@context\":\"https:\/\/schema.org\",\"@graph\":[{\"@type\":\"WebSite\",\"@id\":\"https:\/\/www.masharif.com\/fr\/#website\",\"url\":\"https:\/\/www.masharif.com\/fr\/\",\"name\":\"Culminances\",\"description\":\"\",\"potentialAction\":[{\"@type\":\"SearchAction\",\"target\":{\"@type\":\"EntryPoint\",\"urlTemplate\":\"https:\/\/www.masharif.com\/fr\/?s={search_term_string}\"},\"query-input\":\"required name=search_term_string\"}],\"inLanguage\":\"fr-FR\"},{\"@type\":\"ImageObject\",\"inLanguage\":\"fr-FR\",\"@id\":\"http:\/\/www.masharif.com\/fr\/2018\/03\/12\/deux-poemes-damal-hindi-damas-syrie-et-de-laura-klemm-poete-italienne-residant-en-france\/#primaryimage\",\"url\":\"https:\/\/www.masharif.com\/fr\/wp-content\/uploads\/2018\/02\/22904978_483598745360027_2896916166372303040_o-1.jpg\",\"contentUrl\":\"https:\/\/www.masharif.com\/fr\/wp-content\/uploads\/2018\/02\/22904978_483598745360027_2896916166372303040_o-1.jpg\",\"width\":864,\"height\":540},{\"@type\":\"WebPage\",\"@id\":\"http:\/\/www.masharif.com\/fr\/2018\/03\/12\/deux-poemes-damal-hindi-damas-syrie-et-de-laura-klemm-poete-italienne-residant-en-france\/\",\"url\":\"http:\/\/www.masharif.com\/fr\/2018\/03\/12\/deux-poemes-damal-hindi-damas-syrie-et-de-laura-klemm-poete-italienne-residant-en-france\/\",\"name\":\"Deux po\u00e8mes d'Amal Hindi (Damas - Syrie) et de Laura Klemm (po\u00e8te italienne r\u00e9sidant en France) - Culminances\",\"isPartOf\":{\"@id\":\"https:\/\/www.masharif.com\/fr\/#website\"},\"primaryImageOfPage\":{\"@id\":\"http:\/\/www.masharif.com\/fr\/2018\/03\/12\/deux-poemes-damal-hindi-damas-syrie-et-de-laura-klemm-poete-italienne-residant-en-france\/#primaryimage\"},\"datePublished\":\"2018-03-12T18:11:45+00:00\",\"dateModified\":\"2018-03-12T18:43:47+00:00\",\"author\":{\"@id\":\"https:\/\/www.masharif.com\/fr\/#\/schema\/person\/839a7026efe9fa825134097c1041e4a0\"},\"breadcrumb\":{\"@id\":\"http:\/\/www.masharif.com\/fr\/2018\/03\/12\/deux-poemes-damal-hindi-damas-syrie-et-de-laura-klemm-poete-italienne-residant-en-france\/#breadcrumb\"},\"inLanguage\":\"fr-FR\",\"potentialAction\":[{\"@type\":\"ReadAction\",\"target\":[\"http:\/\/www.masharif.com\/fr\/2018\/03\/12\/deux-poemes-damal-hindi-damas-syrie-et-de-laura-klemm-poete-italienne-residant-en-france\/\"]}]},{\"@type\":\"BreadcrumbList\",\"@id\":\"http:\/\/www.masharif.com\/fr\/2018\/03\/12\/deux-poemes-damal-hindi-damas-syrie-et-de-laura-klemm-poete-italienne-residant-en-france\/#breadcrumb\",\"itemListElement\":[{\"@type\":\"ListItem\",\"position\":1,\"name\":\"Home\",\"item\":\"https:\/\/www.masharif.com\/fr\/\"},{\"@type\":\"ListItem\",\"position\":2,\"name\":\"Deux po\u00e8mes d&#8217;Amal Hindi (Damas &#8211; Syrie) et de Laura Klemm (po\u00e8te italienne r\u00e9sidant en France)\"}]},{\"@type\":\"Person\",\"@id\":\"https:\/\/www.masharif.com\/fr\/#\/schema\/person\/839a7026efe9fa825134097c1041e4a0\",\"name\":\"Mohamed Salah Ben Amor\",\"image\":{\"@type\":\"ImageObject\",\"inLanguage\":\"fr-FR\",\"@id\":\"https:\/\/www.masharif.com\/fr\/#\/schema\/person\/image\/\",\"url\":\"https:\/\/secure.gravatar.com\/avatar\/f64806401ad5ed604ffec2272b19ef46?s=96&d=identicon&r=g\",\"contentUrl\":\"https:\/\/secure.gravatar.com\/avatar\/f64806401ad5ed604ffec2272b19ef46?s=96&d=identicon&r=g\",\"caption\":\"Mohamed Salah Ben Amor\"},\"sameAs\":[\"http:\/\/ben-amor.info\"],\"url\":\"https:\/\/www.masharif.com\/fr\/author\/msba\/\"}]}<\/script>\n<!-- \/ Yoast SEO plugin. -->","yoast_head_json":{"title":"Deux po\u00e8mes d'Amal Hindi (Damas - Syrie) et de Laura Klemm (po\u00e8te italienne r\u00e9sidant en France) - Culminances","robots":{"index":"index","follow":"follow","max-snippet":"max-snippet:-1","max-image-preview":"max-image-preview:large","max-video-preview":"max-video-preview:-1"},"canonical":"http:\/\/www.masharif.com\/fr\/2018\/03\/12\/deux-poemes-damal-hindi-damas-syrie-et-de-laura-klemm-poete-italienne-residant-en-france\/","og_locale":"fr_FR","og_type":"article","og_title":"Deux po\u00e8mes d'Amal Hindi (Damas - Syrie) et de Laura Klemm (po\u00e8te italienne r\u00e9sidant en France) - Culminances","og_description":"Deux po\u00e9tesses, l\u2019une arabe et l\u2019autre europ\u00e9enne, affectionnent l\u2019art de l\u2019\u00e9cart par l\u2019accumulation des connotations .A vous de juger ! Le temps est une biche par\u00a0:Amel Hindi \u2013Damas -Syrie Le temps est une biche qui d\u00e9tecte les fins. Ne le gaspillez pas en apposant les affiches de la d\u00e9faite Sur les poteaux \u00e9lectriques en panne\u00a0 ...","og_url":"http:\/\/www.masharif.com\/fr\/2018\/03\/12\/deux-poemes-damal-hindi-damas-syrie-et-de-laura-klemm-poete-italienne-residant-en-france\/","og_site_name":"Culminances","article_published_time":"2018-03-12T18:11:45+00:00","article_modified_time":"2018-03-12T18:43:47+00:00","og_image":[{"width":864,"height":540,"url":"http:\/\/www.masharif.com\/fr\/wp-content\/uploads\/2018\/02\/22904978_483598745360027_2896916166372303040_o-1.jpg","type":"image\/jpeg"}],"author":"Mohamed Salah Ben Amor","twitter_card":"summary","twitter_misc":{"\u00c9crit par":"Mohamed Salah Ben Amor","Dur\u00e9e de lecture estim\u00e9e":"1 minute"},"schema":{"@context":"https:\/\/schema.org","@graph":[{"@type":"WebSite","@id":"https:\/\/www.masharif.com\/fr\/#website","url":"https:\/\/www.masharif.com\/fr\/","name":"Culminances","description":"","potentialAction":[{"@type":"SearchAction","target":{"@type":"EntryPoint","urlTemplate":"https:\/\/www.masharif.com\/fr\/?s={search_term_string}"},"query-input":"required name=search_term_string"}],"inLanguage":"fr-FR"},{"@type":"ImageObject","inLanguage":"fr-FR","@id":"http:\/\/www.masharif.com\/fr\/2018\/03\/12\/deux-poemes-damal-hindi-damas-syrie-et-de-laura-klemm-poete-italienne-residant-en-france\/#primaryimage","url":"https:\/\/www.masharif.com\/fr\/wp-content\/uploads\/2018\/02\/22904978_483598745360027_2896916166372303040_o-1.jpg","contentUrl":"https:\/\/www.masharif.com\/fr\/wp-content\/uploads\/2018\/02\/22904978_483598745360027_2896916166372303040_o-1.jpg","width":864,"height":540},{"@type":"WebPage","@id":"http:\/\/www.masharif.com\/fr\/2018\/03\/12\/deux-poemes-damal-hindi-damas-syrie-et-de-laura-klemm-poete-italienne-residant-en-france\/","url":"http:\/\/www.masharif.com\/fr\/2018\/03\/12\/deux-poemes-damal-hindi-damas-syrie-et-de-laura-klemm-poete-italienne-residant-en-france\/","name":"Deux po\u00e8mes d'Amal Hindi (Damas - Syrie) et de Laura Klemm (po\u00e8te italienne r\u00e9sidant en France) - Culminances","isPartOf":{"@id":"https:\/\/www.masharif.com\/fr\/#website"},"primaryImageOfPage":{"@id":"http:\/\/www.masharif.com\/fr\/2018\/03\/12\/deux-poemes-damal-hindi-damas-syrie-et-de-laura-klemm-poete-italienne-residant-en-france\/#primaryimage"},"datePublished":"2018-03-12T18:11:45+00:00","dateModified":"2018-03-12T18:43:47+00:00","author":{"@id":"https:\/\/www.masharif.com\/fr\/#\/schema\/person\/839a7026efe9fa825134097c1041e4a0"},"breadcrumb":{"@id":"http:\/\/www.masharif.com\/fr\/2018\/03\/12\/deux-poemes-damal-hindi-damas-syrie-et-de-laura-klemm-poete-italienne-residant-en-france\/#breadcrumb"},"inLanguage":"fr-FR","potentialAction":[{"@type":"ReadAction","target":["http:\/\/www.masharif.com\/fr\/2018\/03\/12\/deux-poemes-damal-hindi-damas-syrie-et-de-laura-klemm-poete-italienne-residant-en-france\/"]}]},{"@type":"BreadcrumbList","@id":"http:\/\/www.masharif.com\/fr\/2018\/03\/12\/deux-poemes-damal-hindi-damas-syrie-et-de-laura-klemm-poete-italienne-residant-en-france\/#breadcrumb","itemListElement":[{"@type":"ListItem","position":1,"name":"Home","item":"https:\/\/www.masharif.com\/fr\/"},{"@type":"ListItem","position":2,"name":"Deux po\u00e8mes d&#8217;Amal Hindi (Damas &#8211; Syrie) et de Laura Klemm (po\u00e8te italienne r\u00e9sidant en France)"}]},{"@type":"Person","@id":"https:\/\/www.masharif.com\/fr\/#\/schema\/person\/839a7026efe9fa825134097c1041e4a0","name":"Mohamed Salah Ben Amor","image":{"@type":"ImageObject","inLanguage":"fr-FR","@id":"https:\/\/www.masharif.com\/fr\/#\/schema\/person\/image\/","url":"https:\/\/secure.gravatar.com\/avatar\/f64806401ad5ed604ffec2272b19ef46?s=96&d=identicon&r=g","contentUrl":"https:\/\/secure.gravatar.com\/avatar\/f64806401ad5ed604ffec2272b19ef46?s=96&d=identicon&r=g","caption":"Mohamed Salah Ben Amor"},"sameAs":["http:\/\/ben-amor.info"],"url":"https:\/\/www.masharif.com\/fr\/author\/msba\/"}]}},"_links":{"self":[{"href":"https:\/\/www.masharif.com\/fr\/wp-json\/wp\/v2\/posts\/7428"}],"collection":[{"href":"https:\/\/www.masharif.com\/fr\/wp-json\/wp\/v2\/posts"}],"about":[{"href":"https:\/\/www.masharif.com\/fr\/wp-json\/wp\/v2\/types\/post"}],"author":[{"embeddable":true,"href":"https:\/\/www.masharif.com\/fr\/wp-json\/wp\/v2\/users\/2"}],"replies":[{"embeddable":true,"href":"https:\/\/www.masharif.com\/fr\/wp-json\/wp\/v2\/comments?post=7428"}],"version-history":[{"count":2,"href":"https:\/\/www.masharif.com\/fr\/wp-json\/wp\/v2\/posts\/7428\/revisions"}],"predecessor-version":[{"id":7431,"href":"https:\/\/www.masharif.com\/fr\/wp-json\/wp\/v2\/posts\/7428\/revisions\/7431"}],"wp:featuredmedia":[{"embeddable":true,"href":"https:\/\/www.masharif.com\/fr\/wp-json\/wp\/v2\/media\/6993"}],"wp:attachment":[{"href":"https:\/\/www.masharif.com\/fr\/wp-json\/wp\/v2\/media?parent=7428"}],"wp:term":[{"taxonomy":"category","embeddable":true,"href":"https:\/\/www.masharif.com\/fr\/wp-json\/wp\/v2\/categories?post=7428"},{"taxonomy":"post_tag","embeddable":true,"href":"https:\/\/www.masharif.com\/fr\/wp-json\/wp\/v2\/tags?post=7428"}],"curies":[{"name":"wp","href":"https:\/\/api.w.org\/{rel}","templated":true}]}}