{"id":7370,"date":"2018-03-09T12:16:41","date_gmt":"2018-03-09T11:16:41","guid":{"rendered":"http:\/\/www.masharif.com\/fr\/?p=7370"},"modified":"2018-03-09T12:16:41","modified_gmt":"2018-03-09T11:16:41","slug":"poesie-lame-peuples-abdennour-mezzine-tanger-maroc","status":"publish","type":"post","link":"https:\/\/www.masharif.com\/fr\/2018\/03\/09\/poesie-lame-peuples-abdennour-mezzine-tanger-maroc\/","title":{"rendered":"La po\u00e9sie ..l&#8217;\u00e2me des peuples par : Abdennour Mezzine  -Tanger  -Maroc"},"content":{"rendered":"<div id=\"attachment_7216\" style=\"width: 310px\" class=\"wp-caption alignnone\"><a href=\"http:\/\/www.masharif.com\/fr\/wp-content\/uploads\/2018\/02\/12509323_1543499282633367_1858412470683596938_n.jpg\"><img aria-describedby=\"caption-attachment-7216\" loading=\"lazy\" class=\"wp-image-7216 size-medium\" src=\"http:\/\/www.masharif.com\/fr\/wp-content\/uploads\/2018\/02\/12509323_1543499282633367_1858412470683596938_n-300x225.jpg\" alt=\"\" width=\"300\" height=\"225\" srcset=\"https:\/\/www.masharif.com\/fr\/wp-content\/uploads\/2018\/02\/12509323_1543499282633367_1858412470683596938_n-300x225.jpg 300w, https:\/\/www.masharif.com\/fr\/wp-content\/uploads\/2018\/02\/12509323_1543499282633367_1858412470683596938_n.jpg 480w\" sizes=\"(max-width: 300px) 100vw, 300px\" \/><\/a><p id=\"caption-attachment-7216\" class=\"wp-caption-text\">Abdennour Mezzine<\/p><\/div>\n<p><a href=\"http:\/\/www.masharif.com\/fr\/wp-content\/uploads\/2018\/03\/digital-creation-3092999_960_720.jpg\"><img loading=\"lazy\" class=\"alignnone size-medium wp-image-7371\" src=\"http:\/\/www.masharif.com\/fr\/wp-content\/uploads\/2018\/03\/digital-creation-3092999_960_720-300x202.jpg\" alt=\"\" width=\"300\" height=\"202\" srcset=\"https:\/\/www.masharif.com\/fr\/wp-content\/uploads\/2018\/03\/digital-creation-3092999_960_720-300x202.jpg 300w, https:\/\/www.masharif.com\/fr\/wp-content\/uploads\/2018\/03\/digital-creation-3092999_960_720-768x516.jpg 768w, https:\/\/www.masharif.com\/fr\/wp-content\/uploads\/2018\/03\/digital-creation-3092999_960_720-290x195.jpg 290w, https:\/\/www.masharif.com\/fr\/wp-content\/uploads\/2018\/03\/digital-creation-3092999_960_720.jpg 960w\" sizes=\"(max-width: 300px) 100vw, 300px\" \/><\/a><\/p>\n<p>&nbsp;<\/p>\n<p>La po\u00e9sie..l&#8217;\u00e2me des peuples.<br \/>\nLa po\u00e9sie.. La trame de fond de la sensibilit\u00e9 humaine \u00e0 travers les si\u00e8cles.<br \/>\nLa po\u00e9sie.. Un vrai indicateur de l\u2019\u00e9volution de l\u2019Homme.<br \/>\nSa richesse, sa diversit\u00e9 et sa place dans une soci\u00e9t\u00e9, \u00e0 une \u00e9poque donn\u00e9e, marque le niveau de qualit\u00e9 et de l\u2019essence de cette \u00e9poque.<br \/>\nSon d\u00e9clin ne peut \u00eatre que le signe avant-coureur de la d\u00e9cadence.<br \/>\nOn peut voir ais\u00e9ment, \u00e0 travers le v\u00e9cu quotidien, ce que notre soci\u00e9t\u00e9 r\u00e9serve \u00e0 la po\u00e9sie comme place dans la vie publique.<br \/>\nJe consid\u00e8re que continuer \u00e0 \u00e9crire la po\u00e9sie actuellement ne peut \u00eatre que synonyme de \u00ab militantisme \u00bb et de \u00ab r\u00e9sistance esth\u00e9tique \u00bb face \u00e0 la \u00ab m\u00e9diocrit\u00e9 des valeurs sociales qui se d\u00e9marquent, de fa\u00e7on consciente, de la n\u00e9cessit\u00e9, pour notre soci\u00e9t\u00e9, de faire toute forme de promotion de l\u2019acte po\u00e9tique \u00bb.<\/p>\n","protected":false},"excerpt":{"rendered":"<p>&nbsp; La po\u00e9sie..l&#8217;\u00e2me des peuples. La po\u00e9sie.. La trame de fond de la sensibilit\u00e9 humaine \u00e0 travers les si\u00e8cles. La po\u00e9sie.. Un vrai indicateur de l\u2019\u00e9volution de l\u2019Homme. Sa richesse, sa diversit\u00e9 et sa place dans une soci\u00e9t\u00e9, \u00e0 une \u00e9poque donn\u00e9e, marque le niveau de qualit\u00e9 et de l\u2019essence de cette \u00e9poque. Son d\u00e9clin &#8230;<\/p>\n","protected":false},"author":2,"featured_media":7371,"comment_status":"open","ping_status":"open","sticky":false,"template":"","format":"standard","meta":[],"categories":[9],"tags":[],"yoast_head":"<!-- This site is optimized with the Yoast SEO plugin v19.3 - https:\/\/yoast.com\/wordpress\/plugins\/seo\/ -->\n<title>La po\u00e9sie ..l&#039;\u00e2me des peuples par : Abdennour Mezzine -Tanger -Maroc - Culminances<\/title>\n<meta name=\"robots\" content=\"index, follow, max-snippet:-1, max-image-preview:large, max-video-preview:-1\" \/>\n<link rel=\"canonical\" href=\"https:\/\/www.masharif.com\/fr\/2018\/03\/09\/poesie-lame-peuples-abdennour-mezzine-tanger-maroc\/\" \/>\n<meta property=\"og:locale\" content=\"fr_FR\" \/>\n<meta property=\"og:type\" content=\"article\" \/>\n<meta property=\"og:title\" content=\"La po\u00e9sie ..l&#039;\u00e2me des peuples par : Abdennour Mezzine -Tanger -Maroc - Culminances\" \/>\n<meta property=\"og:description\" content=\"&nbsp; La po\u00e9sie..l&#8217;\u00e2me des peuples. La po\u00e9sie.. La trame de fond de la sensibilit\u00e9 humaine \u00e0 travers les si\u00e8cles. La po\u00e9sie.. Un vrai indicateur de l\u2019\u00e9volution de l\u2019Homme. Sa richesse, sa diversit\u00e9 et sa place dans une soci\u00e9t\u00e9, \u00e0 une \u00e9poque donn\u00e9e, marque le niveau de qualit\u00e9 et de l\u2019essence de cette \u00e9poque. Son d\u00e9clin ...\" \/>\n<meta property=\"og:url\" content=\"https:\/\/www.masharif.com\/fr\/2018\/03\/09\/poesie-lame-peuples-abdennour-mezzine-tanger-maroc\/\" \/>\n<meta property=\"og:site_name\" content=\"Culminances\" \/>\n<meta property=\"article:published_time\" content=\"2018-03-09T11:16:41+00:00\" \/>\n<meta property=\"og:image\" content=\"https:\/\/www.masharif.com\/fr\/wp-content\/uploads\/2018\/03\/digital-creation-3092999_960_720.jpg\" \/>\n\t<meta property=\"og:image:width\" content=\"960\" \/>\n\t<meta property=\"og:image:height\" content=\"645\" \/>\n\t<meta property=\"og:image:type\" content=\"image\/jpeg\" \/>\n<meta name=\"author\" content=\"Mohamed Salah Ben Amor\" \/>\n<meta name=\"twitter:card\" content=\"summary\" \/>\n<meta name=\"twitter:label1\" content=\"\u00c9crit par\" \/>\n\t<meta name=\"twitter:data1\" content=\"Mohamed Salah Ben Amor\" \/>\n\t<meta name=\"twitter:label2\" content=\"Dur\u00e9e de lecture estim\u00e9e\" \/>\n\t<meta name=\"twitter:data2\" content=\"1 minute\" \/>\n<script type=\"application\/ld+json\" class=\"yoast-schema-graph\">{\"@context\":\"https:\/\/schema.org\",\"@graph\":[{\"@type\":\"WebSite\",\"@id\":\"https:\/\/www.masharif.com\/fr\/#website\",\"url\":\"https:\/\/www.masharif.com\/fr\/\",\"name\":\"Culminances\",\"description\":\"\",\"potentialAction\":[{\"@type\":\"SearchAction\",\"target\":{\"@type\":\"EntryPoint\",\"urlTemplate\":\"https:\/\/www.masharif.com\/fr\/?s={search_term_string}\"},\"query-input\":\"required name=search_term_string\"}],\"inLanguage\":\"fr-FR\"},{\"@type\":\"ImageObject\",\"inLanguage\":\"fr-FR\",\"@id\":\"https:\/\/www.masharif.com\/fr\/2018\/03\/09\/poesie-lame-peuples-abdennour-mezzine-tanger-maroc\/#primaryimage\",\"url\":\"https:\/\/www.masharif.com\/fr\/wp-content\/uploads\/2018\/03\/digital-creation-3092999_960_720.jpg\",\"contentUrl\":\"https:\/\/www.masharif.com\/fr\/wp-content\/uploads\/2018\/03\/digital-creation-3092999_960_720.jpg\",\"width\":960,\"height\":645},{\"@type\":\"WebPage\",\"@id\":\"https:\/\/www.masharif.com\/fr\/2018\/03\/09\/poesie-lame-peuples-abdennour-mezzine-tanger-maroc\/\",\"url\":\"https:\/\/www.masharif.com\/fr\/2018\/03\/09\/poesie-lame-peuples-abdennour-mezzine-tanger-maroc\/\",\"name\":\"La po\u00e9sie ..l'\u00e2me des peuples par : Abdennour Mezzine -Tanger -Maroc - Culminances\",\"isPartOf\":{\"@id\":\"https:\/\/www.masharif.com\/fr\/#website\"},\"primaryImageOfPage\":{\"@id\":\"https:\/\/www.masharif.com\/fr\/2018\/03\/09\/poesie-lame-peuples-abdennour-mezzine-tanger-maroc\/#primaryimage\"},\"datePublished\":\"2018-03-09T11:16:41+00:00\",\"dateModified\":\"2018-03-09T11:16:41+00:00\",\"author\":{\"@id\":\"https:\/\/www.masharif.com\/fr\/#\/schema\/person\/839a7026efe9fa825134097c1041e4a0\"},\"breadcrumb\":{\"@id\":\"https:\/\/www.masharif.com\/fr\/2018\/03\/09\/poesie-lame-peuples-abdennour-mezzine-tanger-maroc\/#breadcrumb\"},\"inLanguage\":\"fr-FR\",\"potentialAction\":[{\"@type\":\"ReadAction\",\"target\":[\"https:\/\/www.masharif.com\/fr\/2018\/03\/09\/poesie-lame-peuples-abdennour-mezzine-tanger-maroc\/\"]}]},{\"@type\":\"BreadcrumbList\",\"@id\":\"https:\/\/www.masharif.com\/fr\/2018\/03\/09\/poesie-lame-peuples-abdennour-mezzine-tanger-maroc\/#breadcrumb\",\"itemListElement\":[{\"@type\":\"ListItem\",\"position\":1,\"name\":\"Home\",\"item\":\"https:\/\/www.masharif.com\/fr\/\"},{\"@type\":\"ListItem\",\"position\":2,\"name\":\"La po\u00e9sie ..l&#8217;\u00e2me des peuples par : Abdennour Mezzine -Tanger -Maroc\"}]},{\"@type\":\"Person\",\"@id\":\"https:\/\/www.masharif.com\/fr\/#\/schema\/person\/839a7026efe9fa825134097c1041e4a0\",\"name\":\"Mohamed Salah Ben Amor\",\"image\":{\"@type\":\"ImageObject\",\"inLanguage\":\"fr-FR\",\"@id\":\"https:\/\/www.masharif.com\/fr\/#\/schema\/person\/image\/\",\"url\":\"https:\/\/secure.gravatar.com\/avatar\/f64806401ad5ed604ffec2272b19ef46?s=96&d=identicon&r=g\",\"contentUrl\":\"https:\/\/secure.gravatar.com\/avatar\/f64806401ad5ed604ffec2272b19ef46?s=96&d=identicon&r=g\",\"caption\":\"Mohamed Salah Ben Amor\"},\"sameAs\":[\"http:\/\/ben-amor.info\"],\"url\":\"https:\/\/www.masharif.com\/fr\/author\/msba\/\"}]}<\/script>\n<!-- \/ Yoast SEO plugin. -->","yoast_head_json":{"title":"La po\u00e9sie ..l'\u00e2me des peuples par : Abdennour Mezzine -Tanger -Maroc - Culminances","robots":{"index":"index","follow":"follow","max-snippet":"max-snippet:-1","max-image-preview":"max-image-preview:large","max-video-preview":"max-video-preview:-1"},"canonical":"https:\/\/www.masharif.com\/fr\/2018\/03\/09\/poesie-lame-peuples-abdennour-mezzine-tanger-maroc\/","og_locale":"fr_FR","og_type":"article","og_title":"La po\u00e9sie ..l'\u00e2me des peuples par : Abdennour Mezzine -Tanger -Maroc - Culminances","og_description":"&nbsp; La po\u00e9sie..l&#8217;\u00e2me des peuples. La po\u00e9sie.. La trame de fond de la sensibilit\u00e9 humaine \u00e0 travers les si\u00e8cles. La po\u00e9sie.. Un vrai indicateur de l\u2019\u00e9volution de l\u2019Homme. Sa richesse, sa diversit\u00e9 et sa place dans une soci\u00e9t\u00e9, \u00e0 une \u00e9poque donn\u00e9e, marque le niveau de qualit\u00e9 et de l\u2019essence de cette \u00e9poque. Son d\u00e9clin ...","og_url":"https:\/\/www.masharif.com\/fr\/2018\/03\/09\/poesie-lame-peuples-abdennour-mezzine-tanger-maroc\/","og_site_name":"Culminances","article_published_time":"2018-03-09T11:16:41+00:00","og_image":[{"width":960,"height":645,"url":"https:\/\/www.masharif.com\/fr\/wp-content\/uploads\/2018\/03\/digital-creation-3092999_960_720.jpg","type":"image\/jpeg"}],"author":"Mohamed Salah Ben Amor","twitter_card":"summary","twitter_misc":{"\u00c9crit par":"Mohamed Salah Ben Amor","Dur\u00e9e de lecture estim\u00e9e":"1 minute"},"schema":{"@context":"https:\/\/schema.org","@graph":[{"@type":"WebSite","@id":"https:\/\/www.masharif.com\/fr\/#website","url":"https:\/\/www.masharif.com\/fr\/","name":"Culminances","description":"","potentialAction":[{"@type":"SearchAction","target":{"@type":"EntryPoint","urlTemplate":"https:\/\/www.masharif.com\/fr\/?s={search_term_string}"},"query-input":"required name=search_term_string"}],"inLanguage":"fr-FR"},{"@type":"ImageObject","inLanguage":"fr-FR","@id":"https:\/\/www.masharif.com\/fr\/2018\/03\/09\/poesie-lame-peuples-abdennour-mezzine-tanger-maroc\/#primaryimage","url":"https:\/\/www.masharif.com\/fr\/wp-content\/uploads\/2018\/03\/digital-creation-3092999_960_720.jpg","contentUrl":"https:\/\/www.masharif.com\/fr\/wp-content\/uploads\/2018\/03\/digital-creation-3092999_960_720.jpg","width":960,"height":645},{"@type":"WebPage","@id":"https:\/\/www.masharif.com\/fr\/2018\/03\/09\/poesie-lame-peuples-abdennour-mezzine-tanger-maroc\/","url":"https:\/\/www.masharif.com\/fr\/2018\/03\/09\/poesie-lame-peuples-abdennour-mezzine-tanger-maroc\/","name":"La po\u00e9sie ..l'\u00e2me des peuples par : Abdennour Mezzine -Tanger -Maroc - Culminances","isPartOf":{"@id":"https:\/\/www.masharif.com\/fr\/#website"},"primaryImageOfPage":{"@id":"https:\/\/www.masharif.com\/fr\/2018\/03\/09\/poesie-lame-peuples-abdennour-mezzine-tanger-maroc\/#primaryimage"},"datePublished":"2018-03-09T11:16:41+00:00","dateModified":"2018-03-09T11:16:41+00:00","author":{"@id":"https:\/\/www.masharif.com\/fr\/#\/schema\/person\/839a7026efe9fa825134097c1041e4a0"},"breadcrumb":{"@id":"https:\/\/www.masharif.com\/fr\/2018\/03\/09\/poesie-lame-peuples-abdennour-mezzine-tanger-maroc\/#breadcrumb"},"inLanguage":"fr-FR","potentialAction":[{"@type":"ReadAction","target":["https:\/\/www.masharif.com\/fr\/2018\/03\/09\/poesie-lame-peuples-abdennour-mezzine-tanger-maroc\/"]}]},{"@type":"BreadcrumbList","@id":"https:\/\/www.masharif.com\/fr\/2018\/03\/09\/poesie-lame-peuples-abdennour-mezzine-tanger-maroc\/#breadcrumb","itemListElement":[{"@type":"ListItem","position":1,"name":"Home","item":"https:\/\/www.masharif.com\/fr\/"},{"@type":"ListItem","position":2,"name":"La po\u00e9sie ..l&#8217;\u00e2me des peuples par : Abdennour Mezzine -Tanger -Maroc"}]},{"@type":"Person","@id":"https:\/\/www.masharif.com\/fr\/#\/schema\/person\/839a7026efe9fa825134097c1041e4a0","name":"Mohamed Salah Ben Amor","image":{"@type":"ImageObject","inLanguage":"fr-FR","@id":"https:\/\/www.masharif.com\/fr\/#\/schema\/person\/image\/","url":"https:\/\/secure.gravatar.com\/avatar\/f64806401ad5ed604ffec2272b19ef46?s=96&d=identicon&r=g","contentUrl":"https:\/\/secure.gravatar.com\/avatar\/f64806401ad5ed604ffec2272b19ef46?s=96&d=identicon&r=g","caption":"Mohamed Salah Ben Amor"},"sameAs":["http:\/\/ben-amor.info"],"url":"https:\/\/www.masharif.com\/fr\/author\/msba\/"}]}},"_links":{"self":[{"href":"https:\/\/www.masharif.com\/fr\/wp-json\/wp\/v2\/posts\/7370"}],"collection":[{"href":"https:\/\/www.masharif.com\/fr\/wp-json\/wp\/v2\/posts"}],"about":[{"href":"https:\/\/www.masharif.com\/fr\/wp-json\/wp\/v2\/types\/post"}],"author":[{"embeddable":true,"href":"https:\/\/www.masharif.com\/fr\/wp-json\/wp\/v2\/users\/2"}],"replies":[{"embeddable":true,"href":"https:\/\/www.masharif.com\/fr\/wp-json\/wp\/v2\/comments?post=7370"}],"version-history":[{"count":1,"href":"https:\/\/www.masharif.com\/fr\/wp-json\/wp\/v2\/posts\/7370\/revisions"}],"predecessor-version":[{"id":7372,"href":"https:\/\/www.masharif.com\/fr\/wp-json\/wp\/v2\/posts\/7370\/revisions\/7372"}],"wp:featuredmedia":[{"embeddable":true,"href":"https:\/\/www.masharif.com\/fr\/wp-json\/wp\/v2\/media\/7371"}],"wp:attachment":[{"href":"https:\/\/www.masharif.com\/fr\/wp-json\/wp\/v2\/media?parent=7370"}],"wp:term":[{"taxonomy":"category","embeddable":true,"href":"https:\/\/www.masharif.com\/fr\/wp-json\/wp\/v2\/categories?post=7370"},{"taxonomy":"post_tag","embeddable":true,"href":"https:\/\/www.masharif.com\/fr\/wp-json\/wp\/v2\/tags?post=7370"}],"curies":[{"name":"wp","href":"https:\/\/api.w.org\/{rel}","templated":true}]}}