{"id":7365,"date":"2018-03-09T12:02:42","date_gmt":"2018-03-09T11:02:42","guid":{"rendered":"http:\/\/www.masharif.com\/fr\/?p=7365"},"modified":"2018-03-09T12:04:11","modified_gmt":"2018-03-09T11:04:11","slug":"tribune-libre-s-i-e-l-entre-realite-perspective-abdellatif-bhiri-safi-maroc","status":"publish","type":"post","link":"https:\/\/www.masharif.com\/fr\/2018\/03\/09\/tribune-libre-s-i-e-l-entre-realite-perspective-abdellatif-bhiri-safi-maroc\/","title":{"rendered":"Tribune libre : Le S.I.E.L entre r\u00e9alit\u00e9 et perspective: Abdellatif Bhiri &#8211; Safi- Maroc"},"content":{"rendered":"<div id=\"attachment_6136\" style=\"width: 300px\" class=\"wp-caption alignnone\"><a href=\"http:\/\/www.masharif.com\/fr\/wp-content\/uploads\/2017\/10\/18447078_537923129930287_8362748253583417852_n.jpg\"><img aria-describedby=\"caption-attachment-6136\" loading=\"lazy\" class=\"wp-image-6136 size-medium\" src=\"http:\/\/www.masharif.com\/fr\/wp-content\/uploads\/2017\/10\/18447078_537923129930287_8362748253583417852_n-290x300.jpg\" alt=\"\" width=\"290\" height=\"300\" srcset=\"https:\/\/www.masharif.com\/fr\/wp-content\/uploads\/2017\/10\/18447078_537923129930287_8362748253583417852_n-290x300.jpg 290w, https:\/\/www.masharif.com\/fr\/wp-content\/uploads\/2017\/10\/18447078_537923129930287_8362748253583417852_n.jpg 455w\" sizes=\"(max-width: 290px) 100vw, 290px\" \/><\/a><p id=\"caption-attachment-6136\" class=\"wp-caption-text\">Abdellatif Bhiri<\/p><\/div>\n<p><a href=\"http:\/\/www.masharif.com\/fr\/wp-content\/uploads\/2018\/03\/t\u00e9l\u00e9chargement.jpg\"><img loading=\"lazy\" class=\"alignnone size-medium wp-image-7366\" src=\"http:\/\/www.masharif.com\/fr\/wp-content\/uploads\/2018\/03\/t\u00e9l\u00e9chargement-300x174.jpg\" alt=\"\" width=\"300\" height=\"174\" srcset=\"https:\/\/www.masharif.com\/fr\/wp-content\/uploads\/2018\/03\/t\u00e9l\u00e9chargement-300x174.jpg 300w, https:\/\/www.masharif.com\/fr\/wp-content\/uploads\/2018\/03\/t\u00e9l\u00e9chargement-768x447.jpg 768w, https:\/\/www.masharif.com\/fr\/wp-content\/uploads\/2018\/03\/t\u00e9l\u00e9chargement.jpg 882w\" sizes=\"(max-width: 300px) 100vw, 300px\" \/><\/a><br \/>\nApr\u00e8s quelques jours de la cl\u00f4ture de l\u2019\u00e9dition du Salon International de l\u2019\u00c9dition et du Livre, il est navrant de constater la quantit\u00e9 de d\u00e9chets amass\u00e9s sur les lieux d\u2019exposition ! On se croirait \u00e0 la fin d\u2019une journ\u00e9e d\u2019un souk hebdomadaire, avec la seule diff\u00e9rence que les d\u00e9tritus de ce dernier profitent aux b\u00eates de somme !<br \/>\nSelon les communiqu\u00e9s officiels, l\u2019\u00e9dition 2018 fut un franc succ\u00e8s. Mais sur quelle base ? L\u2019affluence du public, le nombre des stands ou l\u2019avalanche des \u00ab Selfies \u00bb ?<br \/>\nMon propos se veut objectif\u00a0; c\u2019est pourquoi je ne vais pas trop sombrer dans la critique creuse. Au contraire, je sugg\u00e8re un point de vue que beaucoup de gens partagent, mais en silence !<br \/>\nIl s\u2019agit de repenser l\u2019id\u00e9e m\u00eame du Salon du Livre et ce fond en comble. Il ne suffit pas d\u2019importer un quelconque mod\u00e8le \u00e9tranger, mais d\u2019essayer de sauvegarder notre \u00ab exclusivit\u00e9 culturelle \u00bb et notre fameuse \u00ab exception marocaine \u00bb. La conception n\u2019est pas des plus ardues puisqu\u2019il suffirait d\u2019une volont\u00e9 politique et d\u2019une responsabilisation des acteurs r\u00e9gionaux et locaux.<br \/>\n\u00ab La chose culturelle \u00bb et la revalorisation du potentiel humain ne doivent plus souffrir aucune l\u00e9g\u00e8ret\u00e9 ni indiff\u00e9rence. Au lieu d\u2019attendre toute une ann\u00e9e pour organiser une exposition orpheline et maladroitement cosmopolite o\u00f9 se m\u00ealent le bon et le m\u00e9diocre, il serait \u00a0judicieux \u00a0d\u2019organiser des salons r\u00e9gionaux du Livre tout au long de l\u2019ann\u00e9e. Des crit\u00e8res stricts en termes de qualit\u00e9 et de contenu devraient \u00eatre impos\u00e9s. Ainsi, lors du SIEL \u00e0 envergure internationale ne seraient expos\u00e9s que les ouvrages qui feraient honneur \u00e0 leurs auteurs et par del\u00e0 \u00e0 l\u2019image de la Culture au Maroc.<br \/>\nCe n\u2019est qu\u2019ainsi et seulement ainsi que l\u2019on pourrait redorer le blason de paysage culturel qui patauge toujours dans la m\u00e9diocrit\u00e9 rampante puisqu\u2019il est toujours assujetti et submerg\u00e9 par des esprits voraces \u00e0 la mentalit\u00e9 mercantiliste.<br \/>\n\u00a908\/03\/2018 Abdellatif BHIRI. Maroc<\/p>\n","protected":false},"excerpt":{"rendered":"<p>Apr\u00e8s quelques jours de la cl\u00f4ture de l\u2019\u00e9dition du Salon International de l\u2019\u00c9dition et du Livre, il est navrant de constater la quantit\u00e9 de d\u00e9chets amass\u00e9s sur les lieux d\u2019exposition ! On se croirait \u00e0 la fin d\u2019une journ\u00e9e d\u2019un souk hebdomadaire, avec la seule diff\u00e9rence que les d\u00e9tritus de ce dernier profitent aux b\u00eates &#8230;<\/p>\n","protected":false},"author":2,"featured_media":7366,"comment_status":"open","ping_status":"open","sticky":false,"template":"","format":"standard","meta":[],"categories":[9],"tags":[],"yoast_head":"<!-- This site is optimized with the Yoast SEO plugin v19.3 - https:\/\/yoast.com\/wordpress\/plugins\/seo\/ -->\n<title>Tribune libre : Le S.I.E.L entre r\u00e9alit\u00e9 et perspective: Abdellatif Bhiri - Safi- Maroc - Culminances<\/title>\n<meta name=\"robots\" content=\"index, follow, max-snippet:-1, max-image-preview:large, max-video-preview:-1\" \/>\n<link rel=\"canonical\" href=\"https:\/\/www.masharif.com\/fr\/2018\/03\/09\/tribune-libre-s-i-e-l-entre-realite-perspective-abdellatif-bhiri-safi-maroc\/\" \/>\n<meta property=\"og:locale\" content=\"fr_FR\" \/>\n<meta property=\"og:type\" content=\"article\" \/>\n<meta property=\"og:title\" content=\"Tribune libre : Le S.I.E.L entre r\u00e9alit\u00e9 et perspective: Abdellatif Bhiri - Safi- Maroc - Culminances\" \/>\n<meta property=\"og:description\" content=\"Apr\u00e8s quelques jours de la cl\u00f4ture de l\u2019\u00e9dition du Salon International de l\u2019\u00c9dition et du Livre, il est navrant de constater la quantit\u00e9 de d\u00e9chets amass\u00e9s sur les lieux d\u2019exposition ! On se croirait \u00e0 la fin d\u2019une journ\u00e9e d\u2019un souk hebdomadaire, avec la seule diff\u00e9rence que les d\u00e9tritus de ce dernier profitent aux b\u00eates ...\" \/>\n<meta property=\"og:url\" content=\"https:\/\/www.masharif.com\/fr\/2018\/03\/09\/tribune-libre-s-i-e-l-entre-realite-perspective-abdellatif-bhiri-safi-maroc\/\" \/>\n<meta property=\"og:site_name\" content=\"Culminances\" \/>\n<meta property=\"article:published_time\" content=\"2018-03-09T11:02:42+00:00\" \/>\n<meta property=\"article:modified_time\" content=\"2018-03-09T11:04:11+00:00\" \/>\n<meta property=\"og:image\" content=\"https:\/\/www.masharif.com\/fr\/wp-content\/uploads\/2018\/03\/t\u00e9l\u00e9chargement.jpg\" \/>\n\t<meta property=\"og:image:width\" content=\"882\" \/>\n\t<meta property=\"og:image:height\" content=\"513\" \/>\n\t<meta property=\"og:image:type\" content=\"image\/jpeg\" \/>\n<meta name=\"author\" content=\"Mohamed Salah Ben Amor\" \/>\n<meta name=\"twitter:card\" content=\"summary\" \/>\n<meta name=\"twitter:label1\" content=\"\u00c9crit par\" \/>\n\t<meta name=\"twitter:data1\" content=\"Mohamed Salah Ben Amor\" \/>\n\t<meta name=\"twitter:label2\" content=\"Dur\u00e9e de lecture estim\u00e9e\" \/>\n\t<meta name=\"twitter:data2\" content=\"2 minutes\" \/>\n<script type=\"application\/ld+json\" class=\"yoast-schema-graph\">{\"@context\":\"https:\/\/schema.org\",\"@graph\":[{\"@type\":\"WebSite\",\"@id\":\"https:\/\/www.masharif.com\/fr\/#website\",\"url\":\"https:\/\/www.masharif.com\/fr\/\",\"name\":\"Culminances\",\"description\":\"\",\"potentialAction\":[{\"@type\":\"SearchAction\",\"target\":{\"@type\":\"EntryPoint\",\"urlTemplate\":\"https:\/\/www.masharif.com\/fr\/?s={search_term_string}\"},\"query-input\":\"required name=search_term_string\"}],\"inLanguage\":\"fr-FR\"},{\"@type\":\"ImageObject\",\"inLanguage\":\"fr-FR\",\"@id\":\"https:\/\/www.masharif.com\/fr\/2018\/03\/09\/tribune-libre-s-i-e-l-entre-realite-perspective-abdellatif-bhiri-safi-maroc\/#primaryimage\",\"url\":\"https:\/\/www.masharif.com\/fr\/wp-content\/uploads\/2018\/03\/t\u00e9l\u00e9chargement.jpg\",\"contentUrl\":\"https:\/\/www.masharif.com\/fr\/wp-content\/uploads\/2018\/03\/t\u00e9l\u00e9chargement.jpg\",\"width\":882,\"height\":513},{\"@type\":\"WebPage\",\"@id\":\"https:\/\/www.masharif.com\/fr\/2018\/03\/09\/tribune-libre-s-i-e-l-entre-realite-perspective-abdellatif-bhiri-safi-maroc\/\",\"url\":\"https:\/\/www.masharif.com\/fr\/2018\/03\/09\/tribune-libre-s-i-e-l-entre-realite-perspective-abdellatif-bhiri-safi-maroc\/\",\"name\":\"Tribune libre : Le S.I.E.L entre r\u00e9alit\u00e9 et perspective: Abdellatif Bhiri - Safi- Maroc - Culminances\",\"isPartOf\":{\"@id\":\"https:\/\/www.masharif.com\/fr\/#website\"},\"primaryImageOfPage\":{\"@id\":\"https:\/\/www.masharif.com\/fr\/2018\/03\/09\/tribune-libre-s-i-e-l-entre-realite-perspective-abdellatif-bhiri-safi-maroc\/#primaryimage\"},\"datePublished\":\"2018-03-09T11:02:42+00:00\",\"dateModified\":\"2018-03-09T11:04:11+00:00\",\"author\":{\"@id\":\"https:\/\/www.masharif.com\/fr\/#\/schema\/person\/839a7026efe9fa825134097c1041e4a0\"},\"breadcrumb\":{\"@id\":\"https:\/\/www.masharif.com\/fr\/2018\/03\/09\/tribune-libre-s-i-e-l-entre-realite-perspective-abdellatif-bhiri-safi-maroc\/#breadcrumb\"},\"inLanguage\":\"fr-FR\",\"potentialAction\":[{\"@type\":\"ReadAction\",\"target\":[\"https:\/\/www.masharif.com\/fr\/2018\/03\/09\/tribune-libre-s-i-e-l-entre-realite-perspective-abdellatif-bhiri-safi-maroc\/\"]}]},{\"@type\":\"BreadcrumbList\",\"@id\":\"https:\/\/www.masharif.com\/fr\/2018\/03\/09\/tribune-libre-s-i-e-l-entre-realite-perspective-abdellatif-bhiri-safi-maroc\/#breadcrumb\",\"itemListElement\":[{\"@type\":\"ListItem\",\"position\":1,\"name\":\"Home\",\"item\":\"https:\/\/www.masharif.com\/fr\/\"},{\"@type\":\"ListItem\",\"position\":2,\"name\":\"Tribune libre : Le S.I.E.L entre r\u00e9alit\u00e9 et perspective: Abdellatif Bhiri &#8211; Safi- Maroc\"}]},{\"@type\":\"Person\",\"@id\":\"https:\/\/www.masharif.com\/fr\/#\/schema\/person\/839a7026efe9fa825134097c1041e4a0\",\"name\":\"Mohamed Salah Ben Amor\",\"image\":{\"@type\":\"ImageObject\",\"inLanguage\":\"fr-FR\",\"@id\":\"https:\/\/www.masharif.com\/fr\/#\/schema\/person\/image\/\",\"url\":\"https:\/\/secure.gravatar.com\/avatar\/f64806401ad5ed604ffec2272b19ef46?s=96&d=identicon&r=g\",\"contentUrl\":\"https:\/\/secure.gravatar.com\/avatar\/f64806401ad5ed604ffec2272b19ef46?s=96&d=identicon&r=g\",\"caption\":\"Mohamed Salah Ben Amor\"},\"sameAs\":[\"http:\/\/ben-amor.info\"],\"url\":\"https:\/\/www.masharif.com\/fr\/author\/msba\/\"}]}<\/script>\n<!-- \/ Yoast SEO plugin. -->","yoast_head_json":{"title":"Tribune libre : Le S.I.E.L entre r\u00e9alit\u00e9 et perspective: Abdellatif Bhiri - Safi- Maroc - Culminances","robots":{"index":"index","follow":"follow","max-snippet":"max-snippet:-1","max-image-preview":"max-image-preview:large","max-video-preview":"max-video-preview:-1"},"canonical":"https:\/\/www.masharif.com\/fr\/2018\/03\/09\/tribune-libre-s-i-e-l-entre-realite-perspective-abdellatif-bhiri-safi-maroc\/","og_locale":"fr_FR","og_type":"article","og_title":"Tribune libre : Le S.I.E.L entre r\u00e9alit\u00e9 et perspective: Abdellatif Bhiri - Safi- Maroc - Culminances","og_description":"Apr\u00e8s quelques jours de la cl\u00f4ture de l\u2019\u00e9dition du Salon International de l\u2019\u00c9dition et du Livre, il est navrant de constater la quantit\u00e9 de d\u00e9chets amass\u00e9s sur les lieux d\u2019exposition ! On se croirait \u00e0 la fin d\u2019une journ\u00e9e d\u2019un souk hebdomadaire, avec la seule diff\u00e9rence que les d\u00e9tritus de ce dernier profitent aux b\u00eates ...","og_url":"https:\/\/www.masharif.com\/fr\/2018\/03\/09\/tribune-libre-s-i-e-l-entre-realite-perspective-abdellatif-bhiri-safi-maroc\/","og_site_name":"Culminances","article_published_time":"2018-03-09T11:02:42+00:00","article_modified_time":"2018-03-09T11:04:11+00:00","og_image":[{"width":882,"height":513,"url":"https:\/\/www.masharif.com\/fr\/wp-content\/uploads\/2018\/03\/t\u00e9l\u00e9chargement.jpg","type":"image\/jpeg"}],"author":"Mohamed Salah Ben Amor","twitter_card":"summary","twitter_misc":{"\u00c9crit par":"Mohamed Salah Ben Amor","Dur\u00e9e de lecture estim\u00e9e":"2 minutes"},"schema":{"@context":"https:\/\/schema.org","@graph":[{"@type":"WebSite","@id":"https:\/\/www.masharif.com\/fr\/#website","url":"https:\/\/www.masharif.com\/fr\/","name":"Culminances","description":"","potentialAction":[{"@type":"SearchAction","target":{"@type":"EntryPoint","urlTemplate":"https:\/\/www.masharif.com\/fr\/?s={search_term_string}"},"query-input":"required name=search_term_string"}],"inLanguage":"fr-FR"},{"@type":"ImageObject","inLanguage":"fr-FR","@id":"https:\/\/www.masharif.com\/fr\/2018\/03\/09\/tribune-libre-s-i-e-l-entre-realite-perspective-abdellatif-bhiri-safi-maroc\/#primaryimage","url":"https:\/\/www.masharif.com\/fr\/wp-content\/uploads\/2018\/03\/t\u00e9l\u00e9chargement.jpg","contentUrl":"https:\/\/www.masharif.com\/fr\/wp-content\/uploads\/2018\/03\/t\u00e9l\u00e9chargement.jpg","width":882,"height":513},{"@type":"WebPage","@id":"https:\/\/www.masharif.com\/fr\/2018\/03\/09\/tribune-libre-s-i-e-l-entre-realite-perspective-abdellatif-bhiri-safi-maroc\/","url":"https:\/\/www.masharif.com\/fr\/2018\/03\/09\/tribune-libre-s-i-e-l-entre-realite-perspective-abdellatif-bhiri-safi-maroc\/","name":"Tribune libre : Le S.I.E.L entre r\u00e9alit\u00e9 et perspective: Abdellatif Bhiri - Safi- Maroc - Culminances","isPartOf":{"@id":"https:\/\/www.masharif.com\/fr\/#website"},"primaryImageOfPage":{"@id":"https:\/\/www.masharif.com\/fr\/2018\/03\/09\/tribune-libre-s-i-e-l-entre-realite-perspective-abdellatif-bhiri-safi-maroc\/#primaryimage"},"datePublished":"2018-03-09T11:02:42+00:00","dateModified":"2018-03-09T11:04:11+00:00","author":{"@id":"https:\/\/www.masharif.com\/fr\/#\/schema\/person\/839a7026efe9fa825134097c1041e4a0"},"breadcrumb":{"@id":"https:\/\/www.masharif.com\/fr\/2018\/03\/09\/tribune-libre-s-i-e-l-entre-realite-perspective-abdellatif-bhiri-safi-maroc\/#breadcrumb"},"inLanguage":"fr-FR","potentialAction":[{"@type":"ReadAction","target":["https:\/\/www.masharif.com\/fr\/2018\/03\/09\/tribune-libre-s-i-e-l-entre-realite-perspective-abdellatif-bhiri-safi-maroc\/"]}]},{"@type":"BreadcrumbList","@id":"https:\/\/www.masharif.com\/fr\/2018\/03\/09\/tribune-libre-s-i-e-l-entre-realite-perspective-abdellatif-bhiri-safi-maroc\/#breadcrumb","itemListElement":[{"@type":"ListItem","position":1,"name":"Home","item":"https:\/\/www.masharif.com\/fr\/"},{"@type":"ListItem","position":2,"name":"Tribune libre : Le S.I.E.L entre r\u00e9alit\u00e9 et perspective: Abdellatif Bhiri &#8211; Safi- Maroc"}]},{"@type":"Person","@id":"https:\/\/www.masharif.com\/fr\/#\/schema\/person\/839a7026efe9fa825134097c1041e4a0","name":"Mohamed Salah Ben Amor","image":{"@type":"ImageObject","inLanguage":"fr-FR","@id":"https:\/\/www.masharif.com\/fr\/#\/schema\/person\/image\/","url":"https:\/\/secure.gravatar.com\/avatar\/f64806401ad5ed604ffec2272b19ef46?s=96&d=identicon&r=g","contentUrl":"https:\/\/secure.gravatar.com\/avatar\/f64806401ad5ed604ffec2272b19ef46?s=96&d=identicon&r=g","caption":"Mohamed Salah Ben Amor"},"sameAs":["http:\/\/ben-amor.info"],"url":"https:\/\/www.masharif.com\/fr\/author\/msba\/"}]}},"_links":{"self":[{"href":"https:\/\/www.masharif.com\/fr\/wp-json\/wp\/v2\/posts\/7365"}],"collection":[{"href":"https:\/\/www.masharif.com\/fr\/wp-json\/wp\/v2\/posts"}],"about":[{"href":"https:\/\/www.masharif.com\/fr\/wp-json\/wp\/v2\/types\/post"}],"author":[{"embeddable":true,"href":"https:\/\/www.masharif.com\/fr\/wp-json\/wp\/v2\/users\/2"}],"replies":[{"embeddable":true,"href":"https:\/\/www.masharif.com\/fr\/wp-json\/wp\/v2\/comments?post=7365"}],"version-history":[{"count":3,"href":"https:\/\/www.masharif.com\/fr\/wp-json\/wp\/v2\/posts\/7365\/revisions"}],"predecessor-version":[{"id":7369,"href":"https:\/\/www.masharif.com\/fr\/wp-json\/wp\/v2\/posts\/7365\/revisions\/7369"}],"wp:featuredmedia":[{"embeddable":true,"href":"https:\/\/www.masharif.com\/fr\/wp-json\/wp\/v2\/media\/7366"}],"wp:attachment":[{"href":"https:\/\/www.masharif.com\/fr\/wp-json\/wp\/v2\/media?parent=7365"}],"wp:term":[{"taxonomy":"category","embeddable":true,"href":"https:\/\/www.masharif.com\/fr\/wp-json\/wp\/v2\/categories?post=7365"},{"taxonomy":"post_tag","embeddable":true,"href":"https:\/\/www.masharif.com\/fr\/wp-json\/wp\/v2\/tags?post=7365"}],"curies":[{"name":"wp","href":"https:\/\/api.w.org\/{rel}","templated":true}]}}