{"id":6886,"date":"2018-02-04T16:06:46","date_gmt":"2018-02-04T15:06:46","guid":{"rendered":"http:\/\/www.masharif.com\/fr\/?p=6886"},"modified":"2018-02-04T16:06:46","modified_gmt":"2018-02-04T15:06:46","slug":"souvenirs-grand-historien-de-litterature-tunisienne-aboulkacem-mohamed-kirrou5-2","status":"publish","type":"post","link":"https:\/\/www.masharif.com\/fr\/2018\/02\/04\/souvenirs-grand-historien-de-litterature-tunisienne-aboulkacem-mohamed-kirrou5-2\/","title":{"rendered":"Mes souvenirs avec le grand historien de la litt\u00e9rature tunisienne Aboulkacem Mohamed Kirrou(5)"},"content":{"rendered":"<div id=\"attachment_6742\" style=\"width: 310px\" class=\"wp-caption alignnone\"><a href=\"http:\/\/www.masharif.com\/fr\/wp-content\/uploads\/2018\/01\/hqdefault.jpg\"><img aria-describedby=\"caption-attachment-6742\" loading=\"lazy\" class=\"wp-image-6742 size-medium\" src=\"http:\/\/www.masharif.com\/fr\/wp-content\/uploads\/2018\/01\/hqdefault-300x225.jpg\" alt=\"\" width=\"300\" height=\"225\" srcset=\"https:\/\/www.masharif.com\/fr\/wp-content\/uploads\/2018\/01\/hqdefault-300x225.jpg 300w, https:\/\/www.masharif.com\/fr\/wp-content\/uploads\/2018\/01\/hqdefault-768x576.jpg 768w, https:\/\/www.masharif.com\/fr\/wp-content\/uploads\/2018\/01\/hqdefault-1024x768.jpg 1024w\" sizes=\"(max-width: 300px) 100vw, 300px\" \/><\/a><p id=\"caption-attachment-6742\" class=\"wp-caption-text\">Aboulkacem Mohamed Kirrou<\/p><\/div>\n<p>Apr\u00e8s la brouille qui s\u2019est produite entre moi et Aboulkacem Mohamed Kirrour en 1989 \u00e0 cause de son refus de nous fournir un moyen de transport\u00a0 pour amener les conf\u00e9renciers au colloque\u00a0 sur Mnaouer Smadeh \u00e0 Nafta\u00a0 puis en 1990 lorsque je ne l\u2019ai pas retenu en tant que po\u00e8te dans mon anthologie de la po\u00e9sie tunisienne \u00e9dit\u00e9e par la fondation\u00a0\u00ab\u00a0Beit El Hikma\u00a0\u00bb \u00e0 Carthage, la rupture entre nous \u00e9tait presque totale au point o\u00f9 nous nous adressions pas la parole lorsque nous nous rencontrions dans la rue.<\/p>\n<p>Mais en 1997, il m\u2019a surpris de m\u2019envoyer une invitation en tant que repr\u00e9sentant de la fondation du prix po\u00e9tique Saoud Al Babitine au Maghreb pour participer \u00e0 un colloque qui sera organis\u00e9 \u00e0 Abou Dhabi aux Emirats Arabes Unis. Je l\u2019ai accept\u00e9e volontiers et c\u2019\u00e9tait pour moi une bonne occasion pour conna\u00eetre\u00a0\u00a0\u00a0 plusieurs grands \u00e9crivains arabes tels les critiques \u00e9gyptiens Ezzeddine Ismail et \u00a0Jabir Osfour , le romancier alg\u00e9rien Tahar Wattar, le romancier \u00e9gyptien Jamal Guitani, le po\u00e8te irakien Saadi Youssef et \u00a0le linguiste \u00e9gyptien Mahmoud Fahmi Hijazi .Cependant, Kerrou qui se comportait avec la d\u00e9l\u00e9gation tunisienne comme un chef, en donnant \u00e0 ses membres des ordres et en leur faisant des reproches, \u00a0avait fini par irriter quelques uns d\u2019entre eux comme \u00a0le po\u00e8te Midani Ben Salah qui n\u2019h\u00e9sitait pas \u00e0 r\u00e9agir violemment chaque fois que Kirrou lui adressait une remarque quelconque. Et ses remarques concernaient, tout particuli\u00e8rement , la ponctualit\u00e9 de tout le groupe \u00a0aux rendez-vous pr\u00e9\u00e9tablis dans le programme de la manifestation et la pr\u00e9sence aux s\u00e9ances du colloque et il tenait \u00e0 ce que les Tunisiens donnent l\u2019exemple de ce c\u00f4t\u00e9-l\u00e0.<\/p>\n<p>Six ans plus tard, \u00ab\u00a0le comit\u00e9 de recherche de la litt\u00e9rature tunisienne\u00a0\u00bb que je coordonnais depuis 1988\u00a0 avait d\u00e9cid\u00e9 d\u2019organiser un grand colloque en son hommage \u00e0 \u00ab\u00a0Beit El Hikma \u00e0 Carthage \u00a0sur un th\u00e8me \u00a0concordant avec ses activit\u00e9s et pr\u00e9occupations\u00a0:\u00a0\u00ab\u00a0 Le rayonnement des penseurs et des intellectuels tunisiens\u00a0 en Orient arabe\u00a0\u00bb. Mais vu que Kerrou avait eu dans le pass\u00e9 une interaction avec le pr\u00e9sident de l\u2019Acad\u00e9mie tunisienne M. Abdelwahab Bouhdiba, \u00a0\u00e0 l\u2019\u00e9poque o\u00f9 il \u00e9tait le directeur du centre d\u2019\u00e9tudes et de recherches\u00a0 \u00e9conomiques et sociales, je m\u2019attendais \u00e0 un refus d\u2019abriter ce colloque au si\u00e8ge de l\u2019acad\u00e9mie .Et c\u2019\u00e9tait pour cette raison que j\u2019avais eu l\u2019accord du pr\u00e9sident de la municipalit\u00e9 de la Marsa pour l\u2019organiser au palais d\u2019Essaada au cas o\u00f9 la r\u00e9ponse de l\u2019acad\u00e9mie serait n\u00e9gative. Mais les suppositions de Kirrou s\u2019av\u00e9r\u00e8rent non-fond\u00e9es\u00a0 et le pr\u00e9sident de l\u2019acad\u00e9mie nous donna \u00a0sans tarder son accord. N\u00e9anmoins, le jour du colloque, il refusa de quitter son bureau pour \u00a0prononcer le mot d\u2019accueil habituel en pr\u00e9sence de l\u2019honor\u00e9. Et il m\u2019avait fallu \u00a0recourir \u00e0 l\u2019aide \u00a0de son ami le professeur Kamal Omrane pour le convaincre de nous rejoindre \u00e0 la tribune. Ce qui fut fait mais \u00a0avec une demi-heure de retard..Puis les travaux du colloque s\u2019\u00e9taient d\u00e9roul\u00e9s tels que nous les avions pr\u00e9vus. Mais malheureusement, seuls quelques intervenants m\u2019avaient remis les textes de leurs conf\u00e9rences et le r\u00e9sultat est que les travaux de ce colloque n\u2019avaient pas vu le jour.<\/p>\n","protected":false},"excerpt":{"rendered":"<p>Apr\u00e8s la brouille qui s\u2019est produite entre moi et Aboulkacem Mohamed Kirrour en 1989 \u00e0 cause de son refus de nous fournir un moyen de transport\u00a0 pour amener les conf\u00e9renciers au colloque\u00a0 sur Mnaouer Smadeh \u00e0 Nafta\u00a0 puis en 1990 lorsque je ne l\u2019ai pas retenu en tant que po\u00e8te dans mon anthologie de la &#8230;<\/p>\n","protected":false},"author":2,"featured_media":6742,"comment_status":"open","ping_status":"open","sticky":false,"template":"","format":"standard","meta":[],"categories":[36],"tags":[],"yoast_head":"<!-- This site is optimized with the Yoast SEO plugin v19.3 - https:\/\/yoast.com\/wordpress\/plugins\/seo\/ -->\n<title>Mes souvenirs avec le grand historien de la litt\u00e9rature tunisienne Aboulkacem Mohamed Kirrou(5) - Culminances<\/title>\n<meta name=\"robots\" content=\"index, follow, max-snippet:-1, max-image-preview:large, max-video-preview:-1\" \/>\n<link rel=\"canonical\" href=\"https:\/\/www.masharif.com\/fr\/2018\/02\/04\/souvenirs-grand-historien-de-litterature-tunisienne-aboulkacem-mohamed-kirrou5-2\/\" \/>\n<meta property=\"og:locale\" content=\"fr_FR\" \/>\n<meta property=\"og:type\" content=\"article\" \/>\n<meta property=\"og:title\" content=\"Mes souvenirs avec le grand historien de la litt\u00e9rature tunisienne Aboulkacem Mohamed Kirrou(5) - Culminances\" \/>\n<meta property=\"og:description\" content=\"Apr\u00e8s la brouille qui s\u2019est produite entre moi et Aboulkacem Mohamed Kirrour en 1989 \u00e0 cause de son refus de nous fournir un moyen de transport\u00a0 pour amener les conf\u00e9renciers au colloque\u00a0 sur Mnaouer Smadeh \u00e0 Nafta\u00a0 puis en 1990 lorsque je ne l\u2019ai pas retenu en tant que po\u00e8te dans mon anthologie de la ...\" \/>\n<meta property=\"og:url\" content=\"https:\/\/www.masharif.com\/fr\/2018\/02\/04\/souvenirs-grand-historien-de-litterature-tunisienne-aboulkacem-mohamed-kirrou5-2\/\" \/>\n<meta property=\"og:site_name\" content=\"Culminances\" \/>\n<meta property=\"article:published_time\" content=\"2018-02-04T15:06:46+00:00\" \/>\n<meta property=\"og:image\" content=\"https:\/\/www.masharif.com\/fr\/wp-content\/uploads\/2018\/01\/hqdefault.jpg\" \/>\n\t<meta property=\"og:image:width\" content=\"2400\" \/>\n\t<meta property=\"og:image:height\" content=\"1800\" \/>\n\t<meta property=\"og:image:type\" content=\"image\/jpeg\" \/>\n<meta name=\"author\" content=\"Mohamed Salah Ben Amor\" \/>\n<meta name=\"twitter:card\" content=\"summary\" \/>\n<meta name=\"twitter:label1\" content=\"\u00c9crit par\" \/>\n\t<meta name=\"twitter:data1\" content=\"Mohamed Salah Ben Amor\" \/>\n\t<meta name=\"twitter:label2\" content=\"Dur\u00e9e de lecture estim\u00e9e\" \/>\n\t<meta name=\"twitter:data2\" content=\"3 minutes\" \/>\n<script type=\"application\/ld+json\" class=\"yoast-schema-graph\">{\"@context\":\"https:\/\/schema.org\",\"@graph\":[{\"@type\":\"WebSite\",\"@id\":\"https:\/\/www.masharif.com\/fr\/#website\",\"url\":\"https:\/\/www.masharif.com\/fr\/\",\"name\":\"Culminances\",\"description\":\"\",\"potentialAction\":[{\"@type\":\"SearchAction\",\"target\":{\"@type\":\"EntryPoint\",\"urlTemplate\":\"https:\/\/www.masharif.com\/fr\/?s={search_term_string}\"},\"query-input\":\"required name=search_term_string\"}],\"inLanguage\":\"fr-FR\"},{\"@type\":\"ImageObject\",\"inLanguage\":\"fr-FR\",\"@id\":\"https:\/\/www.masharif.com\/fr\/2018\/02\/04\/souvenirs-grand-historien-de-litterature-tunisienne-aboulkacem-mohamed-kirrou5-2\/#primaryimage\",\"url\":\"https:\/\/www.masharif.com\/fr\/wp-content\/uploads\/2018\/01\/hqdefault.jpg\",\"contentUrl\":\"https:\/\/www.masharif.com\/fr\/wp-content\/uploads\/2018\/01\/hqdefault.jpg\",\"width\":2400,\"height\":1800},{\"@type\":\"WebPage\",\"@id\":\"https:\/\/www.masharif.com\/fr\/2018\/02\/04\/souvenirs-grand-historien-de-litterature-tunisienne-aboulkacem-mohamed-kirrou5-2\/\",\"url\":\"https:\/\/www.masharif.com\/fr\/2018\/02\/04\/souvenirs-grand-historien-de-litterature-tunisienne-aboulkacem-mohamed-kirrou5-2\/\",\"name\":\"Mes souvenirs avec le grand historien de la litt\u00e9rature tunisienne Aboulkacem Mohamed Kirrou(5) - Culminances\",\"isPartOf\":{\"@id\":\"https:\/\/www.masharif.com\/fr\/#website\"},\"primaryImageOfPage\":{\"@id\":\"https:\/\/www.masharif.com\/fr\/2018\/02\/04\/souvenirs-grand-historien-de-litterature-tunisienne-aboulkacem-mohamed-kirrou5-2\/#primaryimage\"},\"datePublished\":\"2018-02-04T15:06:46+00:00\",\"dateModified\":\"2018-02-04T15:06:46+00:00\",\"author\":{\"@id\":\"https:\/\/www.masharif.com\/fr\/#\/schema\/person\/839a7026efe9fa825134097c1041e4a0\"},\"breadcrumb\":{\"@id\":\"https:\/\/www.masharif.com\/fr\/2018\/02\/04\/souvenirs-grand-historien-de-litterature-tunisienne-aboulkacem-mohamed-kirrou5-2\/#breadcrumb\"},\"inLanguage\":\"fr-FR\",\"potentialAction\":[{\"@type\":\"ReadAction\",\"target\":[\"https:\/\/www.masharif.com\/fr\/2018\/02\/04\/souvenirs-grand-historien-de-litterature-tunisienne-aboulkacem-mohamed-kirrou5-2\/\"]}]},{\"@type\":\"BreadcrumbList\",\"@id\":\"https:\/\/www.masharif.com\/fr\/2018\/02\/04\/souvenirs-grand-historien-de-litterature-tunisienne-aboulkacem-mohamed-kirrou5-2\/#breadcrumb\",\"itemListElement\":[{\"@type\":\"ListItem\",\"position\":1,\"name\":\"Home\",\"item\":\"https:\/\/www.masharif.com\/fr\/\"},{\"@type\":\"ListItem\",\"position\":2,\"name\":\"Mes souvenirs avec le grand historien de la litt\u00e9rature tunisienne Aboulkacem Mohamed Kirrou(5)\"}]},{\"@type\":\"Person\",\"@id\":\"https:\/\/www.masharif.com\/fr\/#\/schema\/person\/839a7026efe9fa825134097c1041e4a0\",\"name\":\"Mohamed Salah Ben Amor\",\"image\":{\"@type\":\"ImageObject\",\"inLanguage\":\"fr-FR\",\"@id\":\"https:\/\/www.masharif.com\/fr\/#\/schema\/person\/image\/\",\"url\":\"https:\/\/secure.gravatar.com\/avatar\/f64806401ad5ed604ffec2272b19ef46?s=96&d=identicon&r=g\",\"contentUrl\":\"https:\/\/secure.gravatar.com\/avatar\/f64806401ad5ed604ffec2272b19ef46?s=96&d=identicon&r=g\",\"caption\":\"Mohamed Salah Ben Amor\"},\"sameAs\":[\"http:\/\/ben-amor.info\"],\"url\":\"https:\/\/www.masharif.com\/fr\/author\/msba\/\"}]}<\/script>\n<!-- \/ Yoast SEO plugin. -->","yoast_head_json":{"title":"Mes souvenirs avec le grand historien de la litt\u00e9rature tunisienne Aboulkacem Mohamed Kirrou(5) - Culminances","robots":{"index":"index","follow":"follow","max-snippet":"max-snippet:-1","max-image-preview":"max-image-preview:large","max-video-preview":"max-video-preview:-1"},"canonical":"https:\/\/www.masharif.com\/fr\/2018\/02\/04\/souvenirs-grand-historien-de-litterature-tunisienne-aboulkacem-mohamed-kirrou5-2\/","og_locale":"fr_FR","og_type":"article","og_title":"Mes souvenirs avec le grand historien de la litt\u00e9rature tunisienne Aboulkacem Mohamed Kirrou(5) - Culminances","og_description":"Apr\u00e8s la brouille qui s\u2019est produite entre moi et Aboulkacem Mohamed Kirrour en 1989 \u00e0 cause de son refus de nous fournir un moyen de transport\u00a0 pour amener les conf\u00e9renciers au colloque\u00a0 sur Mnaouer Smadeh \u00e0 Nafta\u00a0 puis en 1990 lorsque je ne l\u2019ai pas retenu en tant que po\u00e8te dans mon anthologie de la ...","og_url":"https:\/\/www.masharif.com\/fr\/2018\/02\/04\/souvenirs-grand-historien-de-litterature-tunisienne-aboulkacem-mohamed-kirrou5-2\/","og_site_name":"Culminances","article_published_time":"2018-02-04T15:06:46+00:00","og_image":[{"width":2400,"height":1800,"url":"https:\/\/www.masharif.com\/fr\/wp-content\/uploads\/2018\/01\/hqdefault.jpg","type":"image\/jpeg"}],"author":"Mohamed Salah Ben Amor","twitter_card":"summary","twitter_misc":{"\u00c9crit par":"Mohamed Salah Ben Amor","Dur\u00e9e de lecture estim\u00e9e":"3 minutes"},"schema":{"@context":"https:\/\/schema.org","@graph":[{"@type":"WebSite","@id":"https:\/\/www.masharif.com\/fr\/#website","url":"https:\/\/www.masharif.com\/fr\/","name":"Culminances","description":"","potentialAction":[{"@type":"SearchAction","target":{"@type":"EntryPoint","urlTemplate":"https:\/\/www.masharif.com\/fr\/?s={search_term_string}"},"query-input":"required name=search_term_string"}],"inLanguage":"fr-FR"},{"@type":"ImageObject","inLanguage":"fr-FR","@id":"https:\/\/www.masharif.com\/fr\/2018\/02\/04\/souvenirs-grand-historien-de-litterature-tunisienne-aboulkacem-mohamed-kirrou5-2\/#primaryimage","url":"https:\/\/www.masharif.com\/fr\/wp-content\/uploads\/2018\/01\/hqdefault.jpg","contentUrl":"https:\/\/www.masharif.com\/fr\/wp-content\/uploads\/2018\/01\/hqdefault.jpg","width":2400,"height":1800},{"@type":"WebPage","@id":"https:\/\/www.masharif.com\/fr\/2018\/02\/04\/souvenirs-grand-historien-de-litterature-tunisienne-aboulkacem-mohamed-kirrou5-2\/","url":"https:\/\/www.masharif.com\/fr\/2018\/02\/04\/souvenirs-grand-historien-de-litterature-tunisienne-aboulkacem-mohamed-kirrou5-2\/","name":"Mes souvenirs avec le grand historien de la litt\u00e9rature tunisienne Aboulkacem Mohamed Kirrou(5) - Culminances","isPartOf":{"@id":"https:\/\/www.masharif.com\/fr\/#website"},"primaryImageOfPage":{"@id":"https:\/\/www.masharif.com\/fr\/2018\/02\/04\/souvenirs-grand-historien-de-litterature-tunisienne-aboulkacem-mohamed-kirrou5-2\/#primaryimage"},"datePublished":"2018-02-04T15:06:46+00:00","dateModified":"2018-02-04T15:06:46+00:00","author":{"@id":"https:\/\/www.masharif.com\/fr\/#\/schema\/person\/839a7026efe9fa825134097c1041e4a0"},"breadcrumb":{"@id":"https:\/\/www.masharif.com\/fr\/2018\/02\/04\/souvenirs-grand-historien-de-litterature-tunisienne-aboulkacem-mohamed-kirrou5-2\/#breadcrumb"},"inLanguage":"fr-FR","potentialAction":[{"@type":"ReadAction","target":["https:\/\/www.masharif.com\/fr\/2018\/02\/04\/souvenirs-grand-historien-de-litterature-tunisienne-aboulkacem-mohamed-kirrou5-2\/"]}]},{"@type":"BreadcrumbList","@id":"https:\/\/www.masharif.com\/fr\/2018\/02\/04\/souvenirs-grand-historien-de-litterature-tunisienne-aboulkacem-mohamed-kirrou5-2\/#breadcrumb","itemListElement":[{"@type":"ListItem","position":1,"name":"Home","item":"https:\/\/www.masharif.com\/fr\/"},{"@type":"ListItem","position":2,"name":"Mes souvenirs avec le grand historien de la litt\u00e9rature tunisienne Aboulkacem Mohamed Kirrou(5)"}]},{"@type":"Person","@id":"https:\/\/www.masharif.com\/fr\/#\/schema\/person\/839a7026efe9fa825134097c1041e4a0","name":"Mohamed Salah Ben Amor","image":{"@type":"ImageObject","inLanguage":"fr-FR","@id":"https:\/\/www.masharif.com\/fr\/#\/schema\/person\/image\/","url":"https:\/\/secure.gravatar.com\/avatar\/f64806401ad5ed604ffec2272b19ef46?s=96&d=identicon&r=g","contentUrl":"https:\/\/secure.gravatar.com\/avatar\/f64806401ad5ed604ffec2272b19ef46?s=96&d=identicon&r=g","caption":"Mohamed Salah Ben Amor"},"sameAs":["http:\/\/ben-amor.info"],"url":"https:\/\/www.masharif.com\/fr\/author\/msba\/"}]}},"_links":{"self":[{"href":"https:\/\/www.masharif.com\/fr\/wp-json\/wp\/v2\/posts\/6886"}],"collection":[{"href":"https:\/\/www.masharif.com\/fr\/wp-json\/wp\/v2\/posts"}],"about":[{"href":"https:\/\/www.masharif.com\/fr\/wp-json\/wp\/v2\/types\/post"}],"author":[{"embeddable":true,"href":"https:\/\/www.masharif.com\/fr\/wp-json\/wp\/v2\/users\/2"}],"replies":[{"embeddable":true,"href":"https:\/\/www.masharif.com\/fr\/wp-json\/wp\/v2\/comments?post=6886"}],"version-history":[{"count":1,"href":"https:\/\/www.masharif.com\/fr\/wp-json\/wp\/v2\/posts\/6886\/revisions"}],"predecessor-version":[{"id":6887,"href":"https:\/\/www.masharif.com\/fr\/wp-json\/wp\/v2\/posts\/6886\/revisions\/6887"}],"wp:featuredmedia":[{"embeddable":true,"href":"https:\/\/www.masharif.com\/fr\/wp-json\/wp\/v2\/media\/6742"}],"wp:attachment":[{"href":"https:\/\/www.masharif.com\/fr\/wp-json\/wp\/v2\/media?parent=6886"}],"wp:term":[{"taxonomy":"category","embeddable":true,"href":"https:\/\/www.masharif.com\/fr\/wp-json\/wp\/v2\/categories?post=6886"},{"taxonomy":"post_tag","embeddable":true,"href":"https:\/\/www.masharif.com\/fr\/wp-json\/wp\/v2\/tags?post=6886"}],"curies":[{"name":"wp","href":"https:\/\/api.w.org\/{rel}","templated":true}]}}