{"id":6755,"date":"2018-01-24T18:03:40","date_gmt":"2018-01-24T17:03:40","guid":{"rendered":"http:\/\/www.masharif.com\/fr\/?p=6755"},"modified":"2018-01-24T18:03:40","modified_gmt":"2018-01-24T17:03:40","slug":"chante-mouina-el-achari-interpretation-de-chanson-de-libanaise-rima-khacheich-%d8%ad%d9%8a%d9%86-%d8%a3%d8%ba%d9%86%d9%8a-%d8%b1%d9%8a%d9%85%d8%a7-%d8%ae%d8%b4%d9%8a%d8%b4","status":"publish","type":"post","link":"https:\/\/www.masharif.com\/fr\/2018\/01\/24\/chante-mouina-el-achari-interpretation-de-chanson-de-libanaise-rima-khacheich-%d8%ad%d9%8a%d9%86-%d8%a3%d8%ba%d9%86%d9%8a-%d8%b1%d9%8a%d9%85%d8%a7-%d8%ae%d8%b4%d9%8a%d8%b4\/","title":{"rendered":"Quand je chante  par : Mouina El Achari  ( interpr\u00e9tation de la chanson de la libanaise Rima Khacheich \u062d\u064a\u0646 \u0623\u063a\u0646\u064a \/ \u0631\u064a\u0645\u0627 \u062e\u0634\u064a\u0634)"},"content":{"rendered":"<div id=\"attachment_5976\" style=\"width: 308px\" class=\"wp-caption alignnone\"><a href=\"http:\/\/www.masharif.com\/fr\/wp-content\/uploads\/2017\/10\/19601449_1192409110904692_8276152254551937387_n.jpg\"><img aria-describedby=\"caption-attachment-5976\" loading=\"lazy\" class=\"wp-image-5976 size-medium\" src=\"http:\/\/www.masharif.com\/fr\/wp-content\/uploads\/2017\/10\/19601449_1192409110904692_8276152254551937387_n-298x300.jpg\" alt=\"\" width=\"298\" height=\"300\" srcset=\"https:\/\/www.masharif.com\/fr\/wp-content\/uploads\/2017\/10\/19601449_1192409110904692_8276152254551937387_n-298x300.jpg 298w, https:\/\/www.masharif.com\/fr\/wp-content\/uploads\/2017\/10\/19601449_1192409110904692_8276152254551937387_n-150x150.jpg 150w, https:\/\/www.masharif.com\/fr\/wp-content\/uploads\/2017\/10\/19601449_1192409110904692_8276152254551937387_n-768x774.jpg 768w, https:\/\/www.masharif.com\/fr\/wp-content\/uploads\/2017\/10\/19601449_1192409110904692_8276152254551937387_n-55x55.jpg 55w, https:\/\/www.masharif.com\/fr\/wp-content\/uploads\/2017\/10\/19601449_1192409110904692_8276152254551937387_n.jpg 952w\" sizes=\"(max-width: 298px) 100vw, 298px\" \/><\/a><p id=\"caption-attachment-5976\" class=\"wp-caption-text\">Mouina El Achari<\/p><\/div>\n<div id=\"attachment_6756\" style=\"width: 310px\" class=\"wp-caption alignnone\"><a href=\"http:\/\/www.masharif.com\/fr\/wp-content\/uploads\/2018\/01\/893754bdddd128562dc7a3829c6766fec753925e.jpg\"><img aria-describedby=\"caption-attachment-6756\" loading=\"lazy\" class=\"wp-image-6756 size-medium\" src=\"http:\/\/www.masharif.com\/fr\/wp-content\/uploads\/2018\/01\/893754bdddd128562dc7a3829c6766fec753925e-300x233.jpg\" alt=\"\" width=\"300\" height=\"233\" srcset=\"https:\/\/www.masharif.com\/fr\/wp-content\/uploads\/2018\/01\/893754bdddd128562dc7a3829c6766fec753925e-300x233.jpg 300w, https:\/\/www.masharif.com\/fr\/wp-content\/uploads\/2018\/01\/893754bdddd128562dc7a3829c6766fec753925e-768x597.jpg 768w, https:\/\/www.masharif.com\/fr\/wp-content\/uploads\/2018\/01\/893754bdddd128562dc7a3829c6766fec753925e-1024x796.jpg 1024w, https:\/\/www.masharif.com\/fr\/wp-content\/uploads\/2018\/01\/893754bdddd128562dc7a3829c6766fec753925e.jpg 1575w\" sizes=\"(max-width: 300px) 100vw, 300px\" \/><\/a><p id=\"caption-attachment-6756\" class=\"wp-caption-text\">\u0631\u064a\u0645\u0627 \u062e\u0634\u064a\u0634<\/p><\/div>\n<p>&nbsp;<\/p>\n<p><strong>Parce que je suis l\u2019ombre de mes chants<\/strong><\/p>\n<p><strong>Je chante.<\/strong><\/p>\n<p><strong>Quand j\u2019ai cri\u00e9 \u00ab\u00a0je t\u2019aime\u00a0\u00bb<\/strong><\/p>\n<p><strong>Je chantais.<\/strong><\/p>\n<p><strong>Quand tu as chuchot\u00e9 \u00ab\u00a0je t\u2019aime\u00a0\u00bb<\/strong><\/p>\n<p><strong>Je chantais.<\/strong><\/p>\n<p><strong>Quand nous sommes n\u00e9s,<\/strong><\/p>\n<p><strong>Quand nous avons aim\u00e9<\/strong><\/p>\n<p><strong>Passionn\u00e9ment puis nous nous sommes s\u00e9par\u00e9s,<\/strong><\/p>\n<p><strong>Quand nous avons d\u00e9rob\u00e9<\/strong><\/p>\n<p><strong>La tenue de l\u2019enfance,<\/strong><\/p>\n<p><strong>Je chantais\u2026Je chantais \u2026Je chantais.<\/strong><\/p>\n<p><strong>Parce que tu es la m\u00e9lodie de mes chants<\/strong><\/p>\n<p><strong>Je chante.<\/strong><\/p>\n<p><strong>Parce que je suis l\u2019ombre de mes chants<\/strong><\/p>\n<p><strong>Je chante.<\/strong><\/p>\n<p><strong>Parce que je caresse ton \u00e2me,<\/strong><\/p>\n<p><strong>Parce que j\u2019entends ta fragrance,<\/strong><\/p>\n<p><strong>Parce que tu fais partie de moi,<\/strong><\/p>\n<p><strong>Tu te m\u00e9langes \u00e0 mes pens\u00e9es<\/strong><\/p>\n<p><strong>Et tu me prot\u00e8ges de la folie des v\u0153ux.<\/strong><\/p>\n<p><strong>Parce que tu r\u00e9tr\u00e9cis la souffrance<\/strong><\/p>\n<p><strong>De la distance,<\/strong><\/p>\n<p><strong>Quand je chante\u2026Quand je chante\u2026Quand je chante,<\/strong><\/p>\n<p><strong>Parce que j\u2019ai d\u00e9test\u00e9 mes larmes<\/strong><\/p>\n<p><strong>Je chante.<\/strong><\/p>\n<p>&nbsp;<\/p>\n<p style=\"text-align: right;\"><strong>\u0644\u0623\u0646\u064a \u0623\u063a\u0646\u064a &#8230;<\/strong><br \/>\n<strong> \u063a\u0646\u0627\u0621 : \u0631\u064a\u0645\u0627 \u062e\u0634\u064a\u0634 &#8230;<\/strong><br \/>\n<strong> \u0623\u0644\u062d\u0627\u0646 : \u0634\u0631\u0628\u0644 \u0631\u0648\u062d\u0627\u0646\u0627 &#8230;<\/strong><\/p>\n<p style=\"text-align: right;\"><strong>\u0644\u0623\u0646\u064a \u0638\u0644\u0627\u0644\u064f \u063a\u0646\u0627\u0626\u064a \u0623\u063a\u0646\u064a &#8230;<\/strong><br \/>\n<strong> \u0641\u062d\u064a\u0646 \u0635\u0631\u062e\u062a\u064f \u0623\u062d\u0628\u0651\u0643\u064e \u0643\u0646\u062a\u064f \u0623\u063a\u0646\u064a &#8230;<\/strong><br \/>\n<strong> \u0648\u062d\u064a\u0646 \u0647\u0645\u0633\u062a\u064e \u0623\u062d\u0628\u0651\u0643\u0650 \u0643\u0646\u062a\u064f \u0623\u063a\u0646\u064a &#8230;<\/strong><br \/>\n<strong> \u0648\u062d\u064a\u0646 \u062e\u064f\u0644\u0642\u0646\u0627 &#8230; \u0648\u062d\u064a\u0646 \u0639\u0634\u0642\u0646\u0627 &#8230;<\/strong><br \/>\n<strong> \u0648\u062d\u064a\u0646 \u0627\u062d\u062a\u0631\u0642\u0646\u0627 &#8230; \u0648\u062d\u064a\u0646 \u0627\u0641\u062a\u0631\u0642\u0646\u0627 &#8230;<\/strong><br \/>\n<strong> \u0648\u062d\u064a\u0646 \u0627\u0633\u062a\u0631\u0642\u0646\u0627 \u0631\u062f\u0627\u0621 \u0627\u0644\u0637\u0641\u0648\u0644\u0629 &#8230;<\/strong><br \/>\n<strong> \u0643\u0646\u062a\u064f \u0623\u063a\u0646\u064a &#8230; \u0643\u0646\u062a\u064f \u0623\u063a\u0646\u064a &#8230; \u0643\u0646\u062a\u064f \u0623\u063a\u0646\u064a &#8230;<\/strong><br \/>\n<strong> \u0644\u0623\u0646\u0643\u064e \u0644\u062d\u0646\u064f \u063a\u0646\u0627\u0626\u064a &#8230; \u0623\u063a\u0646\u064a &#8230;<\/strong><\/p>\n<p style=\"text-align: right;\"><strong>\u0644\u0623\u0646\u064a \u0638\u0644\u0627\u0644\u064f \u063a\u0646\u0627\u0626\u064a \u0623\u063a\u0646\u064a &#8230;<\/strong><br \/>\n<strong> \u0644\u0623\u0646\u064a \u0623\u0631\u0627\u0642\u0635 \u0637\u064a\u0641\u0643\u064e \u062d\u064a\u0646 \u0623\u063a\u0646\u064a &#8230;<\/strong><br \/>\n<strong> \u0648\u0623\u0633\u0645\u0639 \u0647\u0645\u0633\u064e \u0639\u0628\u064a\u0631\u0643 \u062d\u064a\u0646 \u0623\u063a\u0646\u064a &#8230;<\/strong><br \/>\n<strong> \u0644\u0623\u0646\u0643 \u0645\u0646\u0651\u064a &#8230; \u062a\u062e\u0627\u0644\u0637\u064f \u0638\u0646\u0651\u064a &#8230;<\/strong><br \/>\n<strong> \u0648\u062a\u062f\u0641\u0639 \u0639\u0646\u0651\u064a \u062c\u0646\u0648\u0646 \u0627\u0644\u062a\u0645\u0646\u0651\u064a &#8230;<\/strong><br \/>\n<strong> \u0644\u0623\u0646\u0643 \u062a\u0637\u0648\u064a \u0639\u0630\u0627\u0628 \u0627\u0644\u0645\u0633\u0627\u0641\u0629 &#8230;<\/strong><br \/>\n<strong> \u062d\u064a\u0646 \u0623\u063a\u0646\u064a &#8230; \u062d\u064a\u0646 \u0623\u063a\u0646\u064a &#8230; \u062d\u064a\u0646 \u0623\u063a\u0646\u064a &#8230;<\/strong><br \/>\n<strong> \u0644\u0623\u0646\u064a \u0643\u0631\u0647\u062a\u064f \u0628\u0643\u0627\u0626\u064a &#8230; \u0623\u063a\u0646\u064a &#8230;<\/strong><\/p>\n<p>&nbsp;<\/p>\n<p>&nbsp;<\/p>\n","protected":false},"excerpt":{"rendered":"<p>&nbsp; Parce que je suis l\u2019ombre de mes chants Je chante. Quand j\u2019ai cri\u00e9 \u00ab\u00a0je t\u2019aime\u00a0\u00bb Je chantais. Quand tu as chuchot\u00e9 \u00ab\u00a0je t\u2019aime\u00a0\u00bb Je chantais. Quand nous sommes n\u00e9s, Quand nous avons aim\u00e9 Passionn\u00e9ment puis nous nous sommes s\u00e9par\u00e9s, Quand nous avons d\u00e9rob\u00e9 La tenue de l\u2019enfance, Je chantais\u2026Je chantais \u2026Je chantais. Parce que &#8230;<\/p>\n","protected":false},"author":2,"featured_media":6756,"comment_status":"open","ping_status":"open","sticky":false,"template":"","format":"standard","meta":[],"categories":[6],"tags":[],"yoast_head":"<!-- This site is optimized with the Yoast SEO plugin v19.3 - https:\/\/yoast.com\/wordpress\/plugins\/seo\/ -->\n<title>Quand je chante par : Mouina El Achari ( interpr\u00e9tation de la chanson de la libanaise Rima Khacheich \u062d\u064a\u0646 \u0623\u063a\u0646\u064a \/ \u0631\u064a\u0645\u0627 \u062e\u0634\u064a\u0634) - Culminances<\/title>\n<meta name=\"robots\" content=\"index, follow, max-snippet:-1, max-image-preview:large, max-video-preview:-1\" \/>\n<link rel=\"canonical\" href=\"https:\/\/www.masharif.com\/fr\/2018\/01\/24\/chante-mouina-el-achari-interpretation-de-chanson-de-libanaise-rima-khacheich-\u062d\u064a\u0646-\u0623\u063a\u0646\u064a-\u0631\u064a\u0645\u0627-\u062e\u0634\u064a\u0634\/\" \/>\n<meta property=\"og:locale\" content=\"fr_FR\" \/>\n<meta property=\"og:type\" content=\"article\" \/>\n<meta property=\"og:title\" content=\"Quand je chante par : Mouina El Achari ( interpr\u00e9tation de la chanson de la libanaise Rima Khacheich \u062d\u064a\u0646 \u0623\u063a\u0646\u064a \/ \u0631\u064a\u0645\u0627 \u062e\u0634\u064a\u0634) - Culminances\" \/>\n<meta property=\"og:description\" content=\"&nbsp; Parce que je suis l\u2019ombre de mes chants Je chante. Quand j\u2019ai cri\u00e9 \u00ab\u00a0je t\u2019aime\u00a0\u00bb Je chantais. Quand tu as chuchot\u00e9 \u00ab\u00a0je t\u2019aime\u00a0\u00bb Je chantais. Quand nous sommes n\u00e9s, Quand nous avons aim\u00e9 Passionn\u00e9ment puis nous nous sommes s\u00e9par\u00e9s, Quand nous avons d\u00e9rob\u00e9 La tenue de l\u2019enfance, Je chantais\u2026Je chantais \u2026Je chantais. Parce que ...\" \/>\n<meta property=\"og:url\" content=\"https:\/\/www.masharif.com\/fr\/2018\/01\/24\/chante-mouina-el-achari-interpretation-de-chanson-de-libanaise-rima-khacheich-\u062d\u064a\u0646-\u0623\u063a\u0646\u064a-\u0631\u064a\u0645\u0627-\u062e\u0634\u064a\u0634\/\" \/>\n<meta property=\"og:site_name\" content=\"Culminances\" \/>\n<meta property=\"article:published_time\" content=\"2018-01-24T17:03:40+00:00\" \/>\n<meta property=\"og:image\" content=\"https:\/\/www.masharif.com\/fr\/wp-content\/uploads\/2018\/01\/893754bdddd128562dc7a3829c6766fec753925e.jpg\" \/>\n\t<meta property=\"og:image:width\" content=\"1575\" \/>\n\t<meta property=\"og:image:height\" content=\"1225\" \/>\n\t<meta property=\"og:image:type\" content=\"image\/jpeg\" \/>\n<meta name=\"author\" content=\"Mohamed Salah Ben Amor\" \/>\n<meta name=\"twitter:card\" content=\"summary\" \/>\n<meta name=\"twitter:label1\" content=\"\u00c9crit par\" \/>\n\t<meta name=\"twitter:data1\" content=\"Mohamed Salah Ben Amor\" \/>\n\t<meta name=\"twitter:label2\" content=\"Dur\u00e9e de lecture estim\u00e9e\" \/>\n\t<meta name=\"twitter:data2\" content=\"1 minute\" \/>\n<script type=\"application\/ld+json\" class=\"yoast-schema-graph\">{\"@context\":\"https:\/\/schema.org\",\"@graph\":[{\"@type\":\"WebSite\",\"@id\":\"https:\/\/www.masharif.com\/fr\/#website\",\"url\":\"https:\/\/www.masharif.com\/fr\/\",\"name\":\"Culminances\",\"description\":\"\",\"potentialAction\":[{\"@type\":\"SearchAction\",\"target\":{\"@type\":\"EntryPoint\",\"urlTemplate\":\"https:\/\/www.masharif.com\/fr\/?s={search_term_string}\"},\"query-input\":\"required name=search_term_string\"}],\"inLanguage\":\"fr-FR\"},{\"@type\":\"ImageObject\",\"inLanguage\":\"fr-FR\",\"@id\":\"https:\/\/www.masharif.com\/fr\/2018\/01\/24\/chante-mouina-el-achari-interpretation-de-chanson-de-libanaise-rima-khacheich-%d8%ad%d9%8a%d9%86-%d8%a3%d8%ba%d9%86%d9%8a-%d8%b1%d9%8a%d9%85%d8%a7-%d8%ae%d8%b4%d9%8a%d8%b4\/#primaryimage\",\"url\":\"https:\/\/www.masharif.com\/fr\/wp-content\/uploads\/2018\/01\/893754bdddd128562dc7a3829c6766fec753925e.jpg\",\"contentUrl\":\"https:\/\/www.masharif.com\/fr\/wp-content\/uploads\/2018\/01\/893754bdddd128562dc7a3829c6766fec753925e.jpg\",\"width\":1575,\"height\":1225},{\"@type\":\"WebPage\",\"@id\":\"https:\/\/www.masharif.com\/fr\/2018\/01\/24\/chante-mouina-el-achari-interpretation-de-chanson-de-libanaise-rima-khacheich-%d8%ad%d9%8a%d9%86-%d8%a3%d8%ba%d9%86%d9%8a-%d8%b1%d9%8a%d9%85%d8%a7-%d8%ae%d8%b4%d9%8a%d8%b4\/\",\"url\":\"https:\/\/www.masharif.com\/fr\/2018\/01\/24\/chante-mouina-el-achari-interpretation-de-chanson-de-libanaise-rima-khacheich-%d8%ad%d9%8a%d9%86-%d8%a3%d8%ba%d9%86%d9%8a-%d8%b1%d9%8a%d9%85%d8%a7-%d8%ae%d8%b4%d9%8a%d8%b4\/\",\"name\":\"Quand je chante par : Mouina El Achari ( interpr\u00e9tation de la chanson de la libanaise Rima Khacheich \u062d\u064a\u0646 \u0623\u063a\u0646\u064a \/ \u0631\u064a\u0645\u0627 \u062e\u0634\u064a\u0634) - Culminances\",\"isPartOf\":{\"@id\":\"https:\/\/www.masharif.com\/fr\/#website\"},\"primaryImageOfPage\":{\"@id\":\"https:\/\/www.masharif.com\/fr\/2018\/01\/24\/chante-mouina-el-achari-interpretation-de-chanson-de-libanaise-rima-khacheich-%d8%ad%d9%8a%d9%86-%d8%a3%d8%ba%d9%86%d9%8a-%d8%b1%d9%8a%d9%85%d8%a7-%d8%ae%d8%b4%d9%8a%d8%b4\/#primaryimage\"},\"datePublished\":\"2018-01-24T17:03:40+00:00\",\"dateModified\":\"2018-01-24T17:03:40+00:00\",\"author\":{\"@id\":\"https:\/\/www.masharif.com\/fr\/#\/schema\/person\/839a7026efe9fa825134097c1041e4a0\"},\"breadcrumb\":{\"@id\":\"https:\/\/www.masharif.com\/fr\/2018\/01\/24\/chante-mouina-el-achari-interpretation-de-chanson-de-libanaise-rima-khacheich-%d8%ad%d9%8a%d9%86-%d8%a3%d8%ba%d9%86%d9%8a-%d8%b1%d9%8a%d9%85%d8%a7-%d8%ae%d8%b4%d9%8a%d8%b4\/#breadcrumb\"},\"inLanguage\":\"fr-FR\",\"potentialAction\":[{\"@type\":\"ReadAction\",\"target\":[\"https:\/\/www.masharif.com\/fr\/2018\/01\/24\/chante-mouina-el-achari-interpretation-de-chanson-de-libanaise-rima-khacheich-%d8%ad%d9%8a%d9%86-%d8%a3%d8%ba%d9%86%d9%8a-%d8%b1%d9%8a%d9%85%d8%a7-%d8%ae%d8%b4%d9%8a%d8%b4\/\"]}]},{\"@type\":\"BreadcrumbList\",\"@id\":\"https:\/\/www.masharif.com\/fr\/2018\/01\/24\/chante-mouina-el-achari-interpretation-de-chanson-de-libanaise-rima-khacheich-%d8%ad%d9%8a%d9%86-%d8%a3%d8%ba%d9%86%d9%8a-%d8%b1%d9%8a%d9%85%d8%a7-%d8%ae%d8%b4%d9%8a%d8%b4\/#breadcrumb\",\"itemListElement\":[{\"@type\":\"ListItem\",\"position\":1,\"name\":\"Home\",\"item\":\"https:\/\/www.masharif.com\/fr\/\"},{\"@type\":\"ListItem\",\"position\":2,\"name\":\"Quand je chante par : Mouina El Achari ( interpr\u00e9tation de la chanson de la libanaise Rima Khacheich \u062d\u064a\u0646 \u0623\u063a\u0646\u064a \/ \u0631\u064a\u0645\u0627 \u062e\u0634\u064a\u0634)\"}]},{\"@type\":\"Person\",\"@id\":\"https:\/\/www.masharif.com\/fr\/#\/schema\/person\/839a7026efe9fa825134097c1041e4a0\",\"name\":\"Mohamed Salah Ben Amor\",\"image\":{\"@type\":\"ImageObject\",\"inLanguage\":\"fr-FR\",\"@id\":\"https:\/\/www.masharif.com\/fr\/#\/schema\/person\/image\/\",\"url\":\"https:\/\/secure.gravatar.com\/avatar\/f64806401ad5ed604ffec2272b19ef46?s=96&d=identicon&r=g\",\"contentUrl\":\"https:\/\/secure.gravatar.com\/avatar\/f64806401ad5ed604ffec2272b19ef46?s=96&d=identicon&r=g\",\"caption\":\"Mohamed Salah Ben Amor\"},\"sameAs\":[\"http:\/\/ben-amor.info\"],\"url\":\"https:\/\/www.masharif.com\/fr\/author\/msba\/\"}]}<\/script>\n<!-- \/ Yoast SEO plugin. -->","yoast_head_json":{"title":"Quand je chante par : Mouina El Achari ( interpr\u00e9tation de la chanson de la libanaise Rima Khacheich \u062d\u064a\u0646 \u0623\u063a\u0646\u064a \/ \u0631\u064a\u0645\u0627 \u062e\u0634\u064a\u0634) - Culminances","robots":{"index":"index","follow":"follow","max-snippet":"max-snippet:-1","max-image-preview":"max-image-preview:large","max-video-preview":"max-video-preview:-1"},"canonical":"https:\/\/www.masharif.com\/fr\/2018\/01\/24\/chante-mouina-el-achari-interpretation-de-chanson-de-libanaise-rima-khacheich-\u062d\u064a\u0646-\u0623\u063a\u0646\u064a-\u0631\u064a\u0645\u0627-\u062e\u0634\u064a\u0634\/","og_locale":"fr_FR","og_type":"article","og_title":"Quand je chante par : Mouina El Achari ( interpr\u00e9tation de la chanson de la libanaise Rima Khacheich \u062d\u064a\u0646 \u0623\u063a\u0646\u064a \/ \u0631\u064a\u0645\u0627 \u062e\u0634\u064a\u0634) - Culminances","og_description":"&nbsp; Parce que je suis l\u2019ombre de mes chants Je chante. Quand j\u2019ai cri\u00e9 \u00ab\u00a0je t\u2019aime\u00a0\u00bb Je chantais. Quand tu as chuchot\u00e9 \u00ab\u00a0je t\u2019aime\u00a0\u00bb Je chantais. Quand nous sommes n\u00e9s, Quand nous avons aim\u00e9 Passionn\u00e9ment puis nous nous sommes s\u00e9par\u00e9s, Quand nous avons d\u00e9rob\u00e9 La tenue de l\u2019enfance, Je chantais\u2026Je chantais \u2026Je chantais. Parce que ...","og_url":"https:\/\/www.masharif.com\/fr\/2018\/01\/24\/chante-mouina-el-achari-interpretation-de-chanson-de-libanaise-rima-khacheich-\u062d\u064a\u0646-\u0623\u063a\u0646\u064a-\u0631\u064a\u0645\u0627-\u062e\u0634\u064a\u0634\/","og_site_name":"Culminances","article_published_time":"2018-01-24T17:03:40+00:00","og_image":[{"width":1575,"height":1225,"url":"https:\/\/www.masharif.com\/fr\/wp-content\/uploads\/2018\/01\/893754bdddd128562dc7a3829c6766fec753925e.jpg","type":"image\/jpeg"}],"author":"Mohamed Salah Ben Amor","twitter_card":"summary","twitter_misc":{"\u00c9crit par":"Mohamed Salah Ben Amor","Dur\u00e9e de lecture estim\u00e9e":"1 minute"},"schema":{"@context":"https:\/\/schema.org","@graph":[{"@type":"WebSite","@id":"https:\/\/www.masharif.com\/fr\/#website","url":"https:\/\/www.masharif.com\/fr\/","name":"Culminances","description":"","potentialAction":[{"@type":"SearchAction","target":{"@type":"EntryPoint","urlTemplate":"https:\/\/www.masharif.com\/fr\/?s={search_term_string}"},"query-input":"required name=search_term_string"}],"inLanguage":"fr-FR"},{"@type":"ImageObject","inLanguage":"fr-FR","@id":"https:\/\/www.masharif.com\/fr\/2018\/01\/24\/chante-mouina-el-achari-interpretation-de-chanson-de-libanaise-rima-khacheich-%d8%ad%d9%8a%d9%86-%d8%a3%d8%ba%d9%86%d9%8a-%d8%b1%d9%8a%d9%85%d8%a7-%d8%ae%d8%b4%d9%8a%d8%b4\/#primaryimage","url":"https:\/\/www.masharif.com\/fr\/wp-content\/uploads\/2018\/01\/893754bdddd128562dc7a3829c6766fec753925e.jpg","contentUrl":"https:\/\/www.masharif.com\/fr\/wp-content\/uploads\/2018\/01\/893754bdddd128562dc7a3829c6766fec753925e.jpg","width":1575,"height":1225},{"@type":"WebPage","@id":"https:\/\/www.masharif.com\/fr\/2018\/01\/24\/chante-mouina-el-achari-interpretation-de-chanson-de-libanaise-rima-khacheich-%d8%ad%d9%8a%d9%86-%d8%a3%d8%ba%d9%86%d9%8a-%d8%b1%d9%8a%d9%85%d8%a7-%d8%ae%d8%b4%d9%8a%d8%b4\/","url":"https:\/\/www.masharif.com\/fr\/2018\/01\/24\/chante-mouina-el-achari-interpretation-de-chanson-de-libanaise-rima-khacheich-%d8%ad%d9%8a%d9%86-%d8%a3%d8%ba%d9%86%d9%8a-%d8%b1%d9%8a%d9%85%d8%a7-%d8%ae%d8%b4%d9%8a%d8%b4\/","name":"Quand je chante par : Mouina El Achari ( interpr\u00e9tation de la chanson de la libanaise Rima Khacheich \u062d\u064a\u0646 \u0623\u063a\u0646\u064a \/ \u0631\u064a\u0645\u0627 \u062e\u0634\u064a\u0634) - Culminances","isPartOf":{"@id":"https:\/\/www.masharif.com\/fr\/#website"},"primaryImageOfPage":{"@id":"https:\/\/www.masharif.com\/fr\/2018\/01\/24\/chante-mouina-el-achari-interpretation-de-chanson-de-libanaise-rima-khacheich-%d8%ad%d9%8a%d9%86-%d8%a3%d8%ba%d9%86%d9%8a-%d8%b1%d9%8a%d9%85%d8%a7-%d8%ae%d8%b4%d9%8a%d8%b4\/#primaryimage"},"datePublished":"2018-01-24T17:03:40+00:00","dateModified":"2018-01-24T17:03:40+00:00","author":{"@id":"https:\/\/www.masharif.com\/fr\/#\/schema\/person\/839a7026efe9fa825134097c1041e4a0"},"breadcrumb":{"@id":"https:\/\/www.masharif.com\/fr\/2018\/01\/24\/chante-mouina-el-achari-interpretation-de-chanson-de-libanaise-rima-khacheich-%d8%ad%d9%8a%d9%86-%d8%a3%d8%ba%d9%86%d9%8a-%d8%b1%d9%8a%d9%85%d8%a7-%d8%ae%d8%b4%d9%8a%d8%b4\/#breadcrumb"},"inLanguage":"fr-FR","potentialAction":[{"@type":"ReadAction","target":["https:\/\/www.masharif.com\/fr\/2018\/01\/24\/chante-mouina-el-achari-interpretation-de-chanson-de-libanaise-rima-khacheich-%d8%ad%d9%8a%d9%86-%d8%a3%d8%ba%d9%86%d9%8a-%d8%b1%d9%8a%d9%85%d8%a7-%d8%ae%d8%b4%d9%8a%d8%b4\/"]}]},{"@type":"BreadcrumbList","@id":"https:\/\/www.masharif.com\/fr\/2018\/01\/24\/chante-mouina-el-achari-interpretation-de-chanson-de-libanaise-rima-khacheich-%d8%ad%d9%8a%d9%86-%d8%a3%d8%ba%d9%86%d9%8a-%d8%b1%d9%8a%d9%85%d8%a7-%d8%ae%d8%b4%d9%8a%d8%b4\/#breadcrumb","itemListElement":[{"@type":"ListItem","position":1,"name":"Home","item":"https:\/\/www.masharif.com\/fr\/"},{"@type":"ListItem","position":2,"name":"Quand je chante par : Mouina El Achari ( interpr\u00e9tation de la chanson de la libanaise Rima Khacheich \u062d\u064a\u0646 \u0623\u063a\u0646\u064a \/ \u0631\u064a\u0645\u0627 \u062e\u0634\u064a\u0634)"}]},{"@type":"Person","@id":"https:\/\/www.masharif.com\/fr\/#\/schema\/person\/839a7026efe9fa825134097c1041e4a0","name":"Mohamed Salah Ben Amor","image":{"@type":"ImageObject","inLanguage":"fr-FR","@id":"https:\/\/www.masharif.com\/fr\/#\/schema\/person\/image\/","url":"https:\/\/secure.gravatar.com\/avatar\/f64806401ad5ed604ffec2272b19ef46?s=96&d=identicon&r=g","contentUrl":"https:\/\/secure.gravatar.com\/avatar\/f64806401ad5ed604ffec2272b19ef46?s=96&d=identicon&r=g","caption":"Mohamed Salah Ben Amor"},"sameAs":["http:\/\/ben-amor.info"],"url":"https:\/\/www.masharif.com\/fr\/author\/msba\/"}]}},"_links":{"self":[{"href":"https:\/\/www.masharif.com\/fr\/wp-json\/wp\/v2\/posts\/6755"}],"collection":[{"href":"https:\/\/www.masharif.com\/fr\/wp-json\/wp\/v2\/posts"}],"about":[{"href":"https:\/\/www.masharif.com\/fr\/wp-json\/wp\/v2\/types\/post"}],"author":[{"embeddable":true,"href":"https:\/\/www.masharif.com\/fr\/wp-json\/wp\/v2\/users\/2"}],"replies":[{"embeddable":true,"href":"https:\/\/www.masharif.com\/fr\/wp-json\/wp\/v2\/comments?post=6755"}],"version-history":[{"count":1,"href":"https:\/\/www.masharif.com\/fr\/wp-json\/wp\/v2\/posts\/6755\/revisions"}],"predecessor-version":[{"id":6757,"href":"https:\/\/www.masharif.com\/fr\/wp-json\/wp\/v2\/posts\/6755\/revisions\/6757"}],"wp:featuredmedia":[{"embeddable":true,"href":"https:\/\/www.masharif.com\/fr\/wp-json\/wp\/v2\/media\/6756"}],"wp:attachment":[{"href":"https:\/\/www.masharif.com\/fr\/wp-json\/wp\/v2\/media?parent=6755"}],"wp:term":[{"taxonomy":"category","embeddable":true,"href":"https:\/\/www.masharif.com\/fr\/wp-json\/wp\/v2\/categories?post=6755"},{"taxonomy":"post_tag","embeddable":true,"href":"https:\/\/www.masharif.com\/fr\/wp-json\/wp\/v2\/tags?post=6755"}],"curies":[{"name":"wp","href":"https:\/\/api.w.org\/{rel}","templated":true}]}}