{"id":6479,"date":"2017-12-20T14:36:27","date_gmt":"2017-12-20T13:36:27","guid":{"rendered":"http:\/\/www.masharif.com\/fr\/?p=6479"},"modified":"2017-12-20T14:43:22","modified_gmt":"2017-12-20T13:43:22","slug":"mes-souvenirs-avec-le-poete-tunisien-feu-midani-ben-salah-2","status":"publish","type":"post","link":"https:\/\/www.masharif.com\/fr\/2017\/12\/20\/mes-souvenirs-avec-le-poete-tunisien-feu-midani-ben-salah-2\/","title":{"rendered":"Mes souvenirs avec le po\u00e8te tunisien feu Midani Ben Salah (2)"},"content":{"rendered":"<div id=\"attachment_6480\" style=\"width: 310px\" class=\"wp-caption alignnone\"><a href=\"http:\/\/www.masharif.com\/fr\/wp-content\/uploads\/2017\/12\/2709e1cc5e35415f9cc4502ded3470a8_XL.jpg\"><img aria-describedby=\"caption-attachment-6480\" loading=\"lazy\" class=\"wp-image-6480 size-medium\" src=\"http:\/\/www.masharif.com\/fr\/wp-content\/uploads\/2017\/12\/2709e1cc5e35415f9cc4502ded3470a8_XL-300x187.jpg\" alt=\"\" width=\"300\" height=\"187\" srcset=\"https:\/\/www.masharif.com\/fr\/wp-content\/uploads\/2017\/12\/2709e1cc5e35415f9cc4502ded3470a8_XL-300x187.jpg 300w, https:\/\/www.masharif.com\/fr\/wp-content\/uploads\/2017\/12\/2709e1cc5e35415f9cc4502ded3470a8_XL-768x479.jpg 768w, https:\/\/www.masharif.com\/fr\/wp-content\/uploads\/2017\/12\/2709e1cc5e35415f9cc4502ded3470a8_XL-1024x638.jpg 1024w\" sizes=\"(max-width: 300px) 100vw, 300px\" \/><\/a><p id=\"caption-attachment-6480\" class=\"wp-caption-text\">Midani Ben Salah<\/p><\/div>\n<p>Depuis que j\u2019avais connu le grand po\u00e8te tunisien Midani Ben Salah (1929 \u2013 2006) \u00a0en 1971, l\u2019une des qualit\u00e9s qui le caract\u00e9risaient \u00e9tait son sens de l\u2019humour comme la plupart des gens de sa r\u00e9gion natale\u00a0:le J\u00e9rid tunisien , sis au sud-ouest de la Tunisie. Mais il s\u2019en diff\u00e9renciait \u00a0par l\u2019usage qu\u2019il faisait , \u00e0 titre humoristique, de gros mots qu\u2019il pronon\u00e7ait \u00e0 haute voix .<\/p>\n<p>En 1971, j\u2019\u00e9tais responsable avec le critique Hassine Loued et le po\u00e8te Hamadi Touhami El Kar de la \u00a0page culturelle de \u00a0l\u2019hebdomadaire \u00ab\u00a0Al Ayyam\u00a0\u00bb(Les jours\u00a0).Et cette page avait suscit\u00e9 de violentes r\u00e9actions dans le milieu litt\u00e9raire parce que nous n\u2019y publions que les po\u00e8mes en prose, les nouvelles exp\u00e9rimentales et les essais critiques o\u00f9 sont utilis\u00e9es les m\u00e9thodes de critique moderne.<\/p>\n<p>Un jour, le propri\u00e9taire du journal feu Mahmoud Zogni nous fit savoir qu\u2019une\u00a0 lettre sign\u00e9e par un groupe d\u2019\u00e9crivains et de po\u00e8tes a \u00e9t\u00e9 adress\u00e9e au minist\u00e8re de l\u2019int\u00e9rieur dans laquelle ils nous accusaient d\u2019appartenir soit \u00e0 un groupuscule d\u2019extr\u00eame gauche, soit au parti Baath irakien et qu\u2019il n\u2019a pu conna\u00eetre qu\u2019un seul de ces signataires qui r\u00e9digeait une rubrique hebdomadaire dans le journal\u00a0\u00ab\u00a0al Amal\u00a0\u00bb, l\u2019organe parti au pouvoir le parti destourien.<\/p>\n<p>L\u2019histoire de cette lettre\u00a0 s\u2019\u00e9tait vite propag\u00e9e dans le milieu culturel .Et comme les noms des autres signataires \u00e9taient demeur\u00e9s inconnus, les rumeurs\u00a0 avaient fait circuler des noms imaginaires\u00a0 dont celui de Midani Ben Salah.Et bien que je n\u2019eusse \u00a0cru un seul instant \u00e0 cette rumeur, j\u2019avais demand\u00e9 au po\u00e8te Souilmi Boujemaa , l\u2019un des amis les plus proches de Midani, de m\u2019arranger une rencontre avec lui pour discuter de ce sujet.<\/p>\n<p>Le jour convenu, nous \u00a0nous rencontr\u00e2mes\u00a0 dans un caf\u00e9 populaire sis \u00e0 l\u2019intersection de la \u00a0rue Ibn Khaldoun et et l\u2019avenue \u00a0Farhat Hached et se joignit \u00a0\u00e0 nous feu le po\u00e8te Tahar Hammami qui passait \u00a0par l\u00e0 par hasard .<\/p>\n<p>Midani \u00e9tait fou furieux. Il parlait \u00e0 haute voix, prof\u00e9rant des insultes \u00e0 l\u2019encontre de ceux qui l\u2019ont accus\u00e9 et \u00a0les qualifiant de l\u00e2ches puis il s\u2018est adress\u00e9 \u00e0 moi en ces\u00a0mots :\u00a0\u00ab\u00a0 Ta critique je m\u2019en taponne et votre soi-disant avant-garde je le(un\u00a0 gros mot)\u00a0.Mais je ne me permettrais jamais de signer un rapport \u00e0 la police m\u00eame contre mes ennemis \u00bb.<\/p>\n<p>Le po\u00e8te Taher Hammami le prie de parler \u00e0 voix basse, lui signalant que l\u2019 homme qui \u00e9tait assis derri\u00e8re pourrait \u00eatre un flic .<\/p>\n<p>Miudani, emport\u00e9 par sa fureur, se l\u00e8ve ,se dirige vers l\u2019homme et s\u2019assoit \u00e0 sa table \u00a0puis il lui dit\u00a0:\u00a0\u00ab\u00a0 Cher ami , tu es un flic\u00a0?Va trouver ton parton (il lui cite le nom du ministre de l\u2019int\u00e9rieur) et dis-lui qu\u2019il est (un gros mot). Inscris, s\u2019il te pla\u00eet, dans ton rapport\u00a0 ce que je viens de dire en mon nom Midani Ben Salah\u00a0\u00bb.Puis Midani se l\u00e8ve et retourne \u00e0 sa place.<\/p>\n<p>L\u2019homme \u00e9tait costaud \u00a0et grand de taille (tandis que Midani \u00e9tait petit et ch\u00e9tif) .Il partit dans une interminable crise de rire\u00a0 et cette crise s\u2019\u00e9tait propag\u00e9e dans tout \u00a0le caf\u00e9.<\/p>\n<p>Plus tard, chaque fois que je rencontre\u00a0 Midani \u00a0je lui rappelle cette sc\u00e8ne et nous nous mettons \u00e0 rire \u00e0 haute voix\u00a0!<\/p>\n<p>&nbsp;<\/p>\n","protected":false},"excerpt":{"rendered":"<p>Depuis que j\u2019avais connu le grand po\u00e8te tunisien Midani Ben Salah (1929 \u2013 2006) \u00a0en 1971, l\u2019une des qualit\u00e9s qui le caract\u00e9risaient \u00e9tait son sens de l\u2019humour comme la plupart des gens de sa r\u00e9gion natale\u00a0:le J\u00e9rid tunisien , sis au sud-ouest de la Tunisie. Mais il s\u2019en diff\u00e9renciait \u00a0par l\u2019usage qu\u2019il faisait , \u00e0 &#8230;<\/p>\n","protected":false},"author":2,"featured_media":6480,"comment_status":"open","ping_status":"open","sticky":false,"template":"","format":"standard","meta":[],"categories":[36],"tags":[],"yoast_head":"<!-- This site is optimized with the Yoast SEO plugin v19.3 - https:\/\/yoast.com\/wordpress\/plugins\/seo\/ -->\n<title>Mes souvenirs avec le po\u00e8te tunisien feu Midani Ben Salah (2) - Culminances<\/title>\n<meta name=\"robots\" content=\"index, follow, max-snippet:-1, max-image-preview:large, max-video-preview:-1\" \/>\n<link rel=\"canonical\" href=\"http:\/\/www.masharif.com\/fr\/2017\/12\/20\/mes-souvenirs-avec-le-poete-tunisien-feu-midani-ben-salah-2\/\" \/>\n<meta property=\"og:locale\" content=\"fr_FR\" \/>\n<meta property=\"og:type\" content=\"article\" \/>\n<meta property=\"og:title\" content=\"Mes souvenirs avec le po\u00e8te tunisien feu Midani Ben Salah (2) - Culminances\" \/>\n<meta property=\"og:description\" content=\"Depuis que j\u2019avais connu le grand po\u00e8te tunisien Midani Ben Salah (1929 \u2013 2006) \u00a0en 1971, l\u2019une des qualit\u00e9s qui le caract\u00e9risaient \u00e9tait son sens de l\u2019humour comme la plupart des gens de sa r\u00e9gion natale\u00a0:le J\u00e9rid tunisien , sis au sud-ouest de la Tunisie. Mais il s\u2019en diff\u00e9renciait \u00a0par l\u2019usage qu\u2019il faisait , \u00e0 ...\" \/>\n<meta property=\"og:url\" content=\"http:\/\/www.masharif.com\/fr\/2017\/12\/20\/mes-souvenirs-avec-le-poete-tunisien-feu-midani-ben-salah-2\/\" \/>\n<meta property=\"og:site_name\" content=\"Culminances\" \/>\n<meta property=\"article:published_time\" content=\"2017-12-20T13:36:27+00:00\" \/>\n<meta property=\"article:modified_time\" content=\"2017-12-20T13:43:22+00:00\" \/>\n<meta property=\"og:image\" content=\"http:\/\/www.masharif.com\/fr\/wp-content\/uploads\/2017\/12\/2709e1cc5e35415f9cc4502ded3470a8_XL.jpg\" \/>\n\t<meta property=\"og:image:width\" content=\"3465\" \/>\n\t<meta property=\"og:image:height\" content=\"2160\" \/>\n\t<meta property=\"og:image:type\" content=\"image\/jpeg\" \/>\n<meta name=\"author\" content=\"Mohamed Salah Ben Amor\" \/>\n<meta name=\"twitter:card\" content=\"summary\" \/>\n<meta name=\"twitter:label1\" content=\"\u00c9crit par\" \/>\n\t<meta name=\"twitter:data1\" content=\"Mohamed Salah Ben Amor\" \/>\n\t<meta name=\"twitter:label2\" content=\"Dur\u00e9e de lecture estim\u00e9e\" \/>\n\t<meta name=\"twitter:data2\" content=\"3 minutes\" \/>\n<script type=\"application\/ld+json\" class=\"yoast-schema-graph\">{\"@context\":\"https:\/\/schema.org\",\"@graph\":[{\"@type\":\"WebSite\",\"@id\":\"https:\/\/www.masharif.com\/fr\/#website\",\"url\":\"https:\/\/www.masharif.com\/fr\/\",\"name\":\"Culminances\",\"description\":\"\",\"potentialAction\":[{\"@type\":\"SearchAction\",\"target\":{\"@type\":\"EntryPoint\",\"urlTemplate\":\"https:\/\/www.masharif.com\/fr\/?s={search_term_string}\"},\"query-input\":\"required name=search_term_string\"}],\"inLanguage\":\"fr-FR\"},{\"@type\":\"ImageObject\",\"inLanguage\":\"fr-FR\",\"@id\":\"http:\/\/www.masharif.com\/fr\/2017\/12\/20\/mes-souvenirs-avec-le-poete-tunisien-feu-midani-ben-salah-2\/#primaryimage\",\"url\":\"https:\/\/www.masharif.com\/fr\/wp-content\/uploads\/2017\/12\/2709e1cc5e35415f9cc4502ded3470a8_XL.jpg\",\"contentUrl\":\"https:\/\/www.masharif.com\/fr\/wp-content\/uploads\/2017\/12\/2709e1cc5e35415f9cc4502ded3470a8_XL.jpg\",\"width\":3465,\"height\":2160},{\"@type\":\"WebPage\",\"@id\":\"http:\/\/www.masharif.com\/fr\/2017\/12\/20\/mes-souvenirs-avec-le-poete-tunisien-feu-midani-ben-salah-2\/\",\"url\":\"http:\/\/www.masharif.com\/fr\/2017\/12\/20\/mes-souvenirs-avec-le-poete-tunisien-feu-midani-ben-salah-2\/\",\"name\":\"Mes souvenirs avec le po\u00e8te tunisien feu Midani Ben Salah (2) - Culminances\",\"isPartOf\":{\"@id\":\"https:\/\/www.masharif.com\/fr\/#website\"},\"primaryImageOfPage\":{\"@id\":\"http:\/\/www.masharif.com\/fr\/2017\/12\/20\/mes-souvenirs-avec-le-poete-tunisien-feu-midani-ben-salah-2\/#primaryimage\"},\"datePublished\":\"2017-12-20T13:36:27+00:00\",\"dateModified\":\"2017-12-20T13:43:22+00:00\",\"author\":{\"@id\":\"https:\/\/www.masharif.com\/fr\/#\/schema\/person\/839a7026efe9fa825134097c1041e4a0\"},\"breadcrumb\":{\"@id\":\"http:\/\/www.masharif.com\/fr\/2017\/12\/20\/mes-souvenirs-avec-le-poete-tunisien-feu-midani-ben-salah-2\/#breadcrumb\"},\"inLanguage\":\"fr-FR\",\"potentialAction\":[{\"@type\":\"ReadAction\",\"target\":[\"http:\/\/www.masharif.com\/fr\/2017\/12\/20\/mes-souvenirs-avec-le-poete-tunisien-feu-midani-ben-salah-2\/\"]}]},{\"@type\":\"BreadcrumbList\",\"@id\":\"http:\/\/www.masharif.com\/fr\/2017\/12\/20\/mes-souvenirs-avec-le-poete-tunisien-feu-midani-ben-salah-2\/#breadcrumb\",\"itemListElement\":[{\"@type\":\"ListItem\",\"position\":1,\"name\":\"Home\",\"item\":\"https:\/\/www.masharif.com\/fr\/\"},{\"@type\":\"ListItem\",\"position\":2,\"name\":\"Mes souvenirs avec le po\u00e8te tunisien feu Midani Ben Salah (2)\"}]},{\"@type\":\"Person\",\"@id\":\"https:\/\/www.masharif.com\/fr\/#\/schema\/person\/839a7026efe9fa825134097c1041e4a0\",\"name\":\"Mohamed Salah Ben Amor\",\"image\":{\"@type\":\"ImageObject\",\"inLanguage\":\"fr-FR\",\"@id\":\"https:\/\/www.masharif.com\/fr\/#\/schema\/person\/image\/\",\"url\":\"https:\/\/secure.gravatar.com\/avatar\/f64806401ad5ed604ffec2272b19ef46?s=96&d=identicon&r=g\",\"contentUrl\":\"https:\/\/secure.gravatar.com\/avatar\/f64806401ad5ed604ffec2272b19ef46?s=96&d=identicon&r=g\",\"caption\":\"Mohamed Salah Ben Amor\"},\"sameAs\":[\"http:\/\/ben-amor.info\"],\"url\":\"https:\/\/www.masharif.com\/fr\/author\/msba\/\"}]}<\/script>\n<!-- \/ Yoast SEO plugin. -->","yoast_head_json":{"title":"Mes souvenirs avec le po\u00e8te tunisien feu Midani Ben Salah (2) - Culminances","robots":{"index":"index","follow":"follow","max-snippet":"max-snippet:-1","max-image-preview":"max-image-preview:large","max-video-preview":"max-video-preview:-1"},"canonical":"http:\/\/www.masharif.com\/fr\/2017\/12\/20\/mes-souvenirs-avec-le-poete-tunisien-feu-midani-ben-salah-2\/","og_locale":"fr_FR","og_type":"article","og_title":"Mes souvenirs avec le po\u00e8te tunisien feu Midani Ben Salah (2) - Culminances","og_description":"Depuis que j\u2019avais connu le grand po\u00e8te tunisien Midani Ben Salah (1929 \u2013 2006) \u00a0en 1971, l\u2019une des qualit\u00e9s qui le caract\u00e9risaient \u00e9tait son sens de l\u2019humour comme la plupart des gens de sa r\u00e9gion natale\u00a0:le J\u00e9rid tunisien , sis au sud-ouest de la Tunisie. Mais il s\u2019en diff\u00e9renciait \u00a0par l\u2019usage qu\u2019il faisait , \u00e0 ...","og_url":"http:\/\/www.masharif.com\/fr\/2017\/12\/20\/mes-souvenirs-avec-le-poete-tunisien-feu-midani-ben-salah-2\/","og_site_name":"Culminances","article_published_time":"2017-12-20T13:36:27+00:00","article_modified_time":"2017-12-20T13:43:22+00:00","og_image":[{"width":3465,"height":2160,"url":"http:\/\/www.masharif.com\/fr\/wp-content\/uploads\/2017\/12\/2709e1cc5e35415f9cc4502ded3470a8_XL.jpg","type":"image\/jpeg"}],"author":"Mohamed Salah Ben Amor","twitter_card":"summary","twitter_misc":{"\u00c9crit par":"Mohamed Salah Ben Amor","Dur\u00e9e de lecture estim\u00e9e":"3 minutes"},"schema":{"@context":"https:\/\/schema.org","@graph":[{"@type":"WebSite","@id":"https:\/\/www.masharif.com\/fr\/#website","url":"https:\/\/www.masharif.com\/fr\/","name":"Culminances","description":"","potentialAction":[{"@type":"SearchAction","target":{"@type":"EntryPoint","urlTemplate":"https:\/\/www.masharif.com\/fr\/?s={search_term_string}"},"query-input":"required name=search_term_string"}],"inLanguage":"fr-FR"},{"@type":"ImageObject","inLanguage":"fr-FR","@id":"http:\/\/www.masharif.com\/fr\/2017\/12\/20\/mes-souvenirs-avec-le-poete-tunisien-feu-midani-ben-salah-2\/#primaryimage","url":"https:\/\/www.masharif.com\/fr\/wp-content\/uploads\/2017\/12\/2709e1cc5e35415f9cc4502ded3470a8_XL.jpg","contentUrl":"https:\/\/www.masharif.com\/fr\/wp-content\/uploads\/2017\/12\/2709e1cc5e35415f9cc4502ded3470a8_XL.jpg","width":3465,"height":2160},{"@type":"WebPage","@id":"http:\/\/www.masharif.com\/fr\/2017\/12\/20\/mes-souvenirs-avec-le-poete-tunisien-feu-midani-ben-salah-2\/","url":"http:\/\/www.masharif.com\/fr\/2017\/12\/20\/mes-souvenirs-avec-le-poete-tunisien-feu-midani-ben-salah-2\/","name":"Mes souvenirs avec le po\u00e8te tunisien feu Midani Ben Salah (2) - Culminances","isPartOf":{"@id":"https:\/\/www.masharif.com\/fr\/#website"},"primaryImageOfPage":{"@id":"http:\/\/www.masharif.com\/fr\/2017\/12\/20\/mes-souvenirs-avec-le-poete-tunisien-feu-midani-ben-salah-2\/#primaryimage"},"datePublished":"2017-12-20T13:36:27+00:00","dateModified":"2017-12-20T13:43:22+00:00","author":{"@id":"https:\/\/www.masharif.com\/fr\/#\/schema\/person\/839a7026efe9fa825134097c1041e4a0"},"breadcrumb":{"@id":"http:\/\/www.masharif.com\/fr\/2017\/12\/20\/mes-souvenirs-avec-le-poete-tunisien-feu-midani-ben-salah-2\/#breadcrumb"},"inLanguage":"fr-FR","potentialAction":[{"@type":"ReadAction","target":["http:\/\/www.masharif.com\/fr\/2017\/12\/20\/mes-souvenirs-avec-le-poete-tunisien-feu-midani-ben-salah-2\/"]}]},{"@type":"BreadcrumbList","@id":"http:\/\/www.masharif.com\/fr\/2017\/12\/20\/mes-souvenirs-avec-le-poete-tunisien-feu-midani-ben-salah-2\/#breadcrumb","itemListElement":[{"@type":"ListItem","position":1,"name":"Home","item":"https:\/\/www.masharif.com\/fr\/"},{"@type":"ListItem","position":2,"name":"Mes souvenirs avec le po\u00e8te tunisien feu Midani Ben Salah (2)"}]},{"@type":"Person","@id":"https:\/\/www.masharif.com\/fr\/#\/schema\/person\/839a7026efe9fa825134097c1041e4a0","name":"Mohamed Salah Ben Amor","image":{"@type":"ImageObject","inLanguage":"fr-FR","@id":"https:\/\/www.masharif.com\/fr\/#\/schema\/person\/image\/","url":"https:\/\/secure.gravatar.com\/avatar\/f64806401ad5ed604ffec2272b19ef46?s=96&d=identicon&r=g","contentUrl":"https:\/\/secure.gravatar.com\/avatar\/f64806401ad5ed604ffec2272b19ef46?s=96&d=identicon&r=g","caption":"Mohamed Salah Ben Amor"},"sameAs":["http:\/\/ben-amor.info"],"url":"https:\/\/www.masharif.com\/fr\/author\/msba\/"}]}},"_links":{"self":[{"href":"https:\/\/www.masharif.com\/fr\/wp-json\/wp\/v2\/posts\/6479"}],"collection":[{"href":"https:\/\/www.masharif.com\/fr\/wp-json\/wp\/v2\/posts"}],"about":[{"href":"https:\/\/www.masharif.com\/fr\/wp-json\/wp\/v2\/types\/post"}],"author":[{"embeddable":true,"href":"https:\/\/www.masharif.com\/fr\/wp-json\/wp\/v2\/users\/2"}],"replies":[{"embeddable":true,"href":"https:\/\/www.masharif.com\/fr\/wp-json\/wp\/v2\/comments?post=6479"}],"version-history":[{"count":2,"href":"https:\/\/www.masharif.com\/fr\/wp-json\/wp\/v2\/posts\/6479\/revisions"}],"predecessor-version":[{"id":6482,"href":"https:\/\/www.masharif.com\/fr\/wp-json\/wp\/v2\/posts\/6479\/revisions\/6482"}],"wp:featuredmedia":[{"embeddable":true,"href":"https:\/\/www.masharif.com\/fr\/wp-json\/wp\/v2\/media\/6480"}],"wp:attachment":[{"href":"https:\/\/www.masharif.com\/fr\/wp-json\/wp\/v2\/media?parent=6479"}],"wp:term":[{"taxonomy":"category","embeddable":true,"href":"https:\/\/www.masharif.com\/fr\/wp-json\/wp\/v2\/categories?post=6479"},{"taxonomy":"post_tag","embeddable":true,"href":"https:\/\/www.masharif.com\/fr\/wp-json\/wp\/v2\/tags?post=6479"}],"curies":[{"name":"wp","href":"https:\/\/api.w.org\/{rel}","templated":true}]}}