{"id":6415,"date":"2017-12-11T11:38:12","date_gmt":"2017-12-11T10:38:12","guid":{"rendered":"http:\/\/www.masharif.com\/fr\/?p=6415"},"modified":"2017-12-11T11:38:12","modified_gmt":"2017-12-11T10:38:12","slug":"train-dautomne-abdelaziz-benzid-el-eulma-setif-algerie","status":"publish","type":"post","link":"https:\/\/www.masharif.com\/fr\/2017\/12\/11\/train-dautomne-abdelaziz-benzid-el-eulma-setif-algerie\/","title":{"rendered":"Train d\u2019automne : Abdelaziz Benzid-El Eulma (S\u00e9tif)-Alg\u00e9rie"},"content":{"rendered":"<div id=\"attachment_4938\" style=\"width: 221px\" class=\"wp-caption alignnone\"><a href=\"http:\/\/www.masharif.com\/fr\/wp-content\/uploads\/2017\/04\/azzouz-75.jpg\"><img aria-describedby=\"caption-attachment-4938\" loading=\"lazy\" class=\"wp-image-4938 size-medium\" src=\"http:\/\/www.masharif.com\/fr\/wp-content\/uploads\/2017\/04\/azzouz-75-211x300.jpg\" alt=\"\" width=\"211\" height=\"300\" srcset=\"https:\/\/www.masharif.com\/fr\/wp-content\/uploads\/2017\/04\/azzouz-75-211x300.jpg 211w, https:\/\/www.masharif.com\/fr\/wp-content\/uploads\/2017\/04\/azzouz-75.jpg 312w\" sizes=\"(max-width: 211px) 100vw, 211px\" \/><\/a><p id=\"caption-attachment-4938\" class=\"wp-caption-text\">Abdelaziz Benzid<\/p><\/div>\n<p><a href=\"http:\/\/www.masharif.com\/fr\/wp-content\/uploads\/2017\/12\/rasender-roland-1377352_960_720-1.jpg\"><img loading=\"lazy\" class=\"alignnone size-medium wp-image-6416\" src=\"http:\/\/www.masharif.com\/fr\/wp-content\/uploads\/2017\/12\/rasender-roland-1377352_960_720-1-300x201.jpg\" alt=\"\" width=\"300\" height=\"201\" srcset=\"https:\/\/www.masharif.com\/fr\/wp-content\/uploads\/2017\/12\/rasender-roland-1377352_960_720-1-300x201.jpg 300w, https:\/\/www.masharif.com\/fr\/wp-content\/uploads\/2017\/12\/rasender-roland-1377352_960_720-1-768x514.jpg 768w, https:\/\/www.masharif.com\/fr\/wp-content\/uploads\/2017\/12\/rasender-roland-1377352_960_720-1-290x195.jpg 290w, https:\/\/www.masharif.com\/fr\/wp-content\/uploads\/2017\/12\/rasender-roland-1377352_960_720-1.jpg 960w\" sizes=\"(max-width: 300px) 100vw, 300px\" \/><\/a><\/p>\n<p><strong>Un train qui passe<\/strong><\/p>\n<p><strong>Aux couleurs de l&#8217;automne,\u00a0<\/strong><\/p>\n<p><strong>Un train qui tr\u00e9passe<\/strong><\/p>\n<p><strong>Aux odeurs de l&#8217;angoisse,<\/strong><\/p>\n<p><strong>Des wagons qui s&#8217;\u00e9tirent<\/strong><\/p>\n<p><strong>Comme un jour de poisse<\/strong><\/p>\n<p><strong>Et de blanches colombes\u00a0<\/strong><\/p>\n<p><strong>qui s&#8217;\u00e9loignent \u00e0\u00a0 tire d&#8217;ailes<\/strong><\/p>\n<p><strong>Loin de mon angoisse<\/strong><\/p>\n<p><strong>En ce jour de novembre.<\/strong><\/p>\n<p><strong>Des rails qui s&#8217;\u00e9chappent<\/strong><\/p>\n<p><strong>Vers des gares lointaines<\/strong><\/p>\n<p><strong>Et des horloges \u00ab tictacantes \u00bb<\/strong><\/p>\n<p><strong>Qui \u00e9gr\u00e8nent les minutes<\/strong><\/p>\n<p><strong>Comptant mes d\u00e9bines<\/strong><\/p>\n<p><strong>Qui m&#8217;attendent sur les bancs<\/strong><\/p>\n<p><strong>O\u00f9 personne ne stationne.<\/strong><\/p>\n<p><strong>Un chef de gare d\u00e9bonnaire<\/strong><\/p>\n<p><strong>Avec son sifflet aphone<\/strong><\/p>\n<p><strong>Contemple au loin\u00a0<\/strong><\/p>\n<p><strong>La queue d&#8217;un train<\/strong><\/p>\n<p><strong>Aux couleurs de l&#8217;angoisse<\/strong><\/p>\n<p><strong>Qui s\u2019\u00e9loigne enfin.<\/strong><\/p>\n<p><strong>Je reste seul sur le quai<\/strong><\/p>\n<p><strong>Pas celui des brumes *<\/strong><\/p>\n<p><strong>Becker* n&#8217;aurait pas aim\u00e9,<\/strong><\/p>\n<p><strong>Un bouquet fan\u00e9 dans les mains<\/strong><\/p>\n<p><strong>Et plein d&#8217;amertume.<\/strong><\/p>\n<p><strong>Je n&#8217;ai pas rat\u00e9 mon train.<\/strong><\/p>\n<p><strong>Mon c\u0153ur a rat\u00e9 sa belle.<\/strong><\/p>\n<p><strong>Elle s&#8217;en va au loin ,\u00a0<\/strong><\/p>\n<p><strong>Loin de ce quai brumeux<\/strong><\/p>\n<p><strong>O\u00f9 il n&#8217;y a plus que du vide.<\/strong><\/p>\n<p>&nbsp;<\/p>\n","protected":false},"excerpt":{"rendered":"<p>Un train qui passe Aux couleurs de l&#8217;automne,\u00a0 Un train qui tr\u00e9passe Aux odeurs de l&#8217;angoisse, Des wagons qui s&#8217;\u00e9tirent Comme un jour de poisse Et de blanches colombes\u00a0 qui s&#8217;\u00e9loignent \u00e0\u00a0 tire d&#8217;ailes Loin de mon angoisse En ce jour de novembre. Des rails qui s&#8217;\u00e9chappent Vers des gares lointaines Et des horloges \u00ab &#8230;<\/p>\n","protected":false},"author":2,"featured_media":6416,"comment_status":"open","ping_status":"open","sticky":false,"template":"","format":"standard","meta":[],"categories":[4],"tags":[],"yoast_head":"<!-- This site is optimized with the Yoast SEO plugin v19.3 - https:\/\/yoast.com\/wordpress\/plugins\/seo\/ -->\n<title>Train d\u2019automne : Abdelaziz Benzid-El Eulma (S\u00e9tif)-Alg\u00e9rie - Culminances<\/title>\n<meta name=\"robots\" content=\"index, follow, max-snippet:-1, max-image-preview:large, max-video-preview:-1\" \/>\n<link rel=\"canonical\" href=\"https:\/\/www.masharif.com\/fr\/2017\/12\/11\/train-dautomne-abdelaziz-benzid-el-eulma-setif-algerie\/\" \/>\n<meta property=\"og:locale\" content=\"fr_FR\" \/>\n<meta property=\"og:type\" content=\"article\" \/>\n<meta property=\"og:title\" content=\"Train d\u2019automne : Abdelaziz Benzid-El Eulma (S\u00e9tif)-Alg\u00e9rie - Culminances\" \/>\n<meta property=\"og:description\" content=\"Un train qui passe Aux couleurs de l&#8217;automne,\u00a0 Un train qui tr\u00e9passe Aux odeurs de l&#8217;angoisse, Des wagons qui s&#8217;\u00e9tirent Comme un jour de poisse Et de blanches colombes\u00a0 qui s&#8217;\u00e9loignent \u00e0\u00a0 tire d&#8217;ailes Loin de mon angoisse En ce jour de novembre. Des rails qui s&#8217;\u00e9chappent Vers des gares lointaines Et des horloges \u00ab ...\" \/>\n<meta property=\"og:url\" content=\"https:\/\/www.masharif.com\/fr\/2017\/12\/11\/train-dautomne-abdelaziz-benzid-el-eulma-setif-algerie\/\" \/>\n<meta property=\"og:site_name\" content=\"Culminances\" \/>\n<meta property=\"article:published_time\" content=\"2017-12-11T10:38:12+00:00\" \/>\n<meta property=\"og:image\" content=\"https:\/\/www.masharif.com\/fr\/wp-content\/uploads\/2017\/12\/rasender-roland-1377352_960_720-1.jpg\" \/>\n\t<meta property=\"og:image:width\" content=\"960\" \/>\n\t<meta property=\"og:image:height\" content=\"642\" \/>\n\t<meta property=\"og:image:type\" content=\"image\/jpeg\" \/>\n<meta name=\"author\" content=\"Mohamed Salah Ben Amor\" \/>\n<meta name=\"twitter:card\" content=\"summary\" \/>\n<meta name=\"twitter:label1\" content=\"\u00c9crit par\" \/>\n\t<meta name=\"twitter:data1\" content=\"Mohamed Salah Ben Amor\" \/>\n\t<meta name=\"twitter:label2\" content=\"Dur\u00e9e de lecture estim\u00e9e\" \/>\n\t<meta name=\"twitter:data2\" content=\"1 minute\" \/>\n<script type=\"application\/ld+json\" class=\"yoast-schema-graph\">{\"@context\":\"https:\/\/schema.org\",\"@graph\":[{\"@type\":\"WebSite\",\"@id\":\"http:\/\/www.masharif.com\/fr\/#website\",\"url\":\"http:\/\/www.masharif.com\/fr\/\",\"name\":\"Culminances\",\"description\":\"\",\"potentialAction\":[{\"@type\":\"SearchAction\",\"target\":{\"@type\":\"EntryPoint\",\"urlTemplate\":\"http:\/\/www.masharif.com\/fr\/?s={search_term_string}\"},\"query-input\":\"required name=search_term_string\"}],\"inLanguage\":\"fr-FR\"},{\"@type\":\"ImageObject\",\"inLanguage\":\"fr-FR\",\"@id\":\"https:\/\/www.masharif.com\/fr\/2017\/12\/11\/train-dautomne-abdelaziz-benzid-el-eulma-setif-algerie\/#primaryimage\",\"url\":\"https:\/\/www.masharif.com\/fr\/wp-content\/uploads\/2017\/12\/rasender-roland-1377352_960_720-1.jpg\",\"contentUrl\":\"https:\/\/www.masharif.com\/fr\/wp-content\/uploads\/2017\/12\/rasender-roland-1377352_960_720-1.jpg\",\"width\":960,\"height\":642},{\"@type\":\"WebPage\",\"@id\":\"https:\/\/www.masharif.com\/fr\/2017\/12\/11\/train-dautomne-abdelaziz-benzid-el-eulma-setif-algerie\/\",\"url\":\"https:\/\/www.masharif.com\/fr\/2017\/12\/11\/train-dautomne-abdelaziz-benzid-el-eulma-setif-algerie\/\",\"name\":\"Train d\u2019automne : Abdelaziz Benzid-El Eulma (S\u00e9tif)-Alg\u00e9rie - Culminances\",\"isPartOf\":{\"@id\":\"http:\/\/www.masharif.com\/fr\/#website\"},\"primaryImageOfPage\":{\"@id\":\"https:\/\/www.masharif.com\/fr\/2017\/12\/11\/train-dautomne-abdelaziz-benzid-el-eulma-setif-algerie\/#primaryimage\"},\"datePublished\":\"2017-12-11T10:38:12+00:00\",\"dateModified\":\"2017-12-11T10:38:12+00:00\",\"author\":{\"@id\":\"http:\/\/www.masharif.com\/fr\/#\/schema\/person\/839a7026efe9fa825134097c1041e4a0\"},\"breadcrumb\":{\"@id\":\"https:\/\/www.masharif.com\/fr\/2017\/12\/11\/train-dautomne-abdelaziz-benzid-el-eulma-setif-algerie\/#breadcrumb\"},\"inLanguage\":\"fr-FR\",\"potentialAction\":[{\"@type\":\"ReadAction\",\"target\":[\"https:\/\/www.masharif.com\/fr\/2017\/12\/11\/train-dautomne-abdelaziz-benzid-el-eulma-setif-algerie\/\"]}]},{\"@type\":\"BreadcrumbList\",\"@id\":\"https:\/\/www.masharif.com\/fr\/2017\/12\/11\/train-dautomne-abdelaziz-benzid-el-eulma-setif-algerie\/#breadcrumb\",\"itemListElement\":[{\"@type\":\"ListItem\",\"position\":1,\"name\":\"Home\",\"item\":\"http:\/\/www.masharif.com\/fr\/\"},{\"@type\":\"ListItem\",\"position\":2,\"name\":\"Train d\u2019automne : Abdelaziz Benzid-El Eulma (S\u00e9tif)-Alg\u00e9rie\"}]},{\"@type\":\"Person\",\"@id\":\"http:\/\/www.masharif.com\/fr\/#\/schema\/person\/839a7026efe9fa825134097c1041e4a0\",\"name\":\"Mohamed Salah Ben Amor\",\"image\":{\"@type\":\"ImageObject\",\"inLanguage\":\"fr-FR\",\"@id\":\"http:\/\/www.masharif.com\/fr\/#\/schema\/person\/image\/\",\"url\":\"https:\/\/secure.gravatar.com\/avatar\/f64806401ad5ed604ffec2272b19ef46?s=96&d=identicon&r=g\",\"contentUrl\":\"https:\/\/secure.gravatar.com\/avatar\/f64806401ad5ed604ffec2272b19ef46?s=96&d=identicon&r=g\",\"caption\":\"Mohamed Salah Ben Amor\"},\"sameAs\":[\"http:\/\/ben-amor.info\"],\"url\":\"https:\/\/www.masharif.com\/fr\/author\/msba\/\"}]}<\/script>\n<!-- \/ Yoast SEO plugin. -->","yoast_head_json":{"title":"Train d\u2019automne : Abdelaziz Benzid-El Eulma (S\u00e9tif)-Alg\u00e9rie - Culminances","robots":{"index":"index","follow":"follow","max-snippet":"max-snippet:-1","max-image-preview":"max-image-preview:large","max-video-preview":"max-video-preview:-1"},"canonical":"https:\/\/www.masharif.com\/fr\/2017\/12\/11\/train-dautomne-abdelaziz-benzid-el-eulma-setif-algerie\/","og_locale":"fr_FR","og_type":"article","og_title":"Train d\u2019automne : Abdelaziz Benzid-El Eulma (S\u00e9tif)-Alg\u00e9rie - Culminances","og_description":"Un train qui passe Aux couleurs de l&#8217;automne,\u00a0 Un train qui tr\u00e9passe Aux odeurs de l&#8217;angoisse, Des wagons qui s&#8217;\u00e9tirent Comme un jour de poisse Et de blanches colombes\u00a0 qui s&#8217;\u00e9loignent \u00e0\u00a0 tire d&#8217;ailes Loin de mon angoisse En ce jour de novembre. Des rails qui s&#8217;\u00e9chappent Vers des gares lointaines Et des horloges \u00ab ...","og_url":"https:\/\/www.masharif.com\/fr\/2017\/12\/11\/train-dautomne-abdelaziz-benzid-el-eulma-setif-algerie\/","og_site_name":"Culminances","article_published_time":"2017-12-11T10:38:12+00:00","og_image":[{"width":960,"height":642,"url":"https:\/\/www.masharif.com\/fr\/wp-content\/uploads\/2017\/12\/rasender-roland-1377352_960_720-1.jpg","type":"image\/jpeg"}],"author":"Mohamed Salah Ben Amor","twitter_card":"summary","twitter_misc":{"\u00c9crit par":"Mohamed Salah Ben Amor","Dur\u00e9e de lecture estim\u00e9e":"1 minute"},"schema":{"@context":"https:\/\/schema.org","@graph":[{"@type":"WebSite","@id":"http:\/\/www.masharif.com\/fr\/#website","url":"http:\/\/www.masharif.com\/fr\/","name":"Culminances","description":"","potentialAction":[{"@type":"SearchAction","target":{"@type":"EntryPoint","urlTemplate":"http:\/\/www.masharif.com\/fr\/?s={search_term_string}"},"query-input":"required name=search_term_string"}],"inLanguage":"fr-FR"},{"@type":"ImageObject","inLanguage":"fr-FR","@id":"https:\/\/www.masharif.com\/fr\/2017\/12\/11\/train-dautomne-abdelaziz-benzid-el-eulma-setif-algerie\/#primaryimage","url":"https:\/\/www.masharif.com\/fr\/wp-content\/uploads\/2017\/12\/rasender-roland-1377352_960_720-1.jpg","contentUrl":"https:\/\/www.masharif.com\/fr\/wp-content\/uploads\/2017\/12\/rasender-roland-1377352_960_720-1.jpg","width":960,"height":642},{"@type":"WebPage","@id":"https:\/\/www.masharif.com\/fr\/2017\/12\/11\/train-dautomne-abdelaziz-benzid-el-eulma-setif-algerie\/","url":"https:\/\/www.masharif.com\/fr\/2017\/12\/11\/train-dautomne-abdelaziz-benzid-el-eulma-setif-algerie\/","name":"Train d\u2019automne : Abdelaziz Benzid-El Eulma (S\u00e9tif)-Alg\u00e9rie - Culminances","isPartOf":{"@id":"http:\/\/www.masharif.com\/fr\/#website"},"primaryImageOfPage":{"@id":"https:\/\/www.masharif.com\/fr\/2017\/12\/11\/train-dautomne-abdelaziz-benzid-el-eulma-setif-algerie\/#primaryimage"},"datePublished":"2017-12-11T10:38:12+00:00","dateModified":"2017-12-11T10:38:12+00:00","author":{"@id":"http:\/\/www.masharif.com\/fr\/#\/schema\/person\/839a7026efe9fa825134097c1041e4a0"},"breadcrumb":{"@id":"https:\/\/www.masharif.com\/fr\/2017\/12\/11\/train-dautomne-abdelaziz-benzid-el-eulma-setif-algerie\/#breadcrumb"},"inLanguage":"fr-FR","potentialAction":[{"@type":"ReadAction","target":["https:\/\/www.masharif.com\/fr\/2017\/12\/11\/train-dautomne-abdelaziz-benzid-el-eulma-setif-algerie\/"]}]},{"@type":"BreadcrumbList","@id":"https:\/\/www.masharif.com\/fr\/2017\/12\/11\/train-dautomne-abdelaziz-benzid-el-eulma-setif-algerie\/#breadcrumb","itemListElement":[{"@type":"ListItem","position":1,"name":"Home","item":"http:\/\/www.masharif.com\/fr\/"},{"@type":"ListItem","position":2,"name":"Train d\u2019automne : Abdelaziz Benzid-El Eulma (S\u00e9tif)-Alg\u00e9rie"}]},{"@type":"Person","@id":"http:\/\/www.masharif.com\/fr\/#\/schema\/person\/839a7026efe9fa825134097c1041e4a0","name":"Mohamed Salah Ben Amor","image":{"@type":"ImageObject","inLanguage":"fr-FR","@id":"http:\/\/www.masharif.com\/fr\/#\/schema\/person\/image\/","url":"https:\/\/secure.gravatar.com\/avatar\/f64806401ad5ed604ffec2272b19ef46?s=96&d=identicon&r=g","contentUrl":"https:\/\/secure.gravatar.com\/avatar\/f64806401ad5ed604ffec2272b19ef46?s=96&d=identicon&r=g","caption":"Mohamed Salah Ben Amor"},"sameAs":["http:\/\/ben-amor.info"],"url":"https:\/\/www.masharif.com\/fr\/author\/msba\/"}]}},"_links":{"self":[{"href":"https:\/\/www.masharif.com\/fr\/wp-json\/wp\/v2\/posts\/6415"}],"collection":[{"href":"https:\/\/www.masharif.com\/fr\/wp-json\/wp\/v2\/posts"}],"about":[{"href":"https:\/\/www.masharif.com\/fr\/wp-json\/wp\/v2\/types\/post"}],"author":[{"embeddable":true,"href":"https:\/\/www.masharif.com\/fr\/wp-json\/wp\/v2\/users\/2"}],"replies":[{"embeddable":true,"href":"https:\/\/www.masharif.com\/fr\/wp-json\/wp\/v2\/comments?post=6415"}],"version-history":[{"count":1,"href":"https:\/\/www.masharif.com\/fr\/wp-json\/wp\/v2\/posts\/6415\/revisions"}],"predecessor-version":[{"id":6417,"href":"https:\/\/www.masharif.com\/fr\/wp-json\/wp\/v2\/posts\/6415\/revisions\/6417"}],"wp:featuredmedia":[{"embeddable":true,"href":"https:\/\/www.masharif.com\/fr\/wp-json\/wp\/v2\/media\/6416"}],"wp:attachment":[{"href":"https:\/\/www.masharif.com\/fr\/wp-json\/wp\/v2\/media?parent=6415"}],"wp:term":[{"taxonomy":"category","embeddable":true,"href":"https:\/\/www.masharif.com\/fr\/wp-json\/wp\/v2\/categories?post=6415"},{"taxonomy":"post_tag","embeddable":true,"href":"https:\/\/www.masharif.com\/fr\/wp-json\/wp\/v2\/tags?post=6415"}],"curies":[{"name":"wp","href":"https:\/\/api.w.org\/{rel}","templated":true}]}}