{"id":6327,"date":"2017-11-28T14:39:07","date_gmt":"2017-11-28T13:39:07","guid":{"rendered":"http:\/\/www.masharif.com\/fr\/?p=6327"},"modified":"2017-11-28T14:52:23","modified_gmt":"2017-11-28T13:52:23","slug":"le-minaret-de-la-mosquee-erraoudha-mosquee-du-jardin-par-lattouf-al-abdallah-essayiste-syrien-residant-en-tunisie","status":"publish","type":"post","link":"https:\/\/www.masharif.com\/fr\/2017\/11\/28\/le-minaret-de-la-mosquee-erraoudha-mosquee-du-jardin-par-lattouf-al-abdallah-essayiste-syrien-residant-en-tunisie\/","title":{"rendered":"Le minaret de la mosqu\u00e9e  Erraoudha ( mosqu\u00e9e  du jardin) par :Lattouf Al-Abdallah \u2013 essayiste syrien r\u00e9sidant en Tunisie"},"content":{"rendered":"<div id=\"attachment_6328\" style=\"width: 310px\" class=\"wp-caption alignnone\"><a href=\"http:\/\/www.masharif.com\/fr\/wp-content\/uploads\/2017\/11\/10801533_1563321820548824_6419291192326252725_n-300x300-1.jpg\"><img aria-describedby=\"caption-attachment-6328\" loading=\"lazy\" class=\"wp-image-6328 size-full\" src=\"http:\/\/www.masharif.com\/fr\/wp-content\/uploads\/2017\/11\/10801533_1563321820548824_6419291192326252725_n-300x300-1.jpg\" alt=\"\" width=\"300\" height=\"300\" srcset=\"https:\/\/www.masharif.com\/fr\/wp-content\/uploads\/2017\/11\/10801533_1563321820548824_6419291192326252725_n-300x300-1.jpg 300w, https:\/\/www.masharif.com\/fr\/wp-content\/uploads\/2017\/11\/10801533_1563321820548824_6419291192326252725_n-300x300-1-150x150.jpg 150w, https:\/\/www.masharif.com\/fr\/wp-content\/uploads\/2017\/11\/10801533_1563321820548824_6419291192326252725_n-300x300-1-55x55.jpg 55w\" sizes=\"(max-width: 300px) 100vw, 300px\" \/><\/a><p id=\"caption-attachment-6328\" class=\"wp-caption-text\">Lattouf Al-Abdallah<\/p><\/div>\n<p><a href=\"http:\/\/www.masharif.com\/fr\/wp-content\/uploads\/2017\/11\/25_11_17_08_01_3.jpg\"><img loading=\"lazy\" class=\"alignnone size-medium wp-image-6329\" src=\"http:\/\/www.masharif.com\/fr\/wp-content\/uploads\/2017\/11\/25_11_17_08_01_3-300x225.jpg\" alt=\"\" width=\"300\" height=\"225\" srcset=\"https:\/\/www.masharif.com\/fr\/wp-content\/uploads\/2017\/11\/25_11_17_08_01_3-300x225.jpg 300w, https:\/\/www.masharif.com\/fr\/wp-content\/uploads\/2017\/11\/25_11_17_08_01_3-768x576.jpg 768w, https:\/\/www.masharif.com\/fr\/wp-content\/uploads\/2017\/11\/25_11_17_08_01_3-1024x768.jpg 1024w\" sizes=\"(max-width: 300px) 100vw, 300px\" \/><\/a><\/p>\n<p>&nbsp;<\/p>\n<p><strong>Les fen\u00eatres grillag\u00e9es du minaret ont pouss\u00e9 un \u00e9ternuement provoqu\u00e9 par la poussi\u00e8re, la col\u00e8re et la douleur.\u00a0 C\u2019est comme si elles appelaient \u00e0 la pri\u00e8re au moment o\u00f9 la voix du muezzin a r\u00e2l\u00e9.\u00a0 L\u2019appel \u00ab\u00a0Dieu est grand\u00a0\u00bb s\u2019\u00e9levait sur les langues du feu de leur haine qu\u2019ils\u00a0 avaient \u00a0d\u00e9vers\u00e9es sur les prieurs \u00a0qui \u00e9taient debout\u00a0 ou se prosternaient \u00a0ou s\u2019agenouillaient devant Dieu. Quant \u00e0 la cour, son c\u0153ur a expos\u00e9 de douleur, une douleur de nature \u00e0 \u00e9teindre le feu flamboyant dans ses art\u00e8res et entre son \u00a0c\u0153ur et sa t\u00eate.\u00a0 M\u00eame les choses inanim\u00e9es ont\u00a0 parl\u00e9 \u00a0\u00e0 force d\u2019\u00eatre d\u00e9p\u00e9ries et mortifi\u00e9es devant la sc\u00e8ne terrifiante qu\u2019ils ont vue (\u00a0Allah est t\u00e9moin de ce que vous faites?\u00bb)<\/strong>.<\/p>\n","protected":false},"excerpt":{"rendered":"<p>&nbsp; Les fen\u00eatres grillag\u00e9es du minaret ont pouss\u00e9 un \u00e9ternuement provoqu\u00e9 par la poussi\u00e8re, la col\u00e8re et la douleur.\u00a0 C\u2019est comme si elles appelaient \u00e0 la pri\u00e8re au moment o\u00f9 la voix du muezzin a r\u00e2l\u00e9.\u00a0 L\u2019appel \u00ab\u00a0Dieu est grand\u00a0\u00bb s\u2019\u00e9levait sur les langues du feu de leur haine qu\u2019ils\u00a0 avaient \u00a0d\u00e9vers\u00e9es sur les prieurs &#8230;<\/p>\n","protected":false},"author":2,"featured_media":6329,"comment_status":"open","ping_status":"open","sticky":false,"template":"","format":"standard","meta":[],"categories":[6],"tags":[],"yoast_head":"<!-- This site is optimized with the Yoast SEO plugin v19.3 - https:\/\/yoast.com\/wordpress\/plugins\/seo\/ -->\n<title>Le minaret de la mosqu\u00e9e Erraoudha ( mosqu\u00e9e du jardin) par :Lattouf Al-Abdallah \u2013 essayiste syrien r\u00e9sidant en Tunisie - Culminances<\/title>\n<meta name=\"robots\" content=\"index, follow, max-snippet:-1, max-image-preview:large, max-video-preview:-1\" \/>\n<link rel=\"canonical\" href=\"http:\/\/www.masharif.com\/fr\/2017\/11\/28\/le-minaret-de-la-mosquee-erraoudha-mosquee-du-jardin-par-lattouf-al-abdallah-essayiste-syrien-residant-en-tunisie\/\" \/>\n<meta property=\"og:locale\" content=\"fr_FR\" \/>\n<meta property=\"og:type\" content=\"article\" \/>\n<meta property=\"og:title\" content=\"Le minaret de la mosqu\u00e9e Erraoudha ( mosqu\u00e9e du jardin) par :Lattouf Al-Abdallah \u2013 essayiste syrien r\u00e9sidant en Tunisie - Culminances\" \/>\n<meta property=\"og:description\" content=\"&nbsp; Les fen\u00eatres grillag\u00e9es du minaret ont pouss\u00e9 un \u00e9ternuement provoqu\u00e9 par la poussi\u00e8re, la col\u00e8re et la douleur.\u00a0 C\u2019est comme si elles appelaient \u00e0 la pri\u00e8re au moment o\u00f9 la voix du muezzin a r\u00e2l\u00e9.\u00a0 L\u2019appel \u00ab\u00a0Dieu est grand\u00a0\u00bb s\u2019\u00e9levait sur les langues du feu de leur haine qu\u2019ils\u00a0 avaient \u00a0d\u00e9vers\u00e9es sur les prieurs ...\" \/>\n<meta property=\"og:url\" content=\"http:\/\/www.masharif.com\/fr\/2017\/11\/28\/le-minaret-de-la-mosquee-erraoudha-mosquee-du-jardin-par-lattouf-al-abdallah-essayiste-syrien-residant-en-tunisie\/\" \/>\n<meta property=\"og:site_name\" content=\"Culminances\" \/>\n<meta property=\"article:published_time\" content=\"2017-11-28T13:39:07+00:00\" \/>\n<meta property=\"article:modified_time\" content=\"2017-11-28T13:52:23+00:00\" \/>\n<meta property=\"og:image\" content=\"http:\/\/www.masharif.com\/fr\/wp-content\/uploads\/2017\/11\/25_11_17_08_01_3.jpg\" \/>\n\t<meta property=\"og:image:width\" content=\"2220\" \/>\n\t<meta property=\"og:image:height\" content=\"1665\" \/>\n\t<meta property=\"og:image:type\" content=\"image\/jpeg\" \/>\n<meta name=\"author\" content=\"Mohamed Salah Ben Amor\" \/>\n<meta name=\"twitter:card\" content=\"summary\" \/>\n<meta name=\"twitter:label1\" content=\"\u00c9crit par\" \/>\n\t<meta name=\"twitter:data1\" content=\"Mohamed Salah Ben Amor\" \/>\n\t<meta name=\"twitter:label2\" content=\"Dur\u00e9e de lecture estim\u00e9e\" \/>\n\t<meta name=\"twitter:data2\" content=\"1 minute\" \/>\n<script type=\"application\/ld+json\" class=\"yoast-schema-graph\">{\"@context\":\"https:\/\/schema.org\",\"@graph\":[{\"@type\":\"WebSite\",\"@id\":\"https:\/\/www.masharif.com\/fr\/#website\",\"url\":\"https:\/\/www.masharif.com\/fr\/\",\"name\":\"Culminances\",\"description\":\"\",\"potentialAction\":[{\"@type\":\"SearchAction\",\"target\":{\"@type\":\"EntryPoint\",\"urlTemplate\":\"https:\/\/www.masharif.com\/fr\/?s={search_term_string}\"},\"query-input\":\"required name=search_term_string\"}],\"inLanguage\":\"fr-FR\"},{\"@type\":\"ImageObject\",\"inLanguage\":\"fr-FR\",\"@id\":\"http:\/\/www.masharif.com\/fr\/2017\/11\/28\/le-minaret-de-la-mosquee-erraoudha-mosquee-du-jardin-par-lattouf-al-abdallah-essayiste-syrien-residant-en-tunisie\/#primaryimage\",\"url\":\"https:\/\/www.masharif.com\/fr\/wp-content\/uploads\/2017\/11\/25_11_17_08_01_3.jpg\",\"contentUrl\":\"https:\/\/www.masharif.com\/fr\/wp-content\/uploads\/2017\/11\/25_11_17_08_01_3.jpg\",\"width\":2220,\"height\":1665},{\"@type\":\"WebPage\",\"@id\":\"http:\/\/www.masharif.com\/fr\/2017\/11\/28\/le-minaret-de-la-mosquee-erraoudha-mosquee-du-jardin-par-lattouf-al-abdallah-essayiste-syrien-residant-en-tunisie\/\",\"url\":\"http:\/\/www.masharif.com\/fr\/2017\/11\/28\/le-minaret-de-la-mosquee-erraoudha-mosquee-du-jardin-par-lattouf-al-abdallah-essayiste-syrien-residant-en-tunisie\/\",\"name\":\"Le minaret de la mosqu\u00e9e Erraoudha ( mosqu\u00e9e du jardin) par :Lattouf Al-Abdallah \u2013 essayiste syrien r\u00e9sidant en Tunisie - Culminances\",\"isPartOf\":{\"@id\":\"https:\/\/www.masharif.com\/fr\/#website\"},\"primaryImageOfPage\":{\"@id\":\"http:\/\/www.masharif.com\/fr\/2017\/11\/28\/le-minaret-de-la-mosquee-erraoudha-mosquee-du-jardin-par-lattouf-al-abdallah-essayiste-syrien-residant-en-tunisie\/#primaryimage\"},\"datePublished\":\"2017-11-28T13:39:07+00:00\",\"dateModified\":\"2017-11-28T13:52:23+00:00\",\"author\":{\"@id\":\"https:\/\/www.masharif.com\/fr\/#\/schema\/person\/839a7026efe9fa825134097c1041e4a0\"},\"breadcrumb\":{\"@id\":\"http:\/\/www.masharif.com\/fr\/2017\/11\/28\/le-minaret-de-la-mosquee-erraoudha-mosquee-du-jardin-par-lattouf-al-abdallah-essayiste-syrien-residant-en-tunisie\/#breadcrumb\"},\"inLanguage\":\"fr-FR\",\"potentialAction\":[{\"@type\":\"ReadAction\",\"target\":[\"http:\/\/www.masharif.com\/fr\/2017\/11\/28\/le-minaret-de-la-mosquee-erraoudha-mosquee-du-jardin-par-lattouf-al-abdallah-essayiste-syrien-residant-en-tunisie\/\"]}]},{\"@type\":\"BreadcrumbList\",\"@id\":\"http:\/\/www.masharif.com\/fr\/2017\/11\/28\/le-minaret-de-la-mosquee-erraoudha-mosquee-du-jardin-par-lattouf-al-abdallah-essayiste-syrien-residant-en-tunisie\/#breadcrumb\",\"itemListElement\":[{\"@type\":\"ListItem\",\"position\":1,\"name\":\"Home\",\"item\":\"https:\/\/www.masharif.com\/fr\/\"},{\"@type\":\"ListItem\",\"position\":2,\"name\":\"Le minaret de la mosqu\u00e9e Erraoudha ( mosqu\u00e9e du jardin) par :Lattouf Al-Abdallah \u2013 essayiste syrien r\u00e9sidant en Tunisie\"}]},{\"@type\":\"Person\",\"@id\":\"https:\/\/www.masharif.com\/fr\/#\/schema\/person\/839a7026efe9fa825134097c1041e4a0\",\"name\":\"Mohamed Salah Ben Amor\",\"image\":{\"@type\":\"ImageObject\",\"inLanguage\":\"fr-FR\",\"@id\":\"https:\/\/www.masharif.com\/fr\/#\/schema\/person\/image\/\",\"url\":\"https:\/\/secure.gravatar.com\/avatar\/f64806401ad5ed604ffec2272b19ef46?s=96&d=identicon&r=g\",\"contentUrl\":\"https:\/\/secure.gravatar.com\/avatar\/f64806401ad5ed604ffec2272b19ef46?s=96&d=identicon&r=g\",\"caption\":\"Mohamed Salah Ben Amor\"},\"sameAs\":[\"http:\/\/ben-amor.info\"],\"url\":\"https:\/\/www.masharif.com\/fr\/author\/msba\/\"}]}<\/script>\n<!-- \/ Yoast SEO plugin. -->","yoast_head_json":{"title":"Le minaret de la mosqu\u00e9e Erraoudha ( mosqu\u00e9e du jardin) par :Lattouf Al-Abdallah \u2013 essayiste syrien r\u00e9sidant en Tunisie - Culminances","robots":{"index":"index","follow":"follow","max-snippet":"max-snippet:-1","max-image-preview":"max-image-preview:large","max-video-preview":"max-video-preview:-1"},"canonical":"http:\/\/www.masharif.com\/fr\/2017\/11\/28\/le-minaret-de-la-mosquee-erraoudha-mosquee-du-jardin-par-lattouf-al-abdallah-essayiste-syrien-residant-en-tunisie\/","og_locale":"fr_FR","og_type":"article","og_title":"Le minaret de la mosqu\u00e9e Erraoudha ( mosqu\u00e9e du jardin) par :Lattouf Al-Abdallah \u2013 essayiste syrien r\u00e9sidant en Tunisie - Culminances","og_description":"&nbsp; Les fen\u00eatres grillag\u00e9es du minaret ont pouss\u00e9 un \u00e9ternuement provoqu\u00e9 par la poussi\u00e8re, la col\u00e8re et la douleur.\u00a0 C\u2019est comme si elles appelaient \u00e0 la pri\u00e8re au moment o\u00f9 la voix du muezzin a r\u00e2l\u00e9.\u00a0 L\u2019appel \u00ab\u00a0Dieu est grand\u00a0\u00bb s\u2019\u00e9levait sur les langues du feu de leur haine qu\u2019ils\u00a0 avaient \u00a0d\u00e9vers\u00e9es sur les prieurs ...","og_url":"http:\/\/www.masharif.com\/fr\/2017\/11\/28\/le-minaret-de-la-mosquee-erraoudha-mosquee-du-jardin-par-lattouf-al-abdallah-essayiste-syrien-residant-en-tunisie\/","og_site_name":"Culminances","article_published_time":"2017-11-28T13:39:07+00:00","article_modified_time":"2017-11-28T13:52:23+00:00","og_image":[{"width":2220,"height":1665,"url":"http:\/\/www.masharif.com\/fr\/wp-content\/uploads\/2017\/11\/25_11_17_08_01_3.jpg","type":"image\/jpeg"}],"author":"Mohamed Salah Ben Amor","twitter_card":"summary","twitter_misc":{"\u00c9crit par":"Mohamed Salah Ben Amor","Dur\u00e9e de lecture estim\u00e9e":"1 minute"},"schema":{"@context":"https:\/\/schema.org","@graph":[{"@type":"WebSite","@id":"https:\/\/www.masharif.com\/fr\/#website","url":"https:\/\/www.masharif.com\/fr\/","name":"Culminances","description":"","potentialAction":[{"@type":"SearchAction","target":{"@type":"EntryPoint","urlTemplate":"https:\/\/www.masharif.com\/fr\/?s={search_term_string}"},"query-input":"required name=search_term_string"}],"inLanguage":"fr-FR"},{"@type":"ImageObject","inLanguage":"fr-FR","@id":"http:\/\/www.masharif.com\/fr\/2017\/11\/28\/le-minaret-de-la-mosquee-erraoudha-mosquee-du-jardin-par-lattouf-al-abdallah-essayiste-syrien-residant-en-tunisie\/#primaryimage","url":"https:\/\/www.masharif.com\/fr\/wp-content\/uploads\/2017\/11\/25_11_17_08_01_3.jpg","contentUrl":"https:\/\/www.masharif.com\/fr\/wp-content\/uploads\/2017\/11\/25_11_17_08_01_3.jpg","width":2220,"height":1665},{"@type":"WebPage","@id":"http:\/\/www.masharif.com\/fr\/2017\/11\/28\/le-minaret-de-la-mosquee-erraoudha-mosquee-du-jardin-par-lattouf-al-abdallah-essayiste-syrien-residant-en-tunisie\/","url":"http:\/\/www.masharif.com\/fr\/2017\/11\/28\/le-minaret-de-la-mosquee-erraoudha-mosquee-du-jardin-par-lattouf-al-abdallah-essayiste-syrien-residant-en-tunisie\/","name":"Le minaret de la mosqu\u00e9e Erraoudha ( mosqu\u00e9e du jardin) par :Lattouf Al-Abdallah \u2013 essayiste syrien r\u00e9sidant en Tunisie - Culminances","isPartOf":{"@id":"https:\/\/www.masharif.com\/fr\/#website"},"primaryImageOfPage":{"@id":"http:\/\/www.masharif.com\/fr\/2017\/11\/28\/le-minaret-de-la-mosquee-erraoudha-mosquee-du-jardin-par-lattouf-al-abdallah-essayiste-syrien-residant-en-tunisie\/#primaryimage"},"datePublished":"2017-11-28T13:39:07+00:00","dateModified":"2017-11-28T13:52:23+00:00","author":{"@id":"https:\/\/www.masharif.com\/fr\/#\/schema\/person\/839a7026efe9fa825134097c1041e4a0"},"breadcrumb":{"@id":"http:\/\/www.masharif.com\/fr\/2017\/11\/28\/le-minaret-de-la-mosquee-erraoudha-mosquee-du-jardin-par-lattouf-al-abdallah-essayiste-syrien-residant-en-tunisie\/#breadcrumb"},"inLanguage":"fr-FR","potentialAction":[{"@type":"ReadAction","target":["http:\/\/www.masharif.com\/fr\/2017\/11\/28\/le-minaret-de-la-mosquee-erraoudha-mosquee-du-jardin-par-lattouf-al-abdallah-essayiste-syrien-residant-en-tunisie\/"]}]},{"@type":"BreadcrumbList","@id":"http:\/\/www.masharif.com\/fr\/2017\/11\/28\/le-minaret-de-la-mosquee-erraoudha-mosquee-du-jardin-par-lattouf-al-abdallah-essayiste-syrien-residant-en-tunisie\/#breadcrumb","itemListElement":[{"@type":"ListItem","position":1,"name":"Home","item":"https:\/\/www.masharif.com\/fr\/"},{"@type":"ListItem","position":2,"name":"Le minaret de la mosqu\u00e9e Erraoudha ( mosqu\u00e9e du jardin) par :Lattouf Al-Abdallah \u2013 essayiste syrien r\u00e9sidant en Tunisie"}]},{"@type":"Person","@id":"https:\/\/www.masharif.com\/fr\/#\/schema\/person\/839a7026efe9fa825134097c1041e4a0","name":"Mohamed Salah Ben Amor","image":{"@type":"ImageObject","inLanguage":"fr-FR","@id":"https:\/\/www.masharif.com\/fr\/#\/schema\/person\/image\/","url":"https:\/\/secure.gravatar.com\/avatar\/f64806401ad5ed604ffec2272b19ef46?s=96&d=identicon&r=g","contentUrl":"https:\/\/secure.gravatar.com\/avatar\/f64806401ad5ed604ffec2272b19ef46?s=96&d=identicon&r=g","caption":"Mohamed Salah Ben Amor"},"sameAs":["http:\/\/ben-amor.info"],"url":"https:\/\/www.masharif.com\/fr\/author\/msba\/"}]}},"_links":{"self":[{"href":"https:\/\/www.masharif.com\/fr\/wp-json\/wp\/v2\/posts\/6327"}],"collection":[{"href":"https:\/\/www.masharif.com\/fr\/wp-json\/wp\/v2\/posts"}],"about":[{"href":"https:\/\/www.masharif.com\/fr\/wp-json\/wp\/v2\/types\/post"}],"author":[{"embeddable":true,"href":"https:\/\/www.masharif.com\/fr\/wp-json\/wp\/v2\/users\/2"}],"replies":[{"embeddable":true,"href":"https:\/\/www.masharif.com\/fr\/wp-json\/wp\/v2\/comments?post=6327"}],"version-history":[{"count":3,"href":"https:\/\/www.masharif.com\/fr\/wp-json\/wp\/v2\/posts\/6327\/revisions"}],"predecessor-version":[{"id":6332,"href":"https:\/\/www.masharif.com\/fr\/wp-json\/wp\/v2\/posts\/6327\/revisions\/6332"}],"wp:featuredmedia":[{"embeddable":true,"href":"https:\/\/www.masharif.com\/fr\/wp-json\/wp\/v2\/media\/6329"}],"wp:attachment":[{"href":"https:\/\/www.masharif.com\/fr\/wp-json\/wp\/v2\/media?parent=6327"}],"wp:term":[{"taxonomy":"category","embeddable":true,"href":"https:\/\/www.masharif.com\/fr\/wp-json\/wp\/v2\/categories?post=6327"},{"taxonomy":"post_tag","embeddable":true,"href":"https:\/\/www.masharif.com\/fr\/wp-json\/wp\/v2\/tags?post=6327"}],"curies":[{"name":"wp","href":"https:\/\/api.w.org\/{rel}","templated":true}]}}