{"id":6239,"date":"2017-11-10T07:39:46","date_gmt":"2017-11-10T06:39:46","guid":{"rendered":"http:\/\/www.masharif.com\/fr\/?p=6239"},"modified":"2017-11-10T07:39:46","modified_gmt":"2017-11-10T06:39:46","slug":"deux-nouveaux-poemes-de-abdellatif-bhiri-safi-maroc","status":"publish","type":"post","link":"https:\/\/www.masharif.com\/fr\/2017\/11\/10\/deux-nouveaux-poemes-de-abdellatif-bhiri-safi-maroc\/","title":{"rendered":"Deux nouveaux po\u00e8mes de Abdellatif Bhiri \u2013Safi \u2013Maroc"},"content":{"rendered":"<div id=\"attachment_6136\" style=\"width: 300px\" class=\"wp-caption alignnone\"><a href=\"http:\/\/www.masharif.com\/fr\/wp-content\/uploads\/2017\/10\/18447078_537923129930287_8362748253583417852_n.jpg\"><img aria-describedby=\"caption-attachment-6136\" loading=\"lazy\" class=\"wp-image-6136 size-medium\" src=\"http:\/\/www.masharif.com\/fr\/wp-content\/uploads\/2017\/10\/18447078_537923129930287_8362748253583417852_n-290x300.jpg\" alt=\"\" width=\"290\" height=\"300\" srcset=\"https:\/\/www.masharif.com\/fr\/wp-content\/uploads\/2017\/10\/18447078_537923129930287_8362748253583417852_n-290x300.jpg 290w, https:\/\/www.masharif.com\/fr\/wp-content\/uploads\/2017\/10\/18447078_537923129930287_8362748253583417852_n.jpg 455w\" sizes=\"(max-width: 290px) 100vw, 290px\" \/><\/a><p id=\"caption-attachment-6136\" class=\"wp-caption-text\">Abdellatif Bhiri<\/p><\/div>\n<p><a href=\"http:\/\/www.masharif.com\/fr\/wp-content\/uploads\/2017\/11\/road-2925075_960_720.jpg\"><img loading=\"lazy\" class=\"size-medium wp-image-6240 aligncenter\" src=\"http:\/\/www.masharif.com\/fr\/wp-content\/uploads\/2017\/11\/road-2925075_960_720-300x200.jpg\" alt=\"\" width=\"300\" height=\"200\" srcset=\"https:\/\/www.masharif.com\/fr\/wp-content\/uploads\/2017\/11\/road-2925075_960_720-300x200.jpg 300w, https:\/\/www.masharif.com\/fr\/wp-content\/uploads\/2017\/11\/road-2925075_960_720-768x512.jpg 768w, https:\/\/www.masharif.com\/fr\/wp-content\/uploads\/2017\/11\/road-2925075_960_720.jpg 960w\" sizes=\"(max-width: 300px) 100vw, 300px\" \/><\/a><\/p>\n<p style=\"text-align: center;\"><strong>Lubies d\u2019automne<\/strong><\/p>\n<p style=\"text-align: center;\">\n<p style=\"text-align: center;\"><strong>Les nuits lugubres de l\u2019automne\u00a0<\/strong><\/p>\n<p style=\"text-align: center;\"><strong>S\u2019\u00e9tirent, impeccable langueur\u00a0<\/strong><\/p>\n<p style=\"text-align: center;\"><strong>Les aubes ch\u00e9tives, en ti\u00e9deur\u00a0<\/strong><\/p>\n<p style=\"text-align: center;\"><strong>Cajolent de fins \u00eatres atones\u00a0<\/strong><\/p>\n<p style=\"text-align: center;\">\n<p style=\"text-align: center;\"><strong>Des t\u00e9n\u00e8bres, surgit l\u2019\u00e9clair,\u00a0<\/strong><\/p>\n<p style=\"text-align: center;\"><strong>Ton spectre meublant l\u2019inconscient\u00a0<\/strong><\/p>\n<p style=\"text-align: center;\"><strong>Ravivant des songes omniscients\u00a0<\/strong><\/p>\n<p style=\"text-align: center;\"><strong>Adoucis par ton charme clair\u00a0<\/strong><\/p>\n<p style=\"text-align: center;\">\n<p style=\"text-align: center;\"><strong>De fines larmes, path\u00e9tiques\u00a0<\/strong><\/p>\n<p style=\"text-align: center;\"><strong>Arrosent mon r\u00eave blafard\u00a0<\/strong><\/p>\n<p style=\"text-align: center;\"><strong>Mon \u00e2me apais\u00e9e et sans fard\u00a0<\/strong><\/p>\n<p style=\"text-align: center;\"><strong>Esp\u00e8re une joie s\u00e9raphique\u00a0<\/strong><\/p>\n<p style=\"text-align: center;\">\n<p style=\"text-align: center;\"><strong>Bonjour automne des ranc\u0153urs !\u00a0<\/strong><\/p>\n<p style=\"text-align: center;\"><strong>Aux tr\u00e8s longues nuits insipides\u00a0<\/strong><\/p>\n<p style=\"text-align: center;\"><strong>De tes lubies mon c\u0153ur est vide\u00a0<\/strong><\/p>\n<p style=\"text-align: center;\"><strong>De tes exc\u00e8s, il est vainqueur !\u00a0<\/strong><\/p>\n<p style=\"text-align: center;\">\n<p style=\"text-align: center;\"><a href=\"http:\/\/www.masharif.com\/fr\/wp-content\/uploads\/2017\/11\/aurora-1185877_960_720.jpg\"><img loading=\"lazy\" class=\"alignnone size-medium wp-image-6241\" src=\"http:\/\/www.masharif.com\/fr\/wp-content\/uploads\/2017\/11\/aurora-1185877_960_720-234x300.jpg\" alt=\"\" width=\"234\" height=\"300\" srcset=\"https:\/\/www.masharif.com\/fr\/wp-content\/uploads\/2017\/11\/aurora-1185877_960_720-234x300.jpg 234w, https:\/\/www.masharif.com\/fr\/wp-content\/uploads\/2017\/11\/aurora-1185877_960_720.jpg 561w\" sizes=\"(max-width: 234px) 100vw, 234px\" \/><\/a><\/p>\n<p style=\"text-align: center;\"><strong>Amertume dou\u00e7\u00e2tre\u00a0<\/strong><\/p>\n<p style=\"text-align: center;\">\n<p style=\"text-align: center;\"><strong>Sur cette gr\u00e8ve de mes songes<\/strong><\/p>\n<p style=\"text-align: center;\"><strong>\u00c9tendu, quand le soleil plonge,\u00a0<\/strong><\/p>\n<p style=\"text-align: center;\"><strong>Quand on n&#8217;entend plus la m\u00e9sange,\u00a0<\/strong><\/p>\n<p style=\"text-align: center;\"><strong>D\u00e8s lors, dans ton c\u0153ur je replonge<\/strong><\/p>\n<p style=\"text-align: center;\"><strong>Sur le rythme des vaguelettes<\/strong><\/p>\n<p style=\"text-align: center;\"><strong>Mon \u00e2me suit \u00e0 l&#8217;aveuglette<\/strong><\/p>\n<p style=\"text-align: center;\"><strong>Tes fous \u00e9lans r\u00e9duits en miettes<\/strong><\/p>\n<p style=\"text-align: center;\"><strong>Par ta passion molle et fluette<\/strong><\/p>\n<p style=\"text-align: center;\"><strong>Sur la rive vide et d\u00e9serte<\/strong><\/p>\n<p style=\"text-align: center;\"><strong>Se meurt le spectre de ma perte<\/strong><\/p>\n<p style=\"text-align: center;\"><strong>Au creux d&#8217;un coquillage inerte<\/strong><\/p>\n<p style=\"text-align: center;\"><strong>L&#8217;\u00e9cume! Un r\u00e9gal des mouettes!<\/strong><\/p>\n<p style=\"text-align: center;\">\n<p style=\"text-align: center;\"><strong>L\u2019astre bleu me nargue du haut<\/strong><\/p>\n<p style=\"text-align: center;\"><strong>D\u2019un \u00e9clair, il m\u2019envoie l\u2019H\u00e9rault<\/strong><\/p>\n<p style=\"text-align: center;\"><strong>Scellant mes sentiments si beaux<\/strong><\/p>\n<p style=\"text-align: center;\"><strong>Mon c\u0153ur ! R\u00e9ceptacle des maux<\/strong><\/p>\n<p>&nbsp;<\/p>\n","protected":false},"excerpt":{"rendered":"<p>Lubies d\u2019automne Les nuits lugubres de l\u2019automne\u00a0 S\u2019\u00e9tirent, impeccable langueur\u00a0 Les aubes ch\u00e9tives, en ti\u00e9deur\u00a0 Cajolent de fins \u00eatres atones\u00a0 Des t\u00e9n\u00e8bres, surgit l\u2019\u00e9clair,\u00a0 Ton spectre meublant l\u2019inconscient\u00a0 Ravivant des songes omniscients\u00a0 Adoucis par ton charme clair\u00a0 De fines larmes, path\u00e9tiques\u00a0 Arrosent mon r\u00eave blafard\u00a0 Mon \u00e2me apais\u00e9e et sans fard\u00a0 Esp\u00e8re une joie s\u00e9raphique\u00a0 &#8230;<\/p>\n","protected":false},"author":2,"featured_media":6240,"comment_status":"open","ping_status":"open","sticky":false,"template":"","format":"standard","meta":[],"categories":[4],"tags":[],"yoast_head":"<!-- This site is optimized with the Yoast SEO plugin v19.3 - https:\/\/yoast.com\/wordpress\/plugins\/seo\/ -->\n<title>Deux nouveaux po\u00e8mes de Abdellatif Bhiri \u2013Safi \u2013Maroc - Culminances<\/title>\n<meta name=\"robots\" content=\"index, follow, max-snippet:-1, max-image-preview:large, max-video-preview:-1\" \/>\n<link rel=\"canonical\" href=\"https:\/\/www.masharif.com\/fr\/2017\/11\/10\/deux-nouveaux-poemes-de-abdellatif-bhiri-safi-maroc\/\" \/>\n<meta property=\"og:locale\" content=\"fr_FR\" \/>\n<meta property=\"og:type\" content=\"article\" \/>\n<meta property=\"og:title\" content=\"Deux nouveaux po\u00e8mes de Abdellatif Bhiri \u2013Safi \u2013Maroc - Culminances\" \/>\n<meta property=\"og:description\" content=\"Lubies d\u2019automne Les nuits lugubres de l\u2019automne\u00a0 S\u2019\u00e9tirent, impeccable langueur\u00a0 Les aubes ch\u00e9tives, en ti\u00e9deur\u00a0 Cajolent de fins \u00eatres atones\u00a0 Des t\u00e9n\u00e8bres, surgit l\u2019\u00e9clair,\u00a0 Ton spectre meublant l\u2019inconscient\u00a0 Ravivant des songes omniscients\u00a0 Adoucis par ton charme clair\u00a0 De fines larmes, path\u00e9tiques\u00a0 Arrosent mon r\u00eave blafard\u00a0 Mon \u00e2me apais\u00e9e et sans fard\u00a0 Esp\u00e8re une joie s\u00e9raphique\u00a0 ...\" \/>\n<meta property=\"og:url\" content=\"https:\/\/www.masharif.com\/fr\/2017\/11\/10\/deux-nouveaux-poemes-de-abdellatif-bhiri-safi-maroc\/\" \/>\n<meta property=\"og:site_name\" content=\"Culminances\" \/>\n<meta property=\"article:published_time\" content=\"2017-11-10T06:39:46+00:00\" \/>\n<meta property=\"og:image\" content=\"https:\/\/www.masharif.com\/fr\/wp-content\/uploads\/2017\/11\/road-2925075_960_720.jpg\" \/>\n\t<meta property=\"og:image:width\" content=\"960\" \/>\n\t<meta property=\"og:image:height\" content=\"640\" \/>\n\t<meta property=\"og:image:type\" content=\"image\/jpeg\" \/>\n<meta name=\"author\" content=\"Mohamed Salah Ben Amor\" \/>\n<meta name=\"twitter:card\" content=\"summary\" \/>\n<meta name=\"twitter:label1\" content=\"\u00c9crit par\" \/>\n\t<meta name=\"twitter:data1\" content=\"Mohamed Salah Ben Amor\" \/>\n\t<meta name=\"twitter:label2\" content=\"Dur\u00e9e de lecture estim\u00e9e\" \/>\n\t<meta name=\"twitter:data2\" content=\"1 minute\" \/>\n<script type=\"application\/ld+json\" class=\"yoast-schema-graph\">{\"@context\":\"https:\/\/schema.org\",\"@graph\":[{\"@type\":\"WebSite\",\"@id\":\"https:\/\/www.masharif.com\/fr\/#website\",\"url\":\"https:\/\/www.masharif.com\/fr\/\",\"name\":\"Culminances\",\"description\":\"\",\"potentialAction\":[{\"@type\":\"SearchAction\",\"target\":{\"@type\":\"EntryPoint\",\"urlTemplate\":\"https:\/\/www.masharif.com\/fr\/?s={search_term_string}\"},\"query-input\":\"required name=search_term_string\"}],\"inLanguage\":\"fr-FR\"},{\"@type\":\"ImageObject\",\"inLanguage\":\"fr-FR\",\"@id\":\"https:\/\/www.masharif.com\/fr\/2017\/11\/10\/deux-nouveaux-poemes-de-abdellatif-bhiri-safi-maroc\/#primaryimage\",\"url\":\"https:\/\/www.masharif.com\/fr\/wp-content\/uploads\/2017\/11\/road-2925075_960_720.jpg\",\"contentUrl\":\"https:\/\/www.masharif.com\/fr\/wp-content\/uploads\/2017\/11\/road-2925075_960_720.jpg\",\"width\":960,\"height\":640},{\"@type\":\"WebPage\",\"@id\":\"https:\/\/www.masharif.com\/fr\/2017\/11\/10\/deux-nouveaux-poemes-de-abdellatif-bhiri-safi-maroc\/\",\"url\":\"https:\/\/www.masharif.com\/fr\/2017\/11\/10\/deux-nouveaux-poemes-de-abdellatif-bhiri-safi-maroc\/\",\"name\":\"Deux nouveaux po\u00e8mes de Abdellatif Bhiri \u2013Safi \u2013Maroc - Culminances\",\"isPartOf\":{\"@id\":\"https:\/\/www.masharif.com\/fr\/#website\"},\"primaryImageOfPage\":{\"@id\":\"https:\/\/www.masharif.com\/fr\/2017\/11\/10\/deux-nouveaux-poemes-de-abdellatif-bhiri-safi-maroc\/#primaryimage\"},\"datePublished\":\"2017-11-10T06:39:46+00:00\",\"dateModified\":\"2017-11-10T06:39:46+00:00\",\"author\":{\"@id\":\"https:\/\/www.masharif.com\/fr\/#\/schema\/person\/839a7026efe9fa825134097c1041e4a0\"},\"breadcrumb\":{\"@id\":\"https:\/\/www.masharif.com\/fr\/2017\/11\/10\/deux-nouveaux-poemes-de-abdellatif-bhiri-safi-maroc\/#breadcrumb\"},\"inLanguage\":\"fr-FR\",\"potentialAction\":[{\"@type\":\"ReadAction\",\"target\":[\"https:\/\/www.masharif.com\/fr\/2017\/11\/10\/deux-nouveaux-poemes-de-abdellatif-bhiri-safi-maroc\/\"]}]},{\"@type\":\"BreadcrumbList\",\"@id\":\"https:\/\/www.masharif.com\/fr\/2017\/11\/10\/deux-nouveaux-poemes-de-abdellatif-bhiri-safi-maroc\/#breadcrumb\",\"itemListElement\":[{\"@type\":\"ListItem\",\"position\":1,\"name\":\"Home\",\"item\":\"https:\/\/www.masharif.com\/fr\/\"},{\"@type\":\"ListItem\",\"position\":2,\"name\":\"Deux nouveaux po\u00e8mes de Abdellatif Bhiri \u2013Safi \u2013Maroc\"}]},{\"@type\":\"Person\",\"@id\":\"https:\/\/www.masharif.com\/fr\/#\/schema\/person\/839a7026efe9fa825134097c1041e4a0\",\"name\":\"Mohamed Salah Ben Amor\",\"image\":{\"@type\":\"ImageObject\",\"inLanguage\":\"fr-FR\",\"@id\":\"https:\/\/www.masharif.com\/fr\/#\/schema\/person\/image\/\",\"url\":\"https:\/\/secure.gravatar.com\/avatar\/f64806401ad5ed604ffec2272b19ef46?s=96&d=identicon&r=g\",\"contentUrl\":\"https:\/\/secure.gravatar.com\/avatar\/f64806401ad5ed604ffec2272b19ef46?s=96&d=identicon&r=g\",\"caption\":\"Mohamed Salah Ben Amor\"},\"sameAs\":[\"http:\/\/ben-amor.info\"],\"url\":\"https:\/\/www.masharif.com\/fr\/author\/msba\/\"}]}<\/script>\n<!-- \/ Yoast SEO plugin. -->","yoast_head_json":{"title":"Deux nouveaux po\u00e8mes de Abdellatif Bhiri \u2013Safi \u2013Maroc - Culminances","robots":{"index":"index","follow":"follow","max-snippet":"max-snippet:-1","max-image-preview":"max-image-preview:large","max-video-preview":"max-video-preview:-1"},"canonical":"https:\/\/www.masharif.com\/fr\/2017\/11\/10\/deux-nouveaux-poemes-de-abdellatif-bhiri-safi-maroc\/","og_locale":"fr_FR","og_type":"article","og_title":"Deux nouveaux po\u00e8mes de Abdellatif Bhiri \u2013Safi \u2013Maroc - Culminances","og_description":"Lubies d\u2019automne Les nuits lugubres de l\u2019automne\u00a0 S\u2019\u00e9tirent, impeccable langueur\u00a0 Les aubes ch\u00e9tives, en ti\u00e9deur\u00a0 Cajolent de fins \u00eatres atones\u00a0 Des t\u00e9n\u00e8bres, surgit l\u2019\u00e9clair,\u00a0 Ton spectre meublant l\u2019inconscient\u00a0 Ravivant des songes omniscients\u00a0 Adoucis par ton charme clair\u00a0 De fines larmes, path\u00e9tiques\u00a0 Arrosent mon r\u00eave blafard\u00a0 Mon \u00e2me apais\u00e9e et sans fard\u00a0 Esp\u00e8re une joie s\u00e9raphique\u00a0 ...","og_url":"https:\/\/www.masharif.com\/fr\/2017\/11\/10\/deux-nouveaux-poemes-de-abdellatif-bhiri-safi-maroc\/","og_site_name":"Culminances","article_published_time":"2017-11-10T06:39:46+00:00","og_image":[{"width":960,"height":640,"url":"https:\/\/www.masharif.com\/fr\/wp-content\/uploads\/2017\/11\/road-2925075_960_720.jpg","type":"image\/jpeg"}],"author":"Mohamed Salah Ben Amor","twitter_card":"summary","twitter_misc":{"\u00c9crit par":"Mohamed Salah Ben Amor","Dur\u00e9e de lecture estim\u00e9e":"1 minute"},"schema":{"@context":"https:\/\/schema.org","@graph":[{"@type":"WebSite","@id":"https:\/\/www.masharif.com\/fr\/#website","url":"https:\/\/www.masharif.com\/fr\/","name":"Culminances","description":"","potentialAction":[{"@type":"SearchAction","target":{"@type":"EntryPoint","urlTemplate":"https:\/\/www.masharif.com\/fr\/?s={search_term_string}"},"query-input":"required name=search_term_string"}],"inLanguage":"fr-FR"},{"@type":"ImageObject","inLanguage":"fr-FR","@id":"https:\/\/www.masharif.com\/fr\/2017\/11\/10\/deux-nouveaux-poemes-de-abdellatif-bhiri-safi-maroc\/#primaryimage","url":"https:\/\/www.masharif.com\/fr\/wp-content\/uploads\/2017\/11\/road-2925075_960_720.jpg","contentUrl":"https:\/\/www.masharif.com\/fr\/wp-content\/uploads\/2017\/11\/road-2925075_960_720.jpg","width":960,"height":640},{"@type":"WebPage","@id":"https:\/\/www.masharif.com\/fr\/2017\/11\/10\/deux-nouveaux-poemes-de-abdellatif-bhiri-safi-maroc\/","url":"https:\/\/www.masharif.com\/fr\/2017\/11\/10\/deux-nouveaux-poemes-de-abdellatif-bhiri-safi-maroc\/","name":"Deux nouveaux po\u00e8mes de Abdellatif Bhiri \u2013Safi \u2013Maroc - Culminances","isPartOf":{"@id":"https:\/\/www.masharif.com\/fr\/#website"},"primaryImageOfPage":{"@id":"https:\/\/www.masharif.com\/fr\/2017\/11\/10\/deux-nouveaux-poemes-de-abdellatif-bhiri-safi-maroc\/#primaryimage"},"datePublished":"2017-11-10T06:39:46+00:00","dateModified":"2017-11-10T06:39:46+00:00","author":{"@id":"https:\/\/www.masharif.com\/fr\/#\/schema\/person\/839a7026efe9fa825134097c1041e4a0"},"breadcrumb":{"@id":"https:\/\/www.masharif.com\/fr\/2017\/11\/10\/deux-nouveaux-poemes-de-abdellatif-bhiri-safi-maroc\/#breadcrumb"},"inLanguage":"fr-FR","potentialAction":[{"@type":"ReadAction","target":["https:\/\/www.masharif.com\/fr\/2017\/11\/10\/deux-nouveaux-poemes-de-abdellatif-bhiri-safi-maroc\/"]}]},{"@type":"BreadcrumbList","@id":"https:\/\/www.masharif.com\/fr\/2017\/11\/10\/deux-nouveaux-poemes-de-abdellatif-bhiri-safi-maroc\/#breadcrumb","itemListElement":[{"@type":"ListItem","position":1,"name":"Home","item":"https:\/\/www.masharif.com\/fr\/"},{"@type":"ListItem","position":2,"name":"Deux nouveaux po\u00e8mes de Abdellatif Bhiri \u2013Safi \u2013Maroc"}]},{"@type":"Person","@id":"https:\/\/www.masharif.com\/fr\/#\/schema\/person\/839a7026efe9fa825134097c1041e4a0","name":"Mohamed Salah Ben Amor","image":{"@type":"ImageObject","inLanguage":"fr-FR","@id":"https:\/\/www.masharif.com\/fr\/#\/schema\/person\/image\/","url":"https:\/\/secure.gravatar.com\/avatar\/f64806401ad5ed604ffec2272b19ef46?s=96&d=identicon&r=g","contentUrl":"https:\/\/secure.gravatar.com\/avatar\/f64806401ad5ed604ffec2272b19ef46?s=96&d=identicon&r=g","caption":"Mohamed Salah Ben Amor"},"sameAs":["http:\/\/ben-amor.info"],"url":"https:\/\/www.masharif.com\/fr\/author\/msba\/"}]}},"_links":{"self":[{"href":"https:\/\/www.masharif.com\/fr\/wp-json\/wp\/v2\/posts\/6239"}],"collection":[{"href":"https:\/\/www.masharif.com\/fr\/wp-json\/wp\/v2\/posts"}],"about":[{"href":"https:\/\/www.masharif.com\/fr\/wp-json\/wp\/v2\/types\/post"}],"author":[{"embeddable":true,"href":"https:\/\/www.masharif.com\/fr\/wp-json\/wp\/v2\/users\/2"}],"replies":[{"embeddable":true,"href":"https:\/\/www.masharif.com\/fr\/wp-json\/wp\/v2\/comments?post=6239"}],"version-history":[{"count":1,"href":"https:\/\/www.masharif.com\/fr\/wp-json\/wp\/v2\/posts\/6239\/revisions"}],"predecessor-version":[{"id":6242,"href":"https:\/\/www.masharif.com\/fr\/wp-json\/wp\/v2\/posts\/6239\/revisions\/6242"}],"wp:featuredmedia":[{"embeddable":true,"href":"https:\/\/www.masharif.com\/fr\/wp-json\/wp\/v2\/media\/6240"}],"wp:attachment":[{"href":"https:\/\/www.masharif.com\/fr\/wp-json\/wp\/v2\/media?parent=6239"}],"wp:term":[{"taxonomy":"category","embeddable":true,"href":"https:\/\/www.masharif.com\/fr\/wp-json\/wp\/v2\/categories?post=6239"},{"taxonomy":"post_tag","embeddable":true,"href":"https:\/\/www.masharif.com\/fr\/wp-json\/wp\/v2\/tags?post=6239"}],"curies":[{"name":"wp","href":"https:\/\/api.w.org\/{rel}","templated":true}]}}