{"id":6142,"date":"2017-10-25T19:15:12","date_gmt":"2017-10-25T18:15:12","guid":{"rendered":"http:\/\/www.masharif.com\/fr\/?p=6142"},"modified":"2017-10-25T19:15:12","modified_gmt":"2017-10-25T18:15:12","slug":"reminiscences-de-star-3-letoile-frigo-fatima-maaouia-poetesse-tuniso-algerienne-tunis","status":"publish","type":"post","link":"https:\/\/www.masharif.com\/fr\/2017\/10\/25\/reminiscences-de-star-3-letoile-frigo-fatima-maaouia-poetesse-tuniso-algerienne-tunis\/","title":{"rendered":"R\u00e9miniscences de la STAR (3) :L\u2019\u00e9toile et le frigo par : Fatima Maaouia \u2013 po\u00e9tesse tuniso-alg\u00e9rienne \u2013Tunis"},"content":{"rendered":"<div id=\"attachment_4516\" style=\"width: 288px\" class=\"wp-caption alignnone\"><a href=\"http:\/\/www.masharif.com\/fr\/wp-content\/uploads\/2017\/02\/1972283_359499027560323_2433321752961173825_n.jpg\"><img aria-describedby=\"caption-attachment-4516\" loading=\"lazy\" class=\"wp-image-4516 size-medium\" src=\"http:\/\/www.masharif.com\/fr\/wp-content\/uploads\/2017\/02\/1972283_359499027560323_2433321752961173825_n-278x300.jpg\" alt=\"\" width=\"278\" height=\"300\" srcset=\"https:\/\/www.masharif.com\/fr\/wp-content\/uploads\/2017\/02\/1972283_359499027560323_2433321752961173825_n-278x300.jpg 278w, https:\/\/www.masharif.com\/fr\/wp-content\/uploads\/2017\/02\/1972283_359499027560323_2433321752961173825_n.jpg 439w\" sizes=\"(max-width: 278px) 100vw, 278px\" \/><\/a><p id=\"caption-attachment-4516\" class=\"wp-caption-text\">Fatima Maaouia<\/p><\/div>\n<p><a href=\"http:\/\/www.masharif.com\/fr\/wp-content\/uploads\/2017\/10\/Assurance-star-groupama-l-economiste-maghrebin.jpeg\"><img loading=\"lazy\" class=\"alignnone size-medium wp-image-6131\" src=\"http:\/\/www.masharif.com\/fr\/wp-content\/uploads\/2017\/10\/Assurance-star-groupama-l-economiste-maghrebin-300x150.jpeg\" alt=\"\" width=\"300\" height=\"150\" srcset=\"https:\/\/www.masharif.com\/fr\/wp-content\/uploads\/2017\/10\/Assurance-star-groupama-l-economiste-maghrebin-300x150.jpeg 300w, https:\/\/www.masharif.com\/fr\/wp-content\/uploads\/2017\/10\/Assurance-star-groupama-l-economiste-maghrebin-768x384.jpeg 768w, https:\/\/www.masharif.com\/fr\/wp-content\/uploads\/2017\/10\/Assurance-star-groupama-l-economiste-maghrebin-1024x512.jpeg 1024w, https:\/\/www.masharif.com\/fr\/wp-content\/uploads\/2017\/10\/Assurance-star-groupama-l-economiste-maghrebin-660x330.jpeg 660w, https:\/\/www.masharif.com\/fr\/wp-content\/uploads\/2017\/10\/Assurance-star-groupama-l-economiste-maghrebin-995x498.jpeg 995w, https:\/\/www.masharif.com\/fr\/wp-content\/uploads\/2017\/10\/Assurance-star-groupama-l-economiste-maghrebin.jpeg 1360w\" sizes=\"(max-width: 300px) 100vw, 300px\" \/><\/a><\/p>\n<p>Connaissez- vous, connaissez vous le frigo, ce mot sans \u00e9cho, ce mot tabou, ce mot boue, vraie antichambre de la mort professionnelle programm\u00e9e, suppression brutale d\u2019air derri\u00e8re des murs de fer? J&#8217;ai tant fr\u00e9quent\u00e9 le frigo \u00e0 l\u2019ombre de l\u2019\u00e9toile cruelle.<\/p>\n<p>L\u2019\u00e9toile et le frigo&#8230; paradoxal d\u2019associer les deux comp\u00e8res et pourtant!<\/p>\n<p>\u00c9coutez la ballade, la ballade de frigo en frigo des gens malades d\u2019\u00e9cho&#8230; qui ont \u00e9mis un mot ou touch\u00e9 \u00e0 l\u2019\u00e9go&#8230;<\/p>\n<p><strong>Frigo 1 <\/strong><\/p>\n<p>Vous \u00eates comp\u00e9tent, voire brillant, vous avez \u00e0 c\u0153ur votre travail, le souci de la chose publique, vous g\u00e9rez des milliards, sans voler un millime, vous n&#8217;avez br\u00fbl\u00e9 ni mosqu\u00e9e, \u2019\u00e9cole ou mausol\u00e9es&#8230;aucun assur\u00e9 ne s\u2019\u00e9tait plaint de dommages corporels, d\u2019accidents mat\u00e9riels ou d\u2019incendie de ses biens du fait de vos agissements, faute ou responsabilit\u00e9 personnelle ou professionnelle ..mais vous faites de l&#8217;ombre \u00e0 votre sup\u00e9rieur hi\u00e9rarchique, un incapable parachut\u00e9 qui vous g\u00eane dans votre action, vous n&#8217;\u00eates pas soutenu politiquement, lui , si&#8230;<\/p>\n<p>\u00ab Madame, je sais que vous \u00eates tout, en cette Direction, que votre chef hi\u00e9rarchique est un moins que rien, mais au moindre incident, au moindre p\u00e9pin avec lui, je vous mets au frigo\u2026un journal et un bureau ! \u00bb Un PDG, en provenance de la Banque Centrale et qui se reconnaitra&#8230;<\/p>\n<p><strong>Frigo 2 <\/strong><\/p>\n<p>Charg\u00e9e du recouvrement judiciaire des cr\u00e9ances impay\u00e9es \u00e0 l&#8217;entreprise, apr\u00e8s \u00e9puisement de toutes les formalit\u00e9s amiables et de toutes les d\u00e9marches pr\u00e9- contentieuses Aupr\u00e8s des assur\u00e9s r\u00e9calcitrants&#8230;<\/p>\n<p>10H du soir, le t\u00e9l\u00e9phone sonne, c\u2019est mon Directeur ou la personne cens\u00e9e l\u2019\u00eatre : \u00ab Allo, Madame ! Arr\u00eatez tout de suite les poursuites judiciaires pour primes d\u2019assurance impay\u00e9es contre T.A \u00e0 Djerissa ! C\u2019est un syndicaliste tr\u00e8s connu et puissant ! C\u2019est quoi ce cirque !!! Je vais finir par croire que votre acharnement cache une d\u00e9rive professionnelle grave, un acte politique hostile \u00e0 son \u00e9gard!!!\u00bb<\/p>\n<p><strong>Frigo 3<\/strong><\/p>\n<p>\u00ab Voici un dossier sensible, un Agent G\u00e9n\u00e9ral d\u2019Assurance, r\u00e9cidiviste, auteur de malversations r\u00e9p\u00e9t\u00e9es ! Allez-y mollo, il a le bras long, envoyez-lui un huissier notaire mais \u00ab \u2026ti\u00e8de \u00ab dafi \u00bb ! Hein ? \u00bb<\/p>\n<p>A mort! Le Frigo! Freins Mors, verrous, \u00e9crou, s\u00e9cateurs<\/p>\n<p>Scalpel, ciseaux, amortisseurs!<\/p>\n<p>Impliqu\u00e9s \u00e0 mort<\/p>\n<p>Dans la\u00a0 fin<\/p>\n<p>Des \u00e9lans de c\u0153urs tisseurs<\/p>\n<p>De refrains<\/p>\n<p>Et de jardins<\/p>\n<p>LE FRIGO !<\/p>\n<p>Pour briser l\u2019\u00e9lan, la pens\u00e9e, la libre parole, le frigo dont la vertu en ruminant le n\u00e9ant et le noir \u00e0 loisir et \u00e0 sati\u00e9t\u00e9 permet \u00e0 son b\u00e9n\u00e9ficiaire, frapp\u00e9 d\u2019ostracisme de faire son mea culpa, et de mettre son id\u00e9al dans un tiroir pour ne jamais confondre ses r\u00eaves et la r\u00e9alit\u00e9. Que de crime de l\u00e8se-humanit\u00e9, commis par le frigo ? Redoutable engin de guerre, de r\u00e9pression et de d\u00e9pressions \u00e0 huis clos, qui vous retire de la communaut\u00e9 du troupeau des z\u00e9l\u00e9s, fans du baise -main et des courbettes.<\/p>\n<p>Le frigo, qui g\u00e8le, vous attriste, rend triste, ignorant, b\u00eate, autiste, inaudible, invisible&#8230;<\/p>\n<p>Le frigo cette institution dans l\u2019institution !<\/p>\n<p>Pratique honteuse et barbare de torture inexistante dans la Constitution, obsol\u00e8te instrument de torture qui prosp\u00e8re dans les boites obscures et archa\u00efques, vous \u00e9carte de la lumi\u00e8re, vous broie et vous met au noir et qu\u2019aucune loi ne r\u00e9pare ou ne d\u00e9dommage.<\/p>\n<p>Pour s\u2019occuper du frigo qui occupe tout votre esprit, on compte les mouches au plafond, les fissures dans les murs, le nombre de carreaux du bureau, la superficie du r\u00e9duit, les d\u00e9bris de projets pour lesquels on s\u2019est donn\u00e9 tant de mal, ce qui vous reste comme coll\u00e8gues amis, yeux \u00e9teints, guettant la porte de la tour d&#8217;ivoire ou d&#8217;acier, on attend&#8230;on attend&#8230;on attend.. Entends ! Quelqu\u2019un du monde des vivants va bien finir par frapper et entrer voir si vous n\u2019\u00eates pas mort &#8230;<\/p>\n<p>Parfois, quand les pens\u00e9es se cognent, certains tordent et bouffent des trombones, d\u2019autres dont l&#8217;ombre mange peu \u00e0 peu l&#8217;esprit \u00a0ont des apparitions bizarres, oubliant le temps et l\u2019heure, s\u2019habillent, viennent travailler un dimanche et se retrouvent \u00e0 h\u00f4pital psychiatrique, p\u00e2le fant\u00f4me flottant parmi les blouses blanches&#8230; les l\u00e2ches vous \u00e9vitent, les faux amis vous l\u00e2chent.<\/p>\n<p><strong>Le frigo &#8230;<br \/>\n<\/strong><\/p>\n<p>Combien en go\u00fbtant \u00e0 son ADN, se sont coup\u00e9 les veines ?<\/p>\n<p>\u00c9TOILE&#8230; Tu m\u2019as brul\u00e9e! J\u2019ai tant compt\u00e9 le nombre de tes branches ! J\u2019avais mis tant de c\u0153ur \u00e0 les astiquer ! Tes pointes haineuses m&#8217;ont crucifi\u00e9e&#8230;de nuits blanches&#8230; mais je t\u2019ai vol\u00e9 le feu et l\u2019expertise de survivre au froid et de vivre ma foi quelle que soit l\u2019exp\u00e9rience !<\/p>\n<p>Pour briser la chape de plomb et de silence&#8230; Biblioth\u00e8que, avenue de Paris, antre ami, sur l\u2019autre trottoir, juste en face, tes livres m\u2019ont \u00e9vit\u00e9 la folie !<\/p>\n<p>Il \u00e9tait temps! Je commen\u00e7ais \u00e0 voir l\u2019\u00e9toile de travers, les sinistres doubles, j\u2019entendais de partout les craquements des os de la Grande Dame du Square avenue de Paris, les arbres qui geignaient&#8230; la fontaine sculpt\u00e9e de passionn\u00e9 par l\u2019immortel Qsontini se tordre les bras et pleurer toutes les larmes de son cactus de corps qui essorait le r\u00e9seau fontaines de ses pores et bouche emp\u00eatr\u00e9e de b\u00e9ton sans poissons, racontait tout et n\u2019importe quoi au passant pour passer le temps&#8230; Puis, lentement, \u00e9mergeant des trous noirs de l\u2019histoire et des Archives Mortes, l\u00e0 o\u00f9 vivaient les docs des br\u00fbl\u00e9s, d\u00e9c\u00e9d\u00e9s, r\u00e9sili\u00e9s, affaires class\u00e9es, fleurs s\u00e9ch\u00e9es, dont on tournait la page, l\u00e0 o\u00f9 feuille \u00e0 feuille mourraient les hommes, jaillissant de tous les couloirs de ce grand laboratoire, des rats verts arm\u00e9s de tables de mortalit\u00e9 et de polices de toutes les couleurs, prenant les murs d\u2019assaut et de rue en rue, s\u2019engouffrant dans les maisons, pourchassant les gens et toute chose vivante pour les mettre dans leur grands trous de portefeuille et ainsi stimuler les ventes.<\/p>\n<p><strong>Et , hop! Retour \u00e0 la case de d\u00e9part !<\/strong><\/p>\n<p><strong>Frigo 4<\/strong><\/p>\n<p>&#8211; \u201cAllo, ici les Ressources Humaines , bonjour Madame, juste pour vous dire de ne pas aller aux toilettes de l\u2019entreprise aujourd\u2019hui \u201c<\/p>\n<p>&#8211; \u201cAh, oui? Y a des travaux?\u201d<\/p>\n<p>-\u201dDu tout ! Simplement que l\u2019employ\u00e9 X a la syphilis, le m\u00e9decin du travail lui a fait une injection, mais il refuse de rentrer ou d&#8217;aller \u00e0 l\u2019h\u00f4pital !\u201d<\/p>\n<p>-\u201dLa syphilis? Quelle horreur! Une maladie du Moyen \u00e2ge ! Mais il faut d\u00e9sinfecter l&#8217;entreprise et pas uniquement les toilettes ! Le mettre en cong\u00e9 forc\u00e9! Je ne peux travailler avec lui, comme si de rien n&#8217;\u00e9tait, ses coll\u00e8gues&#8230;\u201d<\/p>\n<p>-\u201dH\u00e9, l\u00e0 ! Tout doux! Je vous vois d\u00e9j\u00e0 monter sur vos grands chevaux! La guerre d\u2019Alg\u00e9rie est finie&#8230; depuis longtemps! C&#8217;est juste parce que je vous estime que je vous ai inform\u00e9e \u00e0 titre amical des faits, l&#8217;affaire est confidentielle! On ne peut violer le secret m\u00e9dical, personne n&#8217;est au courant, si cela sort, vous en serez personnellement tenue pour responsable!!::\u201d<\/p>\n<p><strong>Et , hop! Re-Retour \u00e0 la case de d\u00e9part !<\/strong><\/p>\n<p><strong>Frigo 7 , 10, et suivants&#8230;.car le frigo, ce n\u2019est jamais fini ! <\/strong><\/p>\n<p>Si vous y avait gout\u00e9 une fois&#8230; votre peau y prendra tant go\u00fbt, que le frigo \u00e0 chaque fois vous arrachera de la bouche un \u201cNON\u201d qui fera mouche pour r\u00e9int\u00e9grer illico la chaleur des bras du frigo!<\/p>\n<p>&nbsp;<\/p>\n","protected":false},"excerpt":{"rendered":"<p>Connaissez- vous, connaissez vous le frigo, ce mot sans \u00e9cho, ce mot tabou, ce mot boue, vraie antichambre de la mort professionnelle programm\u00e9e, suppression brutale d\u2019air derri\u00e8re des murs de fer? J&#8217;ai tant fr\u00e9quent\u00e9 le frigo \u00e0 l\u2019ombre de l\u2019\u00e9toile cruelle. L\u2019\u00e9toile et le frigo&#8230; paradoxal d\u2019associer les deux comp\u00e8res et pourtant! \u00c9coutez la ballade, &#8230;<\/p>\n","protected":false},"author":2,"featured_media":6131,"comment_status":"open","ping_status":"open","sticky":false,"template":"","format":"standard","meta":[],"categories":[5],"tags":[],"yoast_head":"<!-- This site is optimized with the Yoast SEO plugin v19.3 - https:\/\/yoast.com\/wordpress\/plugins\/seo\/ -->\n<title>R\u00e9miniscences de la STAR (3) :L\u2019\u00e9toile et le frigo par : Fatima Maaouia \u2013 po\u00e9tesse tuniso-alg\u00e9rienne \u2013Tunis - Culminances<\/title>\n<meta name=\"robots\" content=\"index, follow, max-snippet:-1, max-image-preview:large, max-video-preview:-1\" \/>\n<link rel=\"canonical\" href=\"https:\/\/www.masharif.com\/fr\/2017\/10\/25\/reminiscences-de-star-3-letoile-frigo-fatima-maaouia-poetesse-tuniso-algerienne-tunis\/\" \/>\n<meta property=\"og:locale\" content=\"fr_FR\" \/>\n<meta property=\"og:type\" content=\"article\" \/>\n<meta property=\"og:title\" content=\"R\u00e9miniscences de la STAR (3) :L\u2019\u00e9toile et le frigo par : Fatima Maaouia \u2013 po\u00e9tesse tuniso-alg\u00e9rienne \u2013Tunis - Culminances\" \/>\n<meta property=\"og:description\" content=\"Connaissez- vous, connaissez vous le frigo, ce mot sans \u00e9cho, ce mot tabou, ce mot boue, vraie antichambre de la mort professionnelle programm\u00e9e, suppression brutale d\u2019air derri\u00e8re des murs de fer? J&#8217;ai tant fr\u00e9quent\u00e9 le frigo \u00e0 l\u2019ombre de l\u2019\u00e9toile cruelle. L\u2019\u00e9toile et le frigo&#8230; paradoxal d\u2019associer les deux comp\u00e8res et pourtant! \u00c9coutez la ballade, ...\" \/>\n<meta property=\"og:url\" content=\"https:\/\/www.masharif.com\/fr\/2017\/10\/25\/reminiscences-de-star-3-letoile-frigo-fatima-maaouia-poetesse-tuniso-algerienne-tunis\/\" \/>\n<meta property=\"og:site_name\" content=\"Culminances\" \/>\n<meta property=\"article:published_time\" content=\"2017-10-25T18:15:12+00:00\" \/>\n<meta property=\"og:image\" content=\"https:\/\/www.masharif.com\/fr\/wp-content\/uploads\/2017\/10\/Assurance-star-groupama-l-economiste-maghrebin.jpeg\" \/>\n\t<meta property=\"og:image:width\" content=\"1360\" \/>\n\t<meta property=\"og:image:height\" content=\"680\" \/>\n\t<meta property=\"og:image:type\" content=\"image\/jpeg\" \/>\n<meta name=\"author\" content=\"Mohamed Salah Ben Amor\" \/>\n<meta name=\"twitter:card\" content=\"summary\" \/>\n<meta name=\"twitter:label1\" content=\"\u00c9crit par\" \/>\n\t<meta name=\"twitter:data1\" content=\"Mohamed Salah Ben Amor\" \/>\n\t<meta name=\"twitter:label2\" content=\"Dur\u00e9e de lecture estim\u00e9e\" \/>\n\t<meta name=\"twitter:data2\" content=\"6 minutes\" \/>\n<script type=\"application\/ld+json\" class=\"yoast-schema-graph\">{\"@context\":\"https:\/\/schema.org\",\"@graph\":[{\"@type\":\"WebSite\",\"@id\":\"http:\/\/www.masharif.com\/fr\/#website\",\"url\":\"http:\/\/www.masharif.com\/fr\/\",\"name\":\"Culminances\",\"description\":\"\",\"potentialAction\":[{\"@type\":\"SearchAction\",\"target\":{\"@type\":\"EntryPoint\",\"urlTemplate\":\"http:\/\/www.masharif.com\/fr\/?s={search_term_string}\"},\"query-input\":\"required name=search_term_string\"}],\"inLanguage\":\"fr-FR\"},{\"@type\":\"ImageObject\",\"inLanguage\":\"fr-FR\",\"@id\":\"https:\/\/www.masharif.com\/fr\/2017\/10\/25\/reminiscences-de-star-3-letoile-frigo-fatima-maaouia-poetesse-tuniso-algerienne-tunis\/#primaryimage\",\"url\":\"https:\/\/www.masharif.com\/fr\/wp-content\/uploads\/2017\/10\/Assurance-star-groupama-l-economiste-maghrebin.jpeg\",\"contentUrl\":\"https:\/\/www.masharif.com\/fr\/wp-content\/uploads\/2017\/10\/Assurance-star-groupama-l-economiste-maghrebin.jpeg\",\"width\":1360,\"height\":680},{\"@type\":\"WebPage\",\"@id\":\"https:\/\/www.masharif.com\/fr\/2017\/10\/25\/reminiscences-de-star-3-letoile-frigo-fatima-maaouia-poetesse-tuniso-algerienne-tunis\/\",\"url\":\"https:\/\/www.masharif.com\/fr\/2017\/10\/25\/reminiscences-de-star-3-letoile-frigo-fatima-maaouia-poetesse-tuniso-algerienne-tunis\/\",\"name\":\"R\u00e9miniscences de la STAR (3) :L\u2019\u00e9toile et le frigo par : Fatima Maaouia \u2013 po\u00e9tesse tuniso-alg\u00e9rienne \u2013Tunis - Culminances\",\"isPartOf\":{\"@id\":\"http:\/\/www.masharif.com\/fr\/#website\"},\"primaryImageOfPage\":{\"@id\":\"https:\/\/www.masharif.com\/fr\/2017\/10\/25\/reminiscences-de-star-3-letoile-frigo-fatima-maaouia-poetesse-tuniso-algerienne-tunis\/#primaryimage\"},\"datePublished\":\"2017-10-25T18:15:12+00:00\",\"dateModified\":\"2017-10-25T18:15:12+00:00\",\"author\":{\"@id\":\"http:\/\/www.masharif.com\/fr\/#\/schema\/person\/839a7026efe9fa825134097c1041e4a0\"},\"breadcrumb\":{\"@id\":\"https:\/\/www.masharif.com\/fr\/2017\/10\/25\/reminiscences-de-star-3-letoile-frigo-fatima-maaouia-poetesse-tuniso-algerienne-tunis\/#breadcrumb\"},\"inLanguage\":\"fr-FR\",\"potentialAction\":[{\"@type\":\"ReadAction\",\"target\":[\"https:\/\/www.masharif.com\/fr\/2017\/10\/25\/reminiscences-de-star-3-letoile-frigo-fatima-maaouia-poetesse-tuniso-algerienne-tunis\/\"]}]},{\"@type\":\"BreadcrumbList\",\"@id\":\"https:\/\/www.masharif.com\/fr\/2017\/10\/25\/reminiscences-de-star-3-letoile-frigo-fatima-maaouia-poetesse-tuniso-algerienne-tunis\/#breadcrumb\",\"itemListElement\":[{\"@type\":\"ListItem\",\"position\":1,\"name\":\"Home\",\"item\":\"http:\/\/www.masharif.com\/fr\/\"},{\"@type\":\"ListItem\",\"position\":2,\"name\":\"R\u00e9miniscences de la STAR (3) :L\u2019\u00e9toile et le frigo par : Fatima Maaouia \u2013 po\u00e9tesse tuniso-alg\u00e9rienne \u2013Tunis\"}]},{\"@type\":\"Person\",\"@id\":\"http:\/\/www.masharif.com\/fr\/#\/schema\/person\/839a7026efe9fa825134097c1041e4a0\",\"name\":\"Mohamed Salah Ben Amor\",\"image\":{\"@type\":\"ImageObject\",\"inLanguage\":\"fr-FR\",\"@id\":\"http:\/\/www.masharif.com\/fr\/#\/schema\/person\/image\/\",\"url\":\"https:\/\/secure.gravatar.com\/avatar\/f64806401ad5ed604ffec2272b19ef46?s=96&d=identicon&r=g\",\"contentUrl\":\"https:\/\/secure.gravatar.com\/avatar\/f64806401ad5ed604ffec2272b19ef46?s=96&d=identicon&r=g\",\"caption\":\"Mohamed Salah Ben Amor\"},\"sameAs\":[\"http:\/\/ben-amor.info\"],\"url\":\"https:\/\/www.masharif.com\/fr\/author\/msba\/\"}]}<\/script>\n<!-- \/ Yoast SEO plugin. -->","yoast_head_json":{"title":"R\u00e9miniscences de la STAR (3) :L\u2019\u00e9toile et le frigo par : Fatima Maaouia \u2013 po\u00e9tesse tuniso-alg\u00e9rienne \u2013Tunis - Culminances","robots":{"index":"index","follow":"follow","max-snippet":"max-snippet:-1","max-image-preview":"max-image-preview:large","max-video-preview":"max-video-preview:-1"},"canonical":"https:\/\/www.masharif.com\/fr\/2017\/10\/25\/reminiscences-de-star-3-letoile-frigo-fatima-maaouia-poetesse-tuniso-algerienne-tunis\/","og_locale":"fr_FR","og_type":"article","og_title":"R\u00e9miniscences de la STAR (3) :L\u2019\u00e9toile et le frigo par : Fatima Maaouia \u2013 po\u00e9tesse tuniso-alg\u00e9rienne \u2013Tunis - Culminances","og_description":"Connaissez- vous, connaissez vous le frigo, ce mot sans \u00e9cho, ce mot tabou, ce mot boue, vraie antichambre de la mort professionnelle programm\u00e9e, suppression brutale d\u2019air derri\u00e8re des murs de fer? J&#8217;ai tant fr\u00e9quent\u00e9 le frigo \u00e0 l\u2019ombre de l\u2019\u00e9toile cruelle. L\u2019\u00e9toile et le frigo&#8230; paradoxal d\u2019associer les deux comp\u00e8res et pourtant! \u00c9coutez la ballade, ...","og_url":"https:\/\/www.masharif.com\/fr\/2017\/10\/25\/reminiscences-de-star-3-letoile-frigo-fatima-maaouia-poetesse-tuniso-algerienne-tunis\/","og_site_name":"Culminances","article_published_time":"2017-10-25T18:15:12+00:00","og_image":[{"width":1360,"height":680,"url":"https:\/\/www.masharif.com\/fr\/wp-content\/uploads\/2017\/10\/Assurance-star-groupama-l-economiste-maghrebin.jpeg","type":"image\/jpeg"}],"author":"Mohamed Salah Ben Amor","twitter_card":"summary","twitter_misc":{"\u00c9crit par":"Mohamed Salah Ben Amor","Dur\u00e9e de lecture estim\u00e9e":"6 minutes"},"schema":{"@context":"https:\/\/schema.org","@graph":[{"@type":"WebSite","@id":"http:\/\/www.masharif.com\/fr\/#website","url":"http:\/\/www.masharif.com\/fr\/","name":"Culminances","description":"","potentialAction":[{"@type":"SearchAction","target":{"@type":"EntryPoint","urlTemplate":"http:\/\/www.masharif.com\/fr\/?s={search_term_string}"},"query-input":"required name=search_term_string"}],"inLanguage":"fr-FR"},{"@type":"ImageObject","inLanguage":"fr-FR","@id":"https:\/\/www.masharif.com\/fr\/2017\/10\/25\/reminiscences-de-star-3-letoile-frigo-fatima-maaouia-poetesse-tuniso-algerienne-tunis\/#primaryimage","url":"https:\/\/www.masharif.com\/fr\/wp-content\/uploads\/2017\/10\/Assurance-star-groupama-l-economiste-maghrebin.jpeg","contentUrl":"https:\/\/www.masharif.com\/fr\/wp-content\/uploads\/2017\/10\/Assurance-star-groupama-l-economiste-maghrebin.jpeg","width":1360,"height":680},{"@type":"WebPage","@id":"https:\/\/www.masharif.com\/fr\/2017\/10\/25\/reminiscences-de-star-3-letoile-frigo-fatima-maaouia-poetesse-tuniso-algerienne-tunis\/","url":"https:\/\/www.masharif.com\/fr\/2017\/10\/25\/reminiscences-de-star-3-letoile-frigo-fatima-maaouia-poetesse-tuniso-algerienne-tunis\/","name":"R\u00e9miniscences de la STAR (3) :L\u2019\u00e9toile et le frigo par : Fatima Maaouia \u2013 po\u00e9tesse tuniso-alg\u00e9rienne \u2013Tunis - Culminances","isPartOf":{"@id":"http:\/\/www.masharif.com\/fr\/#website"},"primaryImageOfPage":{"@id":"https:\/\/www.masharif.com\/fr\/2017\/10\/25\/reminiscences-de-star-3-letoile-frigo-fatima-maaouia-poetesse-tuniso-algerienne-tunis\/#primaryimage"},"datePublished":"2017-10-25T18:15:12+00:00","dateModified":"2017-10-25T18:15:12+00:00","author":{"@id":"http:\/\/www.masharif.com\/fr\/#\/schema\/person\/839a7026efe9fa825134097c1041e4a0"},"breadcrumb":{"@id":"https:\/\/www.masharif.com\/fr\/2017\/10\/25\/reminiscences-de-star-3-letoile-frigo-fatima-maaouia-poetesse-tuniso-algerienne-tunis\/#breadcrumb"},"inLanguage":"fr-FR","potentialAction":[{"@type":"ReadAction","target":["https:\/\/www.masharif.com\/fr\/2017\/10\/25\/reminiscences-de-star-3-letoile-frigo-fatima-maaouia-poetesse-tuniso-algerienne-tunis\/"]}]},{"@type":"BreadcrumbList","@id":"https:\/\/www.masharif.com\/fr\/2017\/10\/25\/reminiscences-de-star-3-letoile-frigo-fatima-maaouia-poetesse-tuniso-algerienne-tunis\/#breadcrumb","itemListElement":[{"@type":"ListItem","position":1,"name":"Home","item":"http:\/\/www.masharif.com\/fr\/"},{"@type":"ListItem","position":2,"name":"R\u00e9miniscences de la STAR (3) :L\u2019\u00e9toile et le frigo par : Fatima Maaouia \u2013 po\u00e9tesse tuniso-alg\u00e9rienne \u2013Tunis"}]},{"@type":"Person","@id":"http:\/\/www.masharif.com\/fr\/#\/schema\/person\/839a7026efe9fa825134097c1041e4a0","name":"Mohamed Salah Ben Amor","image":{"@type":"ImageObject","inLanguage":"fr-FR","@id":"http:\/\/www.masharif.com\/fr\/#\/schema\/person\/image\/","url":"https:\/\/secure.gravatar.com\/avatar\/f64806401ad5ed604ffec2272b19ef46?s=96&d=identicon&r=g","contentUrl":"https:\/\/secure.gravatar.com\/avatar\/f64806401ad5ed604ffec2272b19ef46?s=96&d=identicon&r=g","caption":"Mohamed Salah Ben Amor"},"sameAs":["http:\/\/ben-amor.info"],"url":"https:\/\/www.masharif.com\/fr\/author\/msba\/"}]}},"_links":{"self":[{"href":"https:\/\/www.masharif.com\/fr\/wp-json\/wp\/v2\/posts\/6142"}],"collection":[{"href":"https:\/\/www.masharif.com\/fr\/wp-json\/wp\/v2\/posts"}],"about":[{"href":"https:\/\/www.masharif.com\/fr\/wp-json\/wp\/v2\/types\/post"}],"author":[{"embeddable":true,"href":"https:\/\/www.masharif.com\/fr\/wp-json\/wp\/v2\/users\/2"}],"replies":[{"embeddable":true,"href":"https:\/\/www.masharif.com\/fr\/wp-json\/wp\/v2\/comments?post=6142"}],"version-history":[{"count":1,"href":"https:\/\/www.masharif.com\/fr\/wp-json\/wp\/v2\/posts\/6142\/revisions"}],"predecessor-version":[{"id":6143,"href":"https:\/\/www.masharif.com\/fr\/wp-json\/wp\/v2\/posts\/6142\/revisions\/6143"}],"wp:featuredmedia":[{"embeddable":true,"href":"https:\/\/www.masharif.com\/fr\/wp-json\/wp\/v2\/media\/6131"}],"wp:attachment":[{"href":"https:\/\/www.masharif.com\/fr\/wp-json\/wp\/v2\/media?parent=6142"}],"wp:term":[{"taxonomy":"category","embeddable":true,"href":"https:\/\/www.masharif.com\/fr\/wp-json\/wp\/v2\/categories?post=6142"},{"taxonomy":"post_tag","embeddable":true,"href":"https:\/\/www.masharif.com\/fr\/wp-json\/wp\/v2\/tags?post=6142"}],"curies":[{"name":"wp","href":"https:\/\/api.w.org\/{rel}","templated":true}]}}