{"id":6007,"date":"2017-10-06T18:29:59","date_gmt":"2017-10-06T17:29:59","guid":{"rendered":"http:\/\/www.masharif.com\/fr\/?p=6007"},"modified":"2017-10-06T18:34:15","modified_gmt":"2017-10-06T17:34:15","slug":"mon-voyage-en-allemagne-201713-lidentite-allemande-est-la-cle-de-lhistoire-de-ce-pays-et-de-son-peuple-parmohamed-salah-ben-amor","status":"publish","type":"post","link":"https:\/\/www.masharif.com\/fr\/2017\/10\/06\/mon-voyage-en-allemagne-201713-lidentite-allemande-est-la-cle-de-lhistoire-de-ce-pays-et-de-son-peuple-parmohamed-salah-ben-amor\/","title":{"rendered":"Mon Voyage en Allemagne 2017(13): L\u2019identit\u00e9 allemande est la cl\u00e9 de l\u2019histoire  de ce pays et de son peuple  par:Mohamed Salah Ben Amor"},"content":{"rendered":"<p><a href=\"http:\/\/www.masharif.com\/fr\/wp-content\/uploads\/2017\/10\/13932729_10207189679363559_1668148283777889877_n.jpg\"><img loading=\"lazy\" class=\"alignnone size-medium wp-image-6008\" src=\"http:\/\/www.masharif.com\/fr\/wp-content\/uploads\/2017\/10\/13932729_10207189679363559_1668148283777889877_n-225x300.jpg\" alt=\"\" width=\"225\" height=\"300\" srcset=\"https:\/\/www.masharif.com\/fr\/wp-content\/uploads\/2017\/10\/13932729_10207189679363559_1668148283777889877_n-225x300.jpg 225w, https:\/\/www.masharif.com\/fr\/wp-content\/uploads\/2017\/10\/13932729_10207189679363559_1668148283777889877_n.jpg 720w\" sizes=\"(max-width: 225px) 100vw, 225px\" \/><\/a><\/p>\n<p>Je finis cette s\u00e9rie de chroniques sur mon dernier voyage en Allemagne par un bref aper\u00e7u sur l\u2019identit\u00e9 allemande qui est la cl\u00e9 de l\u2019histoire ancienne et moderne de ce pays et son peuple . Cette identit\u00e9 se fonde essentiellement sur quatre composantes : la fiert\u00e9 de l\u2019appartenance \u00e0 la race germanique g\u00e9n\u00e9ratrice ,\u00e0 leurs yeux, de force et d\u2019intelligence, l\u2019amour de leur terre qu\u2019ils assimilent \u00e0 une m\u00e8re sacr\u00e9e dont leur devoir premier est de la rendre la plus prosp\u00e8re possible , l\u2019attachement \u00e0 la langue allemande qui est le creuset de leur patrimoine et leur activit\u00e9 \u00e9motionnelle intellectuelle et pour cette raison ils n\u2019utilisent qu\u2019elle, m\u00eame s\u2019ils connaissent d\u2019autres langues et bien que la deuxi\u00e8me langue officielle soit l\u2019anglais\u00a0; et enfin la religion chr\u00e9tienne .Et \u00e0 propos de ce dernier point que j\u2019\u00e9voque pour la premi\u00e8re fois, il est clair de que les Allemands n\u2019ont pas \u00e9t\u00e9 tr\u00e8s influenc\u00e9s par la r\u00e9volution fran\u00e7aise qui avait pr\u00f4n\u00e9 l\u2019id\u00e9e de la\u00efcit\u00e9, car la plupart d\u2019entre eux sont profond\u00e9ment croyants .Le dimanche matin, par exemple, les villes sont presque d\u00e9sertes de leurs habitants parce que la majorit\u00e9 d\u2019entre eux sont dans les \u00e9glises .Et c\u2019est ce qui explique que le parti politique le plus populaire en Allemagne est l\u2019Union chr\u00e9tienne d\u00e9mocrate fond\u00e9 en 1945 qui pr\u00e9conise une troisi\u00e8me voie entre capitalisme et socialisme inspir\u00e9e du christianisme et dont le chef actuel est Angela Merkel qui est consid\u00e9r\u00e9e comme la femme la plus puissante du monde. Quant \u00e0 la culture allemande, elle est principalement philosophique. En effet, seuls deux po\u00e8tes originaires de ce pays ont acquis une renomm\u00e9e mondiale : Johann Wolfgang (von) Goethe et Friedrich von Schiller. D\u2019autres po\u00e8tes ou \u00e9crivains ont atteint la c\u00e9l\u00e9brit\u00e9 en \u00e9crivant en allemand tels que le tch\u00e8que Franz Kafka et le suisse Thomas Mann mais ils appartenaient \u00e0 d\u2019autres pays.<br \/>\nEnfin, quelle que soit votre opinion sur la mentalit\u00e9 des Allemands et leur vision de soi, de l\u2019autre et du monde, vous ne pouvez nier qu\u2019ils comptent aujourd\u2019hui parmi les nations les plus avanc\u00e9es du monde .<\/p>\n<p>(Fin)<\/p>\n","protected":false},"excerpt":{"rendered":"<p>Je finis cette s\u00e9rie de chroniques sur mon dernier voyage en Allemagne par un bref aper\u00e7u sur l\u2019identit\u00e9 allemande qui est la cl\u00e9 de l\u2019histoire ancienne et moderne de ce pays et son peuple . Cette identit\u00e9 se fonde essentiellement sur quatre composantes : la fiert\u00e9 de l\u2019appartenance \u00e0 la race germanique g\u00e9n\u00e9ratrice ,\u00e0 leurs &#8230;<\/p>\n","protected":false},"author":2,"featured_media":6008,"comment_status":"open","ping_status":"open","sticky":false,"template":"","format":"standard","meta":[],"categories":[2],"tags":[],"yoast_head":"<!-- This site is optimized with the Yoast SEO plugin v19.3 - https:\/\/yoast.com\/wordpress\/plugins\/seo\/ -->\n<title>Mon Voyage en Allemagne 2017(13): L\u2019identit\u00e9 allemande est la cl\u00e9 de l\u2019histoire de ce pays et de son peuple par:Mohamed Salah Ben Amor - Culminances<\/title>\n<meta name=\"robots\" content=\"index, follow, max-snippet:-1, max-image-preview:large, max-video-preview:-1\" \/>\n<link rel=\"canonical\" href=\"https:\/\/www.masharif.com\/fr\/2017\/10\/06\/mon-voyage-en-allemagne-201713-lidentite-allemande-est-la-cle-de-lhistoire-de-ce-pays-et-de-son-peuple-parmohamed-salah-ben-amor\/\" \/>\n<meta property=\"og:locale\" content=\"fr_FR\" \/>\n<meta property=\"og:type\" content=\"article\" \/>\n<meta property=\"og:title\" content=\"Mon Voyage en Allemagne 2017(13): L\u2019identit\u00e9 allemande est la cl\u00e9 de l\u2019histoire de ce pays et de son peuple par:Mohamed Salah Ben Amor - Culminances\" \/>\n<meta property=\"og:description\" content=\"Je finis cette s\u00e9rie de chroniques sur mon dernier voyage en Allemagne par un bref aper\u00e7u sur l\u2019identit\u00e9 allemande qui est la cl\u00e9 de l\u2019histoire ancienne et moderne de ce pays et son peuple . Cette identit\u00e9 se fonde essentiellement sur quatre composantes : la fiert\u00e9 de l\u2019appartenance \u00e0 la race germanique g\u00e9n\u00e9ratrice ,\u00e0 leurs ...\" \/>\n<meta property=\"og:url\" content=\"https:\/\/www.masharif.com\/fr\/2017\/10\/06\/mon-voyage-en-allemagne-201713-lidentite-allemande-est-la-cle-de-lhistoire-de-ce-pays-et-de-son-peuple-parmohamed-salah-ben-amor\/\" \/>\n<meta property=\"og:site_name\" content=\"Culminances\" \/>\n<meta property=\"article:published_time\" content=\"2017-10-06T17:29:59+00:00\" \/>\n<meta property=\"article:modified_time\" content=\"2017-10-06T17:34:15+00:00\" \/>\n<meta property=\"og:image\" content=\"https:\/\/www.masharif.com\/fr\/wp-content\/uploads\/2017\/10\/13932729_10207189679363559_1668148283777889877_n.jpg\" \/>\n\t<meta property=\"og:image:width\" content=\"720\" \/>\n\t<meta property=\"og:image:height\" content=\"960\" \/>\n\t<meta property=\"og:image:type\" content=\"image\/jpeg\" \/>\n<meta name=\"author\" content=\"Mohamed Salah Ben Amor\" \/>\n<meta name=\"twitter:card\" content=\"summary\" \/>\n<meta name=\"twitter:label1\" content=\"\u00c9crit par\" \/>\n\t<meta name=\"twitter:data1\" content=\"Mohamed Salah Ben Amor\" \/>\n\t<meta name=\"twitter:label2\" content=\"Dur\u00e9e de lecture estim\u00e9e\" \/>\n\t<meta name=\"twitter:data2\" content=\"2 minutes\" \/>\n<script type=\"application\/ld+json\" class=\"yoast-schema-graph\">{\"@context\":\"https:\/\/schema.org\",\"@graph\":[{\"@type\":\"WebSite\",\"@id\":\"https:\/\/www.masharif.com\/fr\/#website\",\"url\":\"https:\/\/www.masharif.com\/fr\/\",\"name\":\"Culminances\",\"description\":\"\",\"potentialAction\":[{\"@type\":\"SearchAction\",\"target\":{\"@type\":\"EntryPoint\",\"urlTemplate\":\"https:\/\/www.masharif.com\/fr\/?s={search_term_string}\"},\"query-input\":\"required name=search_term_string\"}],\"inLanguage\":\"fr-FR\"},{\"@type\":\"ImageObject\",\"inLanguage\":\"fr-FR\",\"@id\":\"https:\/\/www.masharif.com\/fr\/2017\/10\/06\/mon-voyage-en-allemagne-201713-lidentite-allemande-est-la-cle-de-lhistoire-de-ce-pays-et-de-son-peuple-parmohamed-salah-ben-amor\/#primaryimage\",\"url\":\"https:\/\/www.masharif.com\/fr\/wp-content\/uploads\/2017\/10\/13932729_10207189679363559_1668148283777889877_n.jpg\",\"contentUrl\":\"https:\/\/www.masharif.com\/fr\/wp-content\/uploads\/2017\/10\/13932729_10207189679363559_1668148283777889877_n.jpg\",\"width\":720,\"height\":960},{\"@type\":\"WebPage\",\"@id\":\"https:\/\/www.masharif.com\/fr\/2017\/10\/06\/mon-voyage-en-allemagne-201713-lidentite-allemande-est-la-cle-de-lhistoire-de-ce-pays-et-de-son-peuple-parmohamed-salah-ben-amor\/\",\"url\":\"https:\/\/www.masharif.com\/fr\/2017\/10\/06\/mon-voyage-en-allemagne-201713-lidentite-allemande-est-la-cle-de-lhistoire-de-ce-pays-et-de-son-peuple-parmohamed-salah-ben-amor\/\",\"name\":\"Mon Voyage en Allemagne 2017(13): L\u2019identit\u00e9 allemande est la cl\u00e9 de l\u2019histoire de ce pays et de son peuple par:Mohamed Salah Ben Amor - Culminances\",\"isPartOf\":{\"@id\":\"https:\/\/www.masharif.com\/fr\/#website\"},\"primaryImageOfPage\":{\"@id\":\"https:\/\/www.masharif.com\/fr\/2017\/10\/06\/mon-voyage-en-allemagne-201713-lidentite-allemande-est-la-cle-de-lhistoire-de-ce-pays-et-de-son-peuple-parmohamed-salah-ben-amor\/#primaryimage\"},\"datePublished\":\"2017-10-06T17:29:59+00:00\",\"dateModified\":\"2017-10-06T17:34:15+00:00\",\"author\":{\"@id\":\"https:\/\/www.masharif.com\/fr\/#\/schema\/person\/839a7026efe9fa825134097c1041e4a0\"},\"breadcrumb\":{\"@id\":\"https:\/\/www.masharif.com\/fr\/2017\/10\/06\/mon-voyage-en-allemagne-201713-lidentite-allemande-est-la-cle-de-lhistoire-de-ce-pays-et-de-son-peuple-parmohamed-salah-ben-amor\/#breadcrumb\"},\"inLanguage\":\"fr-FR\",\"potentialAction\":[{\"@type\":\"ReadAction\",\"target\":[\"https:\/\/www.masharif.com\/fr\/2017\/10\/06\/mon-voyage-en-allemagne-201713-lidentite-allemande-est-la-cle-de-lhistoire-de-ce-pays-et-de-son-peuple-parmohamed-salah-ben-amor\/\"]}]},{\"@type\":\"BreadcrumbList\",\"@id\":\"https:\/\/www.masharif.com\/fr\/2017\/10\/06\/mon-voyage-en-allemagne-201713-lidentite-allemande-est-la-cle-de-lhistoire-de-ce-pays-et-de-son-peuple-parmohamed-salah-ben-amor\/#breadcrumb\",\"itemListElement\":[{\"@type\":\"ListItem\",\"position\":1,\"name\":\"Home\",\"item\":\"https:\/\/www.masharif.com\/fr\/\"},{\"@type\":\"ListItem\",\"position\":2,\"name\":\"Mon Voyage en Allemagne 2017(13): L\u2019identit\u00e9 allemande est la cl\u00e9 de l\u2019histoire de ce pays et de son peuple par:Mohamed Salah Ben Amor\"}]},{\"@type\":\"Person\",\"@id\":\"https:\/\/www.masharif.com\/fr\/#\/schema\/person\/839a7026efe9fa825134097c1041e4a0\",\"name\":\"Mohamed Salah Ben Amor\",\"image\":{\"@type\":\"ImageObject\",\"inLanguage\":\"fr-FR\",\"@id\":\"https:\/\/www.masharif.com\/fr\/#\/schema\/person\/image\/\",\"url\":\"https:\/\/secure.gravatar.com\/avatar\/f64806401ad5ed604ffec2272b19ef46?s=96&d=identicon&r=g\",\"contentUrl\":\"https:\/\/secure.gravatar.com\/avatar\/f64806401ad5ed604ffec2272b19ef46?s=96&d=identicon&r=g\",\"caption\":\"Mohamed Salah Ben Amor\"},\"sameAs\":[\"http:\/\/ben-amor.info\"],\"url\":\"https:\/\/www.masharif.com\/fr\/author\/msba\/\"}]}<\/script>\n<!-- \/ Yoast SEO plugin. -->","yoast_head_json":{"title":"Mon Voyage en Allemagne 2017(13): L\u2019identit\u00e9 allemande est la cl\u00e9 de l\u2019histoire de ce pays et de son peuple par:Mohamed Salah Ben Amor - Culminances","robots":{"index":"index","follow":"follow","max-snippet":"max-snippet:-1","max-image-preview":"max-image-preview:large","max-video-preview":"max-video-preview:-1"},"canonical":"https:\/\/www.masharif.com\/fr\/2017\/10\/06\/mon-voyage-en-allemagne-201713-lidentite-allemande-est-la-cle-de-lhistoire-de-ce-pays-et-de-son-peuple-parmohamed-salah-ben-amor\/","og_locale":"fr_FR","og_type":"article","og_title":"Mon Voyage en Allemagne 2017(13): L\u2019identit\u00e9 allemande est la cl\u00e9 de l\u2019histoire de ce pays et de son peuple par:Mohamed Salah Ben Amor - Culminances","og_description":"Je finis cette s\u00e9rie de chroniques sur mon dernier voyage en Allemagne par un bref aper\u00e7u sur l\u2019identit\u00e9 allemande qui est la cl\u00e9 de l\u2019histoire ancienne et moderne de ce pays et son peuple . Cette identit\u00e9 se fonde essentiellement sur quatre composantes : la fiert\u00e9 de l\u2019appartenance \u00e0 la race germanique g\u00e9n\u00e9ratrice ,\u00e0 leurs ...","og_url":"https:\/\/www.masharif.com\/fr\/2017\/10\/06\/mon-voyage-en-allemagne-201713-lidentite-allemande-est-la-cle-de-lhistoire-de-ce-pays-et-de-son-peuple-parmohamed-salah-ben-amor\/","og_site_name":"Culminances","article_published_time":"2017-10-06T17:29:59+00:00","article_modified_time":"2017-10-06T17:34:15+00:00","og_image":[{"width":720,"height":960,"url":"https:\/\/www.masharif.com\/fr\/wp-content\/uploads\/2017\/10\/13932729_10207189679363559_1668148283777889877_n.jpg","type":"image\/jpeg"}],"author":"Mohamed Salah Ben Amor","twitter_card":"summary","twitter_misc":{"\u00c9crit par":"Mohamed Salah Ben Amor","Dur\u00e9e de lecture estim\u00e9e":"2 minutes"},"schema":{"@context":"https:\/\/schema.org","@graph":[{"@type":"WebSite","@id":"https:\/\/www.masharif.com\/fr\/#website","url":"https:\/\/www.masharif.com\/fr\/","name":"Culminances","description":"","potentialAction":[{"@type":"SearchAction","target":{"@type":"EntryPoint","urlTemplate":"https:\/\/www.masharif.com\/fr\/?s={search_term_string}"},"query-input":"required name=search_term_string"}],"inLanguage":"fr-FR"},{"@type":"ImageObject","inLanguage":"fr-FR","@id":"https:\/\/www.masharif.com\/fr\/2017\/10\/06\/mon-voyage-en-allemagne-201713-lidentite-allemande-est-la-cle-de-lhistoire-de-ce-pays-et-de-son-peuple-parmohamed-salah-ben-amor\/#primaryimage","url":"https:\/\/www.masharif.com\/fr\/wp-content\/uploads\/2017\/10\/13932729_10207189679363559_1668148283777889877_n.jpg","contentUrl":"https:\/\/www.masharif.com\/fr\/wp-content\/uploads\/2017\/10\/13932729_10207189679363559_1668148283777889877_n.jpg","width":720,"height":960},{"@type":"WebPage","@id":"https:\/\/www.masharif.com\/fr\/2017\/10\/06\/mon-voyage-en-allemagne-201713-lidentite-allemande-est-la-cle-de-lhistoire-de-ce-pays-et-de-son-peuple-parmohamed-salah-ben-amor\/","url":"https:\/\/www.masharif.com\/fr\/2017\/10\/06\/mon-voyage-en-allemagne-201713-lidentite-allemande-est-la-cle-de-lhistoire-de-ce-pays-et-de-son-peuple-parmohamed-salah-ben-amor\/","name":"Mon Voyage en Allemagne 2017(13): L\u2019identit\u00e9 allemande est la cl\u00e9 de l\u2019histoire de ce pays et de son peuple par:Mohamed Salah Ben Amor - Culminances","isPartOf":{"@id":"https:\/\/www.masharif.com\/fr\/#website"},"primaryImageOfPage":{"@id":"https:\/\/www.masharif.com\/fr\/2017\/10\/06\/mon-voyage-en-allemagne-201713-lidentite-allemande-est-la-cle-de-lhistoire-de-ce-pays-et-de-son-peuple-parmohamed-salah-ben-amor\/#primaryimage"},"datePublished":"2017-10-06T17:29:59+00:00","dateModified":"2017-10-06T17:34:15+00:00","author":{"@id":"https:\/\/www.masharif.com\/fr\/#\/schema\/person\/839a7026efe9fa825134097c1041e4a0"},"breadcrumb":{"@id":"https:\/\/www.masharif.com\/fr\/2017\/10\/06\/mon-voyage-en-allemagne-201713-lidentite-allemande-est-la-cle-de-lhistoire-de-ce-pays-et-de-son-peuple-parmohamed-salah-ben-amor\/#breadcrumb"},"inLanguage":"fr-FR","potentialAction":[{"@type":"ReadAction","target":["https:\/\/www.masharif.com\/fr\/2017\/10\/06\/mon-voyage-en-allemagne-201713-lidentite-allemande-est-la-cle-de-lhistoire-de-ce-pays-et-de-son-peuple-parmohamed-salah-ben-amor\/"]}]},{"@type":"BreadcrumbList","@id":"https:\/\/www.masharif.com\/fr\/2017\/10\/06\/mon-voyage-en-allemagne-201713-lidentite-allemande-est-la-cle-de-lhistoire-de-ce-pays-et-de-son-peuple-parmohamed-salah-ben-amor\/#breadcrumb","itemListElement":[{"@type":"ListItem","position":1,"name":"Home","item":"https:\/\/www.masharif.com\/fr\/"},{"@type":"ListItem","position":2,"name":"Mon Voyage en Allemagne 2017(13): L\u2019identit\u00e9 allemande est la cl\u00e9 de l\u2019histoire de ce pays et de son peuple par:Mohamed Salah Ben Amor"}]},{"@type":"Person","@id":"https:\/\/www.masharif.com\/fr\/#\/schema\/person\/839a7026efe9fa825134097c1041e4a0","name":"Mohamed Salah Ben Amor","image":{"@type":"ImageObject","inLanguage":"fr-FR","@id":"https:\/\/www.masharif.com\/fr\/#\/schema\/person\/image\/","url":"https:\/\/secure.gravatar.com\/avatar\/f64806401ad5ed604ffec2272b19ef46?s=96&d=identicon&r=g","contentUrl":"https:\/\/secure.gravatar.com\/avatar\/f64806401ad5ed604ffec2272b19ef46?s=96&d=identicon&r=g","caption":"Mohamed Salah Ben Amor"},"sameAs":["http:\/\/ben-amor.info"],"url":"https:\/\/www.masharif.com\/fr\/author\/msba\/"}]}},"_links":{"self":[{"href":"https:\/\/www.masharif.com\/fr\/wp-json\/wp\/v2\/posts\/6007"}],"collection":[{"href":"https:\/\/www.masharif.com\/fr\/wp-json\/wp\/v2\/posts"}],"about":[{"href":"https:\/\/www.masharif.com\/fr\/wp-json\/wp\/v2\/types\/post"}],"author":[{"embeddable":true,"href":"https:\/\/www.masharif.com\/fr\/wp-json\/wp\/v2\/users\/2"}],"replies":[{"embeddable":true,"href":"https:\/\/www.masharif.com\/fr\/wp-json\/wp\/v2\/comments?post=6007"}],"version-history":[{"count":4,"href":"https:\/\/www.masharif.com\/fr\/wp-json\/wp\/v2\/posts\/6007\/revisions"}],"predecessor-version":[{"id":6012,"href":"https:\/\/www.masharif.com\/fr\/wp-json\/wp\/v2\/posts\/6007\/revisions\/6012"}],"wp:featuredmedia":[{"embeddable":true,"href":"https:\/\/www.masharif.com\/fr\/wp-json\/wp\/v2\/media\/6008"}],"wp:attachment":[{"href":"https:\/\/www.masharif.com\/fr\/wp-json\/wp\/v2\/media?parent=6007"}],"wp:term":[{"taxonomy":"category","embeddable":true,"href":"https:\/\/www.masharif.com\/fr\/wp-json\/wp\/v2\/categories?post=6007"},{"taxonomy":"post_tag","embeddable":true,"href":"https:\/\/www.masharif.com\/fr\/wp-json\/wp\/v2\/tags?post=6007"}],"curies":[{"name":"wp","href":"https:\/\/api.w.org\/{rel}","templated":true}]}}