{"id":5688,"date":"2017-08-05T15:29:14","date_gmt":"2017-08-05T14:29:14","guid":{"rendered":"http:\/\/www.masharif.com\/fr\/?p=5688"},"modified":"2017-08-14T18:26:01","modified_gmt":"2017-08-14T17:26:01","slug":"nouvelles-paroles-de-mohamed-salah-ben-amor","status":"publish","type":"post","link":"https:\/\/www.masharif.com\/fr\/2017\/08\/05\/nouvelles-paroles-de-mohamed-salah-ben-amor\/","title":{"rendered":"Nouvelles paroles de Mohamed Salah Ben Amor(1)"},"content":{"rendered":"<p><strong>Pas de\u00a0 retraite pour les artistes, les \u00e9crivains et les po\u00e8tes<br \/>\n<\/strong><\/p>\n<p>Le d\u00e9part \u00e0 la retraite est une disposition administrative\u00a0 qui s\u2019applique aux agents travaillant dans les institutions gouvernementales et priv\u00e9es tels que les fonctionnaires, les ouvriers, les enseignants, les juges\u00a0 ou autres mais elle ne s\u2019applique pas aux artistes, aux \u00e9crivains et aux po\u00e8tes parce que ceux-l\u00e0 rel\u00e8vent de l\u2019institution de la vie .<\/p>\n<p>&nbsp;<\/p>\n<p><strong> Le romantisme ne dispara\u00eetra jamais<\/strong><\/p>\n<p>Malgr\u00e9 les trag\u00e9dies qui se succ\u00e8dent dans ce monde, le romantisme ne dispara\u00eetra jamais.<\/p>\n<p>&nbsp;<\/p>\n<p><strong>Le cr\u00e9ateur artistique et litt\u00e9raire cet \u00abadulte enfant\u00a0\u00bb<\/strong><\/p>\n<p>A l\u2019oppos\u00e9 du savant, du philosophe, du r\u00e9formateur et de l\u2019enseignant qui est, par d\u00e9finition une\u00a0\u00ab\u00a0\u00e2me m\u00fbre\u00a0\u00bb et dont le discours doit \u00eatre essentiellement argumentatif pour pouvoir convaincre son assistance, le cr\u00e9ateur artistique ou litt\u00e9raire, lui, use naturellement aussi bien de l\u2019intellect qui est le si\u00e8ge de la logique et de l\u2019entendement que de ses facult\u00e9s subjectives comme la sensibilit\u00e9, l\u2019imagination, le go\u00fbt , l\u2019intuition et l\u2019inconscient pour esp\u00e9rer \u00e9mouvoir le r\u00e9cepteur et le fasciner, d\u2019o\u00f9 son appellation courante d\u2019\u00abadulte enfant\u00a0\u00bb.<\/p>\n<p>&nbsp;<\/p>\n<p><strong>Les deux genres de po\u00e9sie engag\u00e9e<\/strong><\/p>\n<p>La po\u00e9sie engag\u00e9e est d\u2019eux sortes\u00a0: celle qui exhorte le public avec un discours id\u00e9ologique creux et \u00a0sec et une po\u00e9sie qui\u00a0 r\u00e9pond, par contre,\u00a0 aux conditions esth\u00e9tiques aux niveaux de l\u2019image , du rythme et de la suggestion comme celles de Fr\u00e9derico Garcias Lorca, de Pablo Neruda , de Nadhim hikmet, de Mahoud Darwich et qui est malheureusement rare dans le monde entier.<\/p>\n<p>&nbsp;<\/p>\n<p><strong>Cette confusion entre art et morale<\/strong><\/p>\n<p>L\u2019une des fautes les plus flagrantes qu\u2019on commet parfois \u00a0en critique litt\u00e9raire est la confusion que certains font entre l\u2019art et la morale. L\u2019ancien po\u00e8te arabe Bashshar Ibn Burd, par exemple, \u00e9tait un \u00e9rudit en mati\u00e8re linguistique au point o\u00f9 le grand grammairien Sibaweyh qui \u00e9tait tr\u00e8s s\u00e9v\u00e8re citait ses vers comme r\u00e9f\u00e9rences. Quant \u00e0 la qualit\u00e9 esth\u00e9tique de sa po\u00e9sie, elle lui a valu l\u2019unanimit\u00e9 des critiques anciens et contemporains, en plus du nombre presqu\u2019incalculable d\u2019\u00e9tudes dont elle a fait l\u2019objet .Et ce, malgr\u00e9 qu\u2019il f\u00fbt un libertin de premier ordre. Les historiens ont relat\u00e9 \u00e0 propos des circonstances de sa mort que le Kalife (Le roi)abbaside El Mahdi arriva un jour \u00e0 la ville d\u2019El Basra quand il entendit l\u2019appel \u00e0 la pri\u00e8re en dehors de l\u2019heure fix\u00e9e. Il demanda\u00a0: -Quel est cet appel \u00e0 la pri\u00e8re\u00a0? On lui r\u00e9pondit\u00a0:- C\u2019est Bashshar , chaque fois qu\u2019il tombe ivre , il se met \u00e0 appeler \u00e0 la pri\u00e8re. Le khalife ordonna de le faire descendre du minaret et de le fouetter. Et on l\u2019a fouett\u00e9 jusqu\u2019\u00e0 la mort.<\/p>\n<p>&nbsp;<\/p>\n<p><strong>La qualit\u00e9 premi\u00e8re d\u2019un \u00e9crivain\u00a0 ou d\u2019un po\u00e8te est la modestie<\/strong><\/p>\n<p>&nbsp;<\/p>\n<p>La qualit\u00e9 premi\u00e8re d\u2019un \u00e9crivain\u00a0 ou d\u2019un po\u00e8te est la modestie, car\u00a0 l\u2019histoire nous enseigne que la pr\u00e9tention et le gonflement du moi n\u2019ont jamais \u00e0 eux seuls hiss\u00e9 quelqu\u2019un ou quelqu\u2019une au rang d\u2019un g\u00e9nie. Bien au contraire , dans le domaine tr\u00e8s d\u00e9licat de la cr\u00e9ation litt\u00e9raire seule une tr\u00e8s petite minorit\u00e9 \u00a0r\u00e9ussit \u00e0 d\u00e9fier le temps et demeurer vivante apr\u00e8s la mort .Ainsi du romantisme qui \u00e9tait un courant \u00e9crasant, les manuels de l\u2019histoire litt\u00e9raire n\u2019ont retenu que six auteurs\u00a0:Mme de Sta\u00ebl , Chateaubriand, Lamartine, Alfred De Vigny , Alfred de Musset et Victor Hugo et du Surr\u00e9alisme que trois\u00a0:Breton , Eluard et Aragon .Les autres dont le nombre \u00e9tait tr\u00e8s \u00e9lev\u00e9 ont v\u00e9cu, \u00e9crit et publi\u00e9 mais ils ont \u00e9t\u00e9, \u00e0 la fin, \u00a0oubli\u00e9s parce qu\u2019ils \u00e9taient tout simplement ordinaires. Et soyez s\u00fbrs que le pr\u00e9sent et l\u2019avenir ne seront nullement diff\u00e9rents de ce pass\u00e9\u00a0!<\/p>\n<p>Pour cette raison, tout amateur de l\u2019\u00e9criture a int\u00e9r\u00eat \u00e0 \u00e9crire pour sa satisfaction personnelle, d\u2019avoir les pieds sur terre et laisser faire le temps\u00a0!<\/p>\n<p>&nbsp;<\/p>\n<p><strong>Parmi les points faibles les plus flagrants dans un produit artistique ou litt\u00e9raire les tons moralisateur et didactique<\/strong><\/p>\n<p>&nbsp;<\/p>\n<p>Parmi les points faibles les plus flagrants dans un produit artistique ou litt\u00e9raire les tons moralisateur et didactique , car le vrai artiste ou \u00e9crivain ou po\u00e8te n\u2019est ni un savant, ni un pr\u00eacheur, ni un ma\u00eetre d\u2019\u00e9cole mais\u00a0 une \u00e2me qui vit dans un tourbillon de questions et\u00a0 ne connait pas sur soi, sur l\u2019Autre et sur le monde plus que les r\u00e9cepteur.<\/p>\n<p>&nbsp;<\/p>\n<p><strong>Existe-il une autorit\u00e9 critique?<\/strong><\/p>\n<p>&nbsp;<\/p>\n<p>L\u2019autorit\u00e9 critique \u00e9tait au d\u00e9but une illusion, car le grand critique fran\u00e7ais Sainte-Beuve (1804 \u2013 1869) croyait sinc\u00e8rement que le texte litt\u00e9raire rec\u00e8le une v\u00e9rit\u00e9 qui est ce que l\u2019auteur a voulu exactement dire et que seul le critique peut mettre en lumi\u00e8re. Mais apr\u00e8s avoir \u00e9t\u00e9 attest\u00e9 que le texte litt\u00e9raire est pluriel ,voire \u00ab une galaxie de significations \u00bb comme l\u2019a dit Roland Barthes (1915 \u2013 1980 ) , l\u2019expression \u00ab autorit\u00e9 critique \u00bb est devenue un mensonge qui ne vise qu\u2019\u00e0 \u00e9pouvanter les cr\u00e9ateurs et \u00e0 les dominer surtout si elle est renforc\u00e9e par le titre de \u00ab docteur \u00bb.<\/p>\n<p>&nbsp;<\/p>\n<p><strong>Les po\u00e8tes qui croient aujourd\u2019hui qu\u2019ils \u00e9crivent pour conscientiser les foules et gu\u00e9rir la soci\u00e9t\u00e9 de ses maux<\/strong><\/p>\n<p>&nbsp;<\/p>\n<p>Les po\u00e8tes qui croient aujourd\u2019hui qu\u2019ils \u00e9crivent pour conscientiser les foules et gu\u00e9rir la soci\u00e9t\u00e9 de ses maux se font des illusions, car personne ne s\u2019int\u00e9resse\u00a0 \u00e0 leurs \u00e9crits \u00e0 part les po\u00e8tes et les fins connaisseurs de l\u2019art po\u00e9tique. Et le nombre de ceux-ci est \u00e9videmment restreint et ils ne peuvent esp\u00e9rer susciter leur admiration qu\u2019en poussant \u00e0 fond la qualit\u00e9 de leur \u0153uvre. Quant \u00e0 la grande foule, seuls l\u2019orateur politique ou religieux, la vedette de la chanson et le com\u00e9dien humoristique continuent \u00e0 l\u2019attirer.<\/p>\n<p>&nbsp;<\/p>\n<p><strong><a href=\"http:\/\/www.masharif.com\/fr\/wp-content\/uploads\/2017\/08\/painter-1454205_960_720.jpg\"><img loading=\"lazy\" class=\"alignnone size-medium wp-image-5691\" src=\"http:\/\/www.masharif.com\/fr\/wp-content\/uploads\/2017\/08\/painter-1454205_960_720-300x205.jpg\" alt=\"\" width=\"300\" height=\"205\" srcset=\"https:\/\/www.masharif.com\/fr\/wp-content\/uploads\/2017\/08\/painter-1454205_960_720-300x205.jpg 300w, https:\/\/www.masharif.com\/fr\/wp-content\/uploads\/2017\/08\/painter-1454205_960_720-768x525.jpg 768w, https:\/\/www.masharif.com\/fr\/wp-content\/uploads\/2017\/08\/painter-1454205_960_720.jpg 960w\" sizes=\"(max-width: 300px) 100vw, 300px\" \/><\/a><\/strong><\/p>\n<p><strong><a href=\"http:\/\/www.masharif.com\/fr\/wp-content\/uploads\/2017\/08\/dan-maxwell-889082_960_720.jpg\"><img loading=\"lazy\" class=\"alignnone size-medium wp-image-5690\" src=\"http:\/\/www.masharif.com\/fr\/wp-content\/uploads\/2017\/08\/dan-maxwell-889082_960_720-300x199.jpg\" alt=\"\" width=\"300\" height=\"199\" srcset=\"https:\/\/www.masharif.com\/fr\/wp-content\/uploads\/2017\/08\/dan-maxwell-889082_960_720-300x199.jpg 300w, https:\/\/www.masharif.com\/fr\/wp-content\/uploads\/2017\/08\/dan-maxwell-889082_960_720-768x509.jpg 768w, https:\/\/www.masharif.com\/fr\/wp-content\/uploads\/2017\/08\/dan-maxwell-889082_960_720.jpg 960w\" sizes=\"(max-width: 300px) 100vw, 300px\" \/><\/a><\/strong><\/p>\n<p><strong><a href=\"http:\/\/www.masharif.com\/fr\/wp-content\/uploads\/2017\/08\/hans-christian-andersen-2251330_960_720.jpg\"><img loading=\"lazy\" class=\"alignnone size-medium wp-image-5692\" src=\"http:\/\/www.masharif.com\/fr\/wp-content\/uploads\/2017\/08\/hans-christian-andersen-2251330_960_720-200x300.jpg\" alt=\"\" width=\"200\" height=\"300\" srcset=\"https:\/\/www.masharif.com\/fr\/wp-content\/uploads\/2017\/08\/hans-christian-andersen-2251330_960_720-200x300.jpg 200w, https:\/\/www.masharif.com\/fr\/wp-content\/uploads\/2017\/08\/hans-christian-andersen-2251330_960_720.jpg 479w\" sizes=\"(max-width: 200px) 100vw, 200px\" \/><\/a><\/strong><\/p>\n","protected":false},"excerpt":{"rendered":"<p>Pas de\u00a0 retraite pour les artistes, les \u00e9crivains et les po\u00e8tes Le d\u00e9part \u00e0 la retraite est une disposition administrative\u00a0 qui s\u2019applique aux agents travaillant dans les institutions gouvernementales et priv\u00e9es tels que les fonctionnaires, les ouvriers, les enseignants, les juges\u00a0 ou autres mais elle ne s\u2019applique pas aux artistes, aux \u00e9crivains et aux po\u00e8tes &#8230;<\/p>\n","protected":false},"author":2,"featured_media":5691,"comment_status":"open","ping_status":"open","sticky":false,"template":"","format":"standard","meta":[],"categories":[2],"tags":[],"yoast_head":"<!-- This site is optimized with the Yoast SEO plugin v19.3 - https:\/\/yoast.com\/wordpress\/plugins\/seo\/ -->\n<title>Nouvelles paroles de Mohamed Salah Ben Amor(1) - Culminances<\/title>\n<meta name=\"robots\" content=\"index, follow, max-snippet:-1, max-image-preview:large, max-video-preview:-1\" \/>\n<link rel=\"canonical\" href=\"https:\/\/www.masharif.com\/fr\/2017\/08\/05\/nouvelles-paroles-de-mohamed-salah-ben-amor\/\" \/>\n<meta property=\"og:locale\" content=\"fr_FR\" \/>\n<meta property=\"og:type\" content=\"article\" \/>\n<meta property=\"og:title\" content=\"Nouvelles paroles de Mohamed Salah Ben Amor(1) - Culminances\" \/>\n<meta property=\"og:description\" content=\"Pas de\u00a0 retraite pour les artistes, les \u00e9crivains et les po\u00e8tes Le d\u00e9part \u00e0 la retraite est une disposition administrative\u00a0 qui s\u2019applique aux agents travaillant dans les institutions gouvernementales et priv\u00e9es tels que les fonctionnaires, les ouvriers, les enseignants, les juges\u00a0 ou autres mais elle ne s\u2019applique pas aux artistes, aux \u00e9crivains et aux po\u00e8tes ...\" \/>\n<meta property=\"og:url\" content=\"https:\/\/www.masharif.com\/fr\/2017\/08\/05\/nouvelles-paroles-de-mohamed-salah-ben-amor\/\" \/>\n<meta property=\"og:site_name\" content=\"Culminances\" \/>\n<meta property=\"article:published_time\" content=\"2017-08-05T14:29:14+00:00\" \/>\n<meta property=\"article:modified_time\" content=\"2017-08-14T17:26:01+00:00\" \/>\n<meta property=\"og:image\" content=\"https:\/\/www.masharif.com\/fr\/wp-content\/uploads\/2017\/08\/painter-1454205_960_720.jpg\" \/>\n\t<meta property=\"og:image:width\" content=\"960\" \/>\n\t<meta property=\"og:image:height\" content=\"656\" \/>\n\t<meta property=\"og:image:type\" content=\"image\/jpeg\" \/>\n<meta name=\"author\" content=\"Mohamed Salah Ben Amor\" \/>\n<meta name=\"twitter:card\" content=\"summary\" \/>\n<meta name=\"twitter:label1\" content=\"\u00c9crit par\" \/>\n\t<meta name=\"twitter:data1\" content=\"Mohamed Salah Ben Amor\" \/>\n\t<meta name=\"twitter:label2\" content=\"Dur\u00e9e de lecture estim\u00e9e\" \/>\n\t<meta name=\"twitter:data2\" content=\"5 minutes\" \/>\n<script type=\"application\/ld+json\" class=\"yoast-schema-graph\">{\"@context\":\"https:\/\/schema.org\",\"@graph\":[{\"@type\":\"WebSite\",\"@id\":\"https:\/\/www.masharif.com\/fr\/#website\",\"url\":\"https:\/\/www.masharif.com\/fr\/\",\"name\":\"Culminances\",\"description\":\"\",\"potentialAction\":[{\"@type\":\"SearchAction\",\"target\":{\"@type\":\"EntryPoint\",\"urlTemplate\":\"https:\/\/www.masharif.com\/fr\/?s={search_term_string}\"},\"query-input\":\"required name=search_term_string\"}],\"inLanguage\":\"fr-FR\"},{\"@type\":\"ImageObject\",\"inLanguage\":\"fr-FR\",\"@id\":\"https:\/\/www.masharif.com\/fr\/2017\/08\/05\/nouvelles-paroles-de-mohamed-salah-ben-amor\/#primaryimage\",\"url\":\"https:\/\/www.masharif.com\/fr\/wp-content\/uploads\/2017\/08\/painter-1454205_960_720.jpg\",\"contentUrl\":\"https:\/\/www.masharif.com\/fr\/wp-content\/uploads\/2017\/08\/painter-1454205_960_720.jpg\",\"width\":960,\"height\":656},{\"@type\":\"WebPage\",\"@id\":\"https:\/\/www.masharif.com\/fr\/2017\/08\/05\/nouvelles-paroles-de-mohamed-salah-ben-amor\/\",\"url\":\"https:\/\/www.masharif.com\/fr\/2017\/08\/05\/nouvelles-paroles-de-mohamed-salah-ben-amor\/\",\"name\":\"Nouvelles paroles de Mohamed Salah Ben Amor(1) - Culminances\",\"isPartOf\":{\"@id\":\"https:\/\/www.masharif.com\/fr\/#website\"},\"primaryImageOfPage\":{\"@id\":\"https:\/\/www.masharif.com\/fr\/2017\/08\/05\/nouvelles-paroles-de-mohamed-salah-ben-amor\/#primaryimage\"},\"datePublished\":\"2017-08-05T14:29:14+00:00\",\"dateModified\":\"2017-08-14T17:26:01+00:00\",\"author\":{\"@id\":\"https:\/\/www.masharif.com\/fr\/#\/schema\/person\/839a7026efe9fa825134097c1041e4a0\"},\"breadcrumb\":{\"@id\":\"https:\/\/www.masharif.com\/fr\/2017\/08\/05\/nouvelles-paroles-de-mohamed-salah-ben-amor\/#breadcrumb\"},\"inLanguage\":\"fr-FR\",\"potentialAction\":[{\"@type\":\"ReadAction\",\"target\":[\"https:\/\/www.masharif.com\/fr\/2017\/08\/05\/nouvelles-paroles-de-mohamed-salah-ben-amor\/\"]}]},{\"@type\":\"BreadcrumbList\",\"@id\":\"https:\/\/www.masharif.com\/fr\/2017\/08\/05\/nouvelles-paroles-de-mohamed-salah-ben-amor\/#breadcrumb\",\"itemListElement\":[{\"@type\":\"ListItem\",\"position\":1,\"name\":\"Home\",\"item\":\"https:\/\/www.masharif.com\/fr\/\"},{\"@type\":\"ListItem\",\"position\":2,\"name\":\"Nouvelles paroles de Mohamed Salah Ben Amor(1)\"}]},{\"@type\":\"Person\",\"@id\":\"https:\/\/www.masharif.com\/fr\/#\/schema\/person\/839a7026efe9fa825134097c1041e4a0\",\"name\":\"Mohamed Salah Ben Amor\",\"image\":{\"@type\":\"ImageObject\",\"inLanguage\":\"fr-FR\",\"@id\":\"https:\/\/www.masharif.com\/fr\/#\/schema\/person\/image\/\",\"url\":\"https:\/\/secure.gravatar.com\/avatar\/f64806401ad5ed604ffec2272b19ef46?s=96&d=identicon&r=g\",\"contentUrl\":\"https:\/\/secure.gravatar.com\/avatar\/f64806401ad5ed604ffec2272b19ef46?s=96&d=identicon&r=g\",\"caption\":\"Mohamed Salah Ben Amor\"},\"sameAs\":[\"http:\/\/ben-amor.info\"],\"url\":\"https:\/\/www.masharif.com\/fr\/author\/msba\/\"}]}<\/script>\n<!-- \/ Yoast SEO plugin. -->","yoast_head_json":{"title":"Nouvelles paroles de Mohamed Salah Ben Amor(1) - Culminances","robots":{"index":"index","follow":"follow","max-snippet":"max-snippet:-1","max-image-preview":"max-image-preview:large","max-video-preview":"max-video-preview:-1"},"canonical":"https:\/\/www.masharif.com\/fr\/2017\/08\/05\/nouvelles-paroles-de-mohamed-salah-ben-amor\/","og_locale":"fr_FR","og_type":"article","og_title":"Nouvelles paroles de Mohamed Salah Ben Amor(1) - Culminances","og_description":"Pas de\u00a0 retraite pour les artistes, les \u00e9crivains et les po\u00e8tes Le d\u00e9part \u00e0 la retraite est une disposition administrative\u00a0 qui s\u2019applique aux agents travaillant dans les institutions gouvernementales et priv\u00e9es tels que les fonctionnaires, les ouvriers, les enseignants, les juges\u00a0 ou autres mais elle ne s\u2019applique pas aux artistes, aux \u00e9crivains et aux po\u00e8tes ...","og_url":"https:\/\/www.masharif.com\/fr\/2017\/08\/05\/nouvelles-paroles-de-mohamed-salah-ben-amor\/","og_site_name":"Culminances","article_published_time":"2017-08-05T14:29:14+00:00","article_modified_time":"2017-08-14T17:26:01+00:00","og_image":[{"width":960,"height":656,"url":"https:\/\/www.masharif.com\/fr\/wp-content\/uploads\/2017\/08\/painter-1454205_960_720.jpg","type":"image\/jpeg"}],"author":"Mohamed Salah Ben Amor","twitter_card":"summary","twitter_misc":{"\u00c9crit par":"Mohamed Salah Ben Amor","Dur\u00e9e de lecture estim\u00e9e":"5 minutes"},"schema":{"@context":"https:\/\/schema.org","@graph":[{"@type":"WebSite","@id":"https:\/\/www.masharif.com\/fr\/#website","url":"https:\/\/www.masharif.com\/fr\/","name":"Culminances","description":"","potentialAction":[{"@type":"SearchAction","target":{"@type":"EntryPoint","urlTemplate":"https:\/\/www.masharif.com\/fr\/?s={search_term_string}"},"query-input":"required name=search_term_string"}],"inLanguage":"fr-FR"},{"@type":"ImageObject","inLanguage":"fr-FR","@id":"https:\/\/www.masharif.com\/fr\/2017\/08\/05\/nouvelles-paroles-de-mohamed-salah-ben-amor\/#primaryimage","url":"https:\/\/www.masharif.com\/fr\/wp-content\/uploads\/2017\/08\/painter-1454205_960_720.jpg","contentUrl":"https:\/\/www.masharif.com\/fr\/wp-content\/uploads\/2017\/08\/painter-1454205_960_720.jpg","width":960,"height":656},{"@type":"WebPage","@id":"https:\/\/www.masharif.com\/fr\/2017\/08\/05\/nouvelles-paroles-de-mohamed-salah-ben-amor\/","url":"https:\/\/www.masharif.com\/fr\/2017\/08\/05\/nouvelles-paroles-de-mohamed-salah-ben-amor\/","name":"Nouvelles paroles de Mohamed Salah Ben Amor(1) - Culminances","isPartOf":{"@id":"https:\/\/www.masharif.com\/fr\/#website"},"primaryImageOfPage":{"@id":"https:\/\/www.masharif.com\/fr\/2017\/08\/05\/nouvelles-paroles-de-mohamed-salah-ben-amor\/#primaryimage"},"datePublished":"2017-08-05T14:29:14+00:00","dateModified":"2017-08-14T17:26:01+00:00","author":{"@id":"https:\/\/www.masharif.com\/fr\/#\/schema\/person\/839a7026efe9fa825134097c1041e4a0"},"breadcrumb":{"@id":"https:\/\/www.masharif.com\/fr\/2017\/08\/05\/nouvelles-paroles-de-mohamed-salah-ben-amor\/#breadcrumb"},"inLanguage":"fr-FR","potentialAction":[{"@type":"ReadAction","target":["https:\/\/www.masharif.com\/fr\/2017\/08\/05\/nouvelles-paroles-de-mohamed-salah-ben-amor\/"]}]},{"@type":"BreadcrumbList","@id":"https:\/\/www.masharif.com\/fr\/2017\/08\/05\/nouvelles-paroles-de-mohamed-salah-ben-amor\/#breadcrumb","itemListElement":[{"@type":"ListItem","position":1,"name":"Home","item":"https:\/\/www.masharif.com\/fr\/"},{"@type":"ListItem","position":2,"name":"Nouvelles paroles de Mohamed Salah Ben Amor(1)"}]},{"@type":"Person","@id":"https:\/\/www.masharif.com\/fr\/#\/schema\/person\/839a7026efe9fa825134097c1041e4a0","name":"Mohamed Salah Ben Amor","image":{"@type":"ImageObject","inLanguage":"fr-FR","@id":"https:\/\/www.masharif.com\/fr\/#\/schema\/person\/image\/","url":"https:\/\/secure.gravatar.com\/avatar\/f64806401ad5ed604ffec2272b19ef46?s=96&d=identicon&r=g","contentUrl":"https:\/\/secure.gravatar.com\/avatar\/f64806401ad5ed604ffec2272b19ef46?s=96&d=identicon&r=g","caption":"Mohamed Salah Ben Amor"},"sameAs":["http:\/\/ben-amor.info"],"url":"https:\/\/www.masharif.com\/fr\/author\/msba\/"}]}},"_links":{"self":[{"href":"https:\/\/www.masharif.com\/fr\/wp-json\/wp\/v2\/posts\/5688"}],"collection":[{"href":"https:\/\/www.masharif.com\/fr\/wp-json\/wp\/v2\/posts"}],"about":[{"href":"https:\/\/www.masharif.com\/fr\/wp-json\/wp\/v2\/types\/post"}],"author":[{"embeddable":true,"href":"https:\/\/www.masharif.com\/fr\/wp-json\/wp\/v2\/users\/2"}],"replies":[{"embeddable":true,"href":"https:\/\/www.masharif.com\/fr\/wp-json\/wp\/v2\/comments?post=5688"}],"version-history":[{"count":5,"href":"https:\/\/www.masharif.com\/fr\/wp-json\/wp\/v2\/posts\/5688\/revisions"}],"predecessor-version":[{"id":5697,"href":"https:\/\/www.masharif.com\/fr\/wp-json\/wp\/v2\/posts\/5688\/revisions\/5697"}],"wp:featuredmedia":[{"embeddable":true,"href":"https:\/\/www.masharif.com\/fr\/wp-json\/wp\/v2\/media\/5691"}],"wp:attachment":[{"href":"https:\/\/www.masharif.com\/fr\/wp-json\/wp\/v2\/media?parent=5688"}],"wp:term":[{"taxonomy":"category","embeddable":true,"href":"https:\/\/www.masharif.com\/fr\/wp-json\/wp\/v2\/categories?post=5688"},{"taxonomy":"post_tag","embeddable":true,"href":"https:\/\/www.masharif.com\/fr\/wp-json\/wp\/v2\/tags?post=5688"}],"curies":[{"name":"wp","href":"https:\/\/api.w.org\/{rel}","templated":true}]}}