{"id":5644,"date":"2017-06-29T15:58:52","date_gmt":"2017-06-29T14:58:52","guid":{"rendered":"http:\/\/www.masharif.com\/fr\/?p=5644"},"modified":"2017-06-29T15:58:52","modified_gmt":"2017-06-29T14:58:52","slug":"interpretation-de-chanson-%d8%a3%d8%b4%d9%83%d9%8a%d9%83-%d9%84%d9%85%d9%8a%d9%86-de-kadhim-assahir-mouina-el-achari-rabat-maroc","status":"publish","type":"post","link":"https:\/\/www.masharif.com\/fr\/2017\/06\/29\/interpretation-de-chanson-%d8%a3%d8%b4%d9%83%d9%8a%d9%83-%d9%84%d9%85%d9%8a%d9%86-de-kadhim-assahir-mouina-el-achari-rabat-maroc\/","title":{"rendered":"Interpr\u00e9tation de la chanson \u0623\u0634\u0643\u064a\u0643 \u0644\u0645\u064a\u0646 de Kadhim Assahir par : Mouina El Achari \u2013 Rabat \u2013Maroc"},"content":{"rendered":"<div id=\"attachment_5341\" style=\"width: 310px\" class=\"wp-caption alignnone\"><a href=\"http:\/\/www.masharif.com\/fr\/wp-content\/uploads\/2017\/05\/18699961_1164096607069276_9046429546563731722_n.jpg\"><img aria-describedby=\"caption-attachment-5341\" loading=\"lazy\" class=\"wp-image-5341 size-medium\" src=\"http:\/\/www.masharif.com\/fr\/wp-content\/uploads\/2017\/05\/18699961_1164096607069276_9046429546563731722_n-300x300.jpg\" alt=\"\" width=\"300\" height=\"300\" srcset=\"https:\/\/www.masharif.com\/fr\/wp-content\/uploads\/2017\/05\/18699961_1164096607069276_9046429546563731722_n-300x300.jpg 300w, https:\/\/www.masharif.com\/fr\/wp-content\/uploads\/2017\/05\/18699961_1164096607069276_9046429546563731722_n-150x150.jpg 150w, https:\/\/www.masharif.com\/fr\/wp-content\/uploads\/2017\/05\/18699961_1164096607069276_9046429546563731722_n-55x55.jpg 55w, https:\/\/www.masharif.com\/fr\/wp-content\/uploads\/2017\/05\/18699961_1164096607069276_9046429546563731722_n.jpg 634w\" sizes=\"(max-width: 300px) 100vw, 300px\" \/><\/a><p id=\"caption-attachment-5341\" class=\"wp-caption-text\">Mouina El Achari<\/p><\/div>\n<p><a href=\"http:\/\/www.masharif.com\/fr\/wp-content\/uploads\/2017\/06\/BoE-iO8IYAEpFXr.jpg\"><img loading=\"lazy\" class=\"size-medium wp-image-5645 aligncenter\" src=\"http:\/\/www.masharif.com\/fr\/wp-content\/uploads\/2017\/06\/BoE-iO8IYAEpFXr-300x225.jpg\" alt=\"\" width=\"300\" height=\"225\" srcset=\"https:\/\/www.masharif.com\/fr\/wp-content\/uploads\/2017\/06\/BoE-iO8IYAEpFXr-300x225.jpg 300w, https:\/\/www.masharif.com\/fr\/wp-content\/uploads\/2017\/06\/BoE-iO8IYAEpFXr-768x576.jpg 768w, https:\/\/www.masharif.com\/fr\/wp-content\/uploads\/2017\/06\/BoE-iO8IYAEpFXr-1024x768.jpg 1024w, https:\/\/www.masharif.com\/fr\/wp-content\/uploads\/2017\/06\/BoE-iO8IYAEpFXr.jpg 1500w\" sizes=\"(max-width: 300px) 100vw, 300px\" \/><\/a><\/p>\n<p style=\"text-align: center;\"><strong>A qui me plaindre\u00a0?<\/strong><\/p>\n<p style=\"text-align: center;\">\n<p style=\"text-align: center;\"><strong>A qui me plaindre\u00a0?et qui peut sentir\u00a0<\/strong><\/p>\n<p style=\"text-align: center;\"><strong>Ma souffrance qui semble s\u2019\u00e9terniser\u00a0?<\/strong><\/p>\n<p style=\"text-align: center;\"><strong>A qui me plaindre\u00a0? et qui peut me soutenir\u00a0?<\/strong><\/p>\n<p style=\"text-align: center;\"><strong>Entre juge et coupable pourras-tu te partager ?<\/strong><\/p>\n<p style=\"text-align: center;\">\n<p style=\"text-align: center;\"><strong>Comment me plaindre<\/strong><\/p>\n<p style=\"text-align: center;\"><strong>De toi et \u00e0 toi\u00a0?\u00a0<\/strong><\/p>\n<p style=\"text-align: center;\"><strong>Comment te convaincre\u00a0:\u00a0<\/strong><\/p>\n<p style=\"text-align: center;\"><strong>Par ma douleur ou par ma joie\u00a0?\u00a0<\/strong><\/p>\n<p style=\"text-align: center;\">\n<p style=\"text-align: center;\"><strong>A qui me plaindre si ta conscience<\/strong><\/p>\n<p style=\"text-align: center;\"><strong>Elle-m\u00eame ne te fait pas de reproches\u00a0?<\/strong><\/p>\n<p style=\"text-align: center;\"><strong>A qui me plaindre de cette r\u00e9jouissance<\/strong><\/p>\n<p style=\"text-align: center;\"><strong>Qui en ta pr\u00e9sence me fauche\u00a0?\u00a0<\/strong><\/p>\n<p style=\"text-align: center;\">\n<p style=\"text-align: center;\"><strong>Devant toi j\u2019ignore tout ce qui m\u2019entoure.\u00a0<\/strong><\/p>\n<p style=\"text-align: center;\"><strong>Derri\u00e8re toi je s\u00e8che mes larmes<\/strong><\/p>\n<p style=\"text-align: center;\"><strong>Pour ne pas laisser l\u2019amour se noyer,<\/strong><\/p>\n<p style=\"text-align: center;\"><strong>Pour que tu ne voies que mon charme.\u00a0<\/strong><\/p>\n<p style=\"text-align: center;\">\n<p style=\"text-align: center;\"><strong>Pour toi je suis capable de transformer<\/strong><\/p>\n<p style=\"text-align: center;\"><strong>Mon enfer en un beau paradis<\/strong><\/p>\n<p style=\"text-align: center;\"><strong>Et ouvrir mon c\u0153ur et le parsemer<\/strong><\/p>\n<p style=\"text-align: center;\"><strong>D\u2019amour pour toi toute ma vie.<\/strong><\/p>\n<p style=\"text-align: center;\">\n<p style=\"text-align: center;\"><strong>J\u2019ai pri\u00e9 pour que mon c\u0153ur soit dur<\/strong><\/p>\n<p style=\"text-align: center;\"><strong>Et pour que je puisse t\u2019oublier sans souffrir\u00a0<\/strong><\/p>\n<p style=\"text-align: center;\"><strong>Mais je ne suis jamais s\u00fbre<\/strong><\/p>\n<p style=\"text-align: center;\"><strong>Car mon \u00e2me sans toi tend \u00e0 p\u00e9rir.<\/strong><\/p>\n<p style=\"text-align: center;\">\n<p style=\"text-align: center;\"><strong>Je vis en esclave de mes sentiments<\/strong><\/p>\n<p style=\"text-align: center;\"><strong>En n\u2019esp\u00e9rant que ta tendresse.<\/strong><\/p>\n<p style=\"text-align: center;\"><strong>\u00c9teigne le feu de l\u2019agacement<\/strong><\/p>\n<p style=\"text-align: center;\"><strong>Que je refoule sans cesse\u00a0!<\/strong><\/p>\n<p style=\"text-align: center;\">\n<p style=\"text-align: center;\"><strong>A qui me plaindre, si \u00e7a ne te suffit pas<\/strong><\/p>\n<p style=\"text-align: center;\"><strong>Que je verse des larmes si ch\u00e8res<\/strong><\/p>\n<p style=\"text-align: center;\"><strong>Pour te prouver que tu as plein droit<\/strong><\/p>\n<p style=\"text-align: center;\"><strong>Sur mon c\u0153ur qui t\u2019a dans la chair\u00a0?<\/strong><\/p>\n<p style=\"text-align: center;\">\n<p style=\"text-align: center;\"><strong>A qui me plaindre pour te plaindre\u00a0?<\/strong><\/p>\n<p style=\"text-align: center;\"><strong>Tu es le seul \u00e0 qui je me confessais,<\/strong><\/p>\n<p style=\"text-align: center;\"><strong>A qui me plaindre pour ne pas craindre<\/strong><\/p>\n<p style=\"text-align: center;\"><strong>Que mon c\u0153ur contre moi ne soit f\u00e2ch\u00e9\u00a0?<\/strong><\/p>\n<p style=\"text-align: center;\">\n<p style=\"text-align: center;\"><strong>Reviens et je ne me plaindrai plus\u00a0!<\/strong><\/p>\n<p style=\"text-align: center;\"><strong>J\u2019ai horreur de me lamenter.<\/strong><\/p>\n<p style=\"text-align: center;\"><strong>Reviens et je ne me plaindrai plus\u00a0!<\/strong><\/p>\n<p style=\"text-align: center;\"><strong>Avec toi au bonheur je r\u00eave go\u00fbter\u00a0!<\/strong><\/p>\n<p>&nbsp;<\/p>\n","protected":false},"excerpt":{"rendered":"<p>A qui me plaindre\u00a0? A qui me plaindre\u00a0?et qui peut sentir\u00a0 Ma souffrance qui semble s\u2019\u00e9terniser\u00a0? A qui me plaindre\u00a0? et qui peut me soutenir\u00a0? Entre juge et coupable pourras-tu te partager ? Comment me plaindre De toi et \u00e0 toi\u00a0?\u00a0 Comment te convaincre\u00a0:\u00a0 Par ma douleur ou par ma joie\u00a0?\u00a0 A qui me plaindre &#8230;<\/p>\n","protected":false},"author":2,"featured_media":5645,"comment_status":"open","ping_status":"open","sticky":false,"template":"","format":"standard","meta":[],"categories":[6],"tags":[],"yoast_head":"<!-- This site is optimized with the Yoast SEO plugin v19.3 - https:\/\/yoast.com\/wordpress\/plugins\/seo\/ -->\n<title>Interpr\u00e9tation de la chanson \u0623\u0634\u0643\u064a\u0643 \u0644\u0645\u064a\u0646 de Kadhim Assahir par : Mouina El Achari \u2013 Rabat \u2013Maroc - Culminances<\/title>\n<meta name=\"robots\" content=\"index, follow, max-snippet:-1, max-image-preview:large, max-video-preview:-1\" \/>\n<link rel=\"canonical\" href=\"https:\/\/www.masharif.com\/fr\/2017\/06\/29\/interpretation-de-chanson-\u0623\u0634\u0643\u064a\u0643-\u0644\u0645\u064a\u0646-de-kadhim-assahir-mouina-el-achari-rabat-maroc\/\" \/>\n<meta property=\"og:locale\" content=\"fr_FR\" \/>\n<meta property=\"og:type\" content=\"article\" \/>\n<meta property=\"og:title\" content=\"Interpr\u00e9tation de la chanson \u0623\u0634\u0643\u064a\u0643 \u0644\u0645\u064a\u0646 de Kadhim Assahir par : Mouina El Achari \u2013 Rabat \u2013Maroc - Culminances\" \/>\n<meta property=\"og:description\" content=\"A qui me plaindre\u00a0? A qui me plaindre\u00a0?et qui peut sentir\u00a0 Ma souffrance qui semble s\u2019\u00e9terniser\u00a0? A qui me plaindre\u00a0? et qui peut me soutenir\u00a0? Entre juge et coupable pourras-tu te partager ? Comment me plaindre De toi et \u00e0 toi\u00a0?\u00a0 Comment te convaincre\u00a0:\u00a0 Par ma douleur ou par ma joie\u00a0?\u00a0 A qui me plaindre ...\" \/>\n<meta property=\"og:url\" content=\"https:\/\/www.masharif.com\/fr\/2017\/06\/29\/interpretation-de-chanson-\u0623\u0634\u0643\u064a\u0643-\u0644\u0645\u064a\u0646-de-kadhim-assahir-mouina-el-achari-rabat-maroc\/\" \/>\n<meta property=\"og:site_name\" content=\"Culminances\" \/>\n<meta property=\"article:published_time\" content=\"2017-06-29T14:58:52+00:00\" \/>\n<meta property=\"og:image\" content=\"https:\/\/www.masharif.com\/fr\/wp-content\/uploads\/2017\/06\/BoE-iO8IYAEpFXr.jpg\" \/>\n\t<meta property=\"og:image:width\" content=\"1500\" \/>\n\t<meta property=\"og:image:height\" content=\"1125\" \/>\n\t<meta property=\"og:image:type\" content=\"image\/jpeg\" \/>\n<meta name=\"author\" content=\"Mohamed Salah Ben Amor\" \/>\n<meta name=\"twitter:card\" content=\"summary\" \/>\n<meta name=\"twitter:label1\" content=\"\u00c9crit par\" \/>\n\t<meta name=\"twitter:data1\" content=\"Mohamed Salah Ben Amor\" \/>\n\t<meta name=\"twitter:label2\" content=\"Dur\u00e9e de lecture estim\u00e9e\" \/>\n\t<meta name=\"twitter:data2\" content=\"2 minutes\" \/>\n<script type=\"application\/ld+json\" class=\"yoast-schema-graph\">{\"@context\":\"https:\/\/schema.org\",\"@graph\":[{\"@type\":\"WebSite\",\"@id\":\"https:\/\/www.masharif.com\/fr\/#website\",\"url\":\"https:\/\/www.masharif.com\/fr\/\",\"name\":\"Culminances\",\"description\":\"\",\"potentialAction\":[{\"@type\":\"SearchAction\",\"target\":{\"@type\":\"EntryPoint\",\"urlTemplate\":\"https:\/\/www.masharif.com\/fr\/?s={search_term_string}\"},\"query-input\":\"required name=search_term_string\"}],\"inLanguage\":\"fr-FR\"},{\"@type\":\"ImageObject\",\"inLanguage\":\"fr-FR\",\"@id\":\"https:\/\/www.masharif.com\/fr\/2017\/06\/29\/interpretation-de-chanson-%d8%a3%d8%b4%d9%83%d9%8a%d9%83-%d9%84%d9%85%d9%8a%d9%86-de-kadhim-assahir-mouina-el-achari-rabat-maroc\/#primaryimage\",\"url\":\"https:\/\/www.masharif.com\/fr\/wp-content\/uploads\/2017\/06\/BoE-iO8IYAEpFXr.jpg\",\"contentUrl\":\"https:\/\/www.masharif.com\/fr\/wp-content\/uploads\/2017\/06\/BoE-iO8IYAEpFXr.jpg\",\"width\":1500,\"height\":1125},{\"@type\":\"WebPage\",\"@id\":\"https:\/\/www.masharif.com\/fr\/2017\/06\/29\/interpretation-de-chanson-%d8%a3%d8%b4%d9%83%d9%8a%d9%83-%d9%84%d9%85%d9%8a%d9%86-de-kadhim-assahir-mouina-el-achari-rabat-maroc\/\",\"url\":\"https:\/\/www.masharif.com\/fr\/2017\/06\/29\/interpretation-de-chanson-%d8%a3%d8%b4%d9%83%d9%8a%d9%83-%d9%84%d9%85%d9%8a%d9%86-de-kadhim-assahir-mouina-el-achari-rabat-maroc\/\",\"name\":\"Interpr\u00e9tation de la chanson \u0623\u0634\u0643\u064a\u0643 \u0644\u0645\u064a\u0646 de Kadhim Assahir par : Mouina El Achari \u2013 Rabat \u2013Maroc - Culminances\",\"isPartOf\":{\"@id\":\"https:\/\/www.masharif.com\/fr\/#website\"},\"primaryImageOfPage\":{\"@id\":\"https:\/\/www.masharif.com\/fr\/2017\/06\/29\/interpretation-de-chanson-%d8%a3%d8%b4%d9%83%d9%8a%d9%83-%d9%84%d9%85%d9%8a%d9%86-de-kadhim-assahir-mouina-el-achari-rabat-maroc\/#primaryimage\"},\"datePublished\":\"2017-06-29T14:58:52+00:00\",\"dateModified\":\"2017-06-29T14:58:52+00:00\",\"author\":{\"@id\":\"https:\/\/www.masharif.com\/fr\/#\/schema\/person\/839a7026efe9fa825134097c1041e4a0\"},\"breadcrumb\":{\"@id\":\"https:\/\/www.masharif.com\/fr\/2017\/06\/29\/interpretation-de-chanson-%d8%a3%d8%b4%d9%83%d9%8a%d9%83-%d9%84%d9%85%d9%8a%d9%86-de-kadhim-assahir-mouina-el-achari-rabat-maroc\/#breadcrumb\"},\"inLanguage\":\"fr-FR\",\"potentialAction\":[{\"@type\":\"ReadAction\",\"target\":[\"https:\/\/www.masharif.com\/fr\/2017\/06\/29\/interpretation-de-chanson-%d8%a3%d8%b4%d9%83%d9%8a%d9%83-%d9%84%d9%85%d9%8a%d9%86-de-kadhim-assahir-mouina-el-achari-rabat-maroc\/\"]}]},{\"@type\":\"BreadcrumbList\",\"@id\":\"https:\/\/www.masharif.com\/fr\/2017\/06\/29\/interpretation-de-chanson-%d8%a3%d8%b4%d9%83%d9%8a%d9%83-%d9%84%d9%85%d9%8a%d9%86-de-kadhim-assahir-mouina-el-achari-rabat-maroc\/#breadcrumb\",\"itemListElement\":[{\"@type\":\"ListItem\",\"position\":1,\"name\":\"Home\",\"item\":\"https:\/\/www.masharif.com\/fr\/\"},{\"@type\":\"ListItem\",\"position\":2,\"name\":\"Interpr\u00e9tation de la chanson \u0623\u0634\u0643\u064a\u0643 \u0644\u0645\u064a\u0646 de Kadhim Assahir par : Mouina El Achari \u2013 Rabat \u2013Maroc\"}]},{\"@type\":\"Person\",\"@id\":\"https:\/\/www.masharif.com\/fr\/#\/schema\/person\/839a7026efe9fa825134097c1041e4a0\",\"name\":\"Mohamed Salah Ben Amor\",\"image\":{\"@type\":\"ImageObject\",\"inLanguage\":\"fr-FR\",\"@id\":\"https:\/\/www.masharif.com\/fr\/#\/schema\/person\/image\/\",\"url\":\"https:\/\/secure.gravatar.com\/avatar\/f64806401ad5ed604ffec2272b19ef46?s=96&d=identicon&r=g\",\"contentUrl\":\"https:\/\/secure.gravatar.com\/avatar\/f64806401ad5ed604ffec2272b19ef46?s=96&d=identicon&r=g\",\"caption\":\"Mohamed Salah Ben Amor\"},\"sameAs\":[\"http:\/\/ben-amor.info\"],\"url\":\"https:\/\/www.masharif.com\/fr\/author\/msba\/\"}]}<\/script>\n<!-- \/ Yoast SEO plugin. -->","yoast_head_json":{"title":"Interpr\u00e9tation de la chanson \u0623\u0634\u0643\u064a\u0643 \u0644\u0645\u064a\u0646 de Kadhim Assahir par : Mouina El Achari \u2013 Rabat \u2013Maroc - Culminances","robots":{"index":"index","follow":"follow","max-snippet":"max-snippet:-1","max-image-preview":"max-image-preview:large","max-video-preview":"max-video-preview:-1"},"canonical":"https:\/\/www.masharif.com\/fr\/2017\/06\/29\/interpretation-de-chanson-\u0623\u0634\u0643\u064a\u0643-\u0644\u0645\u064a\u0646-de-kadhim-assahir-mouina-el-achari-rabat-maroc\/","og_locale":"fr_FR","og_type":"article","og_title":"Interpr\u00e9tation de la chanson \u0623\u0634\u0643\u064a\u0643 \u0644\u0645\u064a\u0646 de Kadhim Assahir par : Mouina El Achari \u2013 Rabat \u2013Maroc - Culminances","og_description":"A qui me plaindre\u00a0? A qui me plaindre\u00a0?et qui peut sentir\u00a0 Ma souffrance qui semble s\u2019\u00e9terniser\u00a0? A qui me plaindre\u00a0? et qui peut me soutenir\u00a0? Entre juge et coupable pourras-tu te partager ? Comment me plaindre De toi et \u00e0 toi\u00a0?\u00a0 Comment te convaincre\u00a0:\u00a0 Par ma douleur ou par ma joie\u00a0?\u00a0 A qui me plaindre ...","og_url":"https:\/\/www.masharif.com\/fr\/2017\/06\/29\/interpretation-de-chanson-\u0623\u0634\u0643\u064a\u0643-\u0644\u0645\u064a\u0646-de-kadhim-assahir-mouina-el-achari-rabat-maroc\/","og_site_name":"Culminances","article_published_time":"2017-06-29T14:58:52+00:00","og_image":[{"width":1500,"height":1125,"url":"https:\/\/www.masharif.com\/fr\/wp-content\/uploads\/2017\/06\/BoE-iO8IYAEpFXr.jpg","type":"image\/jpeg"}],"author":"Mohamed Salah Ben Amor","twitter_card":"summary","twitter_misc":{"\u00c9crit par":"Mohamed Salah Ben Amor","Dur\u00e9e de lecture estim\u00e9e":"2 minutes"},"schema":{"@context":"https:\/\/schema.org","@graph":[{"@type":"WebSite","@id":"https:\/\/www.masharif.com\/fr\/#website","url":"https:\/\/www.masharif.com\/fr\/","name":"Culminances","description":"","potentialAction":[{"@type":"SearchAction","target":{"@type":"EntryPoint","urlTemplate":"https:\/\/www.masharif.com\/fr\/?s={search_term_string}"},"query-input":"required name=search_term_string"}],"inLanguage":"fr-FR"},{"@type":"ImageObject","inLanguage":"fr-FR","@id":"https:\/\/www.masharif.com\/fr\/2017\/06\/29\/interpretation-de-chanson-%d8%a3%d8%b4%d9%83%d9%8a%d9%83-%d9%84%d9%85%d9%8a%d9%86-de-kadhim-assahir-mouina-el-achari-rabat-maroc\/#primaryimage","url":"https:\/\/www.masharif.com\/fr\/wp-content\/uploads\/2017\/06\/BoE-iO8IYAEpFXr.jpg","contentUrl":"https:\/\/www.masharif.com\/fr\/wp-content\/uploads\/2017\/06\/BoE-iO8IYAEpFXr.jpg","width":1500,"height":1125},{"@type":"WebPage","@id":"https:\/\/www.masharif.com\/fr\/2017\/06\/29\/interpretation-de-chanson-%d8%a3%d8%b4%d9%83%d9%8a%d9%83-%d9%84%d9%85%d9%8a%d9%86-de-kadhim-assahir-mouina-el-achari-rabat-maroc\/","url":"https:\/\/www.masharif.com\/fr\/2017\/06\/29\/interpretation-de-chanson-%d8%a3%d8%b4%d9%83%d9%8a%d9%83-%d9%84%d9%85%d9%8a%d9%86-de-kadhim-assahir-mouina-el-achari-rabat-maroc\/","name":"Interpr\u00e9tation de la chanson \u0623\u0634\u0643\u064a\u0643 \u0644\u0645\u064a\u0646 de Kadhim Assahir par : Mouina El Achari \u2013 Rabat \u2013Maroc - Culminances","isPartOf":{"@id":"https:\/\/www.masharif.com\/fr\/#website"},"primaryImageOfPage":{"@id":"https:\/\/www.masharif.com\/fr\/2017\/06\/29\/interpretation-de-chanson-%d8%a3%d8%b4%d9%83%d9%8a%d9%83-%d9%84%d9%85%d9%8a%d9%86-de-kadhim-assahir-mouina-el-achari-rabat-maroc\/#primaryimage"},"datePublished":"2017-06-29T14:58:52+00:00","dateModified":"2017-06-29T14:58:52+00:00","author":{"@id":"https:\/\/www.masharif.com\/fr\/#\/schema\/person\/839a7026efe9fa825134097c1041e4a0"},"breadcrumb":{"@id":"https:\/\/www.masharif.com\/fr\/2017\/06\/29\/interpretation-de-chanson-%d8%a3%d8%b4%d9%83%d9%8a%d9%83-%d9%84%d9%85%d9%8a%d9%86-de-kadhim-assahir-mouina-el-achari-rabat-maroc\/#breadcrumb"},"inLanguage":"fr-FR","potentialAction":[{"@type":"ReadAction","target":["https:\/\/www.masharif.com\/fr\/2017\/06\/29\/interpretation-de-chanson-%d8%a3%d8%b4%d9%83%d9%8a%d9%83-%d9%84%d9%85%d9%8a%d9%86-de-kadhim-assahir-mouina-el-achari-rabat-maroc\/"]}]},{"@type":"BreadcrumbList","@id":"https:\/\/www.masharif.com\/fr\/2017\/06\/29\/interpretation-de-chanson-%d8%a3%d8%b4%d9%83%d9%8a%d9%83-%d9%84%d9%85%d9%8a%d9%86-de-kadhim-assahir-mouina-el-achari-rabat-maroc\/#breadcrumb","itemListElement":[{"@type":"ListItem","position":1,"name":"Home","item":"https:\/\/www.masharif.com\/fr\/"},{"@type":"ListItem","position":2,"name":"Interpr\u00e9tation de la chanson \u0623\u0634\u0643\u064a\u0643 \u0644\u0645\u064a\u0646 de Kadhim Assahir par : Mouina El Achari \u2013 Rabat \u2013Maroc"}]},{"@type":"Person","@id":"https:\/\/www.masharif.com\/fr\/#\/schema\/person\/839a7026efe9fa825134097c1041e4a0","name":"Mohamed Salah Ben Amor","image":{"@type":"ImageObject","inLanguage":"fr-FR","@id":"https:\/\/www.masharif.com\/fr\/#\/schema\/person\/image\/","url":"https:\/\/secure.gravatar.com\/avatar\/f64806401ad5ed604ffec2272b19ef46?s=96&d=identicon&r=g","contentUrl":"https:\/\/secure.gravatar.com\/avatar\/f64806401ad5ed604ffec2272b19ef46?s=96&d=identicon&r=g","caption":"Mohamed Salah Ben Amor"},"sameAs":["http:\/\/ben-amor.info"],"url":"https:\/\/www.masharif.com\/fr\/author\/msba\/"}]}},"_links":{"self":[{"href":"https:\/\/www.masharif.com\/fr\/wp-json\/wp\/v2\/posts\/5644"}],"collection":[{"href":"https:\/\/www.masharif.com\/fr\/wp-json\/wp\/v2\/posts"}],"about":[{"href":"https:\/\/www.masharif.com\/fr\/wp-json\/wp\/v2\/types\/post"}],"author":[{"embeddable":true,"href":"https:\/\/www.masharif.com\/fr\/wp-json\/wp\/v2\/users\/2"}],"replies":[{"embeddable":true,"href":"https:\/\/www.masharif.com\/fr\/wp-json\/wp\/v2\/comments?post=5644"}],"version-history":[{"count":1,"href":"https:\/\/www.masharif.com\/fr\/wp-json\/wp\/v2\/posts\/5644\/revisions"}],"predecessor-version":[{"id":5646,"href":"https:\/\/www.masharif.com\/fr\/wp-json\/wp\/v2\/posts\/5644\/revisions\/5646"}],"wp:featuredmedia":[{"embeddable":true,"href":"https:\/\/www.masharif.com\/fr\/wp-json\/wp\/v2\/media\/5645"}],"wp:attachment":[{"href":"https:\/\/www.masharif.com\/fr\/wp-json\/wp\/v2\/media?parent=5644"}],"wp:term":[{"taxonomy":"category","embeddable":true,"href":"https:\/\/www.masharif.com\/fr\/wp-json\/wp\/v2\/categories?post=5644"},{"taxonomy":"post_tag","embeddable":true,"href":"https:\/\/www.masharif.com\/fr\/wp-json\/wp\/v2\/tags?post=5644"}],"curies":[{"name":"wp","href":"https:\/\/api.w.org\/{rel}","templated":true}]}}