{"id":5526,"date":"2017-06-21T06:29:32","date_gmt":"2017-06-21T05:29:32","guid":{"rendered":"http:\/\/www.masharif.com\/fr\/?p=5526"},"modified":"2017-06-21T06:29:32","modified_gmt":"2017-06-21T05:29:32","slug":"chemins-damertume-abdelaziz-benzid-eulma-setif-algerie","status":"publish","type":"post","link":"https:\/\/www.masharif.com\/fr\/2017\/06\/21\/chemins-damertume-abdelaziz-benzid-eulma-setif-algerie\/","title":{"rendered":"Chemins d\u2019amertume par : Abdelaziz Benzid-Eulma (S\u00e9tif) \u2013Alg\u00e9rie"},"content":{"rendered":"<div id=\"attachment_4938\" style=\"width: 221px\" class=\"wp-caption alignnone\"><a href=\"http:\/\/www.masharif.com\/fr\/wp-content\/uploads\/2017\/04\/azzouz-75.jpg\"><img aria-describedby=\"caption-attachment-4938\" loading=\"lazy\" class=\"wp-image-4938 size-medium\" src=\"http:\/\/www.masharif.com\/fr\/wp-content\/uploads\/2017\/04\/azzouz-75-211x300.jpg\" alt=\"\" width=\"211\" height=\"300\" srcset=\"https:\/\/www.masharif.com\/fr\/wp-content\/uploads\/2017\/04\/azzouz-75-211x300.jpg 211w, https:\/\/www.masharif.com\/fr\/wp-content\/uploads\/2017\/04\/azzouz-75.jpg 312w\" sizes=\"(max-width: 211px) 100vw, 211px\" \/><\/a><p id=\"caption-attachment-4938\" class=\"wp-caption-text\">Abdelaziz Benzid<\/p><\/div>\n<p><a href=\"http:\/\/www.masharif.com\/fr\/wp-content\/uploads\/2017\/06\/branches-1845933_960_720.jpg\"><img loading=\"lazy\" class=\"alignnone size-medium wp-image-5527\" src=\"http:\/\/www.masharif.com\/fr\/wp-content\/uploads\/2017\/06\/branches-1845933_960_720-300x200.jpg\" alt=\"\" width=\"300\" height=\"200\" srcset=\"https:\/\/www.masharif.com\/fr\/wp-content\/uploads\/2017\/06\/branches-1845933_960_720-300x200.jpg 300w, https:\/\/www.masharif.com\/fr\/wp-content\/uploads\/2017\/06\/branches-1845933_960_720-768x511.jpg 768w, https:\/\/www.masharif.com\/fr\/wp-content\/uploads\/2017\/06\/branches-1845933_960_720.jpg 960w\" sizes=\"(max-width: 300px) 100vw, 300px\" \/><\/a><\/p>\n<p><strong>Ce soir, au cr\u00e9puscule,<\/strong><\/p>\n<p><strong>Quand le silence se sera install\u00e9<\/strong><\/p>\n<p><strong>A ce moment pr\u00e9cis<\/strong><\/p>\n<p><strong>O\u00f9 les ombres se seront allong\u00e9es,<\/strong><\/p>\n<p><strong>J\u2019irai sur les chemins,<\/strong><\/p>\n<p><strong>Je gravirai les monts,\u00a0<\/strong><\/p>\n<p><strong>Je d\u00e9rangerai chaque brindille,<\/strong><\/p>\n<p><strong>Je regarderai chaque recoin,<\/strong><\/p>\n<p><strong>Je te chercherai partout.<\/strong><\/p>\n<p><strong>J\u2019irai dans la for\u00eat\u00a0<\/strong><\/p>\n<p><strong>O\u00f9 habite Merlin<\/strong><\/p>\n<p><strong>Et chercherai sans rel\u00e2che<\/strong><\/p>\n<p><strong>Derri\u00e8re\u00a0 chaque arbre,<\/strong><\/p>\n<p><strong>Dans tous les buissons,<\/strong><\/p>\n<p><strong>Pr\u00e8s des chardons,<\/strong><\/p>\n<p><strong>Sous les feuillages,<\/strong><\/p>\n<p><strong>Pr\u00e8s de la fontaine,<\/strong><\/p>\n<p><strong>Et dans son bassin.<\/strong><\/p>\n<p><strong>J\u2019irai sur tous les sentiers<\/strong><\/p>\n<p><strong>Qu\u2019embaume\u00a0 ton parfum,<\/strong><\/p>\n<p><strong>Je suivrai les astres\u00a0<\/strong><\/p>\n<p><strong>Qui ornent le firmament,<\/strong><\/p>\n<p><strong>J\u2019\u00e9couterai chaque bruit<\/strong><\/p>\n<p><strong>Qui me m\u00e8nera a toi.<\/strong><\/p>\n<p><strong>Je ferai une halte\u00a0<\/strong><\/p>\n<p><strong>Pr\u00e8s de ce saule qui pleure<\/strong><\/p>\n<p><strong>Et reprendrai ce chemin<\/strong><\/p>\n<p><strong>Qui serpente vers les collines.<\/strong><\/p>\n<p><strong>Je serai ce fou d\u2019Elsa<\/strong><\/p>\n<p><strong>Dont parlent les livres.<\/strong><\/p>\n<p><strong>J\u2019errerai sur les chemins<\/strong><\/p>\n<p><strong>Jusqu&#8217;\u00e0 ce que je retrouve<\/strong><\/p>\n<p><strong>La fleur de mon jardin,<\/strong><\/p>\n<p><strong>La muse de mes quatrains.<\/strong><\/p>\n<p><strong>Je t\u2019avais cherch\u00e9e en vain\u00a0<\/strong><\/p>\n<p><strong>Dans l\u2019\u00e9cume des vagues.<\/strong><\/p>\n<p><strong>Le p\u00e9cheur d\u00e9sol\u00e9<\/strong><\/p>\n<p><strong>Avait hoche de la t\u00eate,<\/strong><\/p>\n<p><strong>Le semeur\u00a0 sur ses champs<\/strong><\/p>\n<p><strong>M\u2019avait r\u00e9pondu \u00ab non \u00bb,<\/strong><\/p>\n<p><strong>En dodelinant de la t\u00eate,<\/strong><\/p>\n<p><strong>Et le b\u00fbcheron fatigu\u00e9<\/strong><\/p>\n<p><strong>D\u2019un signe de la main,<\/strong><\/p>\n<p><strong>Le cur\u00e9 de cette paroisse<\/strong><\/p>\n<p><strong>Avec un signe de croix<\/strong><\/p>\n<p><strong>Et le voyageur sur le chemin<\/strong><\/p>\n<p><strong>Par un balbutiement.<\/strong><\/p>\n<p><strong>La nuit tombe,<\/strong><\/p>\n<p><strong>Je retourne sur mes pas.<\/strong><\/p>\n<p>&nbsp;<\/p>\n","protected":false},"excerpt":{"rendered":"<p>Ce soir, au cr\u00e9puscule, Quand le silence se sera install\u00e9 A ce moment pr\u00e9cis O\u00f9 les ombres se seront allong\u00e9es, J\u2019irai sur les chemins, Je gravirai les monts,\u00a0 Je d\u00e9rangerai chaque brindille, Je regarderai chaque recoin, Je te chercherai partout. J\u2019irai dans la for\u00eat\u00a0 O\u00f9 habite Merlin Et chercherai sans rel\u00e2che Derri\u00e8re\u00a0 chaque arbre, Dans &#8230;<\/p>\n","protected":false},"author":2,"featured_media":5527,"comment_status":"open","ping_status":"open","sticky":false,"template":"","format":"standard","meta":[],"categories":[4],"tags":[],"yoast_head":"<!-- This site is optimized with the Yoast SEO plugin v19.3 - https:\/\/yoast.com\/wordpress\/plugins\/seo\/ -->\n<title>Chemins d\u2019amertume par : Abdelaziz Benzid-Eulma (S\u00e9tif) \u2013Alg\u00e9rie - Culminances<\/title>\n<meta name=\"robots\" content=\"index, follow, max-snippet:-1, max-image-preview:large, max-video-preview:-1\" \/>\n<link rel=\"canonical\" href=\"https:\/\/www.masharif.com\/fr\/2017\/06\/21\/chemins-damertume-abdelaziz-benzid-eulma-setif-algerie\/\" \/>\n<meta property=\"og:locale\" content=\"fr_FR\" \/>\n<meta property=\"og:type\" content=\"article\" \/>\n<meta property=\"og:title\" content=\"Chemins d\u2019amertume par : Abdelaziz Benzid-Eulma (S\u00e9tif) \u2013Alg\u00e9rie - Culminances\" \/>\n<meta property=\"og:description\" content=\"Ce soir, au cr\u00e9puscule, Quand le silence se sera install\u00e9 A ce moment pr\u00e9cis O\u00f9 les ombres se seront allong\u00e9es, J\u2019irai sur les chemins, Je gravirai les monts,\u00a0 Je d\u00e9rangerai chaque brindille, Je regarderai chaque recoin, Je te chercherai partout. J\u2019irai dans la for\u00eat\u00a0 O\u00f9 habite Merlin Et chercherai sans rel\u00e2che Derri\u00e8re\u00a0 chaque arbre, Dans ...\" \/>\n<meta property=\"og:url\" content=\"https:\/\/www.masharif.com\/fr\/2017\/06\/21\/chemins-damertume-abdelaziz-benzid-eulma-setif-algerie\/\" \/>\n<meta property=\"og:site_name\" content=\"Culminances\" \/>\n<meta property=\"article:published_time\" content=\"2017-06-21T05:29:32+00:00\" \/>\n<meta property=\"og:image\" content=\"https:\/\/www.masharif.com\/fr\/wp-content\/uploads\/2017\/06\/branches-1845933_960_720.jpg\" \/>\n\t<meta property=\"og:image:width\" content=\"960\" \/>\n\t<meta property=\"og:image:height\" content=\"639\" \/>\n\t<meta property=\"og:image:type\" content=\"image\/jpeg\" \/>\n<meta name=\"author\" content=\"Mohamed Salah Ben Amor\" \/>\n<meta name=\"twitter:card\" content=\"summary\" \/>\n<meta name=\"twitter:label1\" content=\"\u00c9crit par\" \/>\n\t<meta name=\"twitter:data1\" content=\"Mohamed Salah Ben Amor\" \/>\n\t<meta name=\"twitter:label2\" content=\"Dur\u00e9e de lecture estim\u00e9e\" \/>\n\t<meta name=\"twitter:data2\" content=\"1 minute\" \/>\n<script type=\"application\/ld+json\" class=\"yoast-schema-graph\">{\"@context\":\"https:\/\/schema.org\",\"@graph\":[{\"@type\":\"WebSite\",\"@id\":\"https:\/\/www.masharif.com\/fr\/#website\",\"url\":\"https:\/\/www.masharif.com\/fr\/\",\"name\":\"Culminances\",\"description\":\"\",\"potentialAction\":[{\"@type\":\"SearchAction\",\"target\":{\"@type\":\"EntryPoint\",\"urlTemplate\":\"https:\/\/www.masharif.com\/fr\/?s={search_term_string}\"},\"query-input\":\"required name=search_term_string\"}],\"inLanguage\":\"fr-FR\"},{\"@type\":\"ImageObject\",\"inLanguage\":\"fr-FR\",\"@id\":\"https:\/\/www.masharif.com\/fr\/2017\/06\/21\/chemins-damertume-abdelaziz-benzid-eulma-setif-algerie\/#primaryimage\",\"url\":\"https:\/\/www.masharif.com\/fr\/wp-content\/uploads\/2017\/06\/branches-1845933_960_720.jpg\",\"contentUrl\":\"https:\/\/www.masharif.com\/fr\/wp-content\/uploads\/2017\/06\/branches-1845933_960_720.jpg\",\"width\":960,\"height\":639},{\"@type\":\"WebPage\",\"@id\":\"https:\/\/www.masharif.com\/fr\/2017\/06\/21\/chemins-damertume-abdelaziz-benzid-eulma-setif-algerie\/\",\"url\":\"https:\/\/www.masharif.com\/fr\/2017\/06\/21\/chemins-damertume-abdelaziz-benzid-eulma-setif-algerie\/\",\"name\":\"Chemins d\u2019amertume par : Abdelaziz Benzid-Eulma (S\u00e9tif) \u2013Alg\u00e9rie - Culminances\",\"isPartOf\":{\"@id\":\"https:\/\/www.masharif.com\/fr\/#website\"},\"primaryImageOfPage\":{\"@id\":\"https:\/\/www.masharif.com\/fr\/2017\/06\/21\/chemins-damertume-abdelaziz-benzid-eulma-setif-algerie\/#primaryimage\"},\"datePublished\":\"2017-06-21T05:29:32+00:00\",\"dateModified\":\"2017-06-21T05:29:32+00:00\",\"author\":{\"@id\":\"https:\/\/www.masharif.com\/fr\/#\/schema\/person\/839a7026efe9fa825134097c1041e4a0\"},\"breadcrumb\":{\"@id\":\"https:\/\/www.masharif.com\/fr\/2017\/06\/21\/chemins-damertume-abdelaziz-benzid-eulma-setif-algerie\/#breadcrumb\"},\"inLanguage\":\"fr-FR\",\"potentialAction\":[{\"@type\":\"ReadAction\",\"target\":[\"https:\/\/www.masharif.com\/fr\/2017\/06\/21\/chemins-damertume-abdelaziz-benzid-eulma-setif-algerie\/\"]}]},{\"@type\":\"BreadcrumbList\",\"@id\":\"https:\/\/www.masharif.com\/fr\/2017\/06\/21\/chemins-damertume-abdelaziz-benzid-eulma-setif-algerie\/#breadcrumb\",\"itemListElement\":[{\"@type\":\"ListItem\",\"position\":1,\"name\":\"Home\",\"item\":\"https:\/\/www.masharif.com\/fr\/\"},{\"@type\":\"ListItem\",\"position\":2,\"name\":\"Chemins d\u2019amertume par : Abdelaziz Benzid-Eulma (S\u00e9tif) \u2013Alg\u00e9rie\"}]},{\"@type\":\"Person\",\"@id\":\"https:\/\/www.masharif.com\/fr\/#\/schema\/person\/839a7026efe9fa825134097c1041e4a0\",\"name\":\"Mohamed Salah Ben Amor\",\"image\":{\"@type\":\"ImageObject\",\"inLanguage\":\"fr-FR\",\"@id\":\"https:\/\/www.masharif.com\/fr\/#\/schema\/person\/image\/\",\"url\":\"https:\/\/secure.gravatar.com\/avatar\/f64806401ad5ed604ffec2272b19ef46?s=96&d=identicon&r=g\",\"contentUrl\":\"https:\/\/secure.gravatar.com\/avatar\/f64806401ad5ed604ffec2272b19ef46?s=96&d=identicon&r=g\",\"caption\":\"Mohamed Salah Ben Amor\"},\"sameAs\":[\"http:\/\/ben-amor.info\"],\"url\":\"https:\/\/www.masharif.com\/fr\/author\/msba\/\"}]}<\/script>\n<!-- \/ Yoast SEO plugin. -->","yoast_head_json":{"title":"Chemins d\u2019amertume par : Abdelaziz Benzid-Eulma (S\u00e9tif) \u2013Alg\u00e9rie - Culminances","robots":{"index":"index","follow":"follow","max-snippet":"max-snippet:-1","max-image-preview":"max-image-preview:large","max-video-preview":"max-video-preview:-1"},"canonical":"https:\/\/www.masharif.com\/fr\/2017\/06\/21\/chemins-damertume-abdelaziz-benzid-eulma-setif-algerie\/","og_locale":"fr_FR","og_type":"article","og_title":"Chemins d\u2019amertume par : Abdelaziz Benzid-Eulma (S\u00e9tif) \u2013Alg\u00e9rie - Culminances","og_description":"Ce soir, au cr\u00e9puscule, Quand le silence se sera install\u00e9 A ce moment pr\u00e9cis O\u00f9 les ombres se seront allong\u00e9es, J\u2019irai sur les chemins, Je gravirai les monts,\u00a0 Je d\u00e9rangerai chaque brindille, Je regarderai chaque recoin, Je te chercherai partout. J\u2019irai dans la for\u00eat\u00a0 O\u00f9 habite Merlin Et chercherai sans rel\u00e2che Derri\u00e8re\u00a0 chaque arbre, Dans ...","og_url":"https:\/\/www.masharif.com\/fr\/2017\/06\/21\/chemins-damertume-abdelaziz-benzid-eulma-setif-algerie\/","og_site_name":"Culminances","article_published_time":"2017-06-21T05:29:32+00:00","og_image":[{"width":960,"height":639,"url":"https:\/\/www.masharif.com\/fr\/wp-content\/uploads\/2017\/06\/branches-1845933_960_720.jpg","type":"image\/jpeg"}],"author":"Mohamed Salah Ben Amor","twitter_card":"summary","twitter_misc":{"\u00c9crit par":"Mohamed Salah Ben Amor","Dur\u00e9e de lecture estim\u00e9e":"1 minute"},"schema":{"@context":"https:\/\/schema.org","@graph":[{"@type":"WebSite","@id":"https:\/\/www.masharif.com\/fr\/#website","url":"https:\/\/www.masharif.com\/fr\/","name":"Culminances","description":"","potentialAction":[{"@type":"SearchAction","target":{"@type":"EntryPoint","urlTemplate":"https:\/\/www.masharif.com\/fr\/?s={search_term_string}"},"query-input":"required name=search_term_string"}],"inLanguage":"fr-FR"},{"@type":"ImageObject","inLanguage":"fr-FR","@id":"https:\/\/www.masharif.com\/fr\/2017\/06\/21\/chemins-damertume-abdelaziz-benzid-eulma-setif-algerie\/#primaryimage","url":"https:\/\/www.masharif.com\/fr\/wp-content\/uploads\/2017\/06\/branches-1845933_960_720.jpg","contentUrl":"https:\/\/www.masharif.com\/fr\/wp-content\/uploads\/2017\/06\/branches-1845933_960_720.jpg","width":960,"height":639},{"@type":"WebPage","@id":"https:\/\/www.masharif.com\/fr\/2017\/06\/21\/chemins-damertume-abdelaziz-benzid-eulma-setif-algerie\/","url":"https:\/\/www.masharif.com\/fr\/2017\/06\/21\/chemins-damertume-abdelaziz-benzid-eulma-setif-algerie\/","name":"Chemins d\u2019amertume par : Abdelaziz Benzid-Eulma (S\u00e9tif) \u2013Alg\u00e9rie - Culminances","isPartOf":{"@id":"https:\/\/www.masharif.com\/fr\/#website"},"primaryImageOfPage":{"@id":"https:\/\/www.masharif.com\/fr\/2017\/06\/21\/chemins-damertume-abdelaziz-benzid-eulma-setif-algerie\/#primaryimage"},"datePublished":"2017-06-21T05:29:32+00:00","dateModified":"2017-06-21T05:29:32+00:00","author":{"@id":"https:\/\/www.masharif.com\/fr\/#\/schema\/person\/839a7026efe9fa825134097c1041e4a0"},"breadcrumb":{"@id":"https:\/\/www.masharif.com\/fr\/2017\/06\/21\/chemins-damertume-abdelaziz-benzid-eulma-setif-algerie\/#breadcrumb"},"inLanguage":"fr-FR","potentialAction":[{"@type":"ReadAction","target":["https:\/\/www.masharif.com\/fr\/2017\/06\/21\/chemins-damertume-abdelaziz-benzid-eulma-setif-algerie\/"]}]},{"@type":"BreadcrumbList","@id":"https:\/\/www.masharif.com\/fr\/2017\/06\/21\/chemins-damertume-abdelaziz-benzid-eulma-setif-algerie\/#breadcrumb","itemListElement":[{"@type":"ListItem","position":1,"name":"Home","item":"https:\/\/www.masharif.com\/fr\/"},{"@type":"ListItem","position":2,"name":"Chemins d\u2019amertume par : Abdelaziz Benzid-Eulma (S\u00e9tif) \u2013Alg\u00e9rie"}]},{"@type":"Person","@id":"https:\/\/www.masharif.com\/fr\/#\/schema\/person\/839a7026efe9fa825134097c1041e4a0","name":"Mohamed Salah Ben Amor","image":{"@type":"ImageObject","inLanguage":"fr-FR","@id":"https:\/\/www.masharif.com\/fr\/#\/schema\/person\/image\/","url":"https:\/\/secure.gravatar.com\/avatar\/f64806401ad5ed604ffec2272b19ef46?s=96&d=identicon&r=g","contentUrl":"https:\/\/secure.gravatar.com\/avatar\/f64806401ad5ed604ffec2272b19ef46?s=96&d=identicon&r=g","caption":"Mohamed Salah Ben Amor"},"sameAs":["http:\/\/ben-amor.info"],"url":"https:\/\/www.masharif.com\/fr\/author\/msba\/"}]}},"_links":{"self":[{"href":"https:\/\/www.masharif.com\/fr\/wp-json\/wp\/v2\/posts\/5526"}],"collection":[{"href":"https:\/\/www.masharif.com\/fr\/wp-json\/wp\/v2\/posts"}],"about":[{"href":"https:\/\/www.masharif.com\/fr\/wp-json\/wp\/v2\/types\/post"}],"author":[{"embeddable":true,"href":"https:\/\/www.masharif.com\/fr\/wp-json\/wp\/v2\/users\/2"}],"replies":[{"embeddable":true,"href":"https:\/\/www.masharif.com\/fr\/wp-json\/wp\/v2\/comments?post=5526"}],"version-history":[{"count":1,"href":"https:\/\/www.masharif.com\/fr\/wp-json\/wp\/v2\/posts\/5526\/revisions"}],"predecessor-version":[{"id":5528,"href":"https:\/\/www.masharif.com\/fr\/wp-json\/wp\/v2\/posts\/5526\/revisions\/5528"}],"wp:featuredmedia":[{"embeddable":true,"href":"https:\/\/www.masharif.com\/fr\/wp-json\/wp\/v2\/media\/5527"}],"wp:attachment":[{"href":"https:\/\/www.masharif.com\/fr\/wp-json\/wp\/v2\/media?parent=5526"}],"wp:term":[{"taxonomy":"category","embeddable":true,"href":"https:\/\/www.masharif.com\/fr\/wp-json\/wp\/v2\/categories?post=5526"},{"taxonomy":"post_tag","embeddable":true,"href":"https:\/\/www.masharif.com\/fr\/wp-json\/wp\/v2\/tags?post=5526"}],"curies":[{"name":"wp","href":"https:\/\/api.w.org\/{rel}","templated":true}]}}