{"id":5517,"date":"2017-06-19T20:08:59","date_gmt":"2017-06-19T19:08:59","guid":{"rendered":"http:\/\/www.masharif.com\/fr\/?p=5517"},"modified":"2017-06-19T20:08:59","modified_gmt":"2017-06-19T19:08:59","slug":"quon-ne-menterre-fatima-maaouia-poetesse-tuniso-algerienne","status":"publish","type":"post","link":"https:\/\/www.masharif.com\/fr\/2017\/06\/19\/quon-ne-menterre-fatima-maaouia-poetesse-tuniso-algerienne\/","title":{"rendered":"Avant qu\u2019on ne m&#8217;enterre par :Fatima Maaouia \u2013 po\u00e9tesse tuniso-alg\u00e9rienne"},"content":{"rendered":"<div id=\"attachment_4462\" style=\"width: 310px\" class=\"wp-caption alignnone\"><a href=\"http:\/\/www.masharif.com\/fr\/wp-content\/uploads\/2017\/02\/images-2.jpg\"><img aria-describedby=\"caption-attachment-4462\" loading=\"lazy\" class=\"wp-image-4462 size-medium\" src=\"http:\/\/www.masharif.com\/fr\/wp-content\/uploads\/2017\/02\/images-2-300x300.jpg\" alt=\"\" width=\"300\" height=\"300\" srcset=\"https:\/\/www.masharif.com\/fr\/wp-content\/uploads\/2017\/02\/images-2-300x300.jpg 300w, https:\/\/www.masharif.com\/fr\/wp-content\/uploads\/2017\/02\/images-2-150x150.jpg 150w, https:\/\/www.masharif.com\/fr\/wp-content\/uploads\/2017\/02\/images-2-55x55.jpg 55w, https:\/\/www.masharif.com\/fr\/wp-content\/uploads\/2017\/02\/images-2.jpg 475w\" sizes=\"(max-width: 300px) 100vw, 300px\" \/><\/a><p id=\"caption-attachment-4462\" class=\"wp-caption-text\">Fatima Maaouia<\/p><\/div>\n<p><a href=\"http:\/\/www.masharif.com\/fr\/wp-content\/uploads\/2017\/06\/jasmine-1276801_960_720.jpg\"><img loading=\"lazy\" class=\"alignnone size-medium wp-image-5518\" src=\"http:\/\/www.masharif.com\/fr\/wp-content\/uploads\/2017\/06\/jasmine-1276801_960_720-300x168.jpg\" alt=\"\" width=\"300\" height=\"168\" srcset=\"https:\/\/www.masharif.com\/fr\/wp-content\/uploads\/2017\/06\/jasmine-1276801_960_720-300x168.jpg 300w, https:\/\/www.masharif.com\/fr\/wp-content\/uploads\/2017\/06\/jasmine-1276801_960_720-768x430.jpg 768w, https:\/\/www.masharif.com\/fr\/wp-content\/uploads\/2017\/06\/jasmine-1276801_960_720.jpg 960w\" sizes=\"(max-width: 300px) 100vw, 300px\" \/><\/a><\/p>\n<p><strong>Avant qu\u2019on ne m&#8217;enterre<\/strong><br \/>\n<strong> Si on m&#8217;enterre&#8230;<\/strong><\/p>\n<p><strong>J&#8217;ai voulu cr\u00e9er mon paradis sur terre.<\/strong><\/p>\n<p><strong>Pieds et poings li\u00e9s, <\/strong><br \/>\n<strong> Je me suis livr\u00e9e\u00a0<\/strong><br \/>\n<strong> Aux pri\u00e8res d&#8217;un jardin ali\u00e9n\u00e9 de Vert<\/strong><br \/>\n<strong> Qui a d\u00e9vers\u00e9 en moi sa gibeci\u00e8re<\/strong><br \/>\n<strong> Remplie \u00e0 craquer de bouquets de vers\u00a0<\/strong><br \/>\n<strong> D&#8217;\u00e9toiles de mer<\/strong><br \/>\n<strong> Et d&#8217;arc en ciel divers\u00a0<\/strong><br \/>\n<strong> Que je porte toujours en bandouli\u00e8re.<\/strong><\/p>\n<p><strong>Avant qu&#8217;on ne m&#8217;enterre&#8230;<\/strong><br \/>\n<strong> Si je n&#8217;ai plus de lumi\u00e8re&#8230;<\/strong><br \/>\n<strong> Qu&#8217;on m&#8217;enterre !<\/strong><br \/>\n<strong> Si on m&#8217;enterre !<\/strong><\/p>\n<p><strong>Si on enterre<\/strong><br \/>\n<strong> Malgr\u00e9 tout<\/strong><br \/>\n<strong> Tout ce qui en moi bout &#8230;<\/strong><br \/>\n<strong> Et ne peut se taire<\/strong><br \/>\n<strong> Qu&#8217; on m&#8217;enterre debout !<\/strong><br \/>\n<strong> Comme un livre ouvert.<\/strong><\/p>\n<p><strong>Si on m&#8217;enterre&#8230;<\/strong><br \/>\n<strong> Il en ressortira toujours quelque chose<\/strong><br \/>\n<strong> Pour mettre les choses au clair<\/strong><br \/>\n<strong> Concernant le grand hiver<\/strong><\/p>\n<p><strong>Quelque chose<\/strong><br \/>\n<strong> Qui aura \u00e9chapp\u00e9 \u00e0 la poussi\u00e8re et aux vers<\/strong><br \/>\n<strong> O, pas grand chose\u00a0<\/strong><br \/>\n<strong> Peut \u00eatre une rose\u00a0<\/strong><br \/>\n<strong> Pour monter au ciel<\/strong><br \/>\n<strong> Huile essentielle\u00a0<\/strong><br \/>\n<strong> Peut \u00eatre &#8230;bien<\/strong><br \/>\n<strong> Une rose c&#8217;est bien<\/strong><\/p>\n<p><strong>Le jasmin ..<\/strong><br \/>\n<strong> Suivez mon regard..<\/strong><br \/>\n<strong> Je le laisse aux am\u00e9ricains.<\/strong><\/p>\n<p><strong>Pour ma part,<\/strong><br \/>\n<strong> Je ne vous dis pas au revoir.<\/strong><br \/>\n<strong> Je vous suivrai du regard.<\/strong><br \/>\n<strong> Viendrai m\u00eame en catimin vous voir<\/strong><br \/>\n<strong> En nacelle n\u00e9nuphar\u00a0<\/strong><br \/>\n<strong> Ailes Fil d&#8217;Art,<\/strong><br \/>\n<strong> Vous raconter\u00a0<\/strong><br \/>\n<strong> Plein d&#8217;histoires\u00a0<\/strong><br \/>\n<strong> De ces contr\u00e9es inconnues\u00a0<\/strong><br \/>\n<strong> O\u00f9 l&#8217;on ne fait pas \u00e0 longueur de journ\u00e9es\u00a0<\/strong><br \/>\n<strong> \u00a0Appel \u00e0 corps et \u00e0 cri \u00e0 la guerre<\/strong><br \/>\n<strong> En buvant et en mangeant sans arr\u00eat<\/strong><br \/>\n<strong> Chair\u00a0<\/strong><br \/>\n<strong> Nue<\/strong><br \/>\n<strong> Et esprit \u00e9gar\u00e9 aux arr\u00eats<\/strong><\/p>\n<p><strong>Et en partant vous savez quoi?<\/strong><br \/>\n<strong> Contre la goutte&#8230;<\/strong><br \/>\n<strong> J&#8217;ajouterai aux fleurs<\/strong><br \/>\n<strong> Joie<\/strong><br \/>\n<strong> Satin, dentelle et soie\u00a0<\/strong><br \/>\n<strong> Quelques gouttes &#8230;<\/strong><br \/>\n<strong> De liqueur\u00a0<\/strong><br \/>\n<strong> \u00a0De vie<\/strong><br \/>\n<strong> A vos lits\u00a0<\/strong><br \/>\n<strong> Et m\u00eame de la poudre de riz.<\/strong><\/p>\n","protected":false},"excerpt":{"rendered":"<p>Avant qu\u2019on ne m&#8217;enterre Si on m&#8217;enterre&#8230; J&#8217;ai voulu cr\u00e9er mon paradis sur terre. Pieds et poings li\u00e9s, Je me suis livr\u00e9e\u00a0 Aux pri\u00e8res d&#8217;un jardin ali\u00e9n\u00e9 de Vert Qui a d\u00e9vers\u00e9 en moi sa gibeci\u00e8re Remplie \u00e0 craquer de bouquets de vers\u00a0 D&#8217;\u00e9toiles de mer Et d&#8217;arc en ciel divers\u00a0 Que je porte toujours &#8230;<\/p>\n","protected":false},"author":2,"featured_media":5518,"comment_status":"open","ping_status":"open","sticky":false,"template":"","format":"standard","meta":[],"categories":[4],"tags":[],"yoast_head":"<!-- This site is optimized with the Yoast SEO plugin v19.3 - https:\/\/yoast.com\/wordpress\/plugins\/seo\/ -->\n<title>Avant qu\u2019on ne m&#039;enterre par :Fatima Maaouia \u2013 po\u00e9tesse tuniso-alg\u00e9rienne - Culminances<\/title>\n<meta name=\"robots\" content=\"index, follow, max-snippet:-1, max-image-preview:large, max-video-preview:-1\" \/>\n<link rel=\"canonical\" href=\"https:\/\/www.masharif.com\/fr\/2017\/06\/19\/quon-ne-menterre-fatima-maaouia-poetesse-tuniso-algerienne\/\" \/>\n<meta property=\"og:locale\" content=\"fr_FR\" \/>\n<meta property=\"og:type\" content=\"article\" \/>\n<meta property=\"og:title\" content=\"Avant qu\u2019on ne m&#039;enterre par :Fatima Maaouia \u2013 po\u00e9tesse tuniso-alg\u00e9rienne - Culminances\" \/>\n<meta property=\"og:description\" content=\"Avant qu\u2019on ne m&#8217;enterre Si on m&#8217;enterre&#8230; J&#8217;ai voulu cr\u00e9er mon paradis sur terre. Pieds et poings li\u00e9s, Je me suis livr\u00e9e\u00a0 Aux pri\u00e8res d&#8217;un jardin ali\u00e9n\u00e9 de Vert Qui a d\u00e9vers\u00e9 en moi sa gibeci\u00e8re Remplie \u00e0 craquer de bouquets de vers\u00a0 D&#8217;\u00e9toiles de mer Et d&#8217;arc en ciel divers\u00a0 Que je porte toujours ...\" \/>\n<meta property=\"og:url\" content=\"https:\/\/www.masharif.com\/fr\/2017\/06\/19\/quon-ne-menterre-fatima-maaouia-poetesse-tuniso-algerienne\/\" \/>\n<meta property=\"og:site_name\" content=\"Culminances\" \/>\n<meta property=\"article:published_time\" content=\"2017-06-19T19:08:59+00:00\" \/>\n<meta property=\"og:image\" content=\"https:\/\/www.masharif.com\/fr\/wp-content\/uploads\/2017\/06\/jasmine-1276801_960_720.jpg\" \/>\n\t<meta property=\"og:image:width\" content=\"960\" \/>\n\t<meta property=\"og:image:height\" content=\"538\" \/>\n\t<meta property=\"og:image:type\" content=\"image\/jpeg\" \/>\n<meta name=\"author\" content=\"Mohamed Salah Ben Amor\" \/>\n<meta name=\"twitter:card\" content=\"summary\" \/>\n<meta name=\"twitter:label1\" content=\"\u00c9crit par\" \/>\n\t<meta name=\"twitter:data1\" content=\"Mohamed Salah Ben Amor\" \/>\n\t<meta name=\"twitter:label2\" content=\"Dur\u00e9e de lecture estim\u00e9e\" \/>\n\t<meta name=\"twitter:data2\" content=\"1 minute\" \/>\n<script type=\"application\/ld+json\" class=\"yoast-schema-graph\">{\"@context\":\"https:\/\/schema.org\",\"@graph\":[{\"@type\":\"WebSite\",\"@id\":\"http:\/\/www.masharif.com\/fr\/#website\",\"url\":\"http:\/\/www.masharif.com\/fr\/\",\"name\":\"Culminances\",\"description\":\"\",\"potentialAction\":[{\"@type\":\"SearchAction\",\"target\":{\"@type\":\"EntryPoint\",\"urlTemplate\":\"http:\/\/www.masharif.com\/fr\/?s={search_term_string}\"},\"query-input\":\"required name=search_term_string\"}],\"inLanguage\":\"fr-FR\"},{\"@type\":\"ImageObject\",\"inLanguage\":\"fr-FR\",\"@id\":\"https:\/\/www.masharif.com\/fr\/2017\/06\/19\/quon-ne-menterre-fatima-maaouia-poetesse-tuniso-algerienne\/#primaryimage\",\"url\":\"https:\/\/www.masharif.com\/fr\/wp-content\/uploads\/2017\/06\/jasmine-1276801_960_720.jpg\",\"contentUrl\":\"https:\/\/www.masharif.com\/fr\/wp-content\/uploads\/2017\/06\/jasmine-1276801_960_720.jpg\",\"width\":960,\"height\":538},{\"@type\":\"WebPage\",\"@id\":\"https:\/\/www.masharif.com\/fr\/2017\/06\/19\/quon-ne-menterre-fatima-maaouia-poetesse-tuniso-algerienne\/\",\"url\":\"https:\/\/www.masharif.com\/fr\/2017\/06\/19\/quon-ne-menterre-fatima-maaouia-poetesse-tuniso-algerienne\/\",\"name\":\"Avant qu\u2019on ne m'enterre par :Fatima Maaouia \u2013 po\u00e9tesse tuniso-alg\u00e9rienne - Culminances\",\"isPartOf\":{\"@id\":\"http:\/\/www.masharif.com\/fr\/#website\"},\"primaryImageOfPage\":{\"@id\":\"https:\/\/www.masharif.com\/fr\/2017\/06\/19\/quon-ne-menterre-fatima-maaouia-poetesse-tuniso-algerienne\/#primaryimage\"},\"datePublished\":\"2017-06-19T19:08:59+00:00\",\"dateModified\":\"2017-06-19T19:08:59+00:00\",\"author\":{\"@id\":\"http:\/\/www.masharif.com\/fr\/#\/schema\/person\/839a7026efe9fa825134097c1041e4a0\"},\"breadcrumb\":{\"@id\":\"https:\/\/www.masharif.com\/fr\/2017\/06\/19\/quon-ne-menterre-fatima-maaouia-poetesse-tuniso-algerienne\/#breadcrumb\"},\"inLanguage\":\"fr-FR\",\"potentialAction\":[{\"@type\":\"ReadAction\",\"target\":[\"https:\/\/www.masharif.com\/fr\/2017\/06\/19\/quon-ne-menterre-fatima-maaouia-poetesse-tuniso-algerienne\/\"]}]},{\"@type\":\"BreadcrumbList\",\"@id\":\"https:\/\/www.masharif.com\/fr\/2017\/06\/19\/quon-ne-menterre-fatima-maaouia-poetesse-tuniso-algerienne\/#breadcrumb\",\"itemListElement\":[{\"@type\":\"ListItem\",\"position\":1,\"name\":\"Home\",\"item\":\"http:\/\/www.masharif.com\/fr\/\"},{\"@type\":\"ListItem\",\"position\":2,\"name\":\"Avant qu\u2019on ne m&#8217;enterre par :Fatima Maaouia \u2013 po\u00e9tesse tuniso-alg\u00e9rienne\"}]},{\"@type\":\"Person\",\"@id\":\"http:\/\/www.masharif.com\/fr\/#\/schema\/person\/839a7026efe9fa825134097c1041e4a0\",\"name\":\"Mohamed Salah Ben Amor\",\"image\":{\"@type\":\"ImageObject\",\"inLanguage\":\"fr-FR\",\"@id\":\"http:\/\/www.masharif.com\/fr\/#\/schema\/person\/image\/\",\"url\":\"https:\/\/secure.gravatar.com\/avatar\/f64806401ad5ed604ffec2272b19ef46?s=96&d=identicon&r=g\",\"contentUrl\":\"https:\/\/secure.gravatar.com\/avatar\/f64806401ad5ed604ffec2272b19ef46?s=96&d=identicon&r=g\",\"caption\":\"Mohamed Salah Ben Amor\"},\"sameAs\":[\"http:\/\/ben-amor.info\"],\"url\":\"https:\/\/www.masharif.com\/fr\/author\/msba\/\"}]}<\/script>\n<!-- \/ Yoast SEO plugin. -->","yoast_head_json":{"title":"Avant qu\u2019on ne m'enterre par :Fatima Maaouia \u2013 po\u00e9tesse tuniso-alg\u00e9rienne - Culminances","robots":{"index":"index","follow":"follow","max-snippet":"max-snippet:-1","max-image-preview":"max-image-preview:large","max-video-preview":"max-video-preview:-1"},"canonical":"https:\/\/www.masharif.com\/fr\/2017\/06\/19\/quon-ne-menterre-fatima-maaouia-poetesse-tuniso-algerienne\/","og_locale":"fr_FR","og_type":"article","og_title":"Avant qu\u2019on ne m'enterre par :Fatima Maaouia \u2013 po\u00e9tesse tuniso-alg\u00e9rienne - Culminances","og_description":"Avant qu\u2019on ne m&#8217;enterre Si on m&#8217;enterre&#8230; J&#8217;ai voulu cr\u00e9er mon paradis sur terre. Pieds et poings li\u00e9s, Je me suis livr\u00e9e\u00a0 Aux pri\u00e8res d&#8217;un jardin ali\u00e9n\u00e9 de Vert Qui a d\u00e9vers\u00e9 en moi sa gibeci\u00e8re Remplie \u00e0 craquer de bouquets de vers\u00a0 D&#8217;\u00e9toiles de mer Et d&#8217;arc en ciel divers\u00a0 Que je porte toujours ...","og_url":"https:\/\/www.masharif.com\/fr\/2017\/06\/19\/quon-ne-menterre-fatima-maaouia-poetesse-tuniso-algerienne\/","og_site_name":"Culminances","article_published_time":"2017-06-19T19:08:59+00:00","og_image":[{"width":960,"height":538,"url":"https:\/\/www.masharif.com\/fr\/wp-content\/uploads\/2017\/06\/jasmine-1276801_960_720.jpg","type":"image\/jpeg"}],"author":"Mohamed Salah Ben Amor","twitter_card":"summary","twitter_misc":{"\u00c9crit par":"Mohamed Salah Ben Amor","Dur\u00e9e de lecture estim\u00e9e":"1 minute"},"schema":{"@context":"https:\/\/schema.org","@graph":[{"@type":"WebSite","@id":"http:\/\/www.masharif.com\/fr\/#website","url":"http:\/\/www.masharif.com\/fr\/","name":"Culminances","description":"","potentialAction":[{"@type":"SearchAction","target":{"@type":"EntryPoint","urlTemplate":"http:\/\/www.masharif.com\/fr\/?s={search_term_string}"},"query-input":"required name=search_term_string"}],"inLanguage":"fr-FR"},{"@type":"ImageObject","inLanguage":"fr-FR","@id":"https:\/\/www.masharif.com\/fr\/2017\/06\/19\/quon-ne-menterre-fatima-maaouia-poetesse-tuniso-algerienne\/#primaryimage","url":"https:\/\/www.masharif.com\/fr\/wp-content\/uploads\/2017\/06\/jasmine-1276801_960_720.jpg","contentUrl":"https:\/\/www.masharif.com\/fr\/wp-content\/uploads\/2017\/06\/jasmine-1276801_960_720.jpg","width":960,"height":538},{"@type":"WebPage","@id":"https:\/\/www.masharif.com\/fr\/2017\/06\/19\/quon-ne-menterre-fatima-maaouia-poetesse-tuniso-algerienne\/","url":"https:\/\/www.masharif.com\/fr\/2017\/06\/19\/quon-ne-menterre-fatima-maaouia-poetesse-tuniso-algerienne\/","name":"Avant qu\u2019on ne m'enterre par :Fatima Maaouia \u2013 po\u00e9tesse tuniso-alg\u00e9rienne - Culminances","isPartOf":{"@id":"http:\/\/www.masharif.com\/fr\/#website"},"primaryImageOfPage":{"@id":"https:\/\/www.masharif.com\/fr\/2017\/06\/19\/quon-ne-menterre-fatima-maaouia-poetesse-tuniso-algerienne\/#primaryimage"},"datePublished":"2017-06-19T19:08:59+00:00","dateModified":"2017-06-19T19:08:59+00:00","author":{"@id":"http:\/\/www.masharif.com\/fr\/#\/schema\/person\/839a7026efe9fa825134097c1041e4a0"},"breadcrumb":{"@id":"https:\/\/www.masharif.com\/fr\/2017\/06\/19\/quon-ne-menterre-fatima-maaouia-poetesse-tuniso-algerienne\/#breadcrumb"},"inLanguage":"fr-FR","potentialAction":[{"@type":"ReadAction","target":["https:\/\/www.masharif.com\/fr\/2017\/06\/19\/quon-ne-menterre-fatima-maaouia-poetesse-tuniso-algerienne\/"]}]},{"@type":"BreadcrumbList","@id":"https:\/\/www.masharif.com\/fr\/2017\/06\/19\/quon-ne-menterre-fatima-maaouia-poetesse-tuniso-algerienne\/#breadcrumb","itemListElement":[{"@type":"ListItem","position":1,"name":"Home","item":"http:\/\/www.masharif.com\/fr\/"},{"@type":"ListItem","position":2,"name":"Avant qu\u2019on ne m&#8217;enterre par :Fatima Maaouia \u2013 po\u00e9tesse tuniso-alg\u00e9rienne"}]},{"@type":"Person","@id":"http:\/\/www.masharif.com\/fr\/#\/schema\/person\/839a7026efe9fa825134097c1041e4a0","name":"Mohamed Salah Ben Amor","image":{"@type":"ImageObject","inLanguage":"fr-FR","@id":"http:\/\/www.masharif.com\/fr\/#\/schema\/person\/image\/","url":"https:\/\/secure.gravatar.com\/avatar\/f64806401ad5ed604ffec2272b19ef46?s=96&d=identicon&r=g","contentUrl":"https:\/\/secure.gravatar.com\/avatar\/f64806401ad5ed604ffec2272b19ef46?s=96&d=identicon&r=g","caption":"Mohamed Salah Ben Amor"},"sameAs":["http:\/\/ben-amor.info"],"url":"https:\/\/www.masharif.com\/fr\/author\/msba\/"}]}},"_links":{"self":[{"href":"https:\/\/www.masharif.com\/fr\/wp-json\/wp\/v2\/posts\/5517"}],"collection":[{"href":"https:\/\/www.masharif.com\/fr\/wp-json\/wp\/v2\/posts"}],"about":[{"href":"https:\/\/www.masharif.com\/fr\/wp-json\/wp\/v2\/types\/post"}],"author":[{"embeddable":true,"href":"https:\/\/www.masharif.com\/fr\/wp-json\/wp\/v2\/users\/2"}],"replies":[{"embeddable":true,"href":"https:\/\/www.masharif.com\/fr\/wp-json\/wp\/v2\/comments?post=5517"}],"version-history":[{"count":1,"href":"https:\/\/www.masharif.com\/fr\/wp-json\/wp\/v2\/posts\/5517\/revisions"}],"predecessor-version":[{"id":5519,"href":"https:\/\/www.masharif.com\/fr\/wp-json\/wp\/v2\/posts\/5517\/revisions\/5519"}],"wp:featuredmedia":[{"embeddable":true,"href":"https:\/\/www.masharif.com\/fr\/wp-json\/wp\/v2\/media\/5518"}],"wp:attachment":[{"href":"https:\/\/www.masharif.com\/fr\/wp-json\/wp\/v2\/media?parent=5517"}],"wp:term":[{"taxonomy":"category","embeddable":true,"href":"https:\/\/www.masharif.com\/fr\/wp-json\/wp\/v2\/categories?post=5517"},{"taxonomy":"post_tag","embeddable":true,"href":"https:\/\/www.masharif.com\/fr\/wp-json\/wp\/v2\/tags?post=5517"}],"curies":[{"name":"wp","href":"https:\/\/api.w.org\/{rel}","templated":true}]}}