{"id":5252,"date":"2017-05-20T05:16:02","date_gmt":"2017-05-20T04:16:02","guid":{"rendered":"http:\/\/www.masharif.com\/fr\/?p=5252"},"modified":"2017-05-20T05:16:02","modified_gmt":"2017-05-20T04:16:02","slug":"suis-fou-suis-maboulepar-fatima-maaouia-poetesse-tuniso-algerienne-tunisie","status":"publish","type":"post","link":"https:\/\/www.masharif.com\/fr\/2017\/05\/20\/suis-fou-suis-maboulepar-fatima-maaouia-poetesse-tuniso-algerienne-tunisie\/","title":{"rendered":"Suis pas fou ! Suis pas maboule!par : Fatima Maaouia \u2013 po\u00e9tesse tuniso -alg\u00e9rienne \u2013Tunisie"},"content":{"rendered":"<div id=\"attachment_4516\" style=\"width: 288px\" class=\"wp-caption alignnone\"><a href=\"http:\/\/www.masharif.com\/fr\/wp-content\/uploads\/2017\/02\/1972283_359499027560323_2433321752961173825_n.jpg\"><img aria-describedby=\"caption-attachment-4516\" loading=\"lazy\" class=\"wp-image-4516 size-medium\" src=\"http:\/\/www.masharif.com\/fr\/wp-content\/uploads\/2017\/02\/1972283_359499027560323_2433321752961173825_n-278x300.jpg\" alt=\"\" width=\"278\" height=\"300\" srcset=\"https:\/\/www.masharif.com\/fr\/wp-content\/uploads\/2017\/02\/1972283_359499027560323_2433321752961173825_n-278x300.jpg 278w, https:\/\/www.masharif.com\/fr\/wp-content\/uploads\/2017\/02\/1972283_359499027560323_2433321752961173825_n.jpg 439w\" sizes=\"(max-width: 278px) 100vw, 278px\" \/><\/a><p id=\"caption-attachment-4516\" class=\"wp-caption-text\">Fatima Maaouia<\/p><\/div>\n<p><a href=\"http:\/\/www.masharif.com\/fr\/wp-content\/uploads\/2017\/05\/fool-1476189_960_720.jpg\"><img loading=\"lazy\" class=\"alignnone size-medium wp-image-5253\" src=\"http:\/\/www.masharif.com\/fr\/wp-content\/uploads\/2017\/05\/fool-1476189_960_720-300x200.jpg\" alt=\"\" width=\"300\" height=\"200\" srcset=\"https:\/\/www.masharif.com\/fr\/wp-content\/uploads\/2017\/05\/fool-1476189_960_720-300x200.jpg 300w, https:\/\/www.masharif.com\/fr\/wp-content\/uploads\/2017\/05\/fool-1476189_960_720-768x512.jpg 768w, https:\/\/www.masharif.com\/fr\/wp-content\/uploads\/2017\/05\/fool-1476189_960_720.jpg 960w\" sizes=\"(max-width: 300px) 100vw, 300px\" \/><\/a><\/p>\n<p>&nbsp;<\/p>\n<p>&nbsp;<\/p>\n<p><strong>Suis pas fou ! Suis pas maboule !<\/strong><\/p>\n<p><strong>J&#8217; m\u2019occupe pas de la gadoue<\/strong><br \/>\n<strong> Qui monte jusqu\u2019au genou !<\/strong><br \/>\n<strong> De tout<\/strong><\/p>\n<p><strong>J&#8217;m\u2019occupe que de la pluie et du bon temps<\/strong><br \/>\n<strong> D&#8217; mon travail, d&#8217; mes enfants.<\/strong><\/p>\n<p><strong>Je lis le journal<\/strong><br \/>\n<strong> Et m\u2019en porte pas plus mal<\/strong><br \/>\n<strong> Croise les mots,<\/strong><\/p>\n<p><strong>J\u2019regarde pas les d\u00e9c\u00e8s<\/strong><br \/>\n<strong> \u00c7a fait un sacr\u00e9 coup.<\/strong><br \/>\n<strong> Des fois qu\u2019un nom ou un visage<\/strong><br \/>\n<strong> En partance vers l&#8217;autre rivage<\/strong><br \/>\n<strong> A fiasco<\/strong><br \/>\n<strong> D&#8217;en face<\/strong><br \/>\n<strong> O\u00f9 l&#8217;on perd eau scell\u00e9e la face<\/strong><br \/>\n<strong> Et tout damass\u00e9<\/strong><br \/>\n<strong> De macchab\u00e9es pass\u00e9s<\/strong><br \/>\n<strong> A du mal \u00e0 passer<\/strong><br \/>\n<strong> Vous reconnaisse comme \u00e7a en passant<\/strong><\/p>\n<p><strong>Et ait la rigolote id\u00e9e subite<\/strong><br \/>\n<strong> Pour pas dire idiote<\/strong><br \/>\n<strong> De vous sauter au cou<\/strong><br \/>\n<strong> Avec ses gluants bisous<\/strong><br \/>\n<strong> Pour se panser<\/strong><br \/>\n<strong> De l&#8217;absence de peau &#8230;<\/strong><br \/>\n<strong> Sur v&#8217;ote dos<\/strong><\/p>\n<p><strong>J\u2019aime pas voir les morts<\/strong><br \/>\n<strong> L&#8217;absence de ports<\/strong><br \/>\n<strong> Qui vous dit d\u2019abord<\/strong><\/p>\n<p><strong>Que moi je le ferai pas ?<\/strong><\/p>\n<p><strong>J&#8217; m\u2019explique de ce pas<\/strong><\/p>\n<p><strong>Un cas encore dehors&#8230;<\/strong><br \/>\n<strong> Format<\/strong><br \/>\n<strong> Pour l\u2019heure et l&#8217;\u00e9ternit\u00e9 absent du d\u00e9cor<\/strong><br \/>\n<strong> M \u2019regarderait vrill\u00e9<\/strong><br \/>\n<strong> Comme \u00e7a<\/strong><br \/>\n<strong> Rond ! Avec des yeux aspir\u00e9s<\/strong><br \/>\n<strong> De bombyx plat<\/strong><br \/>\n<strong> Je lui fais un sort !<\/strong><\/p>\n<p><strong>De suite<\/strong><br \/>\n<strong> Convoque le sien<\/strong><br \/>\n<strong> De verdict<\/strong><br \/>\n<strong> Prends le loustic<\/strong><br \/>\n<strong> Par la main<\/strong><br \/>\n<strong> Et vite,<\/strong><br \/>\n<strong> Lui \u00e9vite<\/strong><br \/>\n<strong> De me communiquer<\/strong><br \/>\n<strong> Son mauvais teint<\/strong><\/p>\n<p><strong>Loquet<\/strong><br \/>\n<strong> Bris\u00e9<\/strong><br \/>\n<strong> Le pr\u00e9cipite<\/strong><br \/>\n<strong> Avec \u00e9clat<\/strong><br \/>\n<strong> Et sans \u00e9moi<\/strong><br \/>\n<strong> Go\u00fbter aux joies<\/strong><br \/>\n<strong> Du tr\u00e9pas&#8230;<\/strong><br \/>\n<strong> Avant moi<\/strong><\/p>\n<p><strong>C\u2019est ma nature<\/strong><br \/>\n<strong> J\u2019vous rassure<\/strong><br \/>\n<strong> C\u2019est sans \u00e9quivoque<\/strong><br \/>\n<strong> Ma structure est sans fissure<\/strong><\/p>\n<p><strong>Mac Gr\u00e9s\u2019B\u00e9e ! Hein?<\/strong><\/p>\n<p><strong>Dans la besace<\/strong><br \/>\n<strong> De l\u2019\u00e9cume de mes us<\/strong><br \/>\n<strong> La coutume maghr\u00e9bine<\/strong><br \/>\n<strong> Laisse peu de place<\/strong><br \/>\n<strong> Au jazz du rhume<\/strong><br \/>\n<strong> Et virus des coins d\u00e9glingu\u00e9s<\/strong><br \/>\n<strong> Qui secouent de ra\u00ef \u00e9trangl\u00e9<\/strong><br \/>\n<strong> La carcasse et l\u2019\u00e9chine<\/strong><br \/>\n<strong> Du mac Adam en ripaille<\/strong><br \/>\n<strong> Des Bent Eve and Sidi Adam<\/strong><\/p>\n<p><strong>Mon horloge me le dit<\/strong><br \/>\n<strong> Le monde a tout pris<\/strong><br \/>\n<strong> Dans sa membrure !<\/strong><br \/>\n<strong> Pourquoi j\u2019m\u2019en occuperai ?<\/strong><\/p>\n<p><strong>Moi, suis bien dans ma chair et mes murs<\/strong><br \/>\n<strong> De bon vivant<\/strong><br \/>\n<strong> Bien portant<\/strong><br \/>\n<strong> A l\u2019abri des murmures<\/strong><br \/>\n<strong> Et du vent<\/strong><br \/>\n<strong> Mon micro climat est au top<\/strong><br \/>\n<strong> Moi la taupe !<\/strong><br \/>\n<strong> Zut!<\/strong><br \/>\n<strong> Je r\u2019regarde pas les larves et pav\u00e9s !<\/strong><br \/>\n<strong> \u00c7a m\u2019fait baver !<\/strong><br \/>\n<strong> Sans faire tourner la marmite<\/strong><\/p>\n<p><strong>J\u2019ai mes feuilletons !<\/strong><br \/>\n<strong> Mon sandwich au thon<\/strong><br \/>\n<strong> Le soleil donne le ton<\/strong><br \/>\n<strong> Je cuve \u00e0 l\u2019envie<\/strong><br \/>\n<strong> Le tapis de mon gras ennui<\/strong><br \/>\n<strong> Dans mon trou carr\u00e9<\/strong><br \/>\n<strong> En rongeant la mascarade<\/strong><br \/>\n<strong> Peinarde,<\/strong><br \/>\n<strong> Sans souci et tout de ma salade,<\/strong><br \/>\n<strong> Feuille tr\u00e8s m\u00e2ch\u00e9e<\/strong><br \/>\n<strong> De ma laitue pas f\u00e2ch\u00e9e<\/strong><br \/>\n<strong> D\u2019une vie<\/strong><br \/>\n<strong> Bien rang\u00e9e \u00e0 l&#8217;abri des d\u00e9combres<\/strong><\/p>\n<p><strong>Qu\u2019est cette ombre ?<\/strong><br \/>\n<strong> Qui se l\u00e8ve et grandit ?<\/strong><\/p>\n<p><strong>\u2026Le vers dans le fruit !<\/strong><\/p>\n<p><strong> Extrait de &#8221; CHARABIA &#8220;<\/strong><\/p>\n<p><strong>\u00a0<\/strong><\/p>\n<p>&nbsp;<\/p>\n","protected":false},"excerpt":{"rendered":"<p>&nbsp; &nbsp; Suis pas fou ! Suis pas maboule ! J&#8217; m\u2019occupe pas de la gadoue Qui monte jusqu\u2019au genou ! De tout J&#8217;m\u2019occupe que de la pluie et du bon temps D&#8217; mon travail, d&#8217; mes enfants. Je lis le journal Et m\u2019en porte pas plus mal Croise les mots, J\u2019regarde pas les d\u00e9c\u00e8s &#8230;<\/p>\n","protected":false},"author":2,"featured_media":5253,"comment_status":"open","ping_status":"open","sticky":false,"template":"","format":"standard","meta":[],"categories":[4],"tags":[],"yoast_head":"<!-- This site is optimized with the Yoast SEO plugin v19.3 - https:\/\/yoast.com\/wordpress\/plugins\/seo\/ -->\n<title>Suis pas fou ! Suis pas maboule!par : Fatima Maaouia \u2013 po\u00e9tesse tuniso -alg\u00e9rienne \u2013Tunisie - Culminances<\/title>\n<meta name=\"robots\" content=\"index, follow, max-snippet:-1, max-image-preview:large, max-video-preview:-1\" \/>\n<link rel=\"canonical\" href=\"https:\/\/www.masharif.com\/fr\/2017\/05\/20\/suis-fou-suis-maboulepar-fatima-maaouia-poetesse-tuniso-algerienne-tunisie\/\" \/>\n<meta property=\"og:locale\" content=\"fr_FR\" \/>\n<meta property=\"og:type\" content=\"article\" \/>\n<meta property=\"og:title\" content=\"Suis pas fou ! Suis pas maboule!par : Fatima Maaouia \u2013 po\u00e9tesse tuniso -alg\u00e9rienne \u2013Tunisie - Culminances\" \/>\n<meta property=\"og:description\" content=\"&nbsp; &nbsp; Suis pas fou ! Suis pas maboule ! J&#8217; m\u2019occupe pas de la gadoue Qui monte jusqu\u2019au genou ! De tout J&#8217;m\u2019occupe que de la pluie et du bon temps D&#8217; mon travail, d&#8217; mes enfants. Je lis le journal Et m\u2019en porte pas plus mal Croise les mots, J\u2019regarde pas les d\u00e9c\u00e8s ...\" \/>\n<meta property=\"og:url\" content=\"https:\/\/www.masharif.com\/fr\/2017\/05\/20\/suis-fou-suis-maboulepar-fatima-maaouia-poetesse-tuniso-algerienne-tunisie\/\" \/>\n<meta property=\"og:site_name\" content=\"Culminances\" \/>\n<meta property=\"article:published_time\" content=\"2017-05-20T04:16:02+00:00\" \/>\n<meta property=\"og:image\" content=\"https:\/\/www.masharif.com\/fr\/wp-content\/uploads\/2017\/05\/fool-1476189_960_720.jpg\" \/>\n\t<meta property=\"og:image:width\" content=\"960\" \/>\n\t<meta property=\"og:image:height\" content=\"640\" \/>\n\t<meta property=\"og:image:type\" content=\"image\/jpeg\" \/>\n<meta name=\"author\" content=\"Mohamed Salah Ben Amor\" \/>\n<meta name=\"twitter:card\" content=\"summary\" \/>\n<meta name=\"twitter:label1\" content=\"\u00c9crit par\" \/>\n\t<meta name=\"twitter:data1\" content=\"Mohamed Salah Ben Amor\" \/>\n\t<meta name=\"twitter:label2\" content=\"Dur\u00e9e de lecture estim\u00e9e\" \/>\n\t<meta name=\"twitter:data2\" content=\"2 minutes\" \/>\n<script type=\"application\/ld+json\" class=\"yoast-schema-graph\">{\"@context\":\"https:\/\/schema.org\",\"@graph\":[{\"@type\":\"WebSite\",\"@id\":\"https:\/\/www.masharif.com\/fr\/#website\",\"url\":\"https:\/\/www.masharif.com\/fr\/\",\"name\":\"Culminances\",\"description\":\"\",\"potentialAction\":[{\"@type\":\"SearchAction\",\"target\":{\"@type\":\"EntryPoint\",\"urlTemplate\":\"https:\/\/www.masharif.com\/fr\/?s={search_term_string}\"},\"query-input\":\"required name=search_term_string\"}],\"inLanguage\":\"fr-FR\"},{\"@type\":\"ImageObject\",\"inLanguage\":\"fr-FR\",\"@id\":\"https:\/\/www.masharif.com\/fr\/2017\/05\/20\/suis-fou-suis-maboulepar-fatima-maaouia-poetesse-tuniso-algerienne-tunisie\/#primaryimage\",\"url\":\"https:\/\/www.masharif.com\/fr\/wp-content\/uploads\/2017\/05\/fool-1476189_960_720.jpg\",\"contentUrl\":\"https:\/\/www.masharif.com\/fr\/wp-content\/uploads\/2017\/05\/fool-1476189_960_720.jpg\",\"width\":960,\"height\":640},{\"@type\":\"WebPage\",\"@id\":\"https:\/\/www.masharif.com\/fr\/2017\/05\/20\/suis-fou-suis-maboulepar-fatima-maaouia-poetesse-tuniso-algerienne-tunisie\/\",\"url\":\"https:\/\/www.masharif.com\/fr\/2017\/05\/20\/suis-fou-suis-maboulepar-fatima-maaouia-poetesse-tuniso-algerienne-tunisie\/\",\"name\":\"Suis pas fou ! Suis pas maboule!par : Fatima Maaouia \u2013 po\u00e9tesse tuniso -alg\u00e9rienne \u2013Tunisie - Culminances\",\"isPartOf\":{\"@id\":\"https:\/\/www.masharif.com\/fr\/#website\"},\"primaryImageOfPage\":{\"@id\":\"https:\/\/www.masharif.com\/fr\/2017\/05\/20\/suis-fou-suis-maboulepar-fatima-maaouia-poetesse-tuniso-algerienne-tunisie\/#primaryimage\"},\"datePublished\":\"2017-05-20T04:16:02+00:00\",\"dateModified\":\"2017-05-20T04:16:02+00:00\",\"author\":{\"@id\":\"https:\/\/www.masharif.com\/fr\/#\/schema\/person\/839a7026efe9fa825134097c1041e4a0\"},\"breadcrumb\":{\"@id\":\"https:\/\/www.masharif.com\/fr\/2017\/05\/20\/suis-fou-suis-maboulepar-fatima-maaouia-poetesse-tuniso-algerienne-tunisie\/#breadcrumb\"},\"inLanguage\":\"fr-FR\",\"potentialAction\":[{\"@type\":\"ReadAction\",\"target\":[\"https:\/\/www.masharif.com\/fr\/2017\/05\/20\/suis-fou-suis-maboulepar-fatima-maaouia-poetesse-tuniso-algerienne-tunisie\/\"]}]},{\"@type\":\"BreadcrumbList\",\"@id\":\"https:\/\/www.masharif.com\/fr\/2017\/05\/20\/suis-fou-suis-maboulepar-fatima-maaouia-poetesse-tuniso-algerienne-tunisie\/#breadcrumb\",\"itemListElement\":[{\"@type\":\"ListItem\",\"position\":1,\"name\":\"Home\",\"item\":\"https:\/\/www.masharif.com\/fr\/\"},{\"@type\":\"ListItem\",\"position\":2,\"name\":\"Suis pas fou ! Suis pas maboule!par : Fatima Maaouia \u2013 po\u00e9tesse tuniso -alg\u00e9rienne \u2013Tunisie\"}]},{\"@type\":\"Person\",\"@id\":\"https:\/\/www.masharif.com\/fr\/#\/schema\/person\/839a7026efe9fa825134097c1041e4a0\",\"name\":\"Mohamed Salah Ben Amor\",\"image\":{\"@type\":\"ImageObject\",\"inLanguage\":\"fr-FR\",\"@id\":\"https:\/\/www.masharif.com\/fr\/#\/schema\/person\/image\/\",\"url\":\"https:\/\/secure.gravatar.com\/avatar\/f64806401ad5ed604ffec2272b19ef46?s=96&d=identicon&r=g\",\"contentUrl\":\"https:\/\/secure.gravatar.com\/avatar\/f64806401ad5ed604ffec2272b19ef46?s=96&d=identicon&r=g\",\"caption\":\"Mohamed Salah Ben Amor\"},\"sameAs\":[\"http:\/\/ben-amor.info\"],\"url\":\"https:\/\/www.masharif.com\/fr\/author\/msba\/\"}]}<\/script>\n<!-- \/ Yoast SEO plugin. -->","yoast_head_json":{"title":"Suis pas fou ! Suis pas maboule!par : Fatima Maaouia \u2013 po\u00e9tesse tuniso -alg\u00e9rienne \u2013Tunisie - Culminances","robots":{"index":"index","follow":"follow","max-snippet":"max-snippet:-1","max-image-preview":"max-image-preview:large","max-video-preview":"max-video-preview:-1"},"canonical":"https:\/\/www.masharif.com\/fr\/2017\/05\/20\/suis-fou-suis-maboulepar-fatima-maaouia-poetesse-tuniso-algerienne-tunisie\/","og_locale":"fr_FR","og_type":"article","og_title":"Suis pas fou ! Suis pas maboule!par : Fatima Maaouia \u2013 po\u00e9tesse tuniso -alg\u00e9rienne \u2013Tunisie - Culminances","og_description":"&nbsp; &nbsp; Suis pas fou ! Suis pas maboule ! J&#8217; m\u2019occupe pas de la gadoue Qui monte jusqu\u2019au genou ! De tout J&#8217;m\u2019occupe que de la pluie et du bon temps D&#8217; mon travail, d&#8217; mes enfants. Je lis le journal Et m\u2019en porte pas plus mal Croise les mots, J\u2019regarde pas les d\u00e9c\u00e8s ...","og_url":"https:\/\/www.masharif.com\/fr\/2017\/05\/20\/suis-fou-suis-maboulepar-fatima-maaouia-poetesse-tuniso-algerienne-tunisie\/","og_site_name":"Culminances","article_published_time":"2017-05-20T04:16:02+00:00","og_image":[{"width":960,"height":640,"url":"https:\/\/www.masharif.com\/fr\/wp-content\/uploads\/2017\/05\/fool-1476189_960_720.jpg","type":"image\/jpeg"}],"author":"Mohamed Salah Ben Amor","twitter_card":"summary","twitter_misc":{"\u00c9crit par":"Mohamed Salah Ben Amor","Dur\u00e9e de lecture estim\u00e9e":"2 minutes"},"schema":{"@context":"https:\/\/schema.org","@graph":[{"@type":"WebSite","@id":"https:\/\/www.masharif.com\/fr\/#website","url":"https:\/\/www.masharif.com\/fr\/","name":"Culminances","description":"","potentialAction":[{"@type":"SearchAction","target":{"@type":"EntryPoint","urlTemplate":"https:\/\/www.masharif.com\/fr\/?s={search_term_string}"},"query-input":"required name=search_term_string"}],"inLanguage":"fr-FR"},{"@type":"ImageObject","inLanguage":"fr-FR","@id":"https:\/\/www.masharif.com\/fr\/2017\/05\/20\/suis-fou-suis-maboulepar-fatima-maaouia-poetesse-tuniso-algerienne-tunisie\/#primaryimage","url":"https:\/\/www.masharif.com\/fr\/wp-content\/uploads\/2017\/05\/fool-1476189_960_720.jpg","contentUrl":"https:\/\/www.masharif.com\/fr\/wp-content\/uploads\/2017\/05\/fool-1476189_960_720.jpg","width":960,"height":640},{"@type":"WebPage","@id":"https:\/\/www.masharif.com\/fr\/2017\/05\/20\/suis-fou-suis-maboulepar-fatima-maaouia-poetesse-tuniso-algerienne-tunisie\/","url":"https:\/\/www.masharif.com\/fr\/2017\/05\/20\/suis-fou-suis-maboulepar-fatima-maaouia-poetesse-tuniso-algerienne-tunisie\/","name":"Suis pas fou ! Suis pas maboule!par : Fatima Maaouia \u2013 po\u00e9tesse tuniso -alg\u00e9rienne \u2013Tunisie - Culminances","isPartOf":{"@id":"https:\/\/www.masharif.com\/fr\/#website"},"primaryImageOfPage":{"@id":"https:\/\/www.masharif.com\/fr\/2017\/05\/20\/suis-fou-suis-maboulepar-fatima-maaouia-poetesse-tuniso-algerienne-tunisie\/#primaryimage"},"datePublished":"2017-05-20T04:16:02+00:00","dateModified":"2017-05-20T04:16:02+00:00","author":{"@id":"https:\/\/www.masharif.com\/fr\/#\/schema\/person\/839a7026efe9fa825134097c1041e4a0"},"breadcrumb":{"@id":"https:\/\/www.masharif.com\/fr\/2017\/05\/20\/suis-fou-suis-maboulepar-fatima-maaouia-poetesse-tuniso-algerienne-tunisie\/#breadcrumb"},"inLanguage":"fr-FR","potentialAction":[{"@type":"ReadAction","target":["https:\/\/www.masharif.com\/fr\/2017\/05\/20\/suis-fou-suis-maboulepar-fatima-maaouia-poetesse-tuniso-algerienne-tunisie\/"]}]},{"@type":"BreadcrumbList","@id":"https:\/\/www.masharif.com\/fr\/2017\/05\/20\/suis-fou-suis-maboulepar-fatima-maaouia-poetesse-tuniso-algerienne-tunisie\/#breadcrumb","itemListElement":[{"@type":"ListItem","position":1,"name":"Home","item":"https:\/\/www.masharif.com\/fr\/"},{"@type":"ListItem","position":2,"name":"Suis pas fou ! Suis pas maboule!par : Fatima Maaouia \u2013 po\u00e9tesse tuniso -alg\u00e9rienne \u2013Tunisie"}]},{"@type":"Person","@id":"https:\/\/www.masharif.com\/fr\/#\/schema\/person\/839a7026efe9fa825134097c1041e4a0","name":"Mohamed Salah Ben Amor","image":{"@type":"ImageObject","inLanguage":"fr-FR","@id":"https:\/\/www.masharif.com\/fr\/#\/schema\/person\/image\/","url":"https:\/\/secure.gravatar.com\/avatar\/f64806401ad5ed604ffec2272b19ef46?s=96&d=identicon&r=g","contentUrl":"https:\/\/secure.gravatar.com\/avatar\/f64806401ad5ed604ffec2272b19ef46?s=96&d=identicon&r=g","caption":"Mohamed Salah Ben Amor"},"sameAs":["http:\/\/ben-amor.info"],"url":"https:\/\/www.masharif.com\/fr\/author\/msba\/"}]}},"_links":{"self":[{"href":"https:\/\/www.masharif.com\/fr\/wp-json\/wp\/v2\/posts\/5252"}],"collection":[{"href":"https:\/\/www.masharif.com\/fr\/wp-json\/wp\/v2\/posts"}],"about":[{"href":"https:\/\/www.masharif.com\/fr\/wp-json\/wp\/v2\/types\/post"}],"author":[{"embeddable":true,"href":"https:\/\/www.masharif.com\/fr\/wp-json\/wp\/v2\/users\/2"}],"replies":[{"embeddable":true,"href":"https:\/\/www.masharif.com\/fr\/wp-json\/wp\/v2\/comments?post=5252"}],"version-history":[{"count":1,"href":"https:\/\/www.masharif.com\/fr\/wp-json\/wp\/v2\/posts\/5252\/revisions"}],"predecessor-version":[{"id":5254,"href":"https:\/\/www.masharif.com\/fr\/wp-json\/wp\/v2\/posts\/5252\/revisions\/5254"}],"wp:featuredmedia":[{"embeddable":true,"href":"https:\/\/www.masharif.com\/fr\/wp-json\/wp\/v2\/media\/5253"}],"wp:attachment":[{"href":"https:\/\/www.masharif.com\/fr\/wp-json\/wp\/v2\/media?parent=5252"}],"wp:term":[{"taxonomy":"category","embeddable":true,"href":"https:\/\/www.masharif.com\/fr\/wp-json\/wp\/v2\/categories?post=5252"},{"taxonomy":"post_tag","embeddable":true,"href":"https:\/\/www.masharif.com\/fr\/wp-json\/wp\/v2\/tags?post=5252"}],"curies":[{"name":"wp","href":"https:\/\/api.w.org\/{rel}","templated":true}]}}