{"id":5228,"date":"2017-05-17T05:04:58","date_gmt":"2017-05-17T04:04:58","guid":{"rendered":"http:\/\/www.masharif.com\/fr\/?p=5228"},"modified":"2017-05-17T05:04:58","modified_gmt":"2017-05-17T04:04:58","slug":"grand-pardon-extrait-1-abdellatif-bhiri-safi-maroc","status":"publish","type":"post","link":"https:\/\/www.masharif.com\/fr\/2017\/05\/17\/grand-pardon-extrait-1-abdellatif-bhiri-safi-maroc\/","title":{"rendered":"Le grand pardon (Extrait 1) par : Abdellatif Bhiri \u2013Safi  &#8211; Maroc"},"content":{"rendered":"<div id=\"attachment_5054\" style=\"width: 310px\" class=\"wp-caption alignnone\"><a href=\"http:\/\/www.masharif.com\/fr\/wp-content\/uploads\/2017\/04\/13055448_238540183201918_667997973372120067_n-300x300.jpg\"><img aria-describedby=\"caption-attachment-5054\" loading=\"lazy\" class=\"wp-image-5054 size-full\" src=\"http:\/\/www.masharif.com\/fr\/wp-content\/uploads\/2017\/04\/13055448_238540183201918_667997973372120067_n-300x300.jpg\" alt=\"\" width=\"300\" height=\"300\" srcset=\"https:\/\/www.masharif.com\/fr\/wp-content\/uploads\/2017\/04\/13055448_238540183201918_667997973372120067_n-300x300.jpg 300w, https:\/\/www.masharif.com\/fr\/wp-content\/uploads\/2017\/04\/13055448_238540183201918_667997973372120067_n-300x300-150x150.jpg 150w, https:\/\/www.masharif.com\/fr\/wp-content\/uploads\/2017\/04\/13055448_238540183201918_667997973372120067_n-300x300-55x55.jpg 55w\" sizes=\"(max-width: 300px) 100vw, 300px\" \/><\/a><p id=\"caption-attachment-5054\" class=\"wp-caption-text\">Abdellatif Bhiri<\/p><\/div>\n<p><a href=\"http:\/\/www.masharif.com\/fr\/wp-content\/uploads\/2017\/05\/morocco-1125966_960_720.jpg\"><img loading=\"lazy\" class=\"alignnone size-medium wp-image-5229\" src=\"http:\/\/www.masharif.com\/fr\/wp-content\/uploads\/2017\/05\/morocco-1125966_960_720-200x300.jpg\" alt=\"\" width=\"200\" height=\"300\" srcset=\"https:\/\/www.masharif.com\/fr\/wp-content\/uploads\/2017\/05\/morocco-1125966_960_720-200x300.jpg 200w, https:\/\/www.masharif.com\/fr\/wp-content\/uploads\/2017\/05\/morocco-1125966_960_720.jpg 479w\" sizes=\"(max-width: 200px) 100vw, 200px\" \/><\/a><\/p>\n<p>&nbsp;<\/p>\n<p>J\u2019aurais tant aim\u00e9 \u00e9crire une lettre \u00e0 mon p\u00e8re de son vivant ! Mais, puisqu\u2019il n\u2019est plus l\u00e0, c\u2019est devenu plus simple et plus facile de m\u2019exprimer !<\/p>\n<p>Cher P\u00e8re,<\/p>\n<p>Je sais maintenant que tu n\u2019as jamais \u00e9t\u00e9 l\u00e0 pour moi et ce depuis ma naissance. Mes semblables souffraient de l\u2019absence de leurs p\u00e8res dans leur tendre enfance, mais moi, je ne te voyais m\u00eame pas. Je me suis fait \u00e0 l\u2019id\u00e9e que tu n\u2019as jamais exist\u00e9. De plus, enfant que j\u2019\u00e9tais, je me demandais si tu \u00e9tais vraiment n\u00e9cessaire \u00e0 mon existence ! La m\u00e8re v\u00e9n\u00e9rable emplissait ce vide tout en trimant pour cinq mioches en bas \u00e2ge. A l\u2019\u00e9cole primaire, lorsqu\u2019on demandait de remplir la case du tuteur, je mettais toujours \u00ab P\u00e8re d\u00e9c\u00e9d\u00e9 \u00bb, c\u2019\u00e9tait le moindre mal puisque ceci me permettait de profiter de la cantine scolaire ! Au coll\u00e8ge, c\u2019aurait pu durer si ce n\u2019\u00e9taient des rumeurs faisant croire que tu \u00e9tais toujours vivant et bon portant. Je me refusais cette cruciale r\u00e9alit\u00e9 qui pourrait se pr\u00e9senter devant moi, un jour ou l\u2019autre. Je me r\u00e9signais \u00e0 croire que tu \u00e9tais bien mort.<\/p>\n<p>La vie se d\u00e9roulait dans sa d\u00e9cr\u00e9pitude implacable jusqu\u2019au jour o\u00f9 un matin d\u00e9barqua chez nous un beau jeune gar\u00e7on, a\u00een\u00e9 de tous mes fr\u00e8res et s\u0153urs. Il se pr\u00e9senta :<\/p>\n<p>\u00ab Je suis votre fr\u00e8re, c\u2019est notre p\u00e8re qui m\u2019envoie vous voir \u00bb<\/p>\n<p>\u00c9tant le cadet de la famille, je n\u2019avais pas r\u00e9alis\u00e9 l\u2019impact de cette phrase \u00e0 coup. Il m\u2019avait fallu plusieurs nuits d\u2019insomnie et de r\u00e9flexion pour r\u00e9aliser que mon p\u00e8re \u00e9tait r\u00e9ellement encore en vie\u2026<\/p>\n","protected":false},"excerpt":{"rendered":"<p>&nbsp; J\u2019aurais tant aim\u00e9 \u00e9crire une lettre \u00e0 mon p\u00e8re de son vivant ! Mais, puisqu\u2019il n\u2019est plus l\u00e0, c\u2019est devenu plus simple et plus facile de m\u2019exprimer ! Cher P\u00e8re, Je sais maintenant que tu n\u2019as jamais \u00e9t\u00e9 l\u00e0 pour moi et ce depuis ma naissance. Mes semblables souffraient de l\u2019absence de leurs p\u00e8res &#8230;<\/p>\n","protected":false},"author":2,"featured_media":5229,"comment_status":"open","ping_status":"open","sticky":false,"template":"","format":"standard","meta":[],"categories":[5],"tags":[],"yoast_head":"<!-- This site is optimized with the Yoast SEO plugin v19.3 - https:\/\/yoast.com\/wordpress\/plugins\/seo\/ -->\n<title>Le grand pardon (Extrait 1) par : Abdellatif Bhiri \u2013Safi - Maroc - Culminances<\/title>\n<meta name=\"robots\" content=\"index, follow, max-snippet:-1, max-image-preview:large, max-video-preview:-1\" \/>\n<link rel=\"canonical\" href=\"https:\/\/www.masharif.com\/fr\/2017\/05\/17\/grand-pardon-extrait-1-abdellatif-bhiri-safi-maroc\/\" \/>\n<meta property=\"og:locale\" content=\"fr_FR\" \/>\n<meta property=\"og:type\" content=\"article\" \/>\n<meta property=\"og:title\" content=\"Le grand pardon (Extrait 1) par : Abdellatif Bhiri \u2013Safi - Maroc - Culminances\" \/>\n<meta property=\"og:description\" content=\"&nbsp; J\u2019aurais tant aim\u00e9 \u00e9crire une lettre \u00e0 mon p\u00e8re de son vivant ! Mais, puisqu\u2019il n\u2019est plus l\u00e0, c\u2019est devenu plus simple et plus facile de m\u2019exprimer ! Cher P\u00e8re, Je sais maintenant que tu n\u2019as jamais \u00e9t\u00e9 l\u00e0 pour moi et ce depuis ma naissance. Mes semblables souffraient de l\u2019absence de leurs p\u00e8res ...\" \/>\n<meta property=\"og:url\" content=\"https:\/\/www.masharif.com\/fr\/2017\/05\/17\/grand-pardon-extrait-1-abdellatif-bhiri-safi-maroc\/\" \/>\n<meta property=\"og:site_name\" content=\"Culminances\" \/>\n<meta property=\"article:published_time\" content=\"2017-05-17T04:04:58+00:00\" \/>\n<meta property=\"og:image\" content=\"https:\/\/www.masharif.com\/fr\/wp-content\/uploads\/2017\/05\/morocco-1125966_960_720.jpg\" \/>\n\t<meta property=\"og:image:width\" content=\"479\" \/>\n\t<meta property=\"og:image:height\" content=\"720\" \/>\n\t<meta property=\"og:image:type\" content=\"image\/jpeg\" \/>\n<meta name=\"author\" content=\"Mohamed Salah Ben Amor\" \/>\n<meta name=\"twitter:card\" content=\"summary\" \/>\n<meta name=\"twitter:label1\" content=\"\u00c9crit par\" \/>\n\t<meta name=\"twitter:data1\" content=\"Mohamed Salah Ben Amor\" \/>\n\t<meta name=\"twitter:label2\" content=\"Dur\u00e9e de lecture estim\u00e9e\" \/>\n\t<meta name=\"twitter:data2\" content=\"2 minutes\" \/>\n<script type=\"application\/ld+json\" class=\"yoast-schema-graph\">{\"@context\":\"https:\/\/schema.org\",\"@graph\":[{\"@type\":\"WebSite\",\"@id\":\"https:\/\/www.masharif.com\/fr\/#website\",\"url\":\"https:\/\/www.masharif.com\/fr\/\",\"name\":\"Culminances\",\"description\":\"\",\"potentialAction\":[{\"@type\":\"SearchAction\",\"target\":{\"@type\":\"EntryPoint\",\"urlTemplate\":\"https:\/\/www.masharif.com\/fr\/?s={search_term_string}\"},\"query-input\":\"required name=search_term_string\"}],\"inLanguage\":\"fr-FR\"},{\"@type\":\"ImageObject\",\"inLanguage\":\"fr-FR\",\"@id\":\"https:\/\/www.masharif.com\/fr\/2017\/05\/17\/grand-pardon-extrait-1-abdellatif-bhiri-safi-maroc\/#primaryimage\",\"url\":\"https:\/\/www.masharif.com\/fr\/wp-content\/uploads\/2017\/05\/morocco-1125966_960_720.jpg\",\"contentUrl\":\"https:\/\/www.masharif.com\/fr\/wp-content\/uploads\/2017\/05\/morocco-1125966_960_720.jpg\",\"width\":479,\"height\":720},{\"@type\":\"WebPage\",\"@id\":\"https:\/\/www.masharif.com\/fr\/2017\/05\/17\/grand-pardon-extrait-1-abdellatif-bhiri-safi-maroc\/\",\"url\":\"https:\/\/www.masharif.com\/fr\/2017\/05\/17\/grand-pardon-extrait-1-abdellatif-bhiri-safi-maroc\/\",\"name\":\"Le grand pardon (Extrait 1) par : Abdellatif Bhiri \u2013Safi - Maroc - Culminances\",\"isPartOf\":{\"@id\":\"https:\/\/www.masharif.com\/fr\/#website\"},\"primaryImageOfPage\":{\"@id\":\"https:\/\/www.masharif.com\/fr\/2017\/05\/17\/grand-pardon-extrait-1-abdellatif-bhiri-safi-maroc\/#primaryimage\"},\"datePublished\":\"2017-05-17T04:04:58+00:00\",\"dateModified\":\"2017-05-17T04:04:58+00:00\",\"author\":{\"@id\":\"https:\/\/www.masharif.com\/fr\/#\/schema\/person\/839a7026efe9fa825134097c1041e4a0\"},\"breadcrumb\":{\"@id\":\"https:\/\/www.masharif.com\/fr\/2017\/05\/17\/grand-pardon-extrait-1-abdellatif-bhiri-safi-maroc\/#breadcrumb\"},\"inLanguage\":\"fr-FR\",\"potentialAction\":[{\"@type\":\"ReadAction\",\"target\":[\"https:\/\/www.masharif.com\/fr\/2017\/05\/17\/grand-pardon-extrait-1-abdellatif-bhiri-safi-maroc\/\"]}]},{\"@type\":\"BreadcrumbList\",\"@id\":\"https:\/\/www.masharif.com\/fr\/2017\/05\/17\/grand-pardon-extrait-1-abdellatif-bhiri-safi-maroc\/#breadcrumb\",\"itemListElement\":[{\"@type\":\"ListItem\",\"position\":1,\"name\":\"Home\",\"item\":\"https:\/\/www.masharif.com\/fr\/\"},{\"@type\":\"ListItem\",\"position\":2,\"name\":\"Le grand pardon (Extrait 1) par : Abdellatif Bhiri \u2013Safi &#8211; Maroc\"}]},{\"@type\":\"Person\",\"@id\":\"https:\/\/www.masharif.com\/fr\/#\/schema\/person\/839a7026efe9fa825134097c1041e4a0\",\"name\":\"Mohamed Salah Ben Amor\",\"image\":{\"@type\":\"ImageObject\",\"inLanguage\":\"fr-FR\",\"@id\":\"https:\/\/www.masharif.com\/fr\/#\/schema\/person\/image\/\",\"url\":\"https:\/\/secure.gravatar.com\/avatar\/f64806401ad5ed604ffec2272b19ef46?s=96&d=identicon&r=g\",\"contentUrl\":\"https:\/\/secure.gravatar.com\/avatar\/f64806401ad5ed604ffec2272b19ef46?s=96&d=identicon&r=g\",\"caption\":\"Mohamed Salah Ben Amor\"},\"sameAs\":[\"http:\/\/ben-amor.info\"],\"url\":\"https:\/\/www.masharif.com\/fr\/author\/msba\/\"}]}<\/script>\n<!-- \/ Yoast SEO plugin. -->","yoast_head_json":{"title":"Le grand pardon (Extrait 1) par : Abdellatif Bhiri \u2013Safi - Maroc - Culminances","robots":{"index":"index","follow":"follow","max-snippet":"max-snippet:-1","max-image-preview":"max-image-preview:large","max-video-preview":"max-video-preview:-1"},"canonical":"https:\/\/www.masharif.com\/fr\/2017\/05\/17\/grand-pardon-extrait-1-abdellatif-bhiri-safi-maroc\/","og_locale":"fr_FR","og_type":"article","og_title":"Le grand pardon (Extrait 1) par : Abdellatif Bhiri \u2013Safi - Maroc - Culminances","og_description":"&nbsp; J\u2019aurais tant aim\u00e9 \u00e9crire une lettre \u00e0 mon p\u00e8re de son vivant ! Mais, puisqu\u2019il n\u2019est plus l\u00e0, c\u2019est devenu plus simple et plus facile de m\u2019exprimer ! Cher P\u00e8re, Je sais maintenant que tu n\u2019as jamais \u00e9t\u00e9 l\u00e0 pour moi et ce depuis ma naissance. Mes semblables souffraient de l\u2019absence de leurs p\u00e8res ...","og_url":"https:\/\/www.masharif.com\/fr\/2017\/05\/17\/grand-pardon-extrait-1-abdellatif-bhiri-safi-maroc\/","og_site_name":"Culminances","article_published_time":"2017-05-17T04:04:58+00:00","og_image":[{"width":479,"height":720,"url":"https:\/\/www.masharif.com\/fr\/wp-content\/uploads\/2017\/05\/morocco-1125966_960_720.jpg","type":"image\/jpeg"}],"author":"Mohamed Salah Ben Amor","twitter_card":"summary","twitter_misc":{"\u00c9crit par":"Mohamed Salah Ben Amor","Dur\u00e9e de lecture estim\u00e9e":"2 minutes"},"schema":{"@context":"https:\/\/schema.org","@graph":[{"@type":"WebSite","@id":"https:\/\/www.masharif.com\/fr\/#website","url":"https:\/\/www.masharif.com\/fr\/","name":"Culminances","description":"","potentialAction":[{"@type":"SearchAction","target":{"@type":"EntryPoint","urlTemplate":"https:\/\/www.masharif.com\/fr\/?s={search_term_string}"},"query-input":"required name=search_term_string"}],"inLanguage":"fr-FR"},{"@type":"ImageObject","inLanguage":"fr-FR","@id":"https:\/\/www.masharif.com\/fr\/2017\/05\/17\/grand-pardon-extrait-1-abdellatif-bhiri-safi-maroc\/#primaryimage","url":"https:\/\/www.masharif.com\/fr\/wp-content\/uploads\/2017\/05\/morocco-1125966_960_720.jpg","contentUrl":"https:\/\/www.masharif.com\/fr\/wp-content\/uploads\/2017\/05\/morocco-1125966_960_720.jpg","width":479,"height":720},{"@type":"WebPage","@id":"https:\/\/www.masharif.com\/fr\/2017\/05\/17\/grand-pardon-extrait-1-abdellatif-bhiri-safi-maroc\/","url":"https:\/\/www.masharif.com\/fr\/2017\/05\/17\/grand-pardon-extrait-1-abdellatif-bhiri-safi-maroc\/","name":"Le grand pardon (Extrait 1) par : Abdellatif Bhiri \u2013Safi - Maroc - Culminances","isPartOf":{"@id":"https:\/\/www.masharif.com\/fr\/#website"},"primaryImageOfPage":{"@id":"https:\/\/www.masharif.com\/fr\/2017\/05\/17\/grand-pardon-extrait-1-abdellatif-bhiri-safi-maroc\/#primaryimage"},"datePublished":"2017-05-17T04:04:58+00:00","dateModified":"2017-05-17T04:04:58+00:00","author":{"@id":"https:\/\/www.masharif.com\/fr\/#\/schema\/person\/839a7026efe9fa825134097c1041e4a0"},"breadcrumb":{"@id":"https:\/\/www.masharif.com\/fr\/2017\/05\/17\/grand-pardon-extrait-1-abdellatif-bhiri-safi-maroc\/#breadcrumb"},"inLanguage":"fr-FR","potentialAction":[{"@type":"ReadAction","target":["https:\/\/www.masharif.com\/fr\/2017\/05\/17\/grand-pardon-extrait-1-abdellatif-bhiri-safi-maroc\/"]}]},{"@type":"BreadcrumbList","@id":"https:\/\/www.masharif.com\/fr\/2017\/05\/17\/grand-pardon-extrait-1-abdellatif-bhiri-safi-maroc\/#breadcrumb","itemListElement":[{"@type":"ListItem","position":1,"name":"Home","item":"https:\/\/www.masharif.com\/fr\/"},{"@type":"ListItem","position":2,"name":"Le grand pardon (Extrait 1) par : Abdellatif Bhiri \u2013Safi &#8211; Maroc"}]},{"@type":"Person","@id":"https:\/\/www.masharif.com\/fr\/#\/schema\/person\/839a7026efe9fa825134097c1041e4a0","name":"Mohamed Salah Ben Amor","image":{"@type":"ImageObject","inLanguage":"fr-FR","@id":"https:\/\/www.masharif.com\/fr\/#\/schema\/person\/image\/","url":"https:\/\/secure.gravatar.com\/avatar\/f64806401ad5ed604ffec2272b19ef46?s=96&d=identicon&r=g","contentUrl":"https:\/\/secure.gravatar.com\/avatar\/f64806401ad5ed604ffec2272b19ef46?s=96&d=identicon&r=g","caption":"Mohamed Salah Ben Amor"},"sameAs":["http:\/\/ben-amor.info"],"url":"https:\/\/www.masharif.com\/fr\/author\/msba\/"}]}},"_links":{"self":[{"href":"https:\/\/www.masharif.com\/fr\/wp-json\/wp\/v2\/posts\/5228"}],"collection":[{"href":"https:\/\/www.masharif.com\/fr\/wp-json\/wp\/v2\/posts"}],"about":[{"href":"https:\/\/www.masharif.com\/fr\/wp-json\/wp\/v2\/types\/post"}],"author":[{"embeddable":true,"href":"https:\/\/www.masharif.com\/fr\/wp-json\/wp\/v2\/users\/2"}],"replies":[{"embeddable":true,"href":"https:\/\/www.masharif.com\/fr\/wp-json\/wp\/v2\/comments?post=5228"}],"version-history":[{"count":1,"href":"https:\/\/www.masharif.com\/fr\/wp-json\/wp\/v2\/posts\/5228\/revisions"}],"predecessor-version":[{"id":5230,"href":"https:\/\/www.masharif.com\/fr\/wp-json\/wp\/v2\/posts\/5228\/revisions\/5230"}],"wp:featuredmedia":[{"embeddable":true,"href":"https:\/\/www.masharif.com\/fr\/wp-json\/wp\/v2\/media\/5229"}],"wp:attachment":[{"href":"https:\/\/www.masharif.com\/fr\/wp-json\/wp\/v2\/media?parent=5228"}],"wp:term":[{"taxonomy":"category","embeddable":true,"href":"https:\/\/www.masharif.com\/fr\/wp-json\/wp\/v2\/categories?post=5228"},{"taxonomy":"post_tag","embeddable":true,"href":"https:\/\/www.masharif.com\/fr\/wp-json\/wp\/v2\/tags?post=5228"}],"curies":[{"name":"wp","href":"https:\/\/api.w.org\/{rel}","templated":true}]}}