{"id":2796,"date":"2016-05-19T09:10:26","date_gmt":"2016-05-19T08:10:26","guid":{"rendered":"http:\/\/www.masharif.com\/fr\/?p=2796"},"modified":"2016-05-19T09:10:26","modified_gmt":"2016-05-19T08:10:26","slug":"pense-beaucoup-cimetiere-parhamdan-taher-al-maliky-baghdad-irak-3","status":"publish","type":"post","link":"https:\/\/www.masharif.com\/fr\/2016\/05\/19\/pense-beaucoup-cimetiere-parhamdan-taher-al-maliky-baghdad-irak-3\/","title":{"rendered":"Je pense beaucoup au cimeti\u00e8re par:Hamdan Taher Al-Maliky \u2013 Baghd\u00e2d \u2013 Irak"},"content":{"rendered":"<p style=\"text-align: right;\"><strong>\u0623\u0641\u0643\u0631\u0651\u064f \u0643\u062b\u064a\u0631\u064b\u0627 \u0641\u064a \u0627\u0644\u0645\u0642\u0628\u0631\u0629\u0650 &#8211; \u062d\u0645\u062f\u0627\u0646 \u0637\u0627\u0647\u0631 \u0627\u0644\u0645\u0627\u0644\u0643\u064a\u0651 \u2013 \u0634\u0627\u0639\u0631 \u0639\u0631\u0627\u0642\u064a\u0651<\/strong><\/p>\n<div id=\"attachment_2797\" style=\"width: 179px\" class=\"wp-caption alignnone\"><a href=\"http:\/\/www.masharif.com\/fr\/wp-content\/uploads\/2016\/05\/13055580_1230841443623521_7291875351224499973_n.jpg\" rel=\"attachment wp-att-2797\"><img aria-describedby=\"caption-attachment-2797\" loading=\"lazy\" class=\"wp-image-2797 size-medium\" src=\"http:\/\/www.masharif.com\/fr\/wp-content\/uploads\/2016\/05\/13055580_1230841443623521_7291875351224499973_n-169x300.jpg\" alt=\"13055580_1230841443623521_7291875351224499973_n\" width=\"169\" height=\"300\" srcset=\"https:\/\/www.masharif.com\/fr\/wp-content\/uploads\/2016\/05\/13055580_1230841443623521_7291875351224499973_n-169x300.jpg 169w, https:\/\/www.masharif.com\/fr\/wp-content\/uploads\/2016\/05\/13055580_1230841443623521_7291875351224499973_n.jpg 540w\" sizes=\"(max-width: 169px) 100vw, 169px\" \/><\/a><p id=\"caption-attachment-2797\" class=\"wp-caption-text\">Hamdan Taher Al-Maliky \u2013 Baghd\u00e2d \u2013 Irak<\/p><\/div>\n<p>&nbsp;<\/p>\n<p>&nbsp;<\/p>\n<p><strong>Je pense beaucoup au cimeti\u00e8re<\/strong><br \/>\n<strong>Et je ne sais pas pourquoi.<\/strong><br \/>\n<strong>Est-ce l\u2019image de mon fr\u00e8re\u00a0<\/strong><br \/>\n<strong>Qui me regarde chaque jour<\/strong><br \/>\n<strong>Du mur de la chambre ?<\/strong><br \/>\n<strong>Est-ce le cri de la femme<\/strong><br \/>\n<strong>Qui a trouv\u00e9 la main du vendeur de l\u00e9gumes<\/strong><br \/>\n<strong>Sur laquelle les odeurs de l\u2019orange et du sang se donnaient l\u2019accolade ?<\/strong><br \/>\n<strong>J\u2019ai pens\u00e9 \u00e0 la main du vendeur de l\u00e9gumes<\/strong><br \/>\n<strong>Hier elle m\u2019a rendu la monnaie<\/strong><br \/>\n<strong>Mais elle est maintenant ouverte<\/strong><br \/>\n<strong>Comme un puits abandonn\u00e9.<\/strong><br \/>\n<strong>Je pense beaucoup au march\u00e9<\/strong><br \/>\n<strong>Mais la main du vendeur de l\u00e9gumes<\/strong><br \/>\n<strong>Fait signe vers le cimeti\u00e8re<\/strong><\/p>\n<p>&nbsp;<\/p>\n<p style=\"text-align: right;\" align=\"right\"><strong><span dir=\"RTL\" lang=\"AR-SA\">\u0623\u0641\u0643\u0631\u0651\u064f \u0643\u062b\u064a\u0631\u064b\u0627 \u0641\u064a \u0627\u0644\u0645\u0642\u0628\u0631\u0629\u0650<\/span>\u00a0<\/strong><br \/>\n<strong><span dir=\"RTL\" lang=\"AR-SA\">\u0644\u0627 \u0623\u0639\u0631\u0641\u064f \u0644\u0645\u0627\u0630\u0627<\/span>\u00a0<\/strong><br \/>\n<strong><span dir=\"RTL\" lang=\"AR-SA\">\u0647\u0644 \u0647\u064a \u0635\u0648\u0631\u0629\u064f \u0623\u062e\u064a<\/span>\u00a0<\/strong><br \/>\n<strong><span dir=\"RTL\" lang=\"AR-SA\">\u0627\u0644\u062a\u064a \u062a\u0637\u0644\u0651\u064f \u0643\u0644\u0651\u064e \u064a\u0648\u0645\u064d \u0639\u0644\u064a\u0651\u064e<\/span>\u00a0<\/strong><br \/>\n<strong><span dir=\"RTL\" lang=\"AR-SA\">\u0645\u0646 \u062c\u062f\u0627\u0631\u0650 \u0627\u0644\u063a\u0631\u0641\u0629\u0650<\/span>\u00a0<\/strong><br \/>\n<strong><span dir=\"RTL\" lang=\"AR-SA\">\u0647\u0644 \u0647\u064a \u0635\u0631\u062e\u0629\u064f \u0627\u0644\u0645\u0631\u0623\u0629<\/span>\u00a0<\/strong><br \/>\n<strong><span dir=\"RTL\" lang=\"AR-SA\">\u062d\u064a\u0646\u064e \u0648\u062c\u062f\u062a\u064f \u064a\u062f\u064e \u0627\u0644\u0628\u0642\u0651\u0627\u0644\u0650<\/span>\u00a0<\/strong><br \/>\n<strong><span dir=\"RTL\" lang=\"AR-SA\">\u0639\u0644\u0649 \u0627\u0644\u064a\u062f\u0650 \u0643\u0627\u0646\u062a\u0652 \u0631\u0627\u0626\u062d\u0629\u064f \u0627\u0644\u0628\u0631\u062a\u0642\u0627\u0644\u0650 \u0648\u0627\u0644\u062f\u0651\u0645\u0650<\/span>\u00a0<\/strong><br \/>\n<strong><span dir=\"RTL\" lang=\"AR-SA\">\u062a\u062a\u0639\u0627\u0646\u0642\u0627\u0646\u0650<\/span>\u00a0<\/strong><br \/>\n<strong><span dir=\"RTL\" lang=\"AR-SA\">\u0641\u0643\u0651\u0631\u062a\u064f \u0641\u064a \u064a\u062f\u0650 \u0627\u0644\u0628\u0642\u0651\u0627\u0644\u0650<\/span>\u00a0<\/strong><br \/>\n<strong><span dir=\"RTL\" lang=\"AR-SA\">\u0628\u0627\u0644\u0623\u0645\u0633\u0650 \u0623\u0631\u062c\u0639\u062a\u0652 \u0644\u064a<\/span>\u00a0<\/strong><br \/>\n<strong><span dir=\"RTL\" lang=\"AR-SA\">\u0645\u0627 \u062a\u0628\u0642\u0651\u0649 \u0645\u0646 \u0627\u0644\u0646\u0651\u0642\u0648\u062f\u0650<\/span>\u00a0<\/strong><br \/>\n<strong><span dir=\"RTL\" lang=\"AR-SA\">\u0644\u0643\u0646\u0651\u0647\u0627 \u0627\u0644\u0622\u0646\u064e \u0645\u0641\u062a\u0648\u062d\u0629\u064c<\/span>\u00a0<\/strong><br \/>\n<strong><span dir=\"RTL\" lang=\"AR-SA\">\u0645\u062b\u0644\u064e \u0628\u0626\u0631\u064d \u0645\u0647\u062c\u0648\u0631\u0629\u064d<\/span>\u00a0<\/strong><br \/>\n<strong><span dir=\"RTL\" lang=\"AR-SA\">\u0623\u0641\u0643\u0651\u0631\u064f \u0643\u062b\u064a\u0631\u064b\u0627 \u0641\u064a \u0627\u0644\u0633\u0651\u0648\u0642\u0650<\/span>\u00a0<\/strong><br \/>\n<strong><span dir=\"RTL\" lang=\"AR-SA\">\u0644\u0643\u0646\u0651 \u064a\u062f\u064e \u0627\u0644\u0628\u0642\u0651\u0627\u0644\u0650<\/span>\u00a0<\/strong><br \/>\n<strong><span dir=\"RTL\" lang=\"AR-SA\">\u062a\u0634\u064a\u0631\u064f \u0625\u0644\u0649 \u0627\u0644\u0645\u0642\u0628\u0631\u0629\u0650<\/span><\/strong><\/p>\n","protected":false},"excerpt":{"rendered":"<p>\u0623\u0641\u0643\u0631\u0651\u064f \u0643\u062b\u064a\u0631\u064b\u0627 \u0641\u064a \u0627\u0644\u0645\u0642\u0628\u0631\u0629\u0650 &#8211; \u062d\u0645\u062f\u0627\u0646 \u0637\u0627\u0647\u0631 \u0627\u0644\u0645\u0627\u0644\u0643\u064a\u0651 \u2013 \u0634\u0627\u0639\u0631 \u0639\u0631\u0627\u0642\u064a\u0651 &nbsp; &nbsp; Je pense beaucoup au cimeti\u00e8re Et je ne sais pas pourquoi. Est-ce l\u2019image de mon fr\u00e8re\u00a0 Qui me regarde chaque jour Du mur de la chambre ? Est-ce le cri de la femme Qui a trouv\u00e9 la main du vendeur de l\u00e9gumes &#8230;<\/p>\n","protected":false},"author":2,"featured_media":2797,"comment_status":"open","ping_status":"open","sticky":false,"template":"","format":"standard","meta":[],"categories":[6],"tags":[],"yoast_head":"<!-- This site is optimized with the Yoast SEO plugin v19.3 - https:\/\/yoast.com\/wordpress\/plugins\/seo\/ -->\n<title>Je pense beaucoup au cimeti\u00e8re par:Hamdan Taher Al-Maliky \u2013 Baghd\u00e2d \u2013 Irak - Culminances<\/title>\n<meta name=\"robots\" content=\"index, follow, max-snippet:-1, max-image-preview:large, max-video-preview:-1\" \/>\n<link rel=\"canonical\" href=\"http:\/\/www.masharif.com\/fr\/2016\/05\/19\/pense-beaucoup-cimetiere-parhamdan-taher-al-maliky-baghdad-irak-3\/\" \/>\n<meta property=\"og:locale\" content=\"fr_FR\" \/>\n<meta property=\"og:type\" content=\"article\" \/>\n<meta property=\"og:title\" content=\"Je pense beaucoup au cimeti\u00e8re par:Hamdan Taher Al-Maliky \u2013 Baghd\u00e2d \u2013 Irak - Culminances\" \/>\n<meta property=\"og:description\" content=\"\u0623\u0641\u0643\u0631\u0651\u064f \u0643\u062b\u064a\u0631\u064b\u0627 \u0641\u064a \u0627\u0644\u0645\u0642\u0628\u0631\u0629\u0650 &#8211; \u062d\u0645\u062f\u0627\u0646 \u0637\u0627\u0647\u0631 \u0627\u0644\u0645\u0627\u0644\u0643\u064a\u0651 \u2013 \u0634\u0627\u0639\u0631 \u0639\u0631\u0627\u0642\u064a\u0651 &nbsp; &nbsp; Je pense beaucoup au cimeti\u00e8re Et je ne sais pas pourquoi. Est-ce l\u2019image de mon fr\u00e8re\u00a0 Qui me regarde chaque jour Du mur de la chambre ? Est-ce le cri de la femme Qui a trouv\u00e9 la main du vendeur de l\u00e9gumes ...\" \/>\n<meta property=\"og:url\" content=\"http:\/\/www.masharif.com\/fr\/2016\/05\/19\/pense-beaucoup-cimetiere-parhamdan-taher-al-maliky-baghdad-irak-3\/\" \/>\n<meta property=\"og:site_name\" content=\"Culminances\" \/>\n<meta property=\"article:published_time\" content=\"2016-05-19T08:10:26+00:00\" \/>\n<meta property=\"og:image\" content=\"http:\/\/www.masharif.com\/fr\/wp-content\/uploads\/2016\/05\/13055580_1230841443623521_7291875351224499973_n.jpg\" \/>\n\t<meta property=\"og:image:width\" content=\"540\" \/>\n\t<meta property=\"og:image:height\" content=\"960\" \/>\n\t<meta property=\"og:image:type\" content=\"image\/jpeg\" \/>\n<meta name=\"author\" content=\"Mohamed Salah Ben Amor\" \/>\n<meta name=\"twitter:card\" content=\"summary\" \/>\n<meta name=\"twitter:label1\" content=\"\u00c9crit par\" \/>\n\t<meta name=\"twitter:data1\" content=\"Mohamed Salah Ben Amor\" \/>\n\t<meta name=\"twitter:label2\" content=\"Dur\u00e9e de lecture estim\u00e9e\" \/>\n\t<meta name=\"twitter:data2\" content=\"1 minute\" \/>\n<script type=\"application\/ld+json\" class=\"yoast-schema-graph\">{\"@context\":\"https:\/\/schema.org\",\"@graph\":[{\"@type\":\"WebSite\",\"@id\":\"https:\/\/www.masharif.com\/fr\/#website\",\"url\":\"https:\/\/www.masharif.com\/fr\/\",\"name\":\"Culminances\",\"description\":\"\",\"potentialAction\":[{\"@type\":\"SearchAction\",\"target\":{\"@type\":\"EntryPoint\",\"urlTemplate\":\"https:\/\/www.masharif.com\/fr\/?s={search_term_string}\"},\"query-input\":\"required name=search_term_string\"}],\"inLanguage\":\"fr-FR\"},{\"@type\":\"ImageObject\",\"inLanguage\":\"fr-FR\",\"@id\":\"http:\/\/www.masharif.com\/fr\/2016\/05\/19\/pense-beaucoup-cimetiere-parhamdan-taher-al-maliky-baghdad-irak-3\/#primaryimage\",\"url\":\"https:\/\/www.masharif.com\/fr\/wp-content\/uploads\/2016\/05\/13055580_1230841443623521_7291875351224499973_n.jpg\",\"contentUrl\":\"https:\/\/www.masharif.com\/fr\/wp-content\/uploads\/2016\/05\/13055580_1230841443623521_7291875351224499973_n.jpg\",\"width\":540,\"height\":960},{\"@type\":\"WebPage\",\"@id\":\"http:\/\/www.masharif.com\/fr\/2016\/05\/19\/pense-beaucoup-cimetiere-parhamdan-taher-al-maliky-baghdad-irak-3\/\",\"url\":\"http:\/\/www.masharif.com\/fr\/2016\/05\/19\/pense-beaucoup-cimetiere-parhamdan-taher-al-maliky-baghdad-irak-3\/\",\"name\":\"Je pense beaucoup au cimeti\u00e8re par:Hamdan Taher Al-Maliky \u2013 Baghd\u00e2d \u2013 Irak - Culminances\",\"isPartOf\":{\"@id\":\"https:\/\/www.masharif.com\/fr\/#website\"},\"primaryImageOfPage\":{\"@id\":\"http:\/\/www.masharif.com\/fr\/2016\/05\/19\/pense-beaucoup-cimetiere-parhamdan-taher-al-maliky-baghdad-irak-3\/#primaryimage\"},\"datePublished\":\"2016-05-19T08:10:26+00:00\",\"dateModified\":\"2016-05-19T08:10:26+00:00\",\"author\":{\"@id\":\"https:\/\/www.masharif.com\/fr\/#\/schema\/person\/839a7026efe9fa825134097c1041e4a0\"},\"breadcrumb\":{\"@id\":\"http:\/\/www.masharif.com\/fr\/2016\/05\/19\/pense-beaucoup-cimetiere-parhamdan-taher-al-maliky-baghdad-irak-3\/#breadcrumb\"},\"inLanguage\":\"fr-FR\",\"potentialAction\":[{\"@type\":\"ReadAction\",\"target\":[\"http:\/\/www.masharif.com\/fr\/2016\/05\/19\/pense-beaucoup-cimetiere-parhamdan-taher-al-maliky-baghdad-irak-3\/\"]}]},{\"@type\":\"BreadcrumbList\",\"@id\":\"http:\/\/www.masharif.com\/fr\/2016\/05\/19\/pense-beaucoup-cimetiere-parhamdan-taher-al-maliky-baghdad-irak-3\/#breadcrumb\",\"itemListElement\":[{\"@type\":\"ListItem\",\"position\":1,\"name\":\"Home\",\"item\":\"https:\/\/www.masharif.com\/fr\/\"},{\"@type\":\"ListItem\",\"position\":2,\"name\":\"Je pense beaucoup au cimeti\u00e8re par:Hamdan Taher Al-Maliky \u2013 Baghd\u00e2d \u2013 Irak\"}]},{\"@type\":\"Person\",\"@id\":\"https:\/\/www.masharif.com\/fr\/#\/schema\/person\/839a7026efe9fa825134097c1041e4a0\",\"name\":\"Mohamed Salah Ben Amor\",\"image\":{\"@type\":\"ImageObject\",\"inLanguage\":\"fr-FR\",\"@id\":\"https:\/\/www.masharif.com\/fr\/#\/schema\/person\/image\/\",\"url\":\"https:\/\/secure.gravatar.com\/avatar\/f64806401ad5ed604ffec2272b19ef46?s=96&d=identicon&r=g\",\"contentUrl\":\"https:\/\/secure.gravatar.com\/avatar\/f64806401ad5ed604ffec2272b19ef46?s=96&d=identicon&r=g\",\"caption\":\"Mohamed Salah Ben Amor\"},\"sameAs\":[\"http:\/\/ben-amor.info\"],\"url\":\"https:\/\/www.masharif.com\/fr\/author\/msba\/\"}]}<\/script>\n<!-- \/ Yoast SEO plugin. -->","yoast_head_json":{"title":"Je pense beaucoup au cimeti\u00e8re par:Hamdan Taher Al-Maliky \u2013 Baghd\u00e2d \u2013 Irak - Culminances","robots":{"index":"index","follow":"follow","max-snippet":"max-snippet:-1","max-image-preview":"max-image-preview:large","max-video-preview":"max-video-preview:-1"},"canonical":"http:\/\/www.masharif.com\/fr\/2016\/05\/19\/pense-beaucoup-cimetiere-parhamdan-taher-al-maliky-baghdad-irak-3\/","og_locale":"fr_FR","og_type":"article","og_title":"Je pense beaucoup au cimeti\u00e8re par:Hamdan Taher Al-Maliky \u2013 Baghd\u00e2d \u2013 Irak - Culminances","og_description":"\u0623\u0641\u0643\u0631\u0651\u064f \u0643\u062b\u064a\u0631\u064b\u0627 \u0641\u064a \u0627\u0644\u0645\u0642\u0628\u0631\u0629\u0650 &#8211; \u062d\u0645\u062f\u0627\u0646 \u0637\u0627\u0647\u0631 \u0627\u0644\u0645\u0627\u0644\u0643\u064a\u0651 \u2013 \u0634\u0627\u0639\u0631 \u0639\u0631\u0627\u0642\u064a\u0651 &nbsp; &nbsp; Je pense beaucoup au cimeti\u00e8re Et je ne sais pas pourquoi. Est-ce l\u2019image de mon fr\u00e8re\u00a0 Qui me regarde chaque jour Du mur de la chambre ? Est-ce le cri de la femme Qui a trouv\u00e9 la main du vendeur de l\u00e9gumes ...","og_url":"http:\/\/www.masharif.com\/fr\/2016\/05\/19\/pense-beaucoup-cimetiere-parhamdan-taher-al-maliky-baghdad-irak-3\/","og_site_name":"Culminances","article_published_time":"2016-05-19T08:10:26+00:00","og_image":[{"width":540,"height":960,"url":"http:\/\/www.masharif.com\/fr\/wp-content\/uploads\/2016\/05\/13055580_1230841443623521_7291875351224499973_n.jpg","type":"image\/jpeg"}],"author":"Mohamed Salah Ben Amor","twitter_card":"summary","twitter_misc":{"\u00c9crit par":"Mohamed Salah Ben Amor","Dur\u00e9e de lecture estim\u00e9e":"1 minute"},"schema":{"@context":"https:\/\/schema.org","@graph":[{"@type":"WebSite","@id":"https:\/\/www.masharif.com\/fr\/#website","url":"https:\/\/www.masharif.com\/fr\/","name":"Culminances","description":"","potentialAction":[{"@type":"SearchAction","target":{"@type":"EntryPoint","urlTemplate":"https:\/\/www.masharif.com\/fr\/?s={search_term_string}"},"query-input":"required name=search_term_string"}],"inLanguage":"fr-FR"},{"@type":"ImageObject","inLanguage":"fr-FR","@id":"http:\/\/www.masharif.com\/fr\/2016\/05\/19\/pense-beaucoup-cimetiere-parhamdan-taher-al-maliky-baghdad-irak-3\/#primaryimage","url":"https:\/\/www.masharif.com\/fr\/wp-content\/uploads\/2016\/05\/13055580_1230841443623521_7291875351224499973_n.jpg","contentUrl":"https:\/\/www.masharif.com\/fr\/wp-content\/uploads\/2016\/05\/13055580_1230841443623521_7291875351224499973_n.jpg","width":540,"height":960},{"@type":"WebPage","@id":"http:\/\/www.masharif.com\/fr\/2016\/05\/19\/pense-beaucoup-cimetiere-parhamdan-taher-al-maliky-baghdad-irak-3\/","url":"http:\/\/www.masharif.com\/fr\/2016\/05\/19\/pense-beaucoup-cimetiere-parhamdan-taher-al-maliky-baghdad-irak-3\/","name":"Je pense beaucoup au cimeti\u00e8re par:Hamdan Taher Al-Maliky \u2013 Baghd\u00e2d \u2013 Irak - Culminances","isPartOf":{"@id":"https:\/\/www.masharif.com\/fr\/#website"},"primaryImageOfPage":{"@id":"http:\/\/www.masharif.com\/fr\/2016\/05\/19\/pense-beaucoup-cimetiere-parhamdan-taher-al-maliky-baghdad-irak-3\/#primaryimage"},"datePublished":"2016-05-19T08:10:26+00:00","dateModified":"2016-05-19T08:10:26+00:00","author":{"@id":"https:\/\/www.masharif.com\/fr\/#\/schema\/person\/839a7026efe9fa825134097c1041e4a0"},"breadcrumb":{"@id":"http:\/\/www.masharif.com\/fr\/2016\/05\/19\/pense-beaucoup-cimetiere-parhamdan-taher-al-maliky-baghdad-irak-3\/#breadcrumb"},"inLanguage":"fr-FR","potentialAction":[{"@type":"ReadAction","target":["http:\/\/www.masharif.com\/fr\/2016\/05\/19\/pense-beaucoup-cimetiere-parhamdan-taher-al-maliky-baghdad-irak-3\/"]}]},{"@type":"BreadcrumbList","@id":"http:\/\/www.masharif.com\/fr\/2016\/05\/19\/pense-beaucoup-cimetiere-parhamdan-taher-al-maliky-baghdad-irak-3\/#breadcrumb","itemListElement":[{"@type":"ListItem","position":1,"name":"Home","item":"https:\/\/www.masharif.com\/fr\/"},{"@type":"ListItem","position":2,"name":"Je pense beaucoup au cimeti\u00e8re par:Hamdan Taher Al-Maliky \u2013 Baghd\u00e2d \u2013 Irak"}]},{"@type":"Person","@id":"https:\/\/www.masharif.com\/fr\/#\/schema\/person\/839a7026efe9fa825134097c1041e4a0","name":"Mohamed Salah Ben Amor","image":{"@type":"ImageObject","inLanguage":"fr-FR","@id":"https:\/\/www.masharif.com\/fr\/#\/schema\/person\/image\/","url":"https:\/\/secure.gravatar.com\/avatar\/f64806401ad5ed604ffec2272b19ef46?s=96&d=identicon&r=g","contentUrl":"https:\/\/secure.gravatar.com\/avatar\/f64806401ad5ed604ffec2272b19ef46?s=96&d=identicon&r=g","caption":"Mohamed Salah Ben Amor"},"sameAs":["http:\/\/ben-amor.info"],"url":"https:\/\/www.masharif.com\/fr\/author\/msba\/"}]}},"_links":{"self":[{"href":"https:\/\/www.masharif.com\/fr\/wp-json\/wp\/v2\/posts\/2796"}],"collection":[{"href":"https:\/\/www.masharif.com\/fr\/wp-json\/wp\/v2\/posts"}],"about":[{"href":"https:\/\/www.masharif.com\/fr\/wp-json\/wp\/v2\/types\/post"}],"author":[{"embeddable":true,"href":"https:\/\/www.masharif.com\/fr\/wp-json\/wp\/v2\/users\/2"}],"replies":[{"embeddable":true,"href":"https:\/\/www.masharif.com\/fr\/wp-json\/wp\/v2\/comments?post=2796"}],"version-history":[{"count":1,"href":"https:\/\/www.masharif.com\/fr\/wp-json\/wp\/v2\/posts\/2796\/revisions"}],"predecessor-version":[{"id":2798,"href":"https:\/\/www.masharif.com\/fr\/wp-json\/wp\/v2\/posts\/2796\/revisions\/2798"}],"wp:featuredmedia":[{"embeddable":true,"href":"https:\/\/www.masharif.com\/fr\/wp-json\/wp\/v2\/media\/2797"}],"wp:attachment":[{"href":"https:\/\/www.masharif.com\/fr\/wp-json\/wp\/v2\/media?parent=2796"}],"wp:term":[{"taxonomy":"category","embeddable":true,"href":"https:\/\/www.masharif.com\/fr\/wp-json\/wp\/v2\/categories?post=2796"},{"taxonomy":"post_tag","embeddable":true,"href":"https:\/\/www.masharif.com\/fr\/wp-json\/wp\/v2\/tags?post=2796"}],"curies":[{"name":"wp","href":"https:\/\/api.w.org\/{rel}","templated":true}]}}