{"id":2640,"date":"2016-05-03T12:42:08","date_gmt":"2016-05-03T11:42:08","guid":{"rendered":"http:\/\/www.masharif.com\/fr\/?p=2640"},"modified":"2016-05-03T12:42:08","modified_gmt":"2016-05-03T11:42:08","slug":"nai-plus-de-pli-paul-nwesla-biyong-douala-cameroun","status":"publish","type":"post","link":"https:\/\/www.masharif.com\/fr\/2016\/05\/03\/nai-plus-de-pli-paul-nwesla-biyong-douala-cameroun\/","title":{"rendered":"Je n&#8217;ai plus de pli  par : Paul Nwesla Biyong \u2013 Douala- Cameroun"},"content":{"rendered":"<div id=\"attachment_2641\" style=\"width: 310px\" class=\"wp-caption alignnone\"><a href=\"http:\/\/www.masharif.com\/fr\/wp-content\/uploads\/2016\/05\/11026092_10202672908824137_1096103223780156114_n.jpg\" rel=\"attachment wp-att-2641\"><img aria-describedby=\"caption-attachment-2641\" loading=\"lazy\" class=\"wp-image-2641 size-medium\" src=\"http:\/\/www.masharif.com\/fr\/wp-content\/uploads\/2016\/05\/11026092_10202672908824137_1096103223780156114_n-300x300.jpg\" alt=\"11026092_10202672908824137_1096103223780156114_n\" width=\"300\" height=\"300\" srcset=\"https:\/\/www.masharif.com\/fr\/wp-content\/uploads\/2016\/05\/11026092_10202672908824137_1096103223780156114_n-300x300.jpg 300w, https:\/\/www.masharif.com\/fr\/wp-content\/uploads\/2016\/05\/11026092_10202672908824137_1096103223780156114_n-150x150.jpg 150w, https:\/\/www.masharif.com\/fr\/wp-content\/uploads\/2016\/05\/11026092_10202672908824137_1096103223780156114_n-768x768.jpg 768w, https:\/\/www.masharif.com\/fr\/wp-content\/uploads\/2016\/05\/11026092_10202672908824137_1096103223780156114_n-55x55.jpg 55w, https:\/\/www.masharif.com\/fr\/wp-content\/uploads\/2016\/05\/11026092_10202672908824137_1096103223780156114_n.jpg 838w\" sizes=\"(max-width: 300px) 100vw, 300px\" \/><\/a><p id=\"caption-attachment-2641\" class=\"wp-caption-text\">Paul Nwesla Biyong \u2013 Douala- Cameroun<\/p><\/div>\n<p><a href=\"http:\/\/www.masharif.com\/fr\/wp-content\/uploads\/2016\/05\/hypocrisie4-800x500.jpg\" rel=\"attachment wp-att-2642\"><img loading=\"lazy\" class=\"alignnone size-medium wp-image-2642\" src=\"http:\/\/www.masharif.com\/fr\/wp-content\/uploads\/2016\/05\/hypocrisie4-800x500-300x188.jpg\" alt=\"hypocrisie4-800x500\" width=\"300\" height=\"188\" srcset=\"https:\/\/www.masharif.com\/fr\/wp-content\/uploads\/2016\/05\/hypocrisie4-800x500-300x188.jpg 300w, https:\/\/www.masharif.com\/fr\/wp-content\/uploads\/2016\/05\/hypocrisie4-800x500-768x480.jpg 768w, https:\/\/www.masharif.com\/fr\/wp-content\/uploads\/2016\/05\/hypocrisie4-800x500.jpg 800w\" sizes=\"(max-width: 300px) 100vw, 300px\" \/><\/a><\/p>\n<p>&nbsp;<\/p>\n<p><strong>Je n&#8217;ai plus de pli<\/strong><br \/>\n<strong> Le syst\u00e8me m&#8217;a poli<\/strong><br \/>\n<strong> S&#8217;il restait un relief la<\/strong><br \/>\n<strong> Vulve l&#8217;a aplani<\/strong><\/p>\n<p><strong>Le poids du para\u00eetre presse l&#8217;\u00eatre<\/strong><br \/>\n<strong> Redondance\u00a0<\/strong><br \/>\n<strong> Je me vois tel que je fuis<\/strong><br \/>\n<strong> Le mauvais\u00a0<\/strong><br \/>\n<strong> Ma s\u00e8ve et mon \u00e9piderme<\/strong><br \/>\n<strong> Plus<\/strong><br \/>\n<strong> L&#8217;atmosph\u00e8re et tout le\u00a0<\/strong><br \/>\n<strong> Cosmos<\/strong><\/p>\n<p><strong>Je n&#8217;ai plus de pli<\/strong><br \/>\n<strong> Ni de surprise sous la manche<\/strong><br \/>\n<strong> J&#8217;\u00e9gorge mes reproches \u00e0 l&#8217;autel de la r\u00e9uchute<\/strong><br \/>\n<strong> Il faut tirer son \u00e9pingle du jeu\u00a0<\/strong><br \/>\n<strong> Sans juger ni changer<\/strong><br \/>\n<strong> \u00c9changer fond facettes et faci\u00e8s\u00a0<\/strong><br \/>\n<strong> En affirmant ressemblance l\u00e0 o\u00f9 elle n&#8217;existe pas<\/strong><br \/>\n<strong> Le quotidien standardise tout le monde<\/strong><\/p>\n<p><strong>Priv\u00e9 de r\u00eave j&#8217;\u00e9cris de l&#8217;apo\u00e9sie<\/strong><br \/>\n<strong> La Lune est tr\u00e8s loin alors j&#8217;amende la Terre<\/strong><br \/>\n<strong> O\u00f9 les femmes enfantent des herbes nuisibles\u00a0<\/strong><br \/>\n<strong> Des hommes tu crois<\/strong><br \/>\n<strong> Des herbes nuisibles te dis-je<\/strong><br \/>\n<strong> Origines de mon encre am\u00e8re<\/strong><br \/>\n<strong> J&#8217;aspire au ciel<\/strong><br \/>\n<strong> Son sel ravigoterait mes cellules<\/strong><br \/>\n<strong> Loin de cette passion triangulaire<\/strong><br \/>\n<strong> Le gain le sexe le sceptre<\/strong><\/p>\n<p><strong>Tu sais<\/strong><br \/>\n<strong> Je n&#8217;ai plus de pli<\/strong><br \/>\n<strong> Peu importe l&#8217;analyse des bien-pensants<\/strong><br \/>\n<strong> Leur valise coupe le bien et les laisse pansant<\/strong><br \/>\n<strong> Alors je n&#8217;ai plus de pli<\/strong><br \/>\n<strong> Aucune surprise sous la manche\u00a0<\/strong><br \/>\n<strong> A quoi servirait-il d&#8217;\u00eatre exceptionnel<\/strong><br \/>\n<strong> Sarkozis\u00e9 Eto&#8217;o\u00efs\u00e9 Bieberis\u00e9 Christis\u00e9<\/strong><br \/>\n<strong> O Seigneur<\/strong><br \/>\n<strong> Vive les cr\u00e9atures sans relief !<\/strong><\/p>\n<p>&nbsp;<\/p>\n<p><strong>Commentaire de Mohamed Salah Ben Amor\u00a0:<\/strong><\/p>\n<p>Si le regard d\u00e9solant que porte l\u2019auteur de ce po\u00e8me sur l\u2019autre et le monde nous est habituel, \u00e9tant pr\u00e9sent dans presque tous les \u00e9crits que nous lui ont lus et comment\u00e9s depuis 2009 et si ce regard ne d\u00e9coule pas d\u2019un courant de pens\u00e9e pessimiste donn\u00e9 auquel le po\u00e8te aurait adh\u00e9r\u00e9 mais d\u2019une observation directe et objective de la situation d\u00e9grad\u00e9e qui pr\u00e9vaut \u00e0 l\u2019\u00e9chelle plan\u00e9taire \u00e0 partir de son continent l\u2019Afrique, le th\u00e8me qu\u2019il aborde cette fois et la fa\u00e7on dont il le traite sont totalement nouveaux. Ce th\u00e8me est l\u2019appauvrissement fatal et dramatique qui a touch\u00e9, selon lui, l\u2019esp\u00e8ce humaine dont lui-m\u00eame et qui a eu pour effet deux cons\u00e9quences graves\u00a0: d\u2019abord l\u2019an\u00e9antissement de ce qui \u00e9tait le plus riche en elle, \u00e0 savoir \u00a0la singularit\u00e9 de ses individus au sein\u00a0 de son unit\u00e9 (<strong>Je n&#8217;ai plus de pli \/Le syst\u00e8me m&#8217;a poli\/S&#8217;il restait un relief la Vulve l&#8217;a aplani &#8211; Le quotidien<\/strong> <strong>standardise tout le monde<\/strong> ), cette singularit\u00e9 \u00e0 laquelle nous devons les grands g\u00e9nies dans tous les domaines scientifique, technique, politique, intellectuel\u00a0 artistique \u2026etc. qui ont grandement contribu\u00e9 au progr\u00e8s de notre civilisation sur terre\u00a0, du fait que l\u2019esprit cr\u00e9ateur a toujours \u00e9t\u00e9 l\u2019apanage d\u2019une \u00e9lite extr\u00eamement restreinte et dont les individus sortaient du commun .La deuxi\u00e8me cons\u00e9quence grave de cette uniformit\u00e9 st\u00e9rilisante est \u00a0que les nouvelles g\u00e9n\u00e9rations, en plus de leur absence de dons,\u00a0 sont vers\u00e9es dans le Mal que le po\u00e8te appelle \u00abpassion triangulaire\u00a0\u00bb(\u00a0 gain , sexe \u00a0et sceptre\u00a0)et pour arriver \u00e0 leurs fins elles ne font que nuire \u00e0 tout ce qui les entoure <strong>(O\u00f9 les femmes enfantent des herbes nuisibles\/\u00a0Des hommes tu crois\/Des herbes nuisibles te dis-je<\/strong>), sans compter le mensonge , l\u2019hypocrisie, l\u2019opportunisme&#8230;\u00a0 (<strong>Il faut tirer son \u00e9pingle du jeu\/\u00a0Sans juger ni changer\/\u00c9changer fond facettes et faci\u00e8s\/\u00a0En affirmant ressemblance l\u00e0 o\u00f9 elle n&#8217;existe pa<\/strong>s). Ainsi donc si nous croyons le po\u00e8te, il ne r\u00e8gne aujourd\u2019hui sur terre que l\u2019improductivit\u00e9, l\u2019infertilit\u00e9, la platitude, la m\u00e9diocrit\u00e9 d\u2019un c\u00f4t\u00e9 et l\u2019agressivit\u00e9 et la nuisibilit\u00e9 de l\u2019autre. Mais m\u00eame si nous croyons les propos qu&#8217;il tient sur le changement grave qui s&#8217;est op\u00e9r\u00e9 sur la nature humaine \u00e0 notre &amp;poque, il nous est difficile d&#8217;admettre que ce po\u00e8te qui nous connaissons militant et combattif \u00a0puisse jeter les armes aussi facilement; en d\u00e9clarant solennellement\u00a0: (<strong>Alors je n&#8217;ai plus de pli\/Aucune surprise sous la manche\/ A quoi servirait-il d&#8217;\u00eatre exceptionnel &#8211; O Seigneur\/ Vive les cr\u00e9atures sans relief !<\/strong>).Il ne s\u2019agit sans doute que d\u2019un \u00e9tat d\u2019\u00e2me passager, de ces \u00e9tats par lesquels passent tous les militants du monde.<\/p>\n<p>Sur le plan du style, l\u2019\u00e9criture de ce po\u00e8te se caract\u00e9rise, comme d\u2019habitud, par la prolif\u00e9ration des connotations et des \u00e9carts , la conception d\u2019images \u00e9tincelantes, \u00a0le rythme interne soutenu gr\u00e2ce aux redondances finement choisies et bien cibl\u00e9es et par son ton critique acerbe, d\u2019o\u00f9 une singularit\u00e9 sans faille qui contredit ce que l\u2019auteur a essay\u00e9 de nous faire croire\u00a0!<\/p>\n<p>&nbsp;<\/p>\n<p>&nbsp;<\/p>\n","protected":false},"excerpt":{"rendered":"<p>&nbsp; Je n&#8217;ai plus de pli Le syst\u00e8me m&#8217;a poli S&#8217;il restait un relief la Vulve l&#8217;a aplani Le poids du para\u00eetre presse l&#8217;\u00eatre Redondance\u00a0 Je me vois tel que je fuis Le mauvais\u00a0 Ma s\u00e8ve et mon \u00e9piderme Plus L&#8217;atmosph\u00e8re et tout le\u00a0 Cosmos Je n&#8217;ai plus de pli Ni de surprise sous la &#8230;<\/p>\n","protected":false},"author":2,"featured_media":2641,"comment_status":"open","ping_status":"open","sticky":false,"template":"","format":"standard","meta":[],"categories":[8],"tags":[],"yoast_head":"<!-- This site is optimized with the Yoast SEO plugin v19.3 - https:\/\/yoast.com\/wordpress\/plugins\/seo\/ -->\n<title>Je n&#039;ai plus de pli par : Paul Nwesla Biyong \u2013 Douala- Cameroun - Culminances<\/title>\n<meta name=\"robots\" content=\"index, follow, max-snippet:-1, max-image-preview:large, max-video-preview:-1\" \/>\n<link rel=\"canonical\" href=\"https:\/\/www.masharif.com\/fr\/2016\/05\/03\/nai-plus-de-pli-paul-nwesla-biyong-douala-cameroun\/\" \/>\n<meta property=\"og:locale\" content=\"fr_FR\" \/>\n<meta property=\"og:type\" content=\"article\" \/>\n<meta property=\"og:title\" content=\"Je n&#039;ai plus de pli par : Paul Nwesla Biyong \u2013 Douala- Cameroun - Culminances\" \/>\n<meta property=\"og:description\" content=\"&nbsp; Je n&#8217;ai plus de pli Le syst\u00e8me m&#8217;a poli S&#8217;il restait un relief la Vulve l&#8217;a aplani Le poids du para\u00eetre presse l&#8217;\u00eatre Redondance\u00a0 Je me vois tel que je fuis Le mauvais\u00a0 Ma s\u00e8ve et mon \u00e9piderme Plus L&#8217;atmosph\u00e8re et tout le\u00a0 Cosmos Je n&#8217;ai plus de pli Ni de surprise sous la ...\" \/>\n<meta property=\"og:url\" content=\"https:\/\/www.masharif.com\/fr\/2016\/05\/03\/nai-plus-de-pli-paul-nwesla-biyong-douala-cameroun\/\" \/>\n<meta property=\"og:site_name\" content=\"Culminances\" \/>\n<meta property=\"article:published_time\" content=\"2016-05-03T11:42:08+00:00\" \/>\n<meta property=\"og:image\" content=\"https:\/\/www.masharif.com\/fr\/wp-content\/uploads\/2016\/05\/11026092_10202672908824137_1096103223780156114_n.jpg\" \/>\n\t<meta property=\"og:image:width\" content=\"838\" \/>\n\t<meta property=\"og:image:height\" content=\"838\" \/>\n\t<meta property=\"og:image:type\" content=\"image\/jpeg\" \/>\n<meta name=\"author\" content=\"Mohamed Salah Ben Amor\" \/>\n<meta name=\"twitter:card\" content=\"summary\" \/>\n<meta name=\"twitter:label1\" content=\"\u00c9crit par\" \/>\n\t<meta name=\"twitter:data1\" content=\"Mohamed Salah Ben Amor\" \/>\n\t<meta name=\"twitter:label2\" content=\"Dur\u00e9e de lecture estim\u00e9e\" \/>\n\t<meta name=\"twitter:data2\" content=\"4 minutes\" \/>\n<script type=\"application\/ld+json\" class=\"yoast-schema-graph\">{\"@context\":\"https:\/\/schema.org\",\"@graph\":[{\"@type\":\"WebSite\",\"@id\":\"https:\/\/www.masharif.com\/fr\/#website\",\"url\":\"https:\/\/www.masharif.com\/fr\/\",\"name\":\"Culminances\",\"description\":\"\",\"potentialAction\":[{\"@type\":\"SearchAction\",\"target\":{\"@type\":\"EntryPoint\",\"urlTemplate\":\"https:\/\/www.masharif.com\/fr\/?s={search_term_string}\"},\"query-input\":\"required name=search_term_string\"}],\"inLanguage\":\"fr-FR\"},{\"@type\":\"ImageObject\",\"inLanguage\":\"fr-FR\",\"@id\":\"https:\/\/www.masharif.com\/fr\/2016\/05\/03\/nai-plus-de-pli-paul-nwesla-biyong-douala-cameroun\/#primaryimage\",\"url\":\"https:\/\/www.masharif.com\/fr\/wp-content\/uploads\/2016\/05\/11026092_10202672908824137_1096103223780156114_n.jpg\",\"contentUrl\":\"https:\/\/www.masharif.com\/fr\/wp-content\/uploads\/2016\/05\/11026092_10202672908824137_1096103223780156114_n.jpg\",\"width\":838,\"height\":838},{\"@type\":\"WebPage\",\"@id\":\"https:\/\/www.masharif.com\/fr\/2016\/05\/03\/nai-plus-de-pli-paul-nwesla-biyong-douala-cameroun\/\",\"url\":\"https:\/\/www.masharif.com\/fr\/2016\/05\/03\/nai-plus-de-pli-paul-nwesla-biyong-douala-cameroun\/\",\"name\":\"Je n'ai plus de pli par : Paul Nwesla Biyong \u2013 Douala- Cameroun - Culminances\",\"isPartOf\":{\"@id\":\"https:\/\/www.masharif.com\/fr\/#website\"},\"primaryImageOfPage\":{\"@id\":\"https:\/\/www.masharif.com\/fr\/2016\/05\/03\/nai-plus-de-pli-paul-nwesla-biyong-douala-cameroun\/#primaryimage\"},\"datePublished\":\"2016-05-03T11:42:08+00:00\",\"dateModified\":\"2016-05-03T11:42:08+00:00\",\"author\":{\"@id\":\"https:\/\/www.masharif.com\/fr\/#\/schema\/person\/839a7026efe9fa825134097c1041e4a0\"},\"breadcrumb\":{\"@id\":\"https:\/\/www.masharif.com\/fr\/2016\/05\/03\/nai-plus-de-pli-paul-nwesla-biyong-douala-cameroun\/#breadcrumb\"},\"inLanguage\":\"fr-FR\",\"potentialAction\":[{\"@type\":\"ReadAction\",\"target\":[\"https:\/\/www.masharif.com\/fr\/2016\/05\/03\/nai-plus-de-pli-paul-nwesla-biyong-douala-cameroun\/\"]}]},{\"@type\":\"BreadcrumbList\",\"@id\":\"https:\/\/www.masharif.com\/fr\/2016\/05\/03\/nai-plus-de-pli-paul-nwesla-biyong-douala-cameroun\/#breadcrumb\",\"itemListElement\":[{\"@type\":\"ListItem\",\"position\":1,\"name\":\"Home\",\"item\":\"https:\/\/www.masharif.com\/fr\/\"},{\"@type\":\"ListItem\",\"position\":2,\"name\":\"Je n&#8217;ai plus de pli par : Paul Nwesla Biyong \u2013 Douala- Cameroun\"}]},{\"@type\":\"Person\",\"@id\":\"https:\/\/www.masharif.com\/fr\/#\/schema\/person\/839a7026efe9fa825134097c1041e4a0\",\"name\":\"Mohamed Salah Ben Amor\",\"image\":{\"@type\":\"ImageObject\",\"inLanguage\":\"fr-FR\",\"@id\":\"https:\/\/www.masharif.com\/fr\/#\/schema\/person\/image\/\",\"url\":\"https:\/\/secure.gravatar.com\/avatar\/f64806401ad5ed604ffec2272b19ef46?s=96&d=identicon&r=g\",\"contentUrl\":\"https:\/\/secure.gravatar.com\/avatar\/f64806401ad5ed604ffec2272b19ef46?s=96&d=identicon&r=g\",\"caption\":\"Mohamed Salah Ben Amor\"},\"sameAs\":[\"http:\/\/ben-amor.info\"],\"url\":\"https:\/\/www.masharif.com\/fr\/author\/msba\/\"}]}<\/script>\n<!-- \/ Yoast SEO plugin. -->","yoast_head_json":{"title":"Je n'ai plus de pli par : Paul Nwesla Biyong \u2013 Douala- Cameroun - Culminances","robots":{"index":"index","follow":"follow","max-snippet":"max-snippet:-1","max-image-preview":"max-image-preview:large","max-video-preview":"max-video-preview:-1"},"canonical":"https:\/\/www.masharif.com\/fr\/2016\/05\/03\/nai-plus-de-pli-paul-nwesla-biyong-douala-cameroun\/","og_locale":"fr_FR","og_type":"article","og_title":"Je n'ai plus de pli par : Paul Nwesla Biyong \u2013 Douala- Cameroun - Culminances","og_description":"&nbsp; Je n&#8217;ai plus de pli Le syst\u00e8me m&#8217;a poli S&#8217;il restait un relief la Vulve l&#8217;a aplani Le poids du para\u00eetre presse l&#8217;\u00eatre Redondance\u00a0 Je me vois tel que je fuis Le mauvais\u00a0 Ma s\u00e8ve et mon \u00e9piderme Plus L&#8217;atmosph\u00e8re et tout le\u00a0 Cosmos Je n&#8217;ai plus de pli Ni de surprise sous la ...","og_url":"https:\/\/www.masharif.com\/fr\/2016\/05\/03\/nai-plus-de-pli-paul-nwesla-biyong-douala-cameroun\/","og_site_name":"Culminances","article_published_time":"2016-05-03T11:42:08+00:00","og_image":[{"width":838,"height":838,"url":"https:\/\/www.masharif.com\/fr\/wp-content\/uploads\/2016\/05\/11026092_10202672908824137_1096103223780156114_n.jpg","type":"image\/jpeg"}],"author":"Mohamed Salah Ben Amor","twitter_card":"summary","twitter_misc":{"\u00c9crit par":"Mohamed Salah Ben Amor","Dur\u00e9e de lecture estim\u00e9e":"4 minutes"},"schema":{"@context":"https:\/\/schema.org","@graph":[{"@type":"WebSite","@id":"https:\/\/www.masharif.com\/fr\/#website","url":"https:\/\/www.masharif.com\/fr\/","name":"Culminances","description":"","potentialAction":[{"@type":"SearchAction","target":{"@type":"EntryPoint","urlTemplate":"https:\/\/www.masharif.com\/fr\/?s={search_term_string}"},"query-input":"required name=search_term_string"}],"inLanguage":"fr-FR"},{"@type":"ImageObject","inLanguage":"fr-FR","@id":"https:\/\/www.masharif.com\/fr\/2016\/05\/03\/nai-plus-de-pli-paul-nwesla-biyong-douala-cameroun\/#primaryimage","url":"https:\/\/www.masharif.com\/fr\/wp-content\/uploads\/2016\/05\/11026092_10202672908824137_1096103223780156114_n.jpg","contentUrl":"https:\/\/www.masharif.com\/fr\/wp-content\/uploads\/2016\/05\/11026092_10202672908824137_1096103223780156114_n.jpg","width":838,"height":838},{"@type":"WebPage","@id":"https:\/\/www.masharif.com\/fr\/2016\/05\/03\/nai-plus-de-pli-paul-nwesla-biyong-douala-cameroun\/","url":"https:\/\/www.masharif.com\/fr\/2016\/05\/03\/nai-plus-de-pli-paul-nwesla-biyong-douala-cameroun\/","name":"Je n'ai plus de pli par : Paul Nwesla Biyong \u2013 Douala- Cameroun - Culminances","isPartOf":{"@id":"https:\/\/www.masharif.com\/fr\/#website"},"primaryImageOfPage":{"@id":"https:\/\/www.masharif.com\/fr\/2016\/05\/03\/nai-plus-de-pli-paul-nwesla-biyong-douala-cameroun\/#primaryimage"},"datePublished":"2016-05-03T11:42:08+00:00","dateModified":"2016-05-03T11:42:08+00:00","author":{"@id":"https:\/\/www.masharif.com\/fr\/#\/schema\/person\/839a7026efe9fa825134097c1041e4a0"},"breadcrumb":{"@id":"https:\/\/www.masharif.com\/fr\/2016\/05\/03\/nai-plus-de-pli-paul-nwesla-biyong-douala-cameroun\/#breadcrumb"},"inLanguage":"fr-FR","potentialAction":[{"@type":"ReadAction","target":["https:\/\/www.masharif.com\/fr\/2016\/05\/03\/nai-plus-de-pli-paul-nwesla-biyong-douala-cameroun\/"]}]},{"@type":"BreadcrumbList","@id":"https:\/\/www.masharif.com\/fr\/2016\/05\/03\/nai-plus-de-pli-paul-nwesla-biyong-douala-cameroun\/#breadcrumb","itemListElement":[{"@type":"ListItem","position":1,"name":"Home","item":"https:\/\/www.masharif.com\/fr\/"},{"@type":"ListItem","position":2,"name":"Je n&#8217;ai plus de pli par : Paul Nwesla Biyong \u2013 Douala- Cameroun"}]},{"@type":"Person","@id":"https:\/\/www.masharif.com\/fr\/#\/schema\/person\/839a7026efe9fa825134097c1041e4a0","name":"Mohamed Salah Ben Amor","image":{"@type":"ImageObject","inLanguage":"fr-FR","@id":"https:\/\/www.masharif.com\/fr\/#\/schema\/person\/image\/","url":"https:\/\/secure.gravatar.com\/avatar\/f64806401ad5ed604ffec2272b19ef46?s=96&d=identicon&r=g","contentUrl":"https:\/\/secure.gravatar.com\/avatar\/f64806401ad5ed604ffec2272b19ef46?s=96&d=identicon&r=g","caption":"Mohamed Salah Ben Amor"},"sameAs":["http:\/\/ben-amor.info"],"url":"https:\/\/www.masharif.com\/fr\/author\/msba\/"}]}},"_links":{"self":[{"href":"https:\/\/www.masharif.com\/fr\/wp-json\/wp\/v2\/posts\/2640"}],"collection":[{"href":"https:\/\/www.masharif.com\/fr\/wp-json\/wp\/v2\/posts"}],"about":[{"href":"https:\/\/www.masharif.com\/fr\/wp-json\/wp\/v2\/types\/post"}],"author":[{"embeddable":true,"href":"https:\/\/www.masharif.com\/fr\/wp-json\/wp\/v2\/users\/2"}],"replies":[{"embeddable":true,"href":"https:\/\/www.masharif.com\/fr\/wp-json\/wp\/v2\/comments?post=2640"}],"version-history":[{"count":1,"href":"https:\/\/www.masharif.com\/fr\/wp-json\/wp\/v2\/posts\/2640\/revisions"}],"predecessor-version":[{"id":2643,"href":"https:\/\/www.masharif.com\/fr\/wp-json\/wp\/v2\/posts\/2640\/revisions\/2643"}],"wp:featuredmedia":[{"embeddable":true,"href":"https:\/\/www.masharif.com\/fr\/wp-json\/wp\/v2\/media\/2641"}],"wp:attachment":[{"href":"https:\/\/www.masharif.com\/fr\/wp-json\/wp\/v2\/media?parent=2640"}],"wp:term":[{"taxonomy":"category","embeddable":true,"href":"https:\/\/www.masharif.com\/fr\/wp-json\/wp\/v2\/categories?post=2640"},{"taxonomy":"post_tag","embeddable":true,"href":"https:\/\/www.masharif.com\/fr\/wp-json\/wp\/v2\/tags?post=2640"}],"curies":[{"name":"wp","href":"https:\/\/api.w.org\/{rel}","templated":true}]}}