{"id":2085,"date":"2016-02-04T11:53:43","date_gmt":"2016-02-04T10:53:43","guid":{"rendered":"http:\/\/www.masharif.com\/fr\/?p=2085"},"modified":"2016-02-05T13:27:01","modified_gmt":"2016-02-05T12:27:01","slug":"entre-les-bras-de-la-nuit-par-fattoum-abidi-poetesse-tunisienne-france","status":"publish","type":"post","link":"https:\/\/www.masharif.com\/fr\/2016\/02\/04\/entre-les-bras-de-la-nuit-par-fattoum-abidi-poetesse-tunisienne-france\/","title":{"rendered":"Entre les bras de la nuit  par : Fattoum Abidi \u2013po\u00e9tesse tunisienne \u2013 France"},"content":{"rendered":"<div id=\"attachment_1100\" style=\"width: 310px\" class=\"wp-caption alignnone\"><a href=\"http:\/\/www.masharif.com\/fr\/wp-content\/uploads\/2015\/10\/10959746_10203450134675898_8908535498151273991_n.jpg\" rel=\"attachment wp-att-1100\"><img aria-describedby=\"caption-attachment-1100\" loading=\"lazy\" class=\"wp-image-1100 size-medium\" src=\"http:\/\/www.masharif.com\/fr\/wp-content\/uploads\/2015\/10\/10959746_10203450134675898_8908535498151273991_n-300x300.jpg\" alt=\"10959746_10203450134675898_8908535498151273991_n\" width=\"300\" height=\"300\" srcset=\"https:\/\/www.masharif.com\/fr\/wp-content\/uploads\/2015\/10\/10959746_10203450134675898_8908535498151273991_n-300x300.jpg 300w, https:\/\/www.masharif.com\/fr\/wp-content\/uploads\/2015\/10\/10959746_10203450134675898_8908535498151273991_n-150x150.jpg 150w, https:\/\/www.masharif.com\/fr\/wp-content\/uploads\/2015\/10\/10959746_10203450134675898_8908535498151273991_n-55x55.jpg 55w, https:\/\/www.masharif.com\/fr\/wp-content\/uploads\/2015\/10\/10959746_10203450134675898_8908535498151273991_n.jpg 320w\" sizes=\"(max-width: 300px) 100vw, 300px\" \/><\/a><p id=\"caption-attachment-1100\" class=\"wp-caption-text\">Fattoum Abidi \u2013po\u00e9tesse tunisienne \u2013 France<\/p><\/div>\n<p><a href=\"http:\/\/www.masharif.com\/fr\/wp-content\/uploads\/2016\/02\/12124427_10156101091740261_1903606992_o.jpg\" rel=\"attachment wp-att-2100\"><img loading=\"lazy\" class=\"alignnone size-medium wp-image-2100\" src=\"http:\/\/www.masharif.com\/fr\/wp-content\/uploads\/2016\/02\/12124427_10156101091740261_1903606992_o-300x206.jpg\" alt=\"12124427_10156101091740261_1903606992_o\" width=\"300\" height=\"206\" srcset=\"https:\/\/www.masharif.com\/fr\/wp-content\/uploads\/2016\/02\/12124427_10156101091740261_1903606992_o-300x206.jpg 300w, https:\/\/www.masharif.com\/fr\/wp-content\/uploads\/2016\/02\/12124427_10156101091740261_1903606992_o-768x527.jpg 768w, https:\/\/www.masharif.com\/fr\/wp-content\/uploads\/2016\/02\/12124427_10156101091740261_1903606992_o-1024x702.jpg 1024w, https:\/\/www.masharif.com\/fr\/wp-content\/uploads\/2016\/02\/12124427_10156101091740261_1903606992_o.jpg 1200w\" sizes=\"(max-width: 300px) 100vw, 300px\" \/><\/a><\/p>\n<p><a href=\"http:\/\/www.masharif.com\/fr\/wp-content\/uploads\/2016\/02\/stock-photo-84372357-silhouette-single-thai-woman-sit-on-curve-coconut-tree.jpg\" rel=\"attachment wp-att-2086\"><img loading=\"lazy\" class=\"alignnone size-medium wp-image-2086\" src=\"http:\/\/www.masharif.com\/fr\/wp-content\/uploads\/2016\/02\/stock-photo-84372357-silhouette-single-thai-woman-sit-on-curve-coconut-tree-300x220.jpg\" alt=\"stock-photo-84372357-silhouette-single-thai-woman-sit-on-curve-coconut-tree\" width=\"300\" height=\"220\" srcset=\"https:\/\/www.masharif.com\/fr\/wp-content\/uploads\/2016\/02\/stock-photo-84372357-silhouette-single-thai-woman-sit-on-curve-coconut-tree-300x220.jpg 300w, https:\/\/www.masharif.com\/fr\/wp-content\/uploads\/2016\/02\/stock-photo-84372357-silhouette-single-thai-woman-sit-on-curve-coconut-tree.jpg 556w\" sizes=\"(max-width: 300px) 100vw, 300px\" \/><\/a><\/p>\n<p><strong>Entre les bras de la nuit<\/strong><br \/>\n<strong>Se positionne mon corps<\/strong><br \/>\n<strong>M\u00e9dite mon \u00e2me<\/strong><br \/>\n<strong>Cogite mon esprit<\/strong><br \/>\n<strong>Et griffonne ma plume.<\/strong><\/p>\n<p><strong>Le calme habille mon \u00eatre<\/strong><br \/>\n<strong>Depuis sa robe vedette<\/strong><br \/>\n<strong>Je regarde l\u2019horizon<\/strong><br \/>\n<strong>Et je contemple la beaut\u00e9 du temps.<\/strong><\/p>\n<p><strong>Mes oiseaux dorment<\/strong><br \/>\n<strong>Ils sont perch\u00e9s<\/strong><br \/>\n<strong>Sur mon arbre<\/strong><br \/>\n<strong>O\u00f9 on \u00e9coute le murmure de la douce nature.<\/strong><\/p>\n<p><strong>Entre les bras de la sagesse<\/strong><br \/>\n<strong>Je pars dans une ivresse,<\/strong><br \/>\n<strong>Le temps est chaud<\/strong><br \/>\n<strong>Mais mon c\u0153ur s\u2019\u00e9vanouit dans le chant de la nuit.<\/strong><\/p>\n<p><strong>Sur la chaise du temps,<\/strong><br \/>\n<strong>Je m\u2019assois et je chante,<\/strong><br \/>\n<strong>Je m\u00e9dite et je danse<\/strong><br \/>\n<strong>Et ma colombe part avec mon message d\u2019amour universel.<\/strong><\/p>\n<p>&nbsp;<\/p>\n<p><strong>Commentaire de Mohamed Salah Ben Amor :<\/strong><\/p>\n<p>Parmi les concepts les plus pertinents \u00e9labor\u00e9s par les critiques arabes la diff\u00e9renciation qu\u2019ils \u00e9tablissaient entre \u00ab le sujet \u00bb ( \u0645\u0648\u0636\u0648\u0639) et \u00abl&#8217;objectif \u00bb (\u063a\u0631\u0636 ) par lequel ils voulaient dire \u00ab th\u00e8me \u00bb. Ainsi un sujet amoureux comme, \u00e0 titre d\u2019exemple, la souffrance caus\u00e9e par la s\u00e9paration avec la bien-aim\u00e9e peut bien\u00a0 \u00eatre dans un po\u00e8me \u00e9logieux un simple moyen pour apitoyer un \u00e9mir ou un haut notable et l\u2019inciter \u00e0 doubler la prime. Ce qui s\u2019applique exactement \u00e0 ce po\u00e8me o\u00f9 sont r\u00e9unis les principaux ingr\u00e9dients du romantisme : solitude, nature, contemplation, mots \u00e0 forte charge \u00e9motive (relevant tous du \u00ab c\u0153ur \u00bb) mais dont la vis\u00e9e est intellectuelle : l\u2019apologie de l\u2019universalisme (une pr\u00e9occupation de l\u2019esprit). De ce fait, l\u2019objectif annonc\u00e9 dans l\u2019ultime vers a transf\u00e9r\u00e9 le texte d\u2019un genre po\u00e9tique \u00e0 un autre, du lyrisme \u00e0 la po\u00e9sie de r\u00e9flexion. Et ce passage est important, vu la dimension humaine de ce nouveau courant ou plus pr\u00e9cis\u00e9ment de cette nouvelle id\u00e9ologie qui est en train de gagner de plus en plus d\u2019adeptes gr\u00e2ce \u00e0 la mont\u00e9e des r\u00e9seaux sociaux de par le monde et de sa victoire aussi bien que de son \u00e9chec\u00a0 dans les ann\u00e9es venir d\u00e9pendra l\u2019avenir de l\u2019homme sur terre, vu la situation catastrophique dans laquelle se d\u00e9bat aujourd\u2019hui l\u2019humanit\u00e9 \u00e0 cause de l\u2019h\u00e9g\u00e9monie, de l\u2019ethnocentrisme, du racisme et de la x\u00e9nophobie des occidentaux et leurs cons\u00e9quences d\u00e9sastreuses directes :la haine, le fanatisme et le terrorisme dans le Sud de la plan\u00e8te, une situation qui ne pourra\u00a0 \u00eatre d\u00e9bloqu\u00e9e d\u00e9finitivement que par la vulgarisation \u00e0 grande \u00e9chelle d\u2019une nouvelle culture bas\u00e9e sur la solidarit\u00e9 , la tol\u00e9rance et le respect de l\u2019homme par l\u2019homme. Et pour \u00eatre diffus\u00e9, cette culture a besoin, entre autre; de po\u00e8tes, d\u2018\u00e9crivains et d\u2019artistes dans tous les pays du monde .<br \/>\nVoici donc une tentative de\u00a0 d\u00e9veloppement du message de l\u2019auteure\u00a0 auquel nous adh\u00e9rons sans la moindre h\u00e9sitation.<br \/>\nUn po\u00e8me profond, finement con\u00e7u et \u00e9crit dans une langue accessible \u00e0 la majorit\u00e9 des amateurs de l\u2019art po\u00e9tique .<\/p>\n","protected":false},"excerpt":{"rendered":"<p>Entre les bras de la nuit Se positionne mon corps M\u00e9dite mon \u00e2me Cogite mon esprit Et griffonne ma plume. Le calme habille mon \u00eatre Depuis sa robe vedette Je regarde l\u2019horizon Et je contemple la beaut\u00e9 du temps. Mes oiseaux dorment Ils sont perch\u00e9s Sur mon arbre O\u00f9 on \u00e9coute le murmure de la &#8230;<\/p>\n","protected":false},"author":2,"featured_media":1100,"comment_status":"open","ping_status":"open","sticky":false,"template":"","format":"standard","meta":[],"categories":[8],"tags":[],"yoast_head":"<!-- This site is optimized with the Yoast SEO plugin v19.3 - https:\/\/yoast.com\/wordpress\/plugins\/seo\/ -->\n<title>Entre les bras de la nuit par : Fattoum Abidi \u2013po\u00e9tesse tunisienne \u2013 France - Culminances<\/title>\n<meta name=\"robots\" content=\"index, follow, max-snippet:-1, max-image-preview:large, max-video-preview:-1\" \/>\n<link rel=\"canonical\" href=\"https:\/\/www.masharif.com\/fr\/2016\/02\/04\/entre-les-bras-de-la-nuit-par-fattoum-abidi-poetesse-tunisienne-france\/\" \/>\n<meta property=\"og:locale\" content=\"fr_FR\" \/>\n<meta property=\"og:type\" content=\"article\" \/>\n<meta property=\"og:title\" content=\"Entre les bras de la nuit par : Fattoum Abidi \u2013po\u00e9tesse tunisienne \u2013 France - Culminances\" \/>\n<meta property=\"og:description\" content=\"Entre les bras de la nuit Se positionne mon corps M\u00e9dite mon \u00e2me Cogite mon esprit Et griffonne ma plume. Le calme habille mon \u00eatre Depuis sa robe vedette Je regarde l\u2019horizon Et je contemple la beaut\u00e9 du temps. Mes oiseaux dorment Ils sont perch\u00e9s Sur mon arbre O\u00f9 on \u00e9coute le murmure de la ...\" \/>\n<meta property=\"og:url\" content=\"https:\/\/www.masharif.com\/fr\/2016\/02\/04\/entre-les-bras-de-la-nuit-par-fattoum-abidi-poetesse-tunisienne-france\/\" \/>\n<meta property=\"og:site_name\" content=\"Culminances\" \/>\n<meta property=\"article:published_time\" content=\"2016-02-04T10:53:43+00:00\" \/>\n<meta property=\"article:modified_time\" content=\"2016-02-05T12:27:01+00:00\" \/>\n<meta property=\"og:image\" content=\"https:\/\/www.masharif.com\/fr\/wp-content\/uploads\/2015\/10\/10959746_10203450134675898_8908535498151273991_n.jpg\" \/>\n\t<meta property=\"og:image:width\" content=\"320\" \/>\n\t<meta property=\"og:image:height\" content=\"320\" \/>\n\t<meta property=\"og:image:type\" content=\"image\/jpeg\" \/>\n<meta name=\"author\" content=\"Mohamed Salah Ben Amor\" \/>\n<meta name=\"twitter:card\" content=\"summary\" \/>\n<meta name=\"twitter:label1\" content=\"\u00c9crit par\" \/>\n\t<meta name=\"twitter:data1\" content=\"Mohamed Salah Ben Amor\" \/>\n\t<meta name=\"twitter:label2\" content=\"Dur\u00e9e de lecture estim\u00e9e\" \/>\n\t<meta name=\"twitter:data2\" content=\"3 minutes\" \/>\n<script type=\"application\/ld+json\" class=\"yoast-schema-graph\">{\"@context\":\"https:\/\/schema.org\",\"@graph\":[{\"@type\":\"WebSite\",\"@id\":\"https:\/\/www.masharif.com\/fr\/#website\",\"url\":\"https:\/\/www.masharif.com\/fr\/\",\"name\":\"Culminances\",\"description\":\"\",\"potentialAction\":[{\"@type\":\"SearchAction\",\"target\":{\"@type\":\"EntryPoint\",\"urlTemplate\":\"https:\/\/www.masharif.com\/fr\/?s={search_term_string}\"},\"query-input\":\"required name=search_term_string\"}],\"inLanguage\":\"fr-FR\"},{\"@type\":\"ImageObject\",\"inLanguage\":\"fr-FR\",\"@id\":\"https:\/\/www.masharif.com\/fr\/2016\/02\/04\/entre-les-bras-de-la-nuit-par-fattoum-abidi-poetesse-tunisienne-france\/#primaryimage\",\"url\":\"https:\/\/www.masharif.com\/fr\/wp-content\/uploads\/2015\/10\/10959746_10203450134675898_8908535498151273991_n.jpg\",\"contentUrl\":\"https:\/\/www.masharif.com\/fr\/wp-content\/uploads\/2015\/10\/10959746_10203450134675898_8908535498151273991_n.jpg\",\"width\":320,\"height\":320},{\"@type\":\"WebPage\",\"@id\":\"https:\/\/www.masharif.com\/fr\/2016\/02\/04\/entre-les-bras-de-la-nuit-par-fattoum-abidi-poetesse-tunisienne-france\/\",\"url\":\"https:\/\/www.masharif.com\/fr\/2016\/02\/04\/entre-les-bras-de-la-nuit-par-fattoum-abidi-poetesse-tunisienne-france\/\",\"name\":\"Entre les bras de la nuit par : Fattoum Abidi \u2013po\u00e9tesse tunisienne \u2013 France - Culminances\",\"isPartOf\":{\"@id\":\"https:\/\/www.masharif.com\/fr\/#website\"},\"primaryImageOfPage\":{\"@id\":\"https:\/\/www.masharif.com\/fr\/2016\/02\/04\/entre-les-bras-de-la-nuit-par-fattoum-abidi-poetesse-tunisienne-france\/#primaryimage\"},\"datePublished\":\"2016-02-04T10:53:43+00:00\",\"dateModified\":\"2016-02-05T12:27:01+00:00\",\"author\":{\"@id\":\"https:\/\/www.masharif.com\/fr\/#\/schema\/person\/839a7026efe9fa825134097c1041e4a0\"},\"breadcrumb\":{\"@id\":\"https:\/\/www.masharif.com\/fr\/2016\/02\/04\/entre-les-bras-de-la-nuit-par-fattoum-abidi-poetesse-tunisienne-france\/#breadcrumb\"},\"inLanguage\":\"fr-FR\",\"potentialAction\":[{\"@type\":\"ReadAction\",\"target\":[\"https:\/\/www.masharif.com\/fr\/2016\/02\/04\/entre-les-bras-de-la-nuit-par-fattoum-abidi-poetesse-tunisienne-france\/\"]}]},{\"@type\":\"BreadcrumbList\",\"@id\":\"https:\/\/www.masharif.com\/fr\/2016\/02\/04\/entre-les-bras-de-la-nuit-par-fattoum-abidi-poetesse-tunisienne-france\/#breadcrumb\",\"itemListElement\":[{\"@type\":\"ListItem\",\"position\":1,\"name\":\"Home\",\"item\":\"https:\/\/www.masharif.com\/fr\/\"},{\"@type\":\"ListItem\",\"position\":2,\"name\":\"Entre les bras de la nuit par : Fattoum Abidi \u2013po\u00e9tesse tunisienne \u2013 France\"}]},{\"@type\":\"Person\",\"@id\":\"https:\/\/www.masharif.com\/fr\/#\/schema\/person\/839a7026efe9fa825134097c1041e4a0\",\"name\":\"Mohamed Salah Ben Amor\",\"image\":{\"@type\":\"ImageObject\",\"inLanguage\":\"fr-FR\",\"@id\":\"https:\/\/www.masharif.com\/fr\/#\/schema\/person\/image\/\",\"url\":\"https:\/\/secure.gravatar.com\/avatar\/f64806401ad5ed604ffec2272b19ef46?s=96&d=identicon&r=g\",\"contentUrl\":\"https:\/\/secure.gravatar.com\/avatar\/f64806401ad5ed604ffec2272b19ef46?s=96&d=identicon&r=g\",\"caption\":\"Mohamed Salah Ben Amor\"},\"sameAs\":[\"http:\/\/ben-amor.info\"],\"url\":\"https:\/\/www.masharif.com\/fr\/author\/msba\/\"}]}<\/script>\n<!-- \/ Yoast SEO plugin. -->","yoast_head_json":{"title":"Entre les bras de la nuit par : Fattoum Abidi \u2013po\u00e9tesse tunisienne \u2013 France - Culminances","robots":{"index":"index","follow":"follow","max-snippet":"max-snippet:-1","max-image-preview":"max-image-preview:large","max-video-preview":"max-video-preview:-1"},"canonical":"https:\/\/www.masharif.com\/fr\/2016\/02\/04\/entre-les-bras-de-la-nuit-par-fattoum-abidi-poetesse-tunisienne-france\/","og_locale":"fr_FR","og_type":"article","og_title":"Entre les bras de la nuit par : Fattoum Abidi \u2013po\u00e9tesse tunisienne \u2013 France - Culminances","og_description":"Entre les bras de la nuit Se positionne mon corps M\u00e9dite mon \u00e2me Cogite mon esprit Et griffonne ma plume. Le calme habille mon \u00eatre Depuis sa robe vedette Je regarde l\u2019horizon Et je contemple la beaut\u00e9 du temps. Mes oiseaux dorment Ils sont perch\u00e9s Sur mon arbre O\u00f9 on \u00e9coute le murmure de la ...","og_url":"https:\/\/www.masharif.com\/fr\/2016\/02\/04\/entre-les-bras-de-la-nuit-par-fattoum-abidi-poetesse-tunisienne-france\/","og_site_name":"Culminances","article_published_time":"2016-02-04T10:53:43+00:00","article_modified_time":"2016-02-05T12:27:01+00:00","og_image":[{"width":320,"height":320,"url":"https:\/\/www.masharif.com\/fr\/wp-content\/uploads\/2015\/10\/10959746_10203450134675898_8908535498151273991_n.jpg","type":"image\/jpeg"}],"author":"Mohamed Salah Ben Amor","twitter_card":"summary","twitter_misc":{"\u00c9crit par":"Mohamed Salah Ben Amor","Dur\u00e9e de lecture estim\u00e9e":"3 minutes"},"schema":{"@context":"https:\/\/schema.org","@graph":[{"@type":"WebSite","@id":"https:\/\/www.masharif.com\/fr\/#website","url":"https:\/\/www.masharif.com\/fr\/","name":"Culminances","description":"","potentialAction":[{"@type":"SearchAction","target":{"@type":"EntryPoint","urlTemplate":"https:\/\/www.masharif.com\/fr\/?s={search_term_string}"},"query-input":"required name=search_term_string"}],"inLanguage":"fr-FR"},{"@type":"ImageObject","inLanguage":"fr-FR","@id":"https:\/\/www.masharif.com\/fr\/2016\/02\/04\/entre-les-bras-de-la-nuit-par-fattoum-abidi-poetesse-tunisienne-france\/#primaryimage","url":"https:\/\/www.masharif.com\/fr\/wp-content\/uploads\/2015\/10\/10959746_10203450134675898_8908535498151273991_n.jpg","contentUrl":"https:\/\/www.masharif.com\/fr\/wp-content\/uploads\/2015\/10\/10959746_10203450134675898_8908535498151273991_n.jpg","width":320,"height":320},{"@type":"WebPage","@id":"https:\/\/www.masharif.com\/fr\/2016\/02\/04\/entre-les-bras-de-la-nuit-par-fattoum-abidi-poetesse-tunisienne-france\/","url":"https:\/\/www.masharif.com\/fr\/2016\/02\/04\/entre-les-bras-de-la-nuit-par-fattoum-abidi-poetesse-tunisienne-france\/","name":"Entre les bras de la nuit par : Fattoum Abidi \u2013po\u00e9tesse tunisienne \u2013 France - Culminances","isPartOf":{"@id":"https:\/\/www.masharif.com\/fr\/#website"},"primaryImageOfPage":{"@id":"https:\/\/www.masharif.com\/fr\/2016\/02\/04\/entre-les-bras-de-la-nuit-par-fattoum-abidi-poetesse-tunisienne-france\/#primaryimage"},"datePublished":"2016-02-04T10:53:43+00:00","dateModified":"2016-02-05T12:27:01+00:00","author":{"@id":"https:\/\/www.masharif.com\/fr\/#\/schema\/person\/839a7026efe9fa825134097c1041e4a0"},"breadcrumb":{"@id":"https:\/\/www.masharif.com\/fr\/2016\/02\/04\/entre-les-bras-de-la-nuit-par-fattoum-abidi-poetesse-tunisienne-france\/#breadcrumb"},"inLanguage":"fr-FR","potentialAction":[{"@type":"ReadAction","target":["https:\/\/www.masharif.com\/fr\/2016\/02\/04\/entre-les-bras-de-la-nuit-par-fattoum-abidi-poetesse-tunisienne-france\/"]}]},{"@type":"BreadcrumbList","@id":"https:\/\/www.masharif.com\/fr\/2016\/02\/04\/entre-les-bras-de-la-nuit-par-fattoum-abidi-poetesse-tunisienne-france\/#breadcrumb","itemListElement":[{"@type":"ListItem","position":1,"name":"Home","item":"https:\/\/www.masharif.com\/fr\/"},{"@type":"ListItem","position":2,"name":"Entre les bras de la nuit par : Fattoum Abidi \u2013po\u00e9tesse tunisienne \u2013 France"}]},{"@type":"Person","@id":"https:\/\/www.masharif.com\/fr\/#\/schema\/person\/839a7026efe9fa825134097c1041e4a0","name":"Mohamed Salah Ben Amor","image":{"@type":"ImageObject","inLanguage":"fr-FR","@id":"https:\/\/www.masharif.com\/fr\/#\/schema\/person\/image\/","url":"https:\/\/secure.gravatar.com\/avatar\/f64806401ad5ed604ffec2272b19ef46?s=96&d=identicon&r=g","contentUrl":"https:\/\/secure.gravatar.com\/avatar\/f64806401ad5ed604ffec2272b19ef46?s=96&d=identicon&r=g","caption":"Mohamed Salah Ben Amor"},"sameAs":["http:\/\/ben-amor.info"],"url":"https:\/\/www.masharif.com\/fr\/author\/msba\/"}]}},"_links":{"self":[{"href":"https:\/\/www.masharif.com\/fr\/wp-json\/wp\/v2\/posts\/2085"}],"collection":[{"href":"https:\/\/www.masharif.com\/fr\/wp-json\/wp\/v2\/posts"}],"about":[{"href":"https:\/\/www.masharif.com\/fr\/wp-json\/wp\/v2\/types\/post"}],"author":[{"embeddable":true,"href":"https:\/\/www.masharif.com\/fr\/wp-json\/wp\/v2\/users\/2"}],"replies":[{"embeddable":true,"href":"https:\/\/www.masharif.com\/fr\/wp-json\/wp\/v2\/comments?post=2085"}],"version-history":[{"count":3,"href":"https:\/\/www.masharif.com\/fr\/wp-json\/wp\/v2\/posts\/2085\/revisions"}],"predecessor-version":[{"id":2102,"href":"https:\/\/www.masharif.com\/fr\/wp-json\/wp\/v2\/posts\/2085\/revisions\/2102"}],"wp:featuredmedia":[{"embeddable":true,"href":"https:\/\/www.masharif.com\/fr\/wp-json\/wp\/v2\/media\/1100"}],"wp:attachment":[{"href":"https:\/\/www.masharif.com\/fr\/wp-json\/wp\/v2\/media?parent=2085"}],"wp:term":[{"taxonomy":"category","embeddable":true,"href":"https:\/\/www.masharif.com\/fr\/wp-json\/wp\/v2\/categories?post=2085"},{"taxonomy":"post_tag","embeddable":true,"href":"https:\/\/www.masharif.com\/fr\/wp-json\/wp\/v2\/tags?post=2085"}],"curies":[{"name":"wp","href":"https:\/\/api.w.org\/{rel}","templated":true}]}}