{"id":1811,"date":"2015-12-30T12:37:56","date_gmt":"2015-12-30T11:37:56","guid":{"rendered":"http:\/\/www.masharif.com\/fr\/?p=1811"},"modified":"2015-12-30T14:47:07","modified_gmt":"2015-12-30T13:47:07","slug":"moi-et-le-reve-par-oumaima-ibrahim-damas-syrie","status":"publish","type":"post","link":"https:\/\/www.masharif.com\/fr\/2015\/12\/30\/moi-et-le-reve-par-oumaima-ibrahim-damas-syrie\/","title":{"rendered":"Moi et le r\u00eave  par :Oumaima Ibrahim \u2013Damas \u2013Syrie"},"content":{"rendered":"<div id=\"attachment_1180\" style=\"width: 310px\" class=\"wp-caption alignnone\"><a href=\"http:\/\/www.masharif.com\/fr\/wp-content\/uploads\/2015\/10\/11074718_415329895310680_8921383249746428528_n2.jpg\"><img aria-describedby=\"caption-attachment-1180\" loading=\"lazy\" class=\"wp-image-1180 size-medium\" src=\"http:\/\/www.masharif.com\/fr\/wp-content\/uploads\/2015\/10\/11074718_415329895310680_8921383249746428528_n2-300x300.jpg\" alt=\"11074718_415329895310680_8921383249746428528_n\" width=\"300\" height=\"300\" srcset=\"https:\/\/www.masharif.com\/fr\/wp-content\/uploads\/2015\/10\/11074718_415329895310680_8921383249746428528_n2-300x300.jpg 300w, https:\/\/www.masharif.com\/fr\/wp-content\/uploads\/2015\/10\/11074718_415329895310680_8921383249746428528_n2-150x150.jpg 150w, https:\/\/www.masharif.com\/fr\/wp-content\/uploads\/2015\/10\/11074718_415329895310680_8921383249746428528_n2-55x55.jpg 55w, https:\/\/www.masharif.com\/fr\/wp-content\/uploads\/2015\/10\/11074718_415329895310680_8921383249746428528_n2.jpg 480w\" sizes=\"(max-width: 300px) 100vw, 300px\" \/><\/a><p id=\"caption-attachment-1180\" class=\"wp-caption-text\">Oumaima Ibrahim \u2013Damas \u2013Syrie<\/p><\/div>\n<p><a href=\"http:\/\/www.masharif.com\/fr\/wp-content\/uploads\/2015\/12\/stock-illustration-47114968-virtual-colors.jpg\"><img loading=\"lazy\" class=\"alignnone size-medium wp-image-1812\" src=\"http:\/\/www.masharif.com\/fr\/wp-content\/uploads\/2015\/12\/stock-illustration-47114968-virtual-colors-300x225.jpg\" alt=\"stock-illustration-47114968-virtual-colors\" width=\"300\" height=\"225\" srcset=\"https:\/\/www.masharif.com\/fr\/wp-content\/uploads\/2015\/12\/stock-illustration-47114968-virtual-colors-300x225.jpg 300w, https:\/\/www.masharif.com\/fr\/wp-content\/uploads\/2015\/12\/stock-illustration-47114968-virtual-colors.jpg 556w\" sizes=\"(max-width: 300px) 100vw, 300px\" \/><\/a><br \/>\n<strong>1-<\/strong><\/p>\n<p><strong>Je veux un r\u00eave et une histoire<\/strong><br \/>\n<strong>Les cheveux ont blanchi<\/strong><br \/>\n<strong>Sans \u00a0rien arriver de pareil aux r\u00eaves.<\/strong><\/p>\n<p><strong>2-<\/strong><\/p>\n<p><strong>Comment arriverai-je \u00e0 toi en r\u00eave<\/strong><br \/>\n<strong>Alors que le r\u00eave est entre tes mains<\/strong><br \/>\n<strong>Et que tu ne cesses de l\u2019allumer ?<\/strong><br \/>\n<strong>Ou bien j\u2019arriverai \u00e0 toi en cachette<\/strong><br \/>\n<strong>Apr\u00e8s m\u2019\u00eatre d\u00e9v\u00eatue de mes d\u00e9sirs ardents et te les avoir jet\u00e9s dans les yeux ?<\/strong><br \/>\n<strong>Ou bien encore en montant dans le balcon des empressements <\/strong><br \/>\n<strong>Telle une histoire de jasmins, de papillons et de parfums ?<\/strong><\/p>\n<p><strong>3-<\/strong><\/p>\n<p><strong>Pendant mon enfance ma m\u00e8re \u00e9tait grand\u2019m\u00e8re<\/strong><br \/>\n<strong>Tandis que moi j\u2019\u00e9tais encore fillette<\/strong><br \/>\n<strong>Je montais l\u2019\u00e9chelle du r\u00eave<\/strong><br \/>\n<strong>Pour cueillir une lune !<\/strong><\/p>\n<p><strong>4-<\/strong><\/p>\n<p><strong>Nous nous sommes rencontr\u00e9s entre les cils du r\u00eave<\/strong><br \/>\n<strong>Ta tendresse a troqu\u00e9 avec la douleur <\/strong><br \/>\n<strong>L\u2019\u00e2me a alors d\u00e9bord\u00e9 de chants !<\/strong><\/p>\n<p><strong>5-<\/strong><\/p>\n<p><strong>Je te demande de faire don au r\u00eave des perles de mots <\/strong><br \/>\n<strong>Et d\u2019accorder \u00e0 la nu\u00e9e<\/strong><br \/>\n<strong>Le droit d\u2019asile dans le po\u00e8me.<\/strong><\/p>\n<p><strong>6-<\/strong><\/p>\n<p><strong>Dandine le balan\u00e7oire du c\u0153ur<\/strong><br \/>\n<strong>Et laisse-moi demeurer une fillette<\/strong><br \/>\n<strong>Qui selle le r\u00eave comme on selle un cheval.<\/strong><\/p>\n<p><strong>7-<\/strong><\/p>\n<p><strong>Je m\u2019endorme <\/strong><br \/>\n<strong>Dans les bras d\u2019une nu\u00e9e <\/strong><br \/>\n<strong>Je cherche des couleurs <\/strong><br \/>\n<strong>Qui feraient de moi un r\u00eave bigarr\u00e9<\/strong><br \/>\n<strong>Que la douleur ne peut en venir \u00e0 bout<\/strong><\/p>\n<p><strong>8-<\/strong><br \/>\n<strong>Je r\u00eave d\u2019une histoire<\/strong><br \/>\n<strong>Sans ogre ni d\u00e9mon<\/strong><br \/>\n<strong>Ni Sahrayar coupant les t\u00eates<\/strong><br \/>\n<strong>Mais avec un Sharayar habitant l\u2019Olympe<\/strong><br \/>\n<strong>Et aimant passionn\u00e9ment la vie.<\/strong><\/p>\n<p>&nbsp;<\/p>\n<p><strong>Oumaima Ibrahim<\/strong> \u2013Damas \u2013Syrie<\/p>\n<p>&nbsp;<\/p>\n","protected":false},"excerpt":{"rendered":"<p>1- Je veux un r\u00eave et une histoire Les cheveux ont blanchi Sans \u00a0rien arriver de pareil aux r\u00eaves. 2- Comment arriverai-je \u00e0 toi en r\u00eave Alors que le r\u00eave est entre tes mains Et que tu ne cesses de l\u2019allumer ? Ou bien j\u2019arriverai \u00e0 toi en cachette Apr\u00e8s m\u2019\u00eatre d\u00e9v\u00eatue de mes d\u00e9sirs &#8230;<\/p>\n","protected":false},"author":2,"featured_media":1180,"comment_status":"open","ping_status":"open","sticky":false,"template":"","format":"standard","meta":[],"categories":[6],"tags":[],"yoast_head":"<!-- This site is optimized with the Yoast SEO plugin v19.3 - https:\/\/yoast.com\/wordpress\/plugins\/seo\/ -->\n<title>Moi et le r\u00eave par :Oumaima Ibrahim \u2013Damas \u2013Syrie - Culminances<\/title>\n<meta name=\"robots\" content=\"index, follow, max-snippet:-1, max-image-preview:large, max-video-preview:-1\" \/>\n<link rel=\"canonical\" href=\"https:\/\/www.masharif.com\/fr\/2015\/12\/30\/moi-et-le-reve-par-oumaima-ibrahim-damas-syrie\/\" \/>\n<meta property=\"og:locale\" content=\"fr_FR\" \/>\n<meta property=\"og:type\" content=\"article\" \/>\n<meta property=\"og:title\" content=\"Moi et le r\u00eave par :Oumaima Ibrahim \u2013Damas \u2013Syrie - Culminances\" \/>\n<meta property=\"og:description\" content=\"1- Je veux un r\u00eave et une histoire Les cheveux ont blanchi Sans \u00a0rien arriver de pareil aux r\u00eaves. 2- Comment arriverai-je \u00e0 toi en r\u00eave Alors que le r\u00eave est entre tes mains Et que tu ne cesses de l\u2019allumer ? Ou bien j\u2019arriverai \u00e0 toi en cachette Apr\u00e8s m\u2019\u00eatre d\u00e9v\u00eatue de mes d\u00e9sirs ...\" \/>\n<meta property=\"og:url\" content=\"https:\/\/www.masharif.com\/fr\/2015\/12\/30\/moi-et-le-reve-par-oumaima-ibrahim-damas-syrie\/\" \/>\n<meta property=\"og:site_name\" content=\"Culminances\" \/>\n<meta property=\"article:published_time\" content=\"2015-12-30T11:37:56+00:00\" \/>\n<meta property=\"article:modified_time\" content=\"2015-12-30T13:47:07+00:00\" \/>\n<meta property=\"og:image\" content=\"https:\/\/www.masharif.com\/fr\/wp-content\/uploads\/2015\/10\/11074718_415329895310680_8921383249746428528_n2.jpg\" \/>\n\t<meta property=\"og:image:width\" content=\"480\" \/>\n\t<meta property=\"og:image:height\" content=\"480\" \/>\n\t<meta property=\"og:image:type\" content=\"image\/jpeg\" \/>\n<meta name=\"author\" content=\"Mohamed Salah Ben Amor\" \/>\n<meta name=\"twitter:card\" content=\"summary\" \/>\n<meta name=\"twitter:label1\" content=\"\u00c9crit par\" \/>\n\t<meta name=\"twitter:data1\" content=\"Mohamed Salah Ben Amor\" \/>\n\t<meta name=\"twitter:label2\" content=\"Dur\u00e9e de lecture estim\u00e9e\" \/>\n\t<meta name=\"twitter:data2\" content=\"1 minute\" \/>\n<script type=\"application\/ld+json\" class=\"yoast-schema-graph\">{\"@context\":\"https:\/\/schema.org\",\"@graph\":[{\"@type\":\"WebSite\",\"@id\":\"https:\/\/www.masharif.com\/fr\/#website\",\"url\":\"https:\/\/www.masharif.com\/fr\/\",\"name\":\"Culminances\",\"description\":\"\",\"potentialAction\":[{\"@type\":\"SearchAction\",\"target\":{\"@type\":\"EntryPoint\",\"urlTemplate\":\"https:\/\/www.masharif.com\/fr\/?s={search_term_string}\"},\"query-input\":\"required name=search_term_string\"}],\"inLanguage\":\"fr-FR\"},{\"@type\":\"ImageObject\",\"inLanguage\":\"fr-FR\",\"@id\":\"https:\/\/www.masharif.com\/fr\/2015\/12\/30\/moi-et-le-reve-par-oumaima-ibrahim-damas-syrie\/#primaryimage\",\"url\":\"https:\/\/www.masharif.com\/fr\/wp-content\/uploads\/2015\/10\/11074718_415329895310680_8921383249746428528_n2.jpg\",\"contentUrl\":\"https:\/\/www.masharif.com\/fr\/wp-content\/uploads\/2015\/10\/11074718_415329895310680_8921383249746428528_n2.jpg\",\"width\":480,\"height\":480},{\"@type\":\"WebPage\",\"@id\":\"https:\/\/www.masharif.com\/fr\/2015\/12\/30\/moi-et-le-reve-par-oumaima-ibrahim-damas-syrie\/\",\"url\":\"https:\/\/www.masharif.com\/fr\/2015\/12\/30\/moi-et-le-reve-par-oumaima-ibrahim-damas-syrie\/\",\"name\":\"Moi et le r\u00eave par :Oumaima Ibrahim \u2013Damas \u2013Syrie - Culminances\",\"isPartOf\":{\"@id\":\"https:\/\/www.masharif.com\/fr\/#website\"},\"primaryImageOfPage\":{\"@id\":\"https:\/\/www.masharif.com\/fr\/2015\/12\/30\/moi-et-le-reve-par-oumaima-ibrahim-damas-syrie\/#primaryimage\"},\"datePublished\":\"2015-12-30T11:37:56+00:00\",\"dateModified\":\"2015-12-30T13:47:07+00:00\",\"author\":{\"@id\":\"https:\/\/www.masharif.com\/fr\/#\/schema\/person\/839a7026efe9fa825134097c1041e4a0\"},\"breadcrumb\":{\"@id\":\"https:\/\/www.masharif.com\/fr\/2015\/12\/30\/moi-et-le-reve-par-oumaima-ibrahim-damas-syrie\/#breadcrumb\"},\"inLanguage\":\"fr-FR\",\"potentialAction\":[{\"@type\":\"ReadAction\",\"target\":[\"https:\/\/www.masharif.com\/fr\/2015\/12\/30\/moi-et-le-reve-par-oumaima-ibrahim-damas-syrie\/\"]}]},{\"@type\":\"BreadcrumbList\",\"@id\":\"https:\/\/www.masharif.com\/fr\/2015\/12\/30\/moi-et-le-reve-par-oumaima-ibrahim-damas-syrie\/#breadcrumb\",\"itemListElement\":[{\"@type\":\"ListItem\",\"position\":1,\"name\":\"Home\",\"item\":\"https:\/\/www.masharif.com\/fr\/\"},{\"@type\":\"ListItem\",\"position\":2,\"name\":\"Moi et le r\u00eave par :Oumaima Ibrahim \u2013Damas \u2013Syrie\"}]},{\"@type\":\"Person\",\"@id\":\"https:\/\/www.masharif.com\/fr\/#\/schema\/person\/839a7026efe9fa825134097c1041e4a0\",\"name\":\"Mohamed Salah Ben Amor\",\"image\":{\"@type\":\"ImageObject\",\"inLanguage\":\"fr-FR\",\"@id\":\"https:\/\/www.masharif.com\/fr\/#\/schema\/person\/image\/\",\"url\":\"https:\/\/secure.gravatar.com\/avatar\/f64806401ad5ed604ffec2272b19ef46?s=96&d=identicon&r=g\",\"contentUrl\":\"https:\/\/secure.gravatar.com\/avatar\/f64806401ad5ed604ffec2272b19ef46?s=96&d=identicon&r=g\",\"caption\":\"Mohamed Salah Ben Amor\"},\"sameAs\":[\"http:\/\/ben-amor.info\"],\"url\":\"https:\/\/www.masharif.com\/fr\/author\/msba\/\"}]}<\/script>\n<!-- \/ Yoast SEO plugin. -->","yoast_head_json":{"title":"Moi et le r\u00eave par :Oumaima Ibrahim \u2013Damas \u2013Syrie - Culminances","robots":{"index":"index","follow":"follow","max-snippet":"max-snippet:-1","max-image-preview":"max-image-preview:large","max-video-preview":"max-video-preview:-1"},"canonical":"https:\/\/www.masharif.com\/fr\/2015\/12\/30\/moi-et-le-reve-par-oumaima-ibrahim-damas-syrie\/","og_locale":"fr_FR","og_type":"article","og_title":"Moi et le r\u00eave par :Oumaima Ibrahim \u2013Damas \u2013Syrie - Culminances","og_description":"1- Je veux un r\u00eave et une histoire Les cheveux ont blanchi Sans \u00a0rien arriver de pareil aux r\u00eaves. 2- Comment arriverai-je \u00e0 toi en r\u00eave Alors que le r\u00eave est entre tes mains Et que tu ne cesses de l\u2019allumer ? Ou bien j\u2019arriverai \u00e0 toi en cachette Apr\u00e8s m\u2019\u00eatre d\u00e9v\u00eatue de mes d\u00e9sirs ...","og_url":"https:\/\/www.masharif.com\/fr\/2015\/12\/30\/moi-et-le-reve-par-oumaima-ibrahim-damas-syrie\/","og_site_name":"Culminances","article_published_time":"2015-12-30T11:37:56+00:00","article_modified_time":"2015-12-30T13:47:07+00:00","og_image":[{"width":480,"height":480,"url":"https:\/\/www.masharif.com\/fr\/wp-content\/uploads\/2015\/10\/11074718_415329895310680_8921383249746428528_n2.jpg","type":"image\/jpeg"}],"author":"Mohamed Salah Ben Amor","twitter_card":"summary","twitter_misc":{"\u00c9crit par":"Mohamed Salah Ben Amor","Dur\u00e9e de lecture estim\u00e9e":"1 minute"},"schema":{"@context":"https:\/\/schema.org","@graph":[{"@type":"WebSite","@id":"https:\/\/www.masharif.com\/fr\/#website","url":"https:\/\/www.masharif.com\/fr\/","name":"Culminances","description":"","potentialAction":[{"@type":"SearchAction","target":{"@type":"EntryPoint","urlTemplate":"https:\/\/www.masharif.com\/fr\/?s={search_term_string}"},"query-input":"required name=search_term_string"}],"inLanguage":"fr-FR"},{"@type":"ImageObject","inLanguage":"fr-FR","@id":"https:\/\/www.masharif.com\/fr\/2015\/12\/30\/moi-et-le-reve-par-oumaima-ibrahim-damas-syrie\/#primaryimage","url":"https:\/\/www.masharif.com\/fr\/wp-content\/uploads\/2015\/10\/11074718_415329895310680_8921383249746428528_n2.jpg","contentUrl":"https:\/\/www.masharif.com\/fr\/wp-content\/uploads\/2015\/10\/11074718_415329895310680_8921383249746428528_n2.jpg","width":480,"height":480},{"@type":"WebPage","@id":"https:\/\/www.masharif.com\/fr\/2015\/12\/30\/moi-et-le-reve-par-oumaima-ibrahim-damas-syrie\/","url":"https:\/\/www.masharif.com\/fr\/2015\/12\/30\/moi-et-le-reve-par-oumaima-ibrahim-damas-syrie\/","name":"Moi et le r\u00eave par :Oumaima Ibrahim \u2013Damas \u2013Syrie - Culminances","isPartOf":{"@id":"https:\/\/www.masharif.com\/fr\/#website"},"primaryImageOfPage":{"@id":"https:\/\/www.masharif.com\/fr\/2015\/12\/30\/moi-et-le-reve-par-oumaima-ibrahim-damas-syrie\/#primaryimage"},"datePublished":"2015-12-30T11:37:56+00:00","dateModified":"2015-12-30T13:47:07+00:00","author":{"@id":"https:\/\/www.masharif.com\/fr\/#\/schema\/person\/839a7026efe9fa825134097c1041e4a0"},"breadcrumb":{"@id":"https:\/\/www.masharif.com\/fr\/2015\/12\/30\/moi-et-le-reve-par-oumaima-ibrahim-damas-syrie\/#breadcrumb"},"inLanguage":"fr-FR","potentialAction":[{"@type":"ReadAction","target":["https:\/\/www.masharif.com\/fr\/2015\/12\/30\/moi-et-le-reve-par-oumaima-ibrahim-damas-syrie\/"]}]},{"@type":"BreadcrumbList","@id":"https:\/\/www.masharif.com\/fr\/2015\/12\/30\/moi-et-le-reve-par-oumaima-ibrahim-damas-syrie\/#breadcrumb","itemListElement":[{"@type":"ListItem","position":1,"name":"Home","item":"https:\/\/www.masharif.com\/fr\/"},{"@type":"ListItem","position":2,"name":"Moi et le r\u00eave par :Oumaima Ibrahim \u2013Damas \u2013Syrie"}]},{"@type":"Person","@id":"https:\/\/www.masharif.com\/fr\/#\/schema\/person\/839a7026efe9fa825134097c1041e4a0","name":"Mohamed Salah Ben Amor","image":{"@type":"ImageObject","inLanguage":"fr-FR","@id":"https:\/\/www.masharif.com\/fr\/#\/schema\/person\/image\/","url":"https:\/\/secure.gravatar.com\/avatar\/f64806401ad5ed604ffec2272b19ef46?s=96&d=identicon&r=g","contentUrl":"https:\/\/secure.gravatar.com\/avatar\/f64806401ad5ed604ffec2272b19ef46?s=96&d=identicon&r=g","caption":"Mohamed Salah Ben Amor"},"sameAs":["http:\/\/ben-amor.info"],"url":"https:\/\/www.masharif.com\/fr\/author\/msba\/"}]}},"_links":{"self":[{"href":"https:\/\/www.masharif.com\/fr\/wp-json\/wp\/v2\/posts\/1811"}],"collection":[{"href":"https:\/\/www.masharif.com\/fr\/wp-json\/wp\/v2\/posts"}],"about":[{"href":"https:\/\/www.masharif.com\/fr\/wp-json\/wp\/v2\/types\/post"}],"author":[{"embeddable":true,"href":"https:\/\/www.masharif.com\/fr\/wp-json\/wp\/v2\/users\/2"}],"replies":[{"embeddable":true,"href":"https:\/\/www.masharif.com\/fr\/wp-json\/wp\/v2\/comments?post=1811"}],"version-history":[{"count":5,"href":"https:\/\/www.masharif.com\/fr\/wp-json\/wp\/v2\/posts\/1811\/revisions"}],"predecessor-version":[{"id":1818,"href":"https:\/\/www.masharif.com\/fr\/wp-json\/wp\/v2\/posts\/1811\/revisions\/1818"}],"wp:featuredmedia":[{"embeddable":true,"href":"https:\/\/www.masharif.com\/fr\/wp-json\/wp\/v2\/media\/1180"}],"wp:attachment":[{"href":"https:\/\/www.masharif.com\/fr\/wp-json\/wp\/v2\/media?parent=1811"}],"wp:term":[{"taxonomy":"category","embeddable":true,"href":"https:\/\/www.masharif.com\/fr\/wp-json\/wp\/v2\/categories?post=1811"},{"taxonomy":"post_tag","embeddable":true,"href":"https:\/\/www.masharif.com\/fr\/wp-json\/wp\/v2\/tags?post=1811"}],"curies":[{"name":"wp","href":"https:\/\/api.w.org\/{rel}","templated":true}]}}