{"id":1729,"date":"2015-12-18T14:55:08","date_gmt":"2015-12-18T13:55:08","guid":{"rendered":"http:\/\/www.masharif.com\/fr\/?p=1729"},"modified":"2018-03-23T18:58:36","modified_gmt":"2018-03-23T17:58:36","slug":"les-archives-des-commentaires-poetiques-de-mohamed-salah-ben-amor-6-les-poemes-de-solene-de-lam6-2-le-poeme-du-jour","status":"publish","type":"post","link":"https:\/\/www.masharif.com\/fr\/2015\/12\/18\/les-archives-des-commentaires-poetiques-de-mohamed-salah-ben-amor-6-les-poemes-de-solene-de-lam6-2-le-poeme-du-jour\/","title":{"rendered":"Les archives des commentaires po\u00e9tiques de Mohamed Salah Ben Amor :6 &#8211; Les po\u00e8mes de Sol\u00e8ne de Lam:6 -2 : Le po\u00e8me du jour"},"content":{"rendered":"<div id=\"attachment_885\" style=\"width: 236px\" class=\"wp-caption alignnone\"><a href=\"http:\/\/www.masharif.com\/fr\/wp-content\/uploads\/2015\/09\/11950834_1030017780362216_1209951821_n.jpg\"><img aria-describedby=\"caption-attachment-885\" loading=\"lazy\" class=\"wp-image-885 size-medium\" src=\"http:\/\/www.masharif.com\/fr\/wp-content\/uploads\/2015\/09\/11950834_1030017780362216_1209951821_n-226x300.jpg\" alt=\"11950834_1030017780362216_1209951821_n\" width=\"226\" height=\"300\" srcset=\"https:\/\/www.masharif.com\/fr\/wp-content\/uploads\/2015\/09\/11950834_1030017780362216_1209951821_n-226x300.jpg 226w, https:\/\/www.masharif.com\/fr\/wp-content\/uploads\/2015\/09\/11950834_1030017780362216_1209951821_n.jpg 246w\" sizes=\"(max-width: 226px) 100vw, 226px\" \/><\/a><p id=\"caption-attachment-885\" class=\"wp-caption-text\">Sol\u00e8ne de la Marlier \u2013 po\u00e9tesse fran\u00e7aise \u2013 Paris<\/p><\/div>\n<p>&nbsp;<\/p>\n<div id=\"attachment_1730\" style=\"width: 310px\" class=\"wp-caption alignnone\"><a href=\"http:\/\/www.masharif.com\/fr\/wp-content\/uploads\/2015\/12\/reading-1-1198980.jpg\"><img aria-describedby=\"caption-attachment-1730\" loading=\"lazy\" class=\"size-medium wp-image-1730\" src=\"http:\/\/www.masharif.com\/fr\/wp-content\/uploads\/2015\/12\/reading-1-1198980-300x225.jpg\" alt=\"OLYMPUS DIGITAL CAMERA\" width=\"300\" height=\"225\" srcset=\"https:\/\/www.masharif.com\/fr\/wp-content\/uploads\/2015\/12\/reading-1-1198980-300x225.jpg 300w, https:\/\/www.masharif.com\/fr\/wp-content\/uploads\/2015\/12\/reading-1-1198980.jpg 586w\" sizes=\"(max-width: 300px) 100vw, 300px\" \/><\/a><p id=\"caption-attachment-1730\" class=\"wp-caption-text\">OLYMPUS DIGITAL CAMERA<\/p><\/div>\n<p>&nbsp;<\/p>\n<p><strong>Petit mot d\u00e9pli\u00e9, o\u00f9 s\u00e8che \u00e0 peine l&#8217;encre<\/strong><br \/>\n<strong>Sur un vieux parchemin, tir\u00e9 du fond d\u2019un livre.<\/strong><br \/>\n<strong>Quelques vers \u00e0 la main, et l&#8217;amour s&#8217;y ancre<\/strong><br \/>\n<strong>D&#8217;une mani\u00e8re si douce que notre \u00e2me s&#8217;enivre&#8230;<\/strong><br \/>\n<strong>Lu le jour ou la nuit, ou bien appris par c\u0153ur, <\/strong><br \/>\n<strong>Cette po\u00e9sie rena\u00eet d&#8217;un volcan r\u00e9veill\u00e9 :<\/strong><br \/>\n<strong>C&#8217;est l&#8217;amour qui l&#8217;ordonne pour battre la terreur, <\/strong><br \/>\n<strong>Et ainsi chaque strophe revient \u00e0 l&#8217;\u00eatre aim\u00e9&#8230;<\/strong><br \/>\n<strong>Comme un fruit d\u00e9fendu qu&#8217;on irait secr\u00e8tement<\/strong><br \/>\n<strong>Cueillir \u00e0 volont\u00e9 sur l&#8217;arbre de la vie&#8230;<\/strong><br \/>\n<strong>Qu&#8217;un po\u00e8me chaque jour survienne \u00e9l\u00e9gamment<\/strong><br \/>\n<strong>Envahir tous les c\u0153urs des gens de Po\u00e9sie.<\/strong><br \/>\nSol\u00e8ne de&#8230; D\u00e9cembre, 16&#8230; MMXV<br \/>\n(c)&#8230; pro summo magistre Mohamed Salah filio Amore<\/p>\n<p>&nbsp;<\/p>\n<p><strong>Commentaire de Mohamed Salah Ben Amor :<\/strong><br \/>\nContrairement \u00e0 tous les po\u00e8mes que nous avons comment\u00e9s dans cette rubrique depuis sa cr\u00e9ation en 2009, et dans lesquels ont \u00e9t\u00e9 abord\u00e9s presque tous les th\u00e8mes imaginables, vu l\u2019extr\u00eame diversit\u00e9 de nos \u00e9lus qui sont au nombre de cent vingt-deux et appartiennent \u00e0 vingt-six pays, celui-ci que les muses viennent d\u2019inspirer \u00e0 notre amie la po\u00e9tesse parisienne Sol\u00e8ne de la Marlier se rapporte curieusement \u00e0 celle rubrique elle-m\u00eame, d\u2019o\u00f9 ce titre surprenant : \u00ab Le po\u00e8me d&#8217;un jour \u00bb n\u00e9 d\u2019une modification l\u00e9g\u00e8re du nom de ma rubrique \u00ab Po\u00e8me du jour \u00bb. Ce qui constitue en soi une nouveaut\u00e9, tout en m\u2019offrant l\u2019occasion d\u2019apporter quelques \u00e9claircissements sur ces commentaires que j\u2019\u00e9cris sur la po\u00e9sie \u00e0 titre quotidien depuis plus de six ans .<br \/>\nCommen\u00e7ons par le point de vue de la po\u00e9tesse sur cette rubrique, lequel ne peut, en principe, \u00eatre que subjectif, \u00e9tant donn\u00e9 la sensibilit\u00e9 extr\u00eame qui gouverne la fonction de la r\u00e9ception linguistique chez les po\u00e8tes en g\u00e9n\u00e9ral. Et c\u2019est ce dont nous nous rendons compte dans ce po\u00e8me o\u00f9 son auteure assimile chacune de l\u2019\u00e9criture po\u00e9tique et de sa r\u00e9ception \u00e0 un v\u00e9ritable acte amoureux. Ce qui revient \u00e0 dire que le po\u00e8te et le lecteur de la po\u00e9sie sont essentiellement des \u00e9pris de mots.<br \/>\nPartant de cette id\u00e9e, la po\u00e9tesse con\u00e7oit ma rubrique \u00ab Po\u00e8me du jour \u00bb comme un lieu de rencontre d\u2019amoureux, les uns ayant enfant\u00e9 des fruits d\u2019amour (les po\u00e8mes) et les autres viennent les cueillir pour rassasier l\u2019amour qu\u2019ils leur portent. Une belle conception ,\u00e0 vrai dire, mais quel r\u00f4le m\u2019assigne-t-elle dans ces \u00e9changes passionnels quotidiens ? Je lui laisse les soins d\u2019y r\u00e9pondre !<br \/>\nEn r\u00e9alit\u00e9, j\u2019avais cr\u00e9\u00e9 cette rubrique, comme je l\u2019ai dit, en 2009 pour y exercer ma vocation de critique comme compl\u00e9ment \u00e0 mon activit\u00e9 principale dans le milieu litt\u00e9raire o\u00f9 je donne des conf\u00e9rences\u00a0 et\u00a0 publie des \u00e9tudes \u00e9largies. Mais vu la nature des r\u00e9seaux sociaux o\u00f9 les utilisateurs sont pour la plupart de temps press\u00e9s, j\u2019ai jug\u00e9 bon d\u2019emprunter dans mes critiques une voie interm\u00e9diaire entre le commentaire-\u00e9clair impressionniste qui ne vise, en g\u00e9n\u00e9ral, qu\u2019\u00e0 faire plaisir aux auteurs et l\u2019\u00e9tude approfondie proprement dite. Et le r\u00e9sultat est, comme vous le constatez, un texte de longueur moyenne qui remplit entre une page et une page et demie et dans lequel je mets l\u2019accent sur ses points qui me paraissent les plus pertinents du po\u00e8me comment\u00e9. Quant au but de cette activit\u00e9, c&#8217;est d\u2019inciter les facebookers amateurs de po\u00e9sie \u00e0 bien lire les po\u00e8mes que je commente , ce qui contribuerait \u00e0 mettre fin, un jour, \u00e0 ce fl\u00e9au de commentaires complaisants et mensongers qui bafouent insolemment les hautes valeurs esth\u00e9tiques r\u00e9gissant ce vieux et noble art linguistique :la PO\u00c9SIE .<\/p>\n<p>&nbsp;<\/p>\n","protected":false},"excerpt":{"rendered":"<p>&nbsp; &nbsp; Petit mot d\u00e9pli\u00e9, o\u00f9 s\u00e8che \u00e0 peine l&#8217;encre Sur un vieux parchemin, tir\u00e9 du fond d\u2019un livre. Quelques vers \u00e0 la main, et l&#8217;amour s&#8217;y ancre D&#8217;une mani\u00e8re si douce que notre \u00e2me s&#8217;enivre&#8230; Lu le jour ou la nuit, ou bien appris par c\u0153ur, Cette po\u00e9sie rena\u00eet d&#8217;un volcan r\u00e9veill\u00e9 : C&#8217;est &#8230;<\/p>\n","protected":false},"author":2,"featured_media":7528,"comment_status":"open","ping_status":"open","sticky":false,"template":"","format":"standard","meta":[],"categories":[8],"tags":[],"yoast_head":"<!-- This site is optimized with the Yoast SEO plugin v19.3 - https:\/\/yoast.com\/wordpress\/plugins\/seo\/ -->\n<title>Les archives des commentaires po\u00e9tiques de Mohamed Salah Ben Amor :6 - Les po\u00e8mes de Sol\u00e8ne de Lam:6 -2 : Le po\u00e8me du jour - Culminances<\/title>\n<meta name=\"robots\" content=\"index, follow, max-snippet:-1, max-image-preview:large, max-video-preview:-1\" \/>\n<link rel=\"canonical\" href=\"http:\/\/www.masharif.com\/fr\/2015\/12\/18\/les-archives-des-commentaires-poetiques-de-mohamed-salah-ben-amor-6-les-poemes-de-solene-de-lam6-2-le-poeme-du-jour\/\" \/>\n<meta property=\"og:locale\" content=\"fr_FR\" \/>\n<meta property=\"og:type\" content=\"article\" \/>\n<meta property=\"og:title\" content=\"Les archives des commentaires po\u00e9tiques de Mohamed Salah Ben Amor :6 - Les po\u00e8mes de Sol\u00e8ne de Lam:6 -2 : Le po\u00e8me du jour - Culminances\" \/>\n<meta property=\"og:description\" content=\"&nbsp; &nbsp; Petit mot d\u00e9pli\u00e9, o\u00f9 s\u00e8che \u00e0 peine l&#8217;encre Sur un vieux parchemin, tir\u00e9 du fond d\u2019un livre. Quelques vers \u00e0 la main, et l&#8217;amour s&#8217;y ancre D&#8217;une mani\u00e8re si douce que notre \u00e2me s&#8217;enivre&#8230; Lu le jour ou la nuit, ou bien appris par c\u0153ur, Cette po\u00e9sie rena\u00eet d&#8217;un volcan r\u00e9veill\u00e9 : C&#8217;est ...\" \/>\n<meta property=\"og:url\" content=\"http:\/\/www.masharif.com\/fr\/2015\/12\/18\/les-archives-des-commentaires-poetiques-de-mohamed-salah-ben-amor-6-les-poemes-de-solene-de-lam6-2-le-poeme-du-jour\/\" \/>\n<meta property=\"og:site_name\" content=\"Culminances\" \/>\n<meta property=\"article:published_time\" content=\"2015-12-18T13:55:08+00:00\" \/>\n<meta property=\"article:modified_time\" content=\"2018-03-23T17:58:36+00:00\" \/>\n<meta property=\"og:image\" content=\"http:\/\/www.masharif.com\/fr\/wp-content\/uploads\/2018\/03\/10559899_10202415362527803_4517410004001902300_n.jpg\" \/>\n\t<meta property=\"og:image:width\" content=\"994\" \/>\n\t<meta property=\"og:image:height\" content=\"973\" \/>\n\t<meta property=\"og:image:type\" content=\"image\/jpeg\" \/>\n<meta name=\"author\" content=\"Mohamed Salah Ben Amor\" \/>\n<meta name=\"twitter:card\" content=\"summary\" \/>\n<meta name=\"twitter:label1\" content=\"\u00c9crit par\" \/>\n\t<meta name=\"twitter:data1\" content=\"Mohamed Salah Ben Amor\" \/>\n\t<meta name=\"twitter:label2\" content=\"Dur\u00e9e de lecture estim\u00e9e\" \/>\n\t<meta name=\"twitter:data2\" content=\"3 minutes\" \/>\n<script type=\"application\/ld+json\" class=\"yoast-schema-graph\">{\"@context\":\"https:\/\/schema.org\",\"@graph\":[{\"@type\":\"WebSite\",\"@id\":\"https:\/\/www.masharif.com\/fr\/#website\",\"url\":\"https:\/\/www.masharif.com\/fr\/\",\"name\":\"Culminances\",\"description\":\"\",\"potentialAction\":[{\"@type\":\"SearchAction\",\"target\":{\"@type\":\"EntryPoint\",\"urlTemplate\":\"https:\/\/www.masharif.com\/fr\/?s={search_term_string}\"},\"query-input\":\"required name=search_term_string\"}],\"inLanguage\":\"fr-FR\"},{\"@type\":\"ImageObject\",\"inLanguage\":\"fr-FR\",\"@id\":\"http:\/\/www.masharif.com\/fr\/2015\/12\/18\/les-archives-des-commentaires-poetiques-de-mohamed-salah-ben-amor-6-les-poemes-de-solene-de-lam6-2-le-poeme-du-jour\/#primaryimage\",\"url\":\"https:\/\/www.masharif.com\/fr\/wp-content\/uploads\/2018\/03\/10559899_10202415362527803_4517410004001902300_n.jpg\",\"contentUrl\":\"https:\/\/www.masharif.com\/fr\/wp-content\/uploads\/2018\/03\/10559899_10202415362527803_4517410004001902300_n.jpg\",\"width\":994,\"height\":973},{\"@type\":\"WebPage\",\"@id\":\"http:\/\/www.masharif.com\/fr\/2015\/12\/18\/les-archives-des-commentaires-poetiques-de-mohamed-salah-ben-amor-6-les-poemes-de-solene-de-lam6-2-le-poeme-du-jour\/\",\"url\":\"http:\/\/www.masharif.com\/fr\/2015\/12\/18\/les-archives-des-commentaires-poetiques-de-mohamed-salah-ben-amor-6-les-poemes-de-solene-de-lam6-2-le-poeme-du-jour\/\",\"name\":\"Les archives des commentaires po\u00e9tiques de Mohamed Salah Ben Amor :6 - Les po\u00e8mes de Sol\u00e8ne de Lam:6 -2 : Le po\u00e8me du jour - Culminances\",\"isPartOf\":{\"@id\":\"https:\/\/www.masharif.com\/fr\/#website\"},\"primaryImageOfPage\":{\"@id\":\"http:\/\/www.masharif.com\/fr\/2015\/12\/18\/les-archives-des-commentaires-poetiques-de-mohamed-salah-ben-amor-6-les-poemes-de-solene-de-lam6-2-le-poeme-du-jour\/#primaryimage\"},\"datePublished\":\"2015-12-18T13:55:08+00:00\",\"dateModified\":\"2018-03-23T17:58:36+00:00\",\"author\":{\"@id\":\"https:\/\/www.masharif.com\/fr\/#\/schema\/person\/839a7026efe9fa825134097c1041e4a0\"},\"breadcrumb\":{\"@id\":\"http:\/\/www.masharif.com\/fr\/2015\/12\/18\/les-archives-des-commentaires-poetiques-de-mohamed-salah-ben-amor-6-les-poemes-de-solene-de-lam6-2-le-poeme-du-jour\/#breadcrumb\"},\"inLanguage\":\"fr-FR\",\"potentialAction\":[{\"@type\":\"ReadAction\",\"target\":[\"http:\/\/www.masharif.com\/fr\/2015\/12\/18\/les-archives-des-commentaires-poetiques-de-mohamed-salah-ben-amor-6-les-poemes-de-solene-de-lam6-2-le-poeme-du-jour\/\"]}]},{\"@type\":\"BreadcrumbList\",\"@id\":\"http:\/\/www.masharif.com\/fr\/2015\/12\/18\/les-archives-des-commentaires-poetiques-de-mohamed-salah-ben-amor-6-les-poemes-de-solene-de-lam6-2-le-poeme-du-jour\/#breadcrumb\",\"itemListElement\":[{\"@type\":\"ListItem\",\"position\":1,\"name\":\"Home\",\"item\":\"https:\/\/www.masharif.com\/fr\/\"},{\"@type\":\"ListItem\",\"position\":2,\"name\":\"Les archives des commentaires po\u00e9tiques de Mohamed Salah Ben Amor :6 &#8211; Les po\u00e8mes de Sol\u00e8ne de Lam:6 -2 : Le po\u00e8me du jour\"}]},{\"@type\":\"Person\",\"@id\":\"https:\/\/www.masharif.com\/fr\/#\/schema\/person\/839a7026efe9fa825134097c1041e4a0\",\"name\":\"Mohamed Salah Ben Amor\",\"image\":{\"@type\":\"ImageObject\",\"inLanguage\":\"fr-FR\",\"@id\":\"https:\/\/www.masharif.com\/fr\/#\/schema\/person\/image\/\",\"url\":\"https:\/\/secure.gravatar.com\/avatar\/f64806401ad5ed604ffec2272b19ef46?s=96&d=identicon&r=g\",\"contentUrl\":\"https:\/\/secure.gravatar.com\/avatar\/f64806401ad5ed604ffec2272b19ef46?s=96&d=identicon&r=g\",\"caption\":\"Mohamed Salah Ben Amor\"},\"sameAs\":[\"http:\/\/ben-amor.info\"],\"url\":\"https:\/\/www.masharif.com\/fr\/author\/msba\/\"}]}<\/script>\n<!-- \/ Yoast SEO plugin. -->","yoast_head_json":{"title":"Les archives des commentaires po\u00e9tiques de Mohamed Salah Ben Amor :6 - Les po\u00e8mes de Sol\u00e8ne de Lam:6 -2 : Le po\u00e8me du jour - Culminances","robots":{"index":"index","follow":"follow","max-snippet":"max-snippet:-1","max-image-preview":"max-image-preview:large","max-video-preview":"max-video-preview:-1"},"canonical":"http:\/\/www.masharif.com\/fr\/2015\/12\/18\/les-archives-des-commentaires-poetiques-de-mohamed-salah-ben-amor-6-les-poemes-de-solene-de-lam6-2-le-poeme-du-jour\/","og_locale":"fr_FR","og_type":"article","og_title":"Les archives des commentaires po\u00e9tiques de Mohamed Salah Ben Amor :6 - Les po\u00e8mes de Sol\u00e8ne de Lam:6 -2 : Le po\u00e8me du jour - Culminances","og_description":"&nbsp; &nbsp; Petit mot d\u00e9pli\u00e9, o\u00f9 s\u00e8che \u00e0 peine l&#8217;encre Sur un vieux parchemin, tir\u00e9 du fond d\u2019un livre. Quelques vers \u00e0 la main, et l&#8217;amour s&#8217;y ancre D&#8217;une mani\u00e8re si douce que notre \u00e2me s&#8217;enivre&#8230; Lu le jour ou la nuit, ou bien appris par c\u0153ur, Cette po\u00e9sie rena\u00eet d&#8217;un volcan r\u00e9veill\u00e9 : C&#8217;est ...","og_url":"http:\/\/www.masharif.com\/fr\/2015\/12\/18\/les-archives-des-commentaires-poetiques-de-mohamed-salah-ben-amor-6-les-poemes-de-solene-de-lam6-2-le-poeme-du-jour\/","og_site_name":"Culminances","article_published_time":"2015-12-18T13:55:08+00:00","article_modified_time":"2018-03-23T17:58:36+00:00","og_image":[{"width":994,"height":973,"url":"http:\/\/www.masharif.com\/fr\/wp-content\/uploads\/2018\/03\/10559899_10202415362527803_4517410004001902300_n.jpg","type":"image\/jpeg"}],"author":"Mohamed Salah Ben Amor","twitter_card":"summary","twitter_misc":{"\u00c9crit par":"Mohamed Salah Ben Amor","Dur\u00e9e de lecture estim\u00e9e":"3 minutes"},"schema":{"@context":"https:\/\/schema.org","@graph":[{"@type":"WebSite","@id":"https:\/\/www.masharif.com\/fr\/#website","url":"https:\/\/www.masharif.com\/fr\/","name":"Culminances","description":"","potentialAction":[{"@type":"SearchAction","target":{"@type":"EntryPoint","urlTemplate":"https:\/\/www.masharif.com\/fr\/?s={search_term_string}"},"query-input":"required name=search_term_string"}],"inLanguage":"fr-FR"},{"@type":"ImageObject","inLanguage":"fr-FR","@id":"http:\/\/www.masharif.com\/fr\/2015\/12\/18\/les-archives-des-commentaires-poetiques-de-mohamed-salah-ben-amor-6-les-poemes-de-solene-de-lam6-2-le-poeme-du-jour\/#primaryimage","url":"https:\/\/www.masharif.com\/fr\/wp-content\/uploads\/2018\/03\/10559899_10202415362527803_4517410004001902300_n.jpg","contentUrl":"https:\/\/www.masharif.com\/fr\/wp-content\/uploads\/2018\/03\/10559899_10202415362527803_4517410004001902300_n.jpg","width":994,"height":973},{"@type":"WebPage","@id":"http:\/\/www.masharif.com\/fr\/2015\/12\/18\/les-archives-des-commentaires-poetiques-de-mohamed-salah-ben-amor-6-les-poemes-de-solene-de-lam6-2-le-poeme-du-jour\/","url":"http:\/\/www.masharif.com\/fr\/2015\/12\/18\/les-archives-des-commentaires-poetiques-de-mohamed-salah-ben-amor-6-les-poemes-de-solene-de-lam6-2-le-poeme-du-jour\/","name":"Les archives des commentaires po\u00e9tiques de Mohamed Salah Ben Amor :6 - Les po\u00e8mes de Sol\u00e8ne de Lam:6 -2 : Le po\u00e8me du jour - Culminances","isPartOf":{"@id":"https:\/\/www.masharif.com\/fr\/#website"},"primaryImageOfPage":{"@id":"http:\/\/www.masharif.com\/fr\/2015\/12\/18\/les-archives-des-commentaires-poetiques-de-mohamed-salah-ben-amor-6-les-poemes-de-solene-de-lam6-2-le-poeme-du-jour\/#primaryimage"},"datePublished":"2015-12-18T13:55:08+00:00","dateModified":"2018-03-23T17:58:36+00:00","author":{"@id":"https:\/\/www.masharif.com\/fr\/#\/schema\/person\/839a7026efe9fa825134097c1041e4a0"},"breadcrumb":{"@id":"http:\/\/www.masharif.com\/fr\/2015\/12\/18\/les-archives-des-commentaires-poetiques-de-mohamed-salah-ben-amor-6-les-poemes-de-solene-de-lam6-2-le-poeme-du-jour\/#breadcrumb"},"inLanguage":"fr-FR","potentialAction":[{"@type":"ReadAction","target":["http:\/\/www.masharif.com\/fr\/2015\/12\/18\/les-archives-des-commentaires-poetiques-de-mohamed-salah-ben-amor-6-les-poemes-de-solene-de-lam6-2-le-poeme-du-jour\/"]}]},{"@type":"BreadcrumbList","@id":"http:\/\/www.masharif.com\/fr\/2015\/12\/18\/les-archives-des-commentaires-poetiques-de-mohamed-salah-ben-amor-6-les-poemes-de-solene-de-lam6-2-le-poeme-du-jour\/#breadcrumb","itemListElement":[{"@type":"ListItem","position":1,"name":"Home","item":"https:\/\/www.masharif.com\/fr\/"},{"@type":"ListItem","position":2,"name":"Les archives des commentaires po\u00e9tiques de Mohamed Salah Ben Amor :6 &#8211; Les po\u00e8mes de Sol\u00e8ne de Lam:6 -2 : Le po\u00e8me du jour"}]},{"@type":"Person","@id":"https:\/\/www.masharif.com\/fr\/#\/schema\/person\/839a7026efe9fa825134097c1041e4a0","name":"Mohamed Salah Ben Amor","image":{"@type":"ImageObject","inLanguage":"fr-FR","@id":"https:\/\/www.masharif.com\/fr\/#\/schema\/person\/image\/","url":"https:\/\/secure.gravatar.com\/avatar\/f64806401ad5ed604ffec2272b19ef46?s=96&d=identicon&r=g","contentUrl":"https:\/\/secure.gravatar.com\/avatar\/f64806401ad5ed604ffec2272b19ef46?s=96&d=identicon&r=g","caption":"Mohamed Salah Ben Amor"},"sameAs":["http:\/\/ben-amor.info"],"url":"https:\/\/www.masharif.com\/fr\/author\/msba\/"}]}},"_links":{"self":[{"href":"https:\/\/www.masharif.com\/fr\/wp-json\/wp\/v2\/posts\/1729"}],"collection":[{"href":"https:\/\/www.masharif.com\/fr\/wp-json\/wp\/v2\/posts"}],"about":[{"href":"https:\/\/www.masharif.com\/fr\/wp-json\/wp\/v2\/types\/post"}],"author":[{"embeddable":true,"href":"https:\/\/www.masharif.com\/fr\/wp-json\/wp\/v2\/users\/2"}],"replies":[{"embeddable":true,"href":"https:\/\/www.masharif.com\/fr\/wp-json\/wp\/v2\/comments?post=1729"}],"version-history":[{"count":4,"href":"https:\/\/www.masharif.com\/fr\/wp-json\/wp\/v2\/posts\/1729\/revisions"}],"predecessor-version":[{"id":7575,"href":"https:\/\/www.masharif.com\/fr\/wp-json\/wp\/v2\/posts\/1729\/revisions\/7575"}],"wp:featuredmedia":[{"embeddable":true,"href":"https:\/\/www.masharif.com\/fr\/wp-json\/wp\/v2\/media\/7528"}],"wp:attachment":[{"href":"https:\/\/www.masharif.com\/fr\/wp-json\/wp\/v2\/media?parent=1729"}],"wp:term":[{"taxonomy":"category","embeddable":true,"href":"https:\/\/www.masharif.com\/fr\/wp-json\/wp\/v2\/categories?post=1729"},{"taxonomy":"post_tag","embeddable":true,"href":"https:\/\/www.masharif.com\/fr\/wp-json\/wp\/v2\/tags?post=1729"}],"curies":[{"name":"wp","href":"https:\/\/api.w.org\/{rel}","templated":true}]}}