{"id":1373,"date":"2015-11-01T05:28:47","date_gmt":"2015-11-01T04:28:47","guid":{"rendered":"http:\/\/www.masharif.com\/fr\/?p=1373"},"modified":"2015-11-01T05:28:47","modified_gmt":"2015-11-01T04:28:47","slug":"ferial-photographe-des-empreintes-du-futur-par-mustapha-saha","status":"publish","type":"post","link":"https:\/\/www.masharif.com\/fr\/2015\/11\/01\/ferial-photographe-des-empreintes-du-futur-par-mustapha-saha\/","title":{"rendered":"F\u00e9rial, photographe des empreintes du futur Par : Mustapha Saha"},"content":{"rendered":"<div id=\"attachment_1377\" style=\"width: 224px\" class=\"wp-caption alignnone\"><a href=\"http:\/\/www.masharif.com\/fr\/wp-content\/uploads\/2015\/11\/Mustapha-Saha.-Par-F\u00e9rial.-Copyright-photo-c-F\u00e9rial.-1.jpg\"><img aria-describedby=\"caption-attachment-1377\" loading=\"lazy\" class=\"wp-image-1377 size-medium\" src=\"http:\/\/www.masharif.com\/fr\/wp-content\/uploads\/2015\/11\/Mustapha-Saha.-Par-F\u00e9rial.-Copyright-photo-c-F\u00e9rial.-1-214x300.jpg\" alt=\"Mustapha Saha. Par F\u00e9rial. Copyright photo (c) F\u00e9rial. (1)\" width=\"214\" height=\"300\" srcset=\"https:\/\/www.masharif.com\/fr\/wp-content\/uploads\/2015\/11\/Mustapha-Saha.-Par-F\u00e9rial.-Copyright-photo-c-F\u00e9rial.-1-214x300.jpg 214w, https:\/\/www.masharif.com\/fr\/wp-content\/uploads\/2015\/11\/Mustapha-Saha.-Par-F\u00e9rial.-Copyright-photo-c-F\u00e9rial.-1.jpg 405w\" sizes=\"(max-width: 214px) 100vw, 214px\" \/><\/a><p id=\"caption-attachment-1377\" class=\"wp-caption-text\">\u00a9 Mustapha Saha Mustapha Saha, sociologue, po\u00e8te, artiste peintre. Photographie (c) F\u00e9rial.<\/p><\/div>\n<p><a href=\"http:\/\/www.masharif.com\/fr\/wp-content\/uploads\/2015\/11\/FRERIAL.-EXPOSITION-FONDATION-DU-MAROC-PARIS.-DIRECTEUR-ARTISTIQUE-MUSTAPHA-SAHA.-AFFICHE..bmp\"><img loading=\"lazy\" class=\"alignnone wp-image-1376\" src=\"http:\/\/www.masharif.com\/fr\/wp-content\/uploads\/2015\/11\/FRERIAL.-EXPOSITION-FONDATION-DU-MAROC-PARIS.-DIRECTEUR-ARTISTIQUE-MUSTAPHA-SAHA.-AFFICHE..bmp\" alt=\"FRERIAL. EXPOSITION FONDATION DU MAROC PARIS. DIRECTEUR ARTISTIQUE MUSTAPHA SAHA. AFFICHE.\" width=\"144\" height=\"202\" \/><\/a><\/p>\n<p><strong>F\u00e9rial, une artiste n\u00e9e<\/strong><br \/>\nArtiste des deux rives, parisienne par sa m\u00e8re, kabyle par son p\u00e8re, alg\u00e9rienne par son enfance, proven\u00e7ale par sa terre d&#8217;\u00e9lection, F\u00e9rial, n\u00e9e en 1965, porte l&#8217;utopie lib\u00e9ratrice dans l&#8217;\u00e2me et l&#8217;\u00e9merveillement du futur dans les yeux.<br \/>\nDipl\u00f4m\u00e9e des Arts d\u00e9coratifs de Nice (Villa Arson), major de promotion \u00e0 l&#8217;\u00e9cole d&#8217;art Beaubourg avec une th\u00e8se sur Serge Gainsbourg, F\u00e9rial n&#8217;a de cesse d&#8217;arpenter le chemin des broussailles, de se ressourcer dans les avant-gardes plan\u00e9taires, de labourer les nostalgies r\u00e9g\u00e9n\u00e9ratrices, de ressusciter les fant\u00f4mes du surr\u00e9alisme, de butiner les fleurs de la Beat g\u00e9n\u00e9ration et de la Pop music, de pister les beaut\u00e9s secr\u00e8tes du street art, de traquer les myst\u00e8res des marginalit\u00e9s incompr\u00e9hensibles, de r\u00e9v\u00e9ler la gr\u00e2ce des mis\u00e8res invisibles, de d\u00e9voiler l&#8217;humanit\u00e9 cach\u00e9e des stars inaccessibles, de t\u00e9lescoper les artefacts indicibles.<br \/>\n<strong>Int\u00e9rieur-rue.<\/strong><br \/>\nDestin\u00e9es en rupture de trajectoire, saltimbanques sans plan de carri\u00e8re, excentiques \u00e9gar\u00e9s dans leurs voyages imaginaires, ces r\u00e9sidents permanents de la rue, absences-pr\u00e9sences clo\u00eetr\u00e9es dans leur rel\u00e9gation sociale, observateurs avis\u00e9s de l\u2019indigence psychologique de leurs contemporains, livrent, en toute confiance, l\u2019intensit\u00e9 de leur regard, o\u00f9 se concentrent, au-del\u00e0 des vicissitudes mat\u00e9rielles, des souffrances corporelles, des indiff\u00e9rences vexatoires, leur dignit\u00e9 profonde et leur pens\u00e9e f\u00e9conde. F\u00e9rial sait \u00e9tablir, dans l\u2019\u00e9ternel instant de ses prises de vue, le dialogue silencieux propice aux confidences muettes, capter les int\u00e9riorit\u00e9s barricad\u00e9es dans leur pudeur, immortaliser le geste suspendu, le fr\u00e9missement fugace, le frisson imperceptible, r\u00e9v\u00e9lateurs de leur grandeur d\u2019\u00e2me.<br \/>\n<strong>Figures de proue.<\/strong><br \/>\nCes visages connus, penseurs, po\u00e8tes, artistes, tribuns, \u00e9veilleurs de conscience , d\u00e9mystificateurs des vieux mondes oppresseurs, d\u00e9fricheurs de terres solidaires, fa\u00e7onneurs de fraternit\u00e9s incorruptibles, saisis, hors posture publique, dans leur humanit\u00e9 premi\u00e8re, dans leur bienveillance m\u00e9ditative, dans leur concentration r\u00e9ceptive, dans leur intimit\u00e9 sensitive , sont autant de balises sur le parcours existentiel de F\u00e9rial, figures r\u00e9f\u00e9rentielles de sa traverse intellectuelle, bornes \u00e9thiques de son implication sociale, jalons philosophiques de sa cr\u00e9ation artistique. Les rencontres de la photographe avec ses inspirateurs sont souvent impr\u00e9visibles, les clich\u00e9s pris sur le vif, portent la marque de la surprise, transpercent l\u2019image sociale convenue, d\u00e9clinent des portraits inattendus.<br \/>\n<strong>M\u00e9moire du futur.<\/strong><br \/>\nL\u2019art urbain investit la rue dans une d\u00e9tonante improvisation collective, germe, se d\u00e9veloppe et s\u2019\u00e9panouit dans les friches abandonn\u00e9es, dans les gares d\u00e9saffect\u00e9es, sur les fa\u00e7ades d\u00e9labr\u00e9es, sur les ponts inaccessibles, dans la luxuriance de formes, de techniques, d\u2019esth\u00e9tiques in\u00e9dites, dans l\u2019explosion des couleurs vives, dans la flamboyance r\u00e9percut\u00e9e en multiples reflets par le jeu de miroirs des vitres et des vitrines. Cet art synchronis\u00e9 par des juxtapositions de hasard tisse imperceptiblement une s\u00e9miotique de la ville, d\u00e9tourne les signal\u00e9tiques robotisantes \u00e0 des fins po\u00e9tiques, recharge les regards stress\u00e9s d\u2019\u00e9tincelles de merveilleux. L\u2019objectif de F\u00e9rial traque les pr\u00e9sences furtives, les silhouettes fugitives, les ombres fuyantes, qui m\u00e9tamorphosent les fresques murales en dramaturgies vivantes.<br \/>\n<strong>\u00a9 Mustapha Saha<\/strong><\/p>\n<p>&nbsp;<\/p>\n","protected":false},"excerpt":{"rendered":"<p>F\u00e9rial, une artiste n\u00e9e Artiste des deux rives, parisienne par sa m\u00e8re, kabyle par son p\u00e8re, alg\u00e9rienne par son enfance, proven\u00e7ale par sa terre d&#8217;\u00e9lection, F\u00e9rial, n\u00e9e en 1965, porte l&#8217;utopie lib\u00e9ratrice dans l&#8217;\u00e2me et l&#8217;\u00e9merveillement du futur dans les yeux. Dipl\u00f4m\u00e9e des Arts d\u00e9coratifs de Nice (Villa Arson), major de promotion \u00e0 l&#8217;\u00e9cole d&#8217;art &#8230;<\/p>\n","protected":false},"author":2,"featured_media":1376,"comment_status":"open","ping_status":"open","sticky":false,"template":"","format":"standard","meta":[],"categories":[7],"tags":[],"yoast_head":"<!-- This site is optimized with the Yoast SEO plugin v19.3 - https:\/\/yoast.com\/wordpress\/plugins\/seo\/ -->\n<title>F\u00e9rial, photographe des empreintes du futur Par : Mustapha Saha - Culminances<\/title>\n<meta name=\"robots\" content=\"index, follow, max-snippet:-1, max-image-preview:large, max-video-preview:-1\" \/>\n<link rel=\"canonical\" href=\"https:\/\/www.masharif.com\/fr\/2015\/11\/01\/ferial-photographe-des-empreintes-du-futur-par-mustapha-saha\/\" \/>\n<meta property=\"og:locale\" content=\"fr_FR\" \/>\n<meta property=\"og:type\" content=\"article\" \/>\n<meta property=\"og:title\" content=\"F\u00e9rial, photographe des empreintes du futur Par : Mustapha Saha - Culminances\" \/>\n<meta property=\"og:description\" content=\"F\u00e9rial, une artiste n\u00e9e Artiste des deux rives, parisienne par sa m\u00e8re, kabyle par son p\u00e8re, alg\u00e9rienne par son enfance, proven\u00e7ale par sa terre d&#8217;\u00e9lection, F\u00e9rial, n\u00e9e en 1965, porte l&#8217;utopie lib\u00e9ratrice dans l&#8217;\u00e2me et l&#8217;\u00e9merveillement du futur dans les yeux. Dipl\u00f4m\u00e9e des Arts d\u00e9coratifs de Nice (Villa Arson), major de promotion \u00e0 l&#8217;\u00e9cole d&#8217;art ...\" \/>\n<meta property=\"og:url\" content=\"https:\/\/www.masharif.com\/fr\/2015\/11\/01\/ferial-photographe-des-empreintes-du-futur-par-mustapha-saha\/\" \/>\n<meta property=\"og:site_name\" content=\"Culminances\" \/>\n<meta property=\"article:published_time\" content=\"2015-11-01T04:28:47+00:00\" \/>\n<meta name=\"author\" content=\"Mohamed Salah Ben Amor\" \/>\n<meta name=\"twitter:card\" content=\"summary\" \/>\n<meta name=\"twitter:image\" content=\"https:\/\/www.masharif.com\/fr\/wp-content\/uploads\/2015\/11\/FRERIAL.-EXPOSITION-FONDATION-DU-MAROC-PARIS.-DIRECTEUR-ARTISTIQUE-MUSTAPHA-SAHA.-AFFICHE..bmp\" \/>\n<meta name=\"twitter:label1\" content=\"\u00c9crit par\" \/>\n\t<meta name=\"twitter:data1\" content=\"Mohamed Salah Ben Amor\" \/>\n\t<meta name=\"twitter:label2\" content=\"Dur\u00e9e de lecture estim\u00e9e\" \/>\n\t<meta name=\"twitter:data2\" content=\"3 minutes\" \/>\n<script type=\"application\/ld+json\" class=\"yoast-schema-graph\">{\"@context\":\"https:\/\/schema.org\",\"@graph\":[{\"@type\":\"WebSite\",\"@id\":\"https:\/\/www.masharif.com\/fr\/#website\",\"url\":\"https:\/\/www.masharif.com\/fr\/\",\"name\":\"Culminances\",\"description\":\"\",\"potentialAction\":[{\"@type\":\"SearchAction\",\"target\":{\"@type\":\"EntryPoint\",\"urlTemplate\":\"https:\/\/www.masharif.com\/fr\/?s={search_term_string}\"},\"query-input\":\"required name=search_term_string\"}],\"inLanguage\":\"fr-FR\"},{\"@type\":\"ImageObject\",\"inLanguage\":\"fr-FR\",\"@id\":\"https:\/\/www.masharif.com\/fr\/2015\/11\/01\/ferial-photographe-des-empreintes-du-futur-par-mustapha-saha\/#primaryimage\",\"url\":\"https:\/\/www.masharif.com\/fr\/wp-content\/uploads\/2015\/11\/FRERIAL.-EXPOSITION-FONDATION-DU-MAROC-PARIS.-DIRECTEUR-ARTISTIQUE-MUSTAPHA-SAHA.-AFFICHE..bmp\",\"contentUrl\":\"https:\/\/www.masharif.com\/fr\/wp-content\/uploads\/2015\/11\/FRERIAL.-EXPOSITION-FONDATION-DU-MAROC-PARIS.-DIRECTEUR-ARTISTIQUE-MUSTAPHA-SAHA.-AFFICHE..bmp\",\"width\":685,\"height\":960},{\"@type\":\"WebPage\",\"@id\":\"https:\/\/www.masharif.com\/fr\/2015\/11\/01\/ferial-photographe-des-empreintes-du-futur-par-mustapha-saha\/\",\"url\":\"https:\/\/www.masharif.com\/fr\/2015\/11\/01\/ferial-photographe-des-empreintes-du-futur-par-mustapha-saha\/\",\"name\":\"F\u00e9rial, photographe des empreintes du futur Par : Mustapha Saha - Culminances\",\"isPartOf\":{\"@id\":\"https:\/\/www.masharif.com\/fr\/#website\"},\"primaryImageOfPage\":{\"@id\":\"https:\/\/www.masharif.com\/fr\/2015\/11\/01\/ferial-photographe-des-empreintes-du-futur-par-mustapha-saha\/#primaryimage\"},\"datePublished\":\"2015-11-01T04:28:47+00:00\",\"dateModified\":\"2015-11-01T04:28:47+00:00\",\"author\":{\"@id\":\"https:\/\/www.masharif.com\/fr\/#\/schema\/person\/839a7026efe9fa825134097c1041e4a0\"},\"breadcrumb\":{\"@id\":\"https:\/\/www.masharif.com\/fr\/2015\/11\/01\/ferial-photographe-des-empreintes-du-futur-par-mustapha-saha\/#breadcrumb\"},\"inLanguage\":\"fr-FR\",\"potentialAction\":[{\"@type\":\"ReadAction\",\"target\":[\"https:\/\/www.masharif.com\/fr\/2015\/11\/01\/ferial-photographe-des-empreintes-du-futur-par-mustapha-saha\/\"]}]},{\"@type\":\"BreadcrumbList\",\"@id\":\"https:\/\/www.masharif.com\/fr\/2015\/11\/01\/ferial-photographe-des-empreintes-du-futur-par-mustapha-saha\/#breadcrumb\",\"itemListElement\":[{\"@type\":\"ListItem\",\"position\":1,\"name\":\"Home\",\"item\":\"https:\/\/www.masharif.com\/fr\/\"},{\"@type\":\"ListItem\",\"position\":2,\"name\":\"F\u00e9rial, photographe des empreintes du futur Par : Mustapha Saha\"}]},{\"@type\":\"Person\",\"@id\":\"https:\/\/www.masharif.com\/fr\/#\/schema\/person\/839a7026efe9fa825134097c1041e4a0\",\"name\":\"Mohamed Salah Ben Amor\",\"image\":{\"@type\":\"ImageObject\",\"inLanguage\":\"fr-FR\",\"@id\":\"https:\/\/www.masharif.com\/fr\/#\/schema\/person\/image\/\",\"url\":\"https:\/\/secure.gravatar.com\/avatar\/f64806401ad5ed604ffec2272b19ef46?s=96&d=identicon&r=g\",\"contentUrl\":\"https:\/\/secure.gravatar.com\/avatar\/f64806401ad5ed604ffec2272b19ef46?s=96&d=identicon&r=g\",\"caption\":\"Mohamed Salah Ben Amor\"},\"sameAs\":[\"http:\/\/ben-amor.info\"],\"url\":\"https:\/\/www.masharif.com\/fr\/author\/msba\/\"}]}<\/script>\n<!-- \/ Yoast SEO plugin. -->","yoast_head_json":{"title":"F\u00e9rial, photographe des empreintes du futur Par : Mustapha Saha - Culminances","robots":{"index":"index","follow":"follow","max-snippet":"max-snippet:-1","max-image-preview":"max-image-preview:large","max-video-preview":"max-video-preview:-1"},"canonical":"https:\/\/www.masharif.com\/fr\/2015\/11\/01\/ferial-photographe-des-empreintes-du-futur-par-mustapha-saha\/","og_locale":"fr_FR","og_type":"article","og_title":"F\u00e9rial, photographe des empreintes du futur Par : Mustapha Saha - Culminances","og_description":"F\u00e9rial, une artiste n\u00e9e Artiste des deux rives, parisienne par sa m\u00e8re, kabyle par son p\u00e8re, alg\u00e9rienne par son enfance, proven\u00e7ale par sa terre d&#8217;\u00e9lection, F\u00e9rial, n\u00e9e en 1965, porte l&#8217;utopie lib\u00e9ratrice dans l&#8217;\u00e2me et l&#8217;\u00e9merveillement du futur dans les yeux. Dipl\u00f4m\u00e9e des Arts d\u00e9coratifs de Nice (Villa Arson), major de promotion \u00e0 l&#8217;\u00e9cole d&#8217;art ...","og_url":"https:\/\/www.masharif.com\/fr\/2015\/11\/01\/ferial-photographe-des-empreintes-du-futur-par-mustapha-saha\/","og_site_name":"Culminances","article_published_time":"2015-11-01T04:28:47+00:00","author":"Mohamed Salah Ben Amor","twitter_card":"summary","twitter_image":"https:\/\/www.masharif.com\/fr\/wp-content\/uploads\/2015\/11\/FRERIAL.-EXPOSITION-FONDATION-DU-MAROC-PARIS.-DIRECTEUR-ARTISTIQUE-MUSTAPHA-SAHA.-AFFICHE..bmp","twitter_misc":{"\u00c9crit par":"Mohamed Salah Ben Amor","Dur\u00e9e de lecture estim\u00e9e":"3 minutes"},"schema":{"@context":"https:\/\/schema.org","@graph":[{"@type":"WebSite","@id":"https:\/\/www.masharif.com\/fr\/#website","url":"https:\/\/www.masharif.com\/fr\/","name":"Culminances","description":"","potentialAction":[{"@type":"SearchAction","target":{"@type":"EntryPoint","urlTemplate":"https:\/\/www.masharif.com\/fr\/?s={search_term_string}"},"query-input":"required name=search_term_string"}],"inLanguage":"fr-FR"},{"@type":"ImageObject","inLanguage":"fr-FR","@id":"https:\/\/www.masharif.com\/fr\/2015\/11\/01\/ferial-photographe-des-empreintes-du-futur-par-mustapha-saha\/#primaryimage","url":"https:\/\/www.masharif.com\/fr\/wp-content\/uploads\/2015\/11\/FRERIAL.-EXPOSITION-FONDATION-DU-MAROC-PARIS.-DIRECTEUR-ARTISTIQUE-MUSTAPHA-SAHA.-AFFICHE..bmp","contentUrl":"https:\/\/www.masharif.com\/fr\/wp-content\/uploads\/2015\/11\/FRERIAL.-EXPOSITION-FONDATION-DU-MAROC-PARIS.-DIRECTEUR-ARTISTIQUE-MUSTAPHA-SAHA.-AFFICHE..bmp","width":685,"height":960},{"@type":"WebPage","@id":"https:\/\/www.masharif.com\/fr\/2015\/11\/01\/ferial-photographe-des-empreintes-du-futur-par-mustapha-saha\/","url":"https:\/\/www.masharif.com\/fr\/2015\/11\/01\/ferial-photographe-des-empreintes-du-futur-par-mustapha-saha\/","name":"F\u00e9rial, photographe des empreintes du futur Par : Mustapha Saha - Culminances","isPartOf":{"@id":"https:\/\/www.masharif.com\/fr\/#website"},"primaryImageOfPage":{"@id":"https:\/\/www.masharif.com\/fr\/2015\/11\/01\/ferial-photographe-des-empreintes-du-futur-par-mustapha-saha\/#primaryimage"},"datePublished":"2015-11-01T04:28:47+00:00","dateModified":"2015-11-01T04:28:47+00:00","author":{"@id":"https:\/\/www.masharif.com\/fr\/#\/schema\/person\/839a7026efe9fa825134097c1041e4a0"},"breadcrumb":{"@id":"https:\/\/www.masharif.com\/fr\/2015\/11\/01\/ferial-photographe-des-empreintes-du-futur-par-mustapha-saha\/#breadcrumb"},"inLanguage":"fr-FR","potentialAction":[{"@type":"ReadAction","target":["https:\/\/www.masharif.com\/fr\/2015\/11\/01\/ferial-photographe-des-empreintes-du-futur-par-mustapha-saha\/"]}]},{"@type":"BreadcrumbList","@id":"https:\/\/www.masharif.com\/fr\/2015\/11\/01\/ferial-photographe-des-empreintes-du-futur-par-mustapha-saha\/#breadcrumb","itemListElement":[{"@type":"ListItem","position":1,"name":"Home","item":"https:\/\/www.masharif.com\/fr\/"},{"@type":"ListItem","position":2,"name":"F\u00e9rial, photographe des empreintes du futur Par : Mustapha Saha"}]},{"@type":"Person","@id":"https:\/\/www.masharif.com\/fr\/#\/schema\/person\/839a7026efe9fa825134097c1041e4a0","name":"Mohamed Salah Ben Amor","image":{"@type":"ImageObject","inLanguage":"fr-FR","@id":"https:\/\/www.masharif.com\/fr\/#\/schema\/person\/image\/","url":"https:\/\/secure.gravatar.com\/avatar\/f64806401ad5ed604ffec2272b19ef46?s=96&d=identicon&r=g","contentUrl":"https:\/\/secure.gravatar.com\/avatar\/f64806401ad5ed604ffec2272b19ef46?s=96&d=identicon&r=g","caption":"Mohamed Salah Ben Amor"},"sameAs":["http:\/\/ben-amor.info"],"url":"https:\/\/www.masharif.com\/fr\/author\/msba\/"}]}},"_links":{"self":[{"href":"https:\/\/www.masharif.com\/fr\/wp-json\/wp\/v2\/posts\/1373"}],"collection":[{"href":"https:\/\/www.masharif.com\/fr\/wp-json\/wp\/v2\/posts"}],"about":[{"href":"https:\/\/www.masharif.com\/fr\/wp-json\/wp\/v2\/types\/post"}],"author":[{"embeddable":true,"href":"https:\/\/www.masharif.com\/fr\/wp-json\/wp\/v2\/users\/2"}],"replies":[{"embeddable":true,"href":"https:\/\/www.masharif.com\/fr\/wp-json\/wp\/v2\/comments?post=1373"}],"version-history":[{"count":1,"href":"https:\/\/www.masharif.com\/fr\/wp-json\/wp\/v2\/posts\/1373\/revisions"}],"predecessor-version":[{"id":1378,"href":"https:\/\/www.masharif.com\/fr\/wp-json\/wp\/v2\/posts\/1373\/revisions\/1378"}],"wp:featuredmedia":[{"embeddable":true,"href":"https:\/\/www.masharif.com\/fr\/wp-json\/wp\/v2\/media\/1376"}],"wp:attachment":[{"href":"https:\/\/www.masharif.com\/fr\/wp-json\/wp\/v2\/media?parent=1373"}],"wp:term":[{"taxonomy":"category","embeddable":true,"href":"https:\/\/www.masharif.com\/fr\/wp-json\/wp\/v2\/categories?post=1373"},{"taxonomy":"post_tag","embeddable":true,"href":"https:\/\/www.masharif.com\/fr\/wp-json\/wp\/v2\/tags?post=1373"}],"curies":[{"name":"wp","href":"https:\/\/api.w.org\/{rel}","templated":true}]}}