{"id":11498,"date":"2022-01-18T07:36:53","date_gmt":"2022-01-18T06:36:53","guid":{"rendered":"http:\/\/www.masharif.com\/fr\/?p=11498"},"modified":"2022-01-18T12:04:26","modified_gmt":"2022-01-18T11:04:26","slug":"dentelles-par-isabelle-bernarf-paris-france","status":"publish","type":"post","link":"https:\/\/www.masharif.com\/fr\/2022\/01\/18\/dentelles-par-isabelle-bernarf-paris-france\/","title":{"rendered":"Dentelles par: Isabelle Bernarf &#8211; Paris &#8211; France"},"content":{"rendered":"\n<figure class=\"wp-block-image\"><img loading=\"lazy\" width=\"768\" height=\"1024\" src=\"http:\/\/www.masharif.com\/fr\/wp-content\/uploads\/2022\/01\/125787843_395515208318762_6959458520451715077_n-768x1024.jpg\" alt=\"\" class=\"wp-image-11499\" srcset=\"https:\/\/www.masharif.com\/fr\/wp-content\/uploads\/2022\/01\/125787843_395515208318762_6959458520451715077_n-768x1024.jpg 768w, https:\/\/www.masharif.com\/fr\/wp-content\/uploads\/2022\/01\/125787843_395515208318762_6959458520451715077_n-225x300.jpg 225w, https:\/\/www.masharif.com\/fr\/wp-content\/uploads\/2022\/01\/125787843_395515208318762_6959458520451715077_n.jpg 1530w\" sizes=\"(max-width: 768px) 100vw, 768px\" \/><\/figure>\n\n\n\n<figure class=\"wp-block-image\"><img loading=\"lazy\" width=\"960\" height=\"539\" src=\"http:\/\/www.masharif.com\/fr\/wp-content\/uploads\/2022\/01\/fractal-2056102_960_720.jpg\" alt=\"\" class=\"wp-image-11500\" srcset=\"https:\/\/www.masharif.com\/fr\/wp-content\/uploads\/2022\/01\/fractal-2056102_960_720.jpg 960w, https:\/\/www.masharif.com\/fr\/wp-content\/uploads\/2022\/01\/fractal-2056102_960_720-300x168.jpg 300w, https:\/\/www.masharif.com\/fr\/wp-content\/uploads\/2022\/01\/fractal-2056102_960_720-768x431.jpg 768w\" sizes=\"(max-width: 960px) 100vw, 960px\" \/><\/figure>\n\n\n\n<p>Le ciel se\ncouvre de dentelles&nbsp;<\/p>\n\n\n\n<p>Accorde-moi une caresse<\/p>\n\n\n\n<p>Ce qui sera\ndemain&nbsp;<\/p>\n\n\n\n<p>Fut hier\npromesses<\/p>\n\n\n\n<p>Accorde-moi une soir\u00e9e <\/p>\n\n\n\n<p>Allong\u00e9e sur\nton silence&nbsp;<\/p>\n\n\n\n<p>Que la lune\nconsole&nbsp;<\/p>\n\n\n\n<p>Ma part\nd&#8217;ombre<\/p>\n\n\n\n<p>Tout\ns&#8217;\u00e9teint&nbsp;<\/p>\n\n\n\n<p>M\u00eame avant\nl&#8217;heure&nbsp;<\/p>\n\n\n\n<p>\u00catre forte\net se vautrer&nbsp;<\/p>\n\n\n\n<p>Dans la\nfange de la d\u00e9rision&nbsp;<\/p>\n\n\n\n<p>Le chemin\nbifurque&nbsp;<\/p>\n\n\n\n<p>Tout ce dont\nnous sommes priv\u00e9s&nbsp;<\/p>\n\n\n\n<p>En un\nsouvenir fracass\u00e9&nbsp;<\/p>\n\n\n\n<p>Prend de\nl&#8217;importance&nbsp;<\/p>\n\n\n\n<p>Cauchemars\nde nos nuits criardes&nbsp;<\/p>\n\n\n\n<p>Enfouis sous\nquelques heures&nbsp;<\/p>\n\n\n\n<p>De\nd\u00e9perdition,&nbsp; d&#8217;\u00e9garement&nbsp;<\/p>\n\n\n\n<p>Un chapeau\nsans fonds<\/p>\n\n\n\n<p>Le ciel se\ncouvre de dentelles&nbsp;<\/p>\n\n\n\n<p>Accorde moi\nun sourire arc-en-ciel&nbsp;<\/p>\n\n\n\n<p>Apr\u00e8s la\npluie acide<\/p>\n\n\n\n<p>Sur notre\nface cr\u00e9atrice&nbsp;<\/p>\n\n\n\n<p>Alors je me\nrecroqueville&nbsp;<\/p>\n\n\n\n<p>Comme un\n\u00eatre f\u0153tal&nbsp;<\/p>\n\n\n\n<p>Tous mes\nsens exasp\u00e9r\u00e9s&nbsp;<\/p>\n\n\n\n<p>Se livrent \u00e0\nla r\u00e9gression&nbsp;<\/p>\n\n\n\n<p>Bient\u00f4t,&nbsp;\nnouveau rappel&nbsp;<\/p>\n\n\n\n<p>Des dentelle\nressuscit\u00e9es&nbsp;<\/p>\n\n\n\n<p>A la vie\njusqu&#8217;\u00e0 la fin<\/p>\n","protected":false},"excerpt":{"rendered":"<p>Le ciel se couvre de dentelles&nbsp; Accorde-moi une caresse Ce qui sera demain&nbsp; Fut hier promesses Accorde-moi une soir\u00e9e Allong\u00e9e sur ton silence&nbsp; Que la lune console&nbsp; Ma part d&#8217;ombre Tout s&#8217;\u00e9teint&nbsp; M\u00eame avant l&#8217;heure&nbsp; \u00catre forte et se vautrer&nbsp; Dans la fange de la d\u00e9rision&nbsp; Le chemin bifurque&nbsp; Tout ce dont nous sommes priv\u00e9s&nbsp; &#8230;<\/p>\n","protected":false},"author":2,"featured_media":11500,"comment_status":"open","ping_status":"open","sticky":false,"template":"","format":"standard","meta":[],"categories":[4],"tags":[],"yoast_head":"<!-- This site is optimized with the Yoast SEO plugin v19.3 - https:\/\/yoast.com\/wordpress\/plugins\/seo\/ -->\n<title>Dentelles par: Isabelle Bernarf - Paris - France - Culminances<\/title>\n<meta name=\"robots\" content=\"index, follow, max-snippet:-1, max-image-preview:large, max-video-preview:-1\" \/>\n<link rel=\"canonical\" href=\"https:\/\/www.masharif.com\/fr\/2022\/01\/18\/dentelles-par-isabelle-bernarf-paris-france\/\" \/>\n<meta property=\"og:locale\" content=\"fr_FR\" \/>\n<meta property=\"og:type\" content=\"article\" \/>\n<meta property=\"og:title\" content=\"Dentelles par: Isabelle Bernarf - Paris - France - Culminances\" \/>\n<meta property=\"og:description\" content=\"Le ciel se couvre de dentelles&nbsp; Accorde-moi une caresse Ce qui sera demain&nbsp; Fut hier promesses Accorde-moi une soir\u00e9e Allong\u00e9e sur ton silence&nbsp; Que la lune console&nbsp; Ma part d&#8217;ombre Tout s&#8217;\u00e9teint&nbsp; M\u00eame avant l&#8217;heure&nbsp; \u00catre forte et se vautrer&nbsp; Dans la fange de la d\u00e9rision&nbsp; Le chemin bifurque&nbsp; Tout ce dont nous sommes priv\u00e9s&nbsp; ...\" \/>\n<meta property=\"og:url\" content=\"https:\/\/www.masharif.com\/fr\/2022\/01\/18\/dentelles-par-isabelle-bernarf-paris-france\/\" \/>\n<meta property=\"og:site_name\" content=\"Culminances\" \/>\n<meta property=\"article:published_time\" content=\"2022-01-18T06:36:53+00:00\" \/>\n<meta property=\"article:modified_time\" content=\"2022-01-18T11:04:26+00:00\" \/>\n<meta property=\"og:image\" content=\"https:\/\/www.masharif.com\/fr\/wp-content\/uploads\/2022\/01\/fractal-2056102_960_720.jpg\" \/>\n\t<meta property=\"og:image:width\" content=\"960\" \/>\n\t<meta property=\"og:image:height\" content=\"539\" \/>\n\t<meta property=\"og:image:type\" content=\"image\/jpeg\" \/>\n<meta name=\"author\" content=\"Mohamed Salah Ben Amor\" \/>\n<meta name=\"twitter:card\" content=\"summary\" \/>\n<meta name=\"twitter:label1\" content=\"\u00c9crit par\" \/>\n\t<meta name=\"twitter:data1\" content=\"Mohamed Salah Ben Amor\" \/>\n\t<meta name=\"twitter:label2\" content=\"Dur\u00e9e de lecture estim\u00e9e\" \/>\n\t<meta name=\"twitter:data2\" content=\"1 minute\" \/>\n<script type=\"application\/ld+json\" class=\"yoast-schema-graph\">{\"@context\":\"https:\/\/schema.org\",\"@graph\":[{\"@type\":\"WebSite\",\"@id\":\"https:\/\/www.masharif.com\/fr\/#website\",\"url\":\"https:\/\/www.masharif.com\/fr\/\",\"name\":\"Culminances\",\"description\":\"\",\"potentialAction\":[{\"@type\":\"SearchAction\",\"target\":{\"@type\":\"EntryPoint\",\"urlTemplate\":\"https:\/\/www.masharif.com\/fr\/?s={search_term_string}\"},\"query-input\":\"required name=search_term_string\"}],\"inLanguage\":\"fr-FR\"},{\"@type\":\"ImageObject\",\"inLanguage\":\"fr-FR\",\"@id\":\"https:\/\/www.masharif.com\/fr\/2022\/01\/18\/dentelles-par-isabelle-bernarf-paris-france\/#primaryimage\",\"url\":\"https:\/\/www.masharif.com\/fr\/wp-content\/uploads\/2022\/01\/fractal-2056102_960_720.jpg\",\"contentUrl\":\"https:\/\/www.masharif.com\/fr\/wp-content\/uploads\/2022\/01\/fractal-2056102_960_720.jpg\",\"width\":960,\"height\":539},{\"@type\":\"WebPage\",\"@id\":\"https:\/\/www.masharif.com\/fr\/2022\/01\/18\/dentelles-par-isabelle-bernarf-paris-france\/\",\"url\":\"https:\/\/www.masharif.com\/fr\/2022\/01\/18\/dentelles-par-isabelle-bernarf-paris-france\/\",\"name\":\"Dentelles par: Isabelle Bernarf - Paris - France - Culminances\",\"isPartOf\":{\"@id\":\"https:\/\/www.masharif.com\/fr\/#website\"},\"primaryImageOfPage\":{\"@id\":\"https:\/\/www.masharif.com\/fr\/2022\/01\/18\/dentelles-par-isabelle-bernarf-paris-france\/#primaryimage\"},\"datePublished\":\"2022-01-18T06:36:53+00:00\",\"dateModified\":\"2022-01-18T11:04:26+00:00\",\"author\":{\"@id\":\"https:\/\/www.masharif.com\/fr\/#\/schema\/person\/839a7026efe9fa825134097c1041e4a0\"},\"breadcrumb\":{\"@id\":\"https:\/\/www.masharif.com\/fr\/2022\/01\/18\/dentelles-par-isabelle-bernarf-paris-france\/#breadcrumb\"},\"inLanguage\":\"fr-FR\",\"potentialAction\":[{\"@type\":\"ReadAction\",\"target\":[\"https:\/\/www.masharif.com\/fr\/2022\/01\/18\/dentelles-par-isabelle-bernarf-paris-france\/\"]}]},{\"@type\":\"BreadcrumbList\",\"@id\":\"https:\/\/www.masharif.com\/fr\/2022\/01\/18\/dentelles-par-isabelle-bernarf-paris-france\/#breadcrumb\",\"itemListElement\":[{\"@type\":\"ListItem\",\"position\":1,\"name\":\"Home\",\"item\":\"https:\/\/www.masharif.com\/fr\/\"},{\"@type\":\"ListItem\",\"position\":2,\"name\":\"Dentelles par: Isabelle Bernarf &#8211; Paris &#8211; France\"}]},{\"@type\":\"Person\",\"@id\":\"https:\/\/www.masharif.com\/fr\/#\/schema\/person\/839a7026efe9fa825134097c1041e4a0\",\"name\":\"Mohamed Salah Ben Amor\",\"image\":{\"@type\":\"ImageObject\",\"inLanguage\":\"fr-FR\",\"@id\":\"https:\/\/www.masharif.com\/fr\/#\/schema\/person\/image\/\",\"url\":\"https:\/\/secure.gravatar.com\/avatar\/f64806401ad5ed604ffec2272b19ef46?s=96&d=identicon&r=g\",\"contentUrl\":\"https:\/\/secure.gravatar.com\/avatar\/f64806401ad5ed604ffec2272b19ef46?s=96&d=identicon&r=g\",\"caption\":\"Mohamed Salah Ben Amor\"},\"sameAs\":[\"http:\/\/ben-amor.info\"],\"url\":\"https:\/\/www.masharif.com\/fr\/author\/msba\/\"}]}<\/script>\n<!-- \/ Yoast SEO plugin. -->","yoast_head_json":{"title":"Dentelles par: Isabelle Bernarf - Paris - France - Culminances","robots":{"index":"index","follow":"follow","max-snippet":"max-snippet:-1","max-image-preview":"max-image-preview:large","max-video-preview":"max-video-preview:-1"},"canonical":"https:\/\/www.masharif.com\/fr\/2022\/01\/18\/dentelles-par-isabelle-bernarf-paris-france\/","og_locale":"fr_FR","og_type":"article","og_title":"Dentelles par: Isabelle Bernarf - Paris - France - Culminances","og_description":"Le ciel se couvre de dentelles&nbsp; Accorde-moi une caresse Ce qui sera demain&nbsp; Fut hier promesses Accorde-moi une soir\u00e9e Allong\u00e9e sur ton silence&nbsp; Que la lune console&nbsp; Ma part d&#8217;ombre Tout s&#8217;\u00e9teint&nbsp; M\u00eame avant l&#8217;heure&nbsp; \u00catre forte et se vautrer&nbsp; Dans la fange de la d\u00e9rision&nbsp; Le chemin bifurque&nbsp; Tout ce dont nous sommes priv\u00e9s&nbsp; ...","og_url":"https:\/\/www.masharif.com\/fr\/2022\/01\/18\/dentelles-par-isabelle-bernarf-paris-france\/","og_site_name":"Culminances","article_published_time":"2022-01-18T06:36:53+00:00","article_modified_time":"2022-01-18T11:04:26+00:00","og_image":[{"width":960,"height":539,"url":"https:\/\/www.masharif.com\/fr\/wp-content\/uploads\/2022\/01\/fractal-2056102_960_720.jpg","type":"image\/jpeg"}],"author":"Mohamed Salah Ben Amor","twitter_card":"summary","twitter_misc":{"\u00c9crit par":"Mohamed Salah Ben Amor","Dur\u00e9e de lecture estim\u00e9e":"1 minute"},"schema":{"@context":"https:\/\/schema.org","@graph":[{"@type":"WebSite","@id":"https:\/\/www.masharif.com\/fr\/#website","url":"https:\/\/www.masharif.com\/fr\/","name":"Culminances","description":"","potentialAction":[{"@type":"SearchAction","target":{"@type":"EntryPoint","urlTemplate":"https:\/\/www.masharif.com\/fr\/?s={search_term_string}"},"query-input":"required name=search_term_string"}],"inLanguage":"fr-FR"},{"@type":"ImageObject","inLanguage":"fr-FR","@id":"https:\/\/www.masharif.com\/fr\/2022\/01\/18\/dentelles-par-isabelle-bernarf-paris-france\/#primaryimage","url":"https:\/\/www.masharif.com\/fr\/wp-content\/uploads\/2022\/01\/fractal-2056102_960_720.jpg","contentUrl":"https:\/\/www.masharif.com\/fr\/wp-content\/uploads\/2022\/01\/fractal-2056102_960_720.jpg","width":960,"height":539},{"@type":"WebPage","@id":"https:\/\/www.masharif.com\/fr\/2022\/01\/18\/dentelles-par-isabelle-bernarf-paris-france\/","url":"https:\/\/www.masharif.com\/fr\/2022\/01\/18\/dentelles-par-isabelle-bernarf-paris-france\/","name":"Dentelles par: Isabelle Bernarf - Paris - France - Culminances","isPartOf":{"@id":"https:\/\/www.masharif.com\/fr\/#website"},"primaryImageOfPage":{"@id":"https:\/\/www.masharif.com\/fr\/2022\/01\/18\/dentelles-par-isabelle-bernarf-paris-france\/#primaryimage"},"datePublished":"2022-01-18T06:36:53+00:00","dateModified":"2022-01-18T11:04:26+00:00","author":{"@id":"https:\/\/www.masharif.com\/fr\/#\/schema\/person\/839a7026efe9fa825134097c1041e4a0"},"breadcrumb":{"@id":"https:\/\/www.masharif.com\/fr\/2022\/01\/18\/dentelles-par-isabelle-bernarf-paris-france\/#breadcrumb"},"inLanguage":"fr-FR","potentialAction":[{"@type":"ReadAction","target":["https:\/\/www.masharif.com\/fr\/2022\/01\/18\/dentelles-par-isabelle-bernarf-paris-france\/"]}]},{"@type":"BreadcrumbList","@id":"https:\/\/www.masharif.com\/fr\/2022\/01\/18\/dentelles-par-isabelle-bernarf-paris-france\/#breadcrumb","itemListElement":[{"@type":"ListItem","position":1,"name":"Home","item":"https:\/\/www.masharif.com\/fr\/"},{"@type":"ListItem","position":2,"name":"Dentelles par: Isabelle Bernarf &#8211; Paris &#8211; France"}]},{"@type":"Person","@id":"https:\/\/www.masharif.com\/fr\/#\/schema\/person\/839a7026efe9fa825134097c1041e4a0","name":"Mohamed Salah Ben Amor","image":{"@type":"ImageObject","inLanguage":"fr-FR","@id":"https:\/\/www.masharif.com\/fr\/#\/schema\/person\/image\/","url":"https:\/\/secure.gravatar.com\/avatar\/f64806401ad5ed604ffec2272b19ef46?s=96&d=identicon&r=g","contentUrl":"https:\/\/secure.gravatar.com\/avatar\/f64806401ad5ed604ffec2272b19ef46?s=96&d=identicon&r=g","caption":"Mohamed Salah Ben Amor"},"sameAs":["http:\/\/ben-amor.info"],"url":"https:\/\/www.masharif.com\/fr\/author\/msba\/"}]}},"_links":{"self":[{"href":"https:\/\/www.masharif.com\/fr\/wp-json\/wp\/v2\/posts\/11498"}],"collection":[{"href":"https:\/\/www.masharif.com\/fr\/wp-json\/wp\/v2\/posts"}],"about":[{"href":"https:\/\/www.masharif.com\/fr\/wp-json\/wp\/v2\/types\/post"}],"author":[{"embeddable":true,"href":"https:\/\/www.masharif.com\/fr\/wp-json\/wp\/v2\/users\/2"}],"replies":[{"embeddable":true,"href":"https:\/\/www.masharif.com\/fr\/wp-json\/wp\/v2\/comments?post=11498"}],"version-history":[{"count":2,"href":"https:\/\/www.masharif.com\/fr\/wp-json\/wp\/v2\/posts\/11498\/revisions"}],"predecessor-version":[{"id":11502,"href":"https:\/\/www.masharif.com\/fr\/wp-json\/wp\/v2\/posts\/11498\/revisions\/11502"}],"wp:featuredmedia":[{"embeddable":true,"href":"https:\/\/www.masharif.com\/fr\/wp-json\/wp\/v2\/media\/11500"}],"wp:attachment":[{"href":"https:\/\/www.masharif.com\/fr\/wp-json\/wp\/v2\/media?parent=11498"}],"wp:term":[{"taxonomy":"category","embeddable":true,"href":"https:\/\/www.masharif.com\/fr\/wp-json\/wp\/v2\/categories?post=11498"},{"taxonomy":"post_tag","embeddable":true,"href":"https:\/\/www.masharif.com\/fr\/wp-json\/wp\/v2\/tags?post=11498"}],"curies":[{"name":"wp","href":"https:\/\/api.w.org\/{rel}","templated":true}]}}