{"id":11307,"date":"2021-04-28T21:20:53","date_gmt":"2021-04-28T20:20:53","guid":{"rendered":"http:\/\/www.masharif.com\/fr\/?p=11307"},"modified":"2021-04-28T21:20:54","modified_gmt":"2021-04-28T20:20:54","slug":"un-village-pauvre-par-ahmed-safir-fes-maroc","status":"publish","type":"post","link":"https:\/\/www.masharif.com\/fr\/2021\/04\/28\/un-village-pauvre-par-ahmed-safir-fes-maroc\/","title":{"rendered":"Un village pauvre par: Ahmed Safir- F\u00e8s \u2013Maroc"},"content":{"rendered":"\n<figure class=\"wp-block-image\"><img loading=\"lazy\" width=\"450\" height=\"300\" src=\"http:\/\/www.masharif.com\/fr\/wp-content\/uploads\/2021\/04\/siempreverde22180629949.jpg\" alt=\"\" class=\"wp-image-11311\" srcset=\"https:\/\/www.masharif.com\/fr\/wp-content\/uploads\/2021\/04\/siempreverde22180629949.jpg 450w, https:\/\/www.masharif.com\/fr\/wp-content\/uploads\/2021\/04\/siempreverde22180629949-300x200.jpg 300w\" sizes=\"(max-width: 450px) 100vw, 450px\" \/><\/figure>\n\n\n\n<figure class=\"wp-block-image\"><img loading=\"lazy\" width=\"780\" height=\"791\" src=\"http:\/\/www.masharif.com\/fr\/wp-content\/uploads\/2021\/01\/t\u00e9l\u00e9chargement-1.jpg\" alt=\"\" class=\"wp-image-11097\" srcset=\"https:\/\/www.masharif.com\/fr\/wp-content\/uploads\/2021\/01\/t\u00e9l\u00e9chargement-1.jpg 780w, https:\/\/www.masharif.com\/fr\/wp-content\/uploads\/2021\/01\/t\u00e9l\u00e9chargement-1-296x300.jpg 296w, https:\/\/www.masharif.com\/fr\/wp-content\/uploads\/2021\/01\/t\u00e9l\u00e9chargement-1-768x779.jpg 768w, https:\/\/www.masharif.com\/fr\/wp-content\/uploads\/2021\/01\/t\u00e9l\u00e9chargement-1-55x55.jpg 55w\" sizes=\"(max-width: 780px) 100vw, 780px\" \/><\/figure>\n\n\n\n<p><strong><br>\nSurgit un village<br>\nO\u00f9 la pauvret\u00e9 fait ravage<br>\nDes enfants sans \u00e2ge <br>\nSe d\u00e9m\u00e8nent avec courage<br>\nCoupant brindilles et branchages<br>\nConfectionnant des sacs de couchage<br>\nDes vieux, des sillons sur les visages <br>\nDans leurs corps les maux se propagent<br>\nD\u00e9ciment et font des carnages<br>\nRecroquevill\u00e9s dans leurs cages <br>\nEntour\u00e9s de leurs maigres bagages<br>\nDe chiens et ch\u00e8vres&nbsp; au maigre pelage<br>\nIls attendent, r\u00e9sign\u00e9s&nbsp; avec courage<br>\nQu&#8217;on daigne les inviter au partage<br>\nIls attendent, sans haine sans rancune <br>\nUne petite part de l&#8217;immense fortune<br>\nDe leur pays, le plus beau du monde<br>\nCette fortune, dilapid\u00e9e \u00e0 la ronde<br>\nPar des sc\u00e9l\u00e9rats immondes<br>\nAux grandes bedaines rondes.<br>\n<br>\n<br>\n<\/strong><\/p>\n","protected":false},"excerpt":{"rendered":"<p>Surgit un village O\u00f9 la pauvret\u00e9 fait ravage Des enfants sans \u00e2ge Se d\u00e9m\u00e8nent avec courage Coupant brindilles et branchages Confectionnant des sacs de couchage Des vieux, des sillons sur les visages Dans leurs corps les maux se propagent D\u00e9ciment et font des carnages Recroquevill\u00e9s dans leurs cages Entour\u00e9s de leurs maigres bagages De chiens &#8230;<\/p>\n","protected":false},"author":2,"featured_media":11311,"comment_status":"open","ping_status":"open","sticky":false,"template":"","format":"standard","meta":[],"categories":[4],"tags":[],"yoast_head":"<!-- This site is optimized with the Yoast SEO plugin v19.3 - https:\/\/yoast.com\/wordpress\/plugins\/seo\/ -->\n<title>Un village pauvre par: Ahmed Safir- F\u00e8s \u2013Maroc - Culminances<\/title>\n<meta name=\"robots\" content=\"index, follow, max-snippet:-1, max-image-preview:large, max-video-preview:-1\" \/>\n<link rel=\"canonical\" href=\"https:\/\/www.masharif.com\/fr\/2021\/04\/28\/un-village-pauvre-par-ahmed-safir-fes-maroc\/\" \/>\n<meta property=\"og:locale\" content=\"fr_FR\" \/>\n<meta property=\"og:type\" content=\"article\" \/>\n<meta property=\"og:title\" content=\"Un village pauvre par: Ahmed Safir- F\u00e8s \u2013Maroc - Culminances\" \/>\n<meta property=\"og:description\" content=\"Surgit un village O\u00f9 la pauvret\u00e9 fait ravage Des enfants sans \u00e2ge Se d\u00e9m\u00e8nent avec courage Coupant brindilles et branchages Confectionnant des sacs de couchage Des vieux, des sillons sur les visages Dans leurs corps les maux se propagent D\u00e9ciment et font des carnages Recroquevill\u00e9s dans leurs cages Entour\u00e9s de leurs maigres bagages De chiens ...\" \/>\n<meta property=\"og:url\" content=\"https:\/\/www.masharif.com\/fr\/2021\/04\/28\/un-village-pauvre-par-ahmed-safir-fes-maroc\/\" \/>\n<meta property=\"og:site_name\" content=\"Culminances\" \/>\n<meta property=\"article:published_time\" content=\"2021-04-28T20:20:53+00:00\" \/>\n<meta property=\"article:modified_time\" content=\"2021-04-28T20:20:54+00:00\" \/>\n<meta property=\"og:image\" content=\"https:\/\/www.masharif.com\/fr\/wp-content\/uploads\/2021\/04\/siempreverde22180629949.jpg\" \/>\n\t<meta property=\"og:image:width\" content=\"450\" \/>\n\t<meta property=\"og:image:height\" content=\"300\" \/>\n\t<meta property=\"og:image:type\" content=\"image\/jpeg\" \/>\n<meta name=\"author\" content=\"Mohamed Salah Ben Amor\" \/>\n<meta name=\"twitter:card\" content=\"summary\" \/>\n<meta name=\"twitter:label1\" content=\"\u00c9crit par\" \/>\n\t<meta name=\"twitter:data1\" content=\"Mohamed Salah Ben Amor\" \/>\n\t<meta name=\"twitter:label2\" content=\"Dur\u00e9e de lecture estim\u00e9e\" \/>\n\t<meta name=\"twitter:data2\" content=\"1 minute\" \/>\n<script type=\"application\/ld+json\" class=\"yoast-schema-graph\">{\"@context\":\"https:\/\/schema.org\",\"@graph\":[{\"@type\":\"WebSite\",\"@id\":\"http:\/\/www.masharif.com\/fr\/#website\",\"url\":\"http:\/\/www.masharif.com\/fr\/\",\"name\":\"Culminances\",\"description\":\"\",\"potentialAction\":[{\"@type\":\"SearchAction\",\"target\":{\"@type\":\"EntryPoint\",\"urlTemplate\":\"http:\/\/www.masharif.com\/fr\/?s={search_term_string}\"},\"query-input\":\"required name=search_term_string\"}],\"inLanguage\":\"fr-FR\"},{\"@type\":\"ImageObject\",\"inLanguage\":\"fr-FR\",\"@id\":\"https:\/\/www.masharif.com\/fr\/2021\/04\/28\/un-village-pauvre-par-ahmed-safir-fes-maroc\/#primaryimage\",\"url\":\"https:\/\/www.masharif.com\/fr\/wp-content\/uploads\/2021\/04\/siempreverde22180629949.jpg\",\"contentUrl\":\"https:\/\/www.masharif.com\/fr\/wp-content\/uploads\/2021\/04\/siempreverde22180629949.jpg\",\"width\":450,\"height\":300},{\"@type\":\"WebPage\",\"@id\":\"https:\/\/www.masharif.com\/fr\/2021\/04\/28\/un-village-pauvre-par-ahmed-safir-fes-maroc\/\",\"url\":\"https:\/\/www.masharif.com\/fr\/2021\/04\/28\/un-village-pauvre-par-ahmed-safir-fes-maroc\/\",\"name\":\"Un village pauvre par: Ahmed Safir- F\u00e8s \u2013Maroc - Culminances\",\"isPartOf\":{\"@id\":\"http:\/\/www.masharif.com\/fr\/#website\"},\"primaryImageOfPage\":{\"@id\":\"https:\/\/www.masharif.com\/fr\/2021\/04\/28\/un-village-pauvre-par-ahmed-safir-fes-maroc\/#primaryimage\"},\"datePublished\":\"2021-04-28T20:20:53+00:00\",\"dateModified\":\"2021-04-28T20:20:54+00:00\",\"author\":{\"@id\":\"http:\/\/www.masharif.com\/fr\/#\/schema\/person\/839a7026efe9fa825134097c1041e4a0\"},\"breadcrumb\":{\"@id\":\"https:\/\/www.masharif.com\/fr\/2021\/04\/28\/un-village-pauvre-par-ahmed-safir-fes-maroc\/#breadcrumb\"},\"inLanguage\":\"fr-FR\",\"potentialAction\":[{\"@type\":\"ReadAction\",\"target\":[\"https:\/\/www.masharif.com\/fr\/2021\/04\/28\/un-village-pauvre-par-ahmed-safir-fes-maroc\/\"]}]},{\"@type\":\"BreadcrumbList\",\"@id\":\"https:\/\/www.masharif.com\/fr\/2021\/04\/28\/un-village-pauvre-par-ahmed-safir-fes-maroc\/#breadcrumb\",\"itemListElement\":[{\"@type\":\"ListItem\",\"position\":1,\"name\":\"Home\",\"item\":\"http:\/\/www.masharif.com\/fr\/\"},{\"@type\":\"ListItem\",\"position\":2,\"name\":\"Un village pauvre par: Ahmed Safir- F\u00e8s \u2013Maroc\"}]},{\"@type\":\"Person\",\"@id\":\"http:\/\/www.masharif.com\/fr\/#\/schema\/person\/839a7026efe9fa825134097c1041e4a0\",\"name\":\"Mohamed Salah Ben Amor\",\"image\":{\"@type\":\"ImageObject\",\"inLanguage\":\"fr-FR\",\"@id\":\"http:\/\/www.masharif.com\/fr\/#\/schema\/person\/image\/\",\"url\":\"https:\/\/secure.gravatar.com\/avatar\/f64806401ad5ed604ffec2272b19ef46?s=96&d=identicon&r=g\",\"contentUrl\":\"https:\/\/secure.gravatar.com\/avatar\/f64806401ad5ed604ffec2272b19ef46?s=96&d=identicon&r=g\",\"caption\":\"Mohamed Salah Ben Amor\"},\"sameAs\":[\"http:\/\/ben-amor.info\"],\"url\":\"https:\/\/www.masharif.com\/fr\/author\/msba\/\"}]}<\/script>\n<!-- \/ Yoast SEO plugin. -->","yoast_head_json":{"title":"Un village pauvre par: Ahmed Safir- F\u00e8s \u2013Maroc - Culminances","robots":{"index":"index","follow":"follow","max-snippet":"max-snippet:-1","max-image-preview":"max-image-preview:large","max-video-preview":"max-video-preview:-1"},"canonical":"https:\/\/www.masharif.com\/fr\/2021\/04\/28\/un-village-pauvre-par-ahmed-safir-fes-maroc\/","og_locale":"fr_FR","og_type":"article","og_title":"Un village pauvre par: Ahmed Safir- F\u00e8s \u2013Maroc - Culminances","og_description":"Surgit un village O\u00f9 la pauvret\u00e9 fait ravage Des enfants sans \u00e2ge Se d\u00e9m\u00e8nent avec courage Coupant brindilles et branchages Confectionnant des sacs de couchage Des vieux, des sillons sur les visages Dans leurs corps les maux se propagent D\u00e9ciment et font des carnages Recroquevill\u00e9s dans leurs cages Entour\u00e9s de leurs maigres bagages De chiens ...","og_url":"https:\/\/www.masharif.com\/fr\/2021\/04\/28\/un-village-pauvre-par-ahmed-safir-fes-maroc\/","og_site_name":"Culminances","article_published_time":"2021-04-28T20:20:53+00:00","article_modified_time":"2021-04-28T20:20:54+00:00","og_image":[{"width":450,"height":300,"url":"https:\/\/www.masharif.com\/fr\/wp-content\/uploads\/2021\/04\/siempreverde22180629949.jpg","type":"image\/jpeg"}],"author":"Mohamed Salah Ben Amor","twitter_card":"summary","twitter_misc":{"\u00c9crit par":"Mohamed Salah Ben Amor","Dur\u00e9e de lecture estim\u00e9e":"1 minute"},"schema":{"@context":"https:\/\/schema.org","@graph":[{"@type":"WebSite","@id":"http:\/\/www.masharif.com\/fr\/#website","url":"http:\/\/www.masharif.com\/fr\/","name":"Culminances","description":"","potentialAction":[{"@type":"SearchAction","target":{"@type":"EntryPoint","urlTemplate":"http:\/\/www.masharif.com\/fr\/?s={search_term_string}"},"query-input":"required name=search_term_string"}],"inLanguage":"fr-FR"},{"@type":"ImageObject","inLanguage":"fr-FR","@id":"https:\/\/www.masharif.com\/fr\/2021\/04\/28\/un-village-pauvre-par-ahmed-safir-fes-maroc\/#primaryimage","url":"https:\/\/www.masharif.com\/fr\/wp-content\/uploads\/2021\/04\/siempreverde22180629949.jpg","contentUrl":"https:\/\/www.masharif.com\/fr\/wp-content\/uploads\/2021\/04\/siempreverde22180629949.jpg","width":450,"height":300},{"@type":"WebPage","@id":"https:\/\/www.masharif.com\/fr\/2021\/04\/28\/un-village-pauvre-par-ahmed-safir-fes-maroc\/","url":"https:\/\/www.masharif.com\/fr\/2021\/04\/28\/un-village-pauvre-par-ahmed-safir-fes-maroc\/","name":"Un village pauvre par: Ahmed Safir- F\u00e8s \u2013Maroc - Culminances","isPartOf":{"@id":"http:\/\/www.masharif.com\/fr\/#website"},"primaryImageOfPage":{"@id":"https:\/\/www.masharif.com\/fr\/2021\/04\/28\/un-village-pauvre-par-ahmed-safir-fes-maroc\/#primaryimage"},"datePublished":"2021-04-28T20:20:53+00:00","dateModified":"2021-04-28T20:20:54+00:00","author":{"@id":"http:\/\/www.masharif.com\/fr\/#\/schema\/person\/839a7026efe9fa825134097c1041e4a0"},"breadcrumb":{"@id":"https:\/\/www.masharif.com\/fr\/2021\/04\/28\/un-village-pauvre-par-ahmed-safir-fes-maroc\/#breadcrumb"},"inLanguage":"fr-FR","potentialAction":[{"@type":"ReadAction","target":["https:\/\/www.masharif.com\/fr\/2021\/04\/28\/un-village-pauvre-par-ahmed-safir-fes-maroc\/"]}]},{"@type":"BreadcrumbList","@id":"https:\/\/www.masharif.com\/fr\/2021\/04\/28\/un-village-pauvre-par-ahmed-safir-fes-maroc\/#breadcrumb","itemListElement":[{"@type":"ListItem","position":1,"name":"Home","item":"http:\/\/www.masharif.com\/fr\/"},{"@type":"ListItem","position":2,"name":"Un village pauvre par: Ahmed Safir- F\u00e8s \u2013Maroc"}]},{"@type":"Person","@id":"http:\/\/www.masharif.com\/fr\/#\/schema\/person\/839a7026efe9fa825134097c1041e4a0","name":"Mohamed Salah Ben Amor","image":{"@type":"ImageObject","inLanguage":"fr-FR","@id":"http:\/\/www.masharif.com\/fr\/#\/schema\/person\/image\/","url":"https:\/\/secure.gravatar.com\/avatar\/f64806401ad5ed604ffec2272b19ef46?s=96&d=identicon&r=g","contentUrl":"https:\/\/secure.gravatar.com\/avatar\/f64806401ad5ed604ffec2272b19ef46?s=96&d=identicon&r=g","caption":"Mohamed Salah Ben Amor"},"sameAs":["http:\/\/ben-amor.info"],"url":"https:\/\/www.masharif.com\/fr\/author\/msba\/"}]}},"_links":{"self":[{"href":"https:\/\/www.masharif.com\/fr\/wp-json\/wp\/v2\/posts\/11307"}],"collection":[{"href":"https:\/\/www.masharif.com\/fr\/wp-json\/wp\/v2\/posts"}],"about":[{"href":"https:\/\/www.masharif.com\/fr\/wp-json\/wp\/v2\/types\/post"}],"author":[{"embeddable":true,"href":"https:\/\/www.masharif.com\/fr\/wp-json\/wp\/v2\/users\/2"}],"replies":[{"embeddable":true,"href":"https:\/\/www.masharif.com\/fr\/wp-json\/wp\/v2\/comments?post=11307"}],"version-history":[{"count":1,"href":"https:\/\/www.masharif.com\/fr\/wp-json\/wp\/v2\/posts\/11307\/revisions"}],"predecessor-version":[{"id":11312,"href":"https:\/\/www.masharif.com\/fr\/wp-json\/wp\/v2\/posts\/11307\/revisions\/11312"}],"wp:featuredmedia":[{"embeddable":true,"href":"https:\/\/www.masharif.com\/fr\/wp-json\/wp\/v2\/media\/11311"}],"wp:attachment":[{"href":"https:\/\/www.masharif.com\/fr\/wp-json\/wp\/v2\/media?parent=11307"}],"wp:term":[{"taxonomy":"category","embeddable":true,"href":"https:\/\/www.masharif.com\/fr\/wp-json\/wp\/v2\/categories?post=11307"},{"taxonomy":"post_tag","embeddable":true,"href":"https:\/\/www.masharif.com\/fr\/wp-json\/wp\/v2\/tags?post=11307"}],"curies":[{"name":"wp","href":"https:\/\/api.w.org\/{rel}","templated":true}]}}