{"id":11250,"date":"2021-04-09T20:50:19","date_gmt":"2021-04-09T19:50:19","guid":{"rendered":"http:\/\/www.masharif.com\/fr\/?p=11250"},"modified":"2021-04-09T20:50:20","modified_gmt":"2021-04-09T19:50:20","slug":"mon-reve-pour-lhumanitepar-remy-ducacasse-bastia-france","status":"publish","type":"post","link":"https:\/\/www.masharif.com\/fr\/2021\/04\/09\/mon-reve-pour-lhumanitepar-remy-ducacasse-bastia-france\/","title":{"rendered":"MON R\u00caVE POUR L\u2019HUMANITE\u2026par: R\u00e9my Ducacass\u00e9 \u2013 Bastia &#8211; France"},"content":{"rendered":"\n<figure class=\"wp-block-image\"><img loading=\"lazy\" width=\"300\" height=\"225\" src=\"http:\/\/www.masharif.com\/fr\/wp-content\/uploads\/2020\/01\/35358_132824886754257_7029742_n-300x225.jpg\" alt=\"\" class=\"wp-image-10487\"\/><\/figure>\n\n\n\n<p><br> <br> LE FAIT QUE JE PARTAGE ICI, DES TEXTES FRUITS DE L\u2019\u00c9CHO EN MOI QUE PRODUISENT D\u2019AUTRES TEXTES, NE SIGNIFIE PAS QUE JE SOIS DANS LA TOTALIT\u00c9 ABSOLUMENT MA\u00ceTRE DE MES PENS\u00c9ES ET DE MES ACTES&#8230;<br> <br> Que cette question est difficile. Non pas par manque de r\u00eaves. Mais tout au contraire, parce que depuis ma venue au monde, je n\u2019ai pas cess\u00e9 de r\u00eaver et d\u2019essayer d\u2019agir pour un monde meilleur et plus beau.<br> Certains diront quelle pr\u00e9tention. Quelle utopie, diront d\u2019autres. Quelle illusion, diront les r\u00e9sign\u00e9s. <br> <br> Je r\u00eave \u00e0 l\u2019automne de mon existence, que l\u2019\u00e9nergie \u2013 toute l\u2019\u00e9nergie \u2013 celle des bras et celle des esprits que des humains (tout petits, voire minuscules) consacrent \u00e0 fabriquer et \u00e0 utiliser des machines \u00e0 tuer et \u00e0 d\u00e9truire\u2026\/Que cette \u00e9nergie soit d\u00e9ploy\u00e9e positivement \u00e0 construire la PAIX.<br> <br> Oh !!! \u2013 Pas une petite, toute petite paix de rien du tout, une belle et \u00ab grandissime \u00bb PAIX, \u00e0 la surface de toute la TERRE.<br> Allez, je s\u00e8me en partage ce r\u00eave, les autres viendront peut-\u00eatre du c\u0153ur de celui-l\u00e0 repris comme un chant ardent et m\u00e9lodieux des c\u0153urs et des esprits de Celles et Ceux qui me liront.<br> <br> Ce qui pr\u00e9c\u00e8de et ce qui suit, ces mots align\u00e9s bien maladroitement ce sont des minuscules graines, fragiles et minuscules, d\u2019elles na\u00eetrons peut-\u00eatre des bouquets d\u2019esp\u00e9rance !!!<br> <br> Accepter le r\u00e9el, n&#8217;est pas acceptable en soi. Accepter le r\u00e9el est indispensable pour se prot\u00e9ger mentalement et psychologiquement, comme l&#8217;on fait un constat d&#8217;accident ou un contr\u00f4le m\u00e9dical. Mais une fois le bilan ou constat \u00e9tabli et retenu, une fois le constat pos\u00e9, nous ne pouvons en rester l\u00e0. <br> Il faut \u00e0 nouveau se projeter en avant.<br> Donc r\u00eaver, imaginer, inventer, concevoir &#8211; individuellement et ou collectivement. Mettre en \u0153uvre par des actes (des grands actes, des actes moyens, des petits actes au quotidien : individuels ou collectifs, positifs) et r\u00e9aliser pas \u00e0 pas lentement le plus souvent le r\u00eave initial universaliste et HUMANISTE. Il est indispensable de se remettre \u00e0 chaque acte pos\u00e9 face \u00e0 ce r\u00eave initial : <br> <br> LA GRANDE PAIX UNIVERSELLE, pour v\u00e9rifier si le but est approch\u00e9 ou pas. En commen\u00e7ant par se mettre en face de ses propres actes et pas ceux du voisin. Le chantier qui importe c&#8217;est celui o\u00f9 chacun quotidiennement oeuvre avec constance et r\u00e9gularit\u00e9. Porter un regard sur le chantier d&#8217;\u00e0 c\u00f4t\u00e9 c&#8217;est important, mais pour en tirer un enseignement, pas pour y formuler une critique suffisante, p\u00e9dante et dominatrice.\u00a0 <br> <br> Bien au contraire c&#8217;est une source permanente d&#8217;enrichissement personnel. Il reste de toute fa\u00e7on un fond de pens\u00e9es profondes, intimes, personnelles. Celui-ci est augment\u00e9 des connaissances des autres. Cela donne de l&#8217;\u00e9paisseur \u00e0 la Vie, du sens aux actes que l&#8217;on pose successivement. C&#8217;est ainsi que toute l\u2019humanit\u00e9, s\u2019est construite \u00e0 travers les si\u00e8cles pass\u00e9s depuis des mill\u00e9naires.<br> <br> L&#8217;\u00e9volution de la pens\u00e9e humaine et les comportements que cela induit sont \u00e0 l&#8217;image dune courbe en constante progression, avec des hausses ph\u00e9nom\u00e9nales (ce sont les grandes \u00e9poques de l&#8217;histoire) et des chutes vertigineuses comme celle que nous vivons. <br> Mais quoiqu&#8217;il en soit depuis que l\u2019 Humain s&#8217;est mis debout sur ses pieds, il n&#8217;a cess\u00e9 de progresser. Je ne nie absolument pas, ni les reculs, ni les chutes, ni tous les drames que cela engendre. La mort provoqu\u00e9e est la plus d\u00e9testable des choses. La mort comme terme d&#8217;un chemin est la plus magnifique des choses, parce qu&#8217;un HUMAIN qui dispara\u00eet c&#8217;est une place pour un HUMAIN qui voit le jour. Le fait d&#8217;apporter chaque jour ici, et ailleurs ma modeste pierre \u00e0 la construction de ponts &#8211; au lieu de murs &#8211; ne m&#8217;emp\u00eache pas de voir toute la cruaut\u00e9 de certaines r\u00e9alit\u00e9s. J&#8217;ai choisi mon camp, et mes h\u00e9ros sont ceux qui n&#8217;ont jamais d\u00e9tenus entre leurs mains une seule arme capable de donner la mort. Quant \u00e0 penser \u00e0 ce qui m&#8217;attend apr\u00e8s que mes yeux se seront ferm\u00e9s, je ne m&#8217;en pr\u00e9occupe pas. Sans doute un jour cette question va-t-elle se poser \u00e0 mon esprit. Mais pour l&#8217;heure l&#8217;urgence est de parler de PAIX et de non-violence afin d&#8217;apporter ma pierre \u00e0 l&#8217;\u00e9difice.\u00a0 <br> <br> Quand tout autour de moi je regarde toutes ces couleurs du temps qui passe &#8211; ces couleurs de la nature (les arbres &#8211; les plantes &#8211; les animaux &#8211; l&#8217;eau de la mer &#8211; la couleur du ciel &#8211; les couleurs &#8220;naturelle ou pas&#8221; des cheveux des hommes et des femmes &#8220;vieux ou jeunes&#8221; &#8211; les couleurs de toutes les peaux &#8211; les couleurs si diff\u00e9rentes des v\u00eatements que nous endossons pour prot\u00e9ger nos corps jeunes ou vieillissants) je me dis de plus en plus que la VIE est ce qu&#8217;il y a de plus beau. <br> Il peut arriver que cette VIE soit bien difficile, tr\u00e8s dramatique &#8211; mais tr\u00e8s vite je me dis aussi que l\u2019on n\u2019a rien invent\u00e9 de plus beau. <br> <br> ALORS JE VOUS LE DIS ET REDIS ENCORE ET JE LE DIRAIS TOUJOURS M\u00caME AU QUAI DU DERNIER EMBARQUEMENT SI LA VOIX M&#8217;EST ENCORE ACCORD\u00c9E <br> <br> \u00ab VIVE LA VIE !!! \u00bb<br> <br> \u00a9 R\u00e9my Duca<\/p>\n","protected":false},"excerpt":{"rendered":"<p>LE FAIT QUE JE PARTAGE ICI, DES TEXTES FRUITS DE L\u2019\u00c9CHO EN MOI QUE PRODUISENT D\u2019AUTRES TEXTES, NE SIGNIFIE PAS QUE JE SOIS DANS LA TOTALIT\u00c9 ABSOLUMENT MA\u00ceTRE DE MES PENS\u00c9ES ET DE MES ACTES&#8230; Que cette question est difficile. Non pas par manque de r\u00eaves. Mais tout au contraire, parce que depuis ma venue &#8230;<\/p>\n","protected":false},"author":2,"featured_media":10494,"comment_status":"open","ping_status":"open","sticky":false,"template":"","format":"standard","meta":[],"categories":[2],"tags":[],"yoast_head":"<!-- This site is optimized with the Yoast SEO plugin v19.3 - https:\/\/yoast.com\/wordpress\/plugins\/seo\/ -->\n<title>MON R\u00caVE POUR L\u2019HUMANITE\u2026par: R\u00e9my Ducacass\u00e9 \u2013 Bastia - France - Culminances<\/title>\n<meta name=\"robots\" content=\"index, follow, max-snippet:-1, max-image-preview:large, max-video-preview:-1\" \/>\n<link rel=\"canonical\" href=\"https:\/\/www.masharif.com\/fr\/2021\/04\/09\/mon-reve-pour-lhumanitepar-remy-ducacasse-bastia-france\/\" \/>\n<meta property=\"og:locale\" content=\"fr_FR\" \/>\n<meta property=\"og:type\" content=\"article\" \/>\n<meta property=\"og:title\" content=\"MON R\u00caVE POUR L\u2019HUMANITE\u2026par: R\u00e9my Ducacass\u00e9 \u2013 Bastia - France - Culminances\" \/>\n<meta property=\"og:description\" content=\"LE FAIT QUE JE PARTAGE ICI, DES TEXTES FRUITS DE L\u2019\u00c9CHO EN MOI QUE PRODUISENT D\u2019AUTRES TEXTES, NE SIGNIFIE PAS QUE JE SOIS DANS LA TOTALIT\u00c9 ABSOLUMENT MA\u00ceTRE DE MES PENS\u00c9ES ET DE MES ACTES&#8230; Que cette question est difficile. Non pas par manque de r\u00eaves. Mais tout au contraire, parce que depuis ma venue ...\" \/>\n<meta property=\"og:url\" content=\"https:\/\/www.masharif.com\/fr\/2021\/04\/09\/mon-reve-pour-lhumanitepar-remy-ducacasse-bastia-france\/\" \/>\n<meta property=\"og:site_name\" content=\"Culminances\" \/>\n<meta property=\"article:published_time\" content=\"2021-04-09T19:50:19+00:00\" \/>\n<meta property=\"article:modified_time\" content=\"2021-04-09T19:50:20+00:00\" \/>\n<meta property=\"og:image\" content=\"https:\/\/www.masharif.com\/fr\/wp-content\/uploads\/2020\/01\/1918538_112594872110592_3743673_n-300x225.jpg\" \/>\n\t<meta property=\"og:image:width\" content=\"300\" \/>\n\t<meta property=\"og:image:height\" content=\"225\" \/>\n\t<meta property=\"og:image:type\" content=\"image\/jpeg\" \/>\n<meta name=\"author\" content=\"Mohamed Salah Ben Amor\" \/>\n<meta name=\"twitter:card\" content=\"summary\" \/>\n<meta name=\"twitter:label1\" content=\"\u00c9crit par\" \/>\n\t<meta name=\"twitter:data1\" content=\"Mohamed Salah Ben Amor\" \/>\n\t<meta name=\"twitter:label2\" content=\"Dur\u00e9e de lecture estim\u00e9e\" \/>\n\t<meta name=\"twitter:data2\" content=\"4 minutes\" \/>\n<script type=\"application\/ld+json\" class=\"yoast-schema-graph\">{\"@context\":\"https:\/\/schema.org\",\"@graph\":[{\"@type\":\"WebSite\",\"@id\":\"https:\/\/www.masharif.com\/fr\/#website\",\"url\":\"https:\/\/www.masharif.com\/fr\/\",\"name\":\"Culminances\",\"description\":\"\",\"potentialAction\":[{\"@type\":\"SearchAction\",\"target\":{\"@type\":\"EntryPoint\",\"urlTemplate\":\"https:\/\/www.masharif.com\/fr\/?s={search_term_string}\"},\"query-input\":\"required name=search_term_string\"}],\"inLanguage\":\"fr-FR\"},{\"@type\":\"ImageObject\",\"inLanguage\":\"fr-FR\",\"@id\":\"https:\/\/www.masharif.com\/fr\/2021\/04\/09\/mon-reve-pour-lhumanitepar-remy-ducacasse-bastia-france\/#primaryimage\",\"url\":\"https:\/\/www.masharif.com\/fr\/wp-content\/uploads\/2020\/01\/1918538_112594872110592_3743673_n-300x225.jpg\",\"contentUrl\":\"https:\/\/www.masharif.com\/fr\/wp-content\/uploads\/2020\/01\/1918538_112594872110592_3743673_n-300x225.jpg\",\"width\":300,\"height\":225},{\"@type\":\"WebPage\",\"@id\":\"https:\/\/www.masharif.com\/fr\/2021\/04\/09\/mon-reve-pour-lhumanitepar-remy-ducacasse-bastia-france\/\",\"url\":\"https:\/\/www.masharif.com\/fr\/2021\/04\/09\/mon-reve-pour-lhumanitepar-remy-ducacasse-bastia-france\/\",\"name\":\"MON R\u00caVE POUR L\u2019HUMANITE\u2026par: R\u00e9my Ducacass\u00e9 \u2013 Bastia - France - Culminances\",\"isPartOf\":{\"@id\":\"https:\/\/www.masharif.com\/fr\/#website\"},\"primaryImageOfPage\":{\"@id\":\"https:\/\/www.masharif.com\/fr\/2021\/04\/09\/mon-reve-pour-lhumanitepar-remy-ducacasse-bastia-france\/#primaryimage\"},\"datePublished\":\"2021-04-09T19:50:19+00:00\",\"dateModified\":\"2021-04-09T19:50:20+00:00\",\"author\":{\"@id\":\"https:\/\/www.masharif.com\/fr\/#\/schema\/person\/839a7026efe9fa825134097c1041e4a0\"},\"breadcrumb\":{\"@id\":\"https:\/\/www.masharif.com\/fr\/2021\/04\/09\/mon-reve-pour-lhumanitepar-remy-ducacasse-bastia-france\/#breadcrumb\"},\"inLanguage\":\"fr-FR\",\"potentialAction\":[{\"@type\":\"ReadAction\",\"target\":[\"https:\/\/www.masharif.com\/fr\/2021\/04\/09\/mon-reve-pour-lhumanitepar-remy-ducacasse-bastia-france\/\"]}]},{\"@type\":\"BreadcrumbList\",\"@id\":\"https:\/\/www.masharif.com\/fr\/2021\/04\/09\/mon-reve-pour-lhumanitepar-remy-ducacasse-bastia-france\/#breadcrumb\",\"itemListElement\":[{\"@type\":\"ListItem\",\"position\":1,\"name\":\"Home\",\"item\":\"https:\/\/www.masharif.com\/fr\/\"},{\"@type\":\"ListItem\",\"position\":2,\"name\":\"MON R\u00caVE POUR L\u2019HUMANITE\u2026par: R\u00e9my Ducacass\u00e9 \u2013 Bastia &#8211; France\"}]},{\"@type\":\"Person\",\"@id\":\"https:\/\/www.masharif.com\/fr\/#\/schema\/person\/839a7026efe9fa825134097c1041e4a0\",\"name\":\"Mohamed Salah Ben Amor\",\"image\":{\"@type\":\"ImageObject\",\"inLanguage\":\"fr-FR\",\"@id\":\"https:\/\/www.masharif.com\/fr\/#\/schema\/person\/image\/\",\"url\":\"https:\/\/secure.gravatar.com\/avatar\/f64806401ad5ed604ffec2272b19ef46?s=96&d=identicon&r=g\",\"contentUrl\":\"https:\/\/secure.gravatar.com\/avatar\/f64806401ad5ed604ffec2272b19ef46?s=96&d=identicon&r=g\",\"caption\":\"Mohamed Salah Ben Amor\"},\"sameAs\":[\"http:\/\/ben-amor.info\"],\"url\":\"https:\/\/www.masharif.com\/fr\/author\/msba\/\"}]}<\/script>\n<!-- \/ Yoast SEO plugin. -->","yoast_head_json":{"title":"MON R\u00caVE POUR L\u2019HUMANITE\u2026par: R\u00e9my Ducacass\u00e9 \u2013 Bastia - France - Culminances","robots":{"index":"index","follow":"follow","max-snippet":"max-snippet:-1","max-image-preview":"max-image-preview:large","max-video-preview":"max-video-preview:-1"},"canonical":"https:\/\/www.masharif.com\/fr\/2021\/04\/09\/mon-reve-pour-lhumanitepar-remy-ducacasse-bastia-france\/","og_locale":"fr_FR","og_type":"article","og_title":"MON R\u00caVE POUR L\u2019HUMANITE\u2026par: R\u00e9my Ducacass\u00e9 \u2013 Bastia - France - Culminances","og_description":"LE FAIT QUE JE PARTAGE ICI, DES TEXTES FRUITS DE L\u2019\u00c9CHO EN MOI QUE PRODUISENT D\u2019AUTRES TEXTES, NE SIGNIFIE PAS QUE JE SOIS DANS LA TOTALIT\u00c9 ABSOLUMENT MA\u00ceTRE DE MES PENS\u00c9ES ET DE MES ACTES&#8230; Que cette question est difficile. Non pas par manque de r\u00eaves. Mais tout au contraire, parce que depuis ma venue ...","og_url":"https:\/\/www.masharif.com\/fr\/2021\/04\/09\/mon-reve-pour-lhumanitepar-remy-ducacasse-bastia-france\/","og_site_name":"Culminances","article_published_time":"2021-04-09T19:50:19+00:00","article_modified_time":"2021-04-09T19:50:20+00:00","og_image":[{"width":300,"height":225,"url":"https:\/\/www.masharif.com\/fr\/wp-content\/uploads\/2020\/01\/1918538_112594872110592_3743673_n-300x225.jpg","type":"image\/jpeg"}],"author":"Mohamed Salah Ben Amor","twitter_card":"summary","twitter_misc":{"\u00c9crit par":"Mohamed Salah Ben Amor","Dur\u00e9e de lecture estim\u00e9e":"4 minutes"},"schema":{"@context":"https:\/\/schema.org","@graph":[{"@type":"WebSite","@id":"https:\/\/www.masharif.com\/fr\/#website","url":"https:\/\/www.masharif.com\/fr\/","name":"Culminances","description":"","potentialAction":[{"@type":"SearchAction","target":{"@type":"EntryPoint","urlTemplate":"https:\/\/www.masharif.com\/fr\/?s={search_term_string}"},"query-input":"required name=search_term_string"}],"inLanguage":"fr-FR"},{"@type":"ImageObject","inLanguage":"fr-FR","@id":"https:\/\/www.masharif.com\/fr\/2021\/04\/09\/mon-reve-pour-lhumanitepar-remy-ducacasse-bastia-france\/#primaryimage","url":"https:\/\/www.masharif.com\/fr\/wp-content\/uploads\/2020\/01\/1918538_112594872110592_3743673_n-300x225.jpg","contentUrl":"https:\/\/www.masharif.com\/fr\/wp-content\/uploads\/2020\/01\/1918538_112594872110592_3743673_n-300x225.jpg","width":300,"height":225},{"@type":"WebPage","@id":"https:\/\/www.masharif.com\/fr\/2021\/04\/09\/mon-reve-pour-lhumanitepar-remy-ducacasse-bastia-france\/","url":"https:\/\/www.masharif.com\/fr\/2021\/04\/09\/mon-reve-pour-lhumanitepar-remy-ducacasse-bastia-france\/","name":"MON R\u00caVE POUR L\u2019HUMANITE\u2026par: R\u00e9my Ducacass\u00e9 \u2013 Bastia - France - Culminances","isPartOf":{"@id":"https:\/\/www.masharif.com\/fr\/#website"},"primaryImageOfPage":{"@id":"https:\/\/www.masharif.com\/fr\/2021\/04\/09\/mon-reve-pour-lhumanitepar-remy-ducacasse-bastia-france\/#primaryimage"},"datePublished":"2021-04-09T19:50:19+00:00","dateModified":"2021-04-09T19:50:20+00:00","author":{"@id":"https:\/\/www.masharif.com\/fr\/#\/schema\/person\/839a7026efe9fa825134097c1041e4a0"},"breadcrumb":{"@id":"https:\/\/www.masharif.com\/fr\/2021\/04\/09\/mon-reve-pour-lhumanitepar-remy-ducacasse-bastia-france\/#breadcrumb"},"inLanguage":"fr-FR","potentialAction":[{"@type":"ReadAction","target":["https:\/\/www.masharif.com\/fr\/2021\/04\/09\/mon-reve-pour-lhumanitepar-remy-ducacasse-bastia-france\/"]}]},{"@type":"BreadcrumbList","@id":"https:\/\/www.masharif.com\/fr\/2021\/04\/09\/mon-reve-pour-lhumanitepar-remy-ducacasse-bastia-france\/#breadcrumb","itemListElement":[{"@type":"ListItem","position":1,"name":"Home","item":"https:\/\/www.masharif.com\/fr\/"},{"@type":"ListItem","position":2,"name":"MON R\u00caVE POUR L\u2019HUMANITE\u2026par: R\u00e9my Ducacass\u00e9 \u2013 Bastia &#8211; France"}]},{"@type":"Person","@id":"https:\/\/www.masharif.com\/fr\/#\/schema\/person\/839a7026efe9fa825134097c1041e4a0","name":"Mohamed Salah Ben Amor","image":{"@type":"ImageObject","inLanguage":"fr-FR","@id":"https:\/\/www.masharif.com\/fr\/#\/schema\/person\/image\/","url":"https:\/\/secure.gravatar.com\/avatar\/f64806401ad5ed604ffec2272b19ef46?s=96&d=identicon&r=g","contentUrl":"https:\/\/secure.gravatar.com\/avatar\/f64806401ad5ed604ffec2272b19ef46?s=96&d=identicon&r=g","caption":"Mohamed Salah Ben Amor"},"sameAs":["http:\/\/ben-amor.info"],"url":"https:\/\/www.masharif.com\/fr\/author\/msba\/"}]}},"_links":{"self":[{"href":"https:\/\/www.masharif.com\/fr\/wp-json\/wp\/v2\/posts\/11250"}],"collection":[{"href":"https:\/\/www.masharif.com\/fr\/wp-json\/wp\/v2\/posts"}],"about":[{"href":"https:\/\/www.masharif.com\/fr\/wp-json\/wp\/v2\/types\/post"}],"author":[{"embeddable":true,"href":"https:\/\/www.masharif.com\/fr\/wp-json\/wp\/v2\/users\/2"}],"replies":[{"embeddable":true,"href":"https:\/\/www.masharif.com\/fr\/wp-json\/wp\/v2\/comments?post=11250"}],"version-history":[{"count":1,"href":"https:\/\/www.masharif.com\/fr\/wp-json\/wp\/v2\/posts\/11250\/revisions"}],"predecessor-version":[{"id":11252,"href":"https:\/\/www.masharif.com\/fr\/wp-json\/wp\/v2\/posts\/11250\/revisions\/11252"}],"wp:featuredmedia":[{"embeddable":true,"href":"https:\/\/www.masharif.com\/fr\/wp-json\/wp\/v2\/media\/10494"}],"wp:attachment":[{"href":"https:\/\/www.masharif.com\/fr\/wp-json\/wp\/v2\/media?parent=11250"}],"wp:term":[{"taxonomy":"category","embeddable":true,"href":"https:\/\/www.masharif.com\/fr\/wp-json\/wp\/v2\/categories?post=11250"},{"taxonomy":"post_tag","embeddable":true,"href":"https:\/\/www.masharif.com\/fr\/wp-json\/wp\/v2\/tags?post=11250"}],"curies":[{"name":"wp","href":"https:\/\/api.w.org\/{rel}","templated":true}]}}