{"id":11109,"date":"2021-02-11T18:47:41","date_gmt":"2021-02-11T17:47:41","guid":{"rendered":"http:\/\/www.masharif.com\/fr\/?p=11109"},"modified":"2021-02-11T18:47:41","modified_gmt":"2021-02-11T17:47:41","slug":"nouvelle-ere-mouina-el-achari-zayna-rabat-maroc","status":"publish","type":"post","link":"https:\/\/www.masharif.com\/fr\/2021\/02\/11\/nouvelle-ere-mouina-el-achari-zayna-rabat-maroc\/","title":{"rendered":"Nouvelle \u00e8re par : Mouina El Achari Zayna \u2013 Rabat \u2013Maroc"},"content":{"rendered":"<div id=\"attachment_11110\" style=\"width: 235px\" class=\"wp-caption alignnone\"><a href=\"http:\/\/www.masharif.com\/fr\/wp-content\/uploads\/2021\/02\/127282555_10219202238470029_6598263185152419230_o.jpg\"><img aria-describedby=\"caption-attachment-11110\" loading=\"lazy\" class=\"wp-image-11110 size-medium\" src=\"http:\/\/www.masharif.com\/fr\/wp-content\/uploads\/2021\/02\/127282555_10219202238470029_6598263185152419230_o-225x300.jpg\" alt=\"\" width=\"225\" height=\"300\" srcset=\"https:\/\/www.masharif.com\/fr\/wp-content\/uploads\/2021\/02\/127282555_10219202238470029_6598263185152419230_o-225x300.jpg 225w, https:\/\/www.masharif.com\/fr\/wp-content\/uploads\/2021\/02\/127282555_10219202238470029_6598263185152419230_o-768x1025.jpg 768w, https:\/\/www.masharif.com\/fr\/wp-content\/uploads\/2021\/02\/127282555_10219202238470029_6598263185152419230_o-767x1024.jpg 767w, https:\/\/www.masharif.com\/fr\/wp-content\/uploads\/2021\/02\/127282555_10219202238470029_6598263185152419230_o.jpg 927w\" sizes=\"(max-width: 225px) 100vw, 225px\" \/><\/a><p id=\"caption-attachment-11110\" class=\"wp-caption-text\">Mouina El Achari Zayna<\/p><\/div>\n<p><a href=\"http:\/\/www.masharif.com\/fr\/wp-content\/uploads\/2021\/02\/blueringmedia200600722.jpg\"><img loading=\"lazy\" class=\"alignnone size-medium wp-image-11111\" src=\"http:\/\/www.masharif.com\/fr\/wp-content\/uploads\/2021\/02\/blueringmedia200600722-300x279.jpg\" alt=\"\" width=\"300\" height=\"279\" srcset=\"https:\/\/www.masharif.com\/fr\/wp-content\/uploads\/2021\/02\/blueringmedia200600722-300x279.jpg 300w, https:\/\/www.masharif.com\/fr\/wp-content\/uploads\/2021\/02\/blueringmedia200600722.jpg 450w\" sizes=\"(max-width: 300px) 100vw, 300px\" \/><\/a><\/p>\n<p><strong>Maintes th\u00e9ories pour d\u00e9noncer,<br \/>\nL&#8217;\u00e9cart d\u00fb aux r\u00e9seaux sociaux.<br \/>\nFamilles d\u00e9membr\u00e9es,<br \/>\nDialogues sans nuls mots.<br \/>\nMessages \u00e9chang\u00e9s,<br \/>\nNe s&#8217;expriment les maux.<br \/>\nConseillers consult\u00e9s,<br \/>\nPour freiner le fl\u00e9au.<\/p>\n<p>La communication,<br \/>\nLargement engag\u00e9e.<br \/>\nLes sages lancent des avertissements<br \/>\n\u00c9tudes entam\u00e9es.<br \/>\nParents et enseignants,<br \/>\nEn ch\u0153ur mobilis\u00e9s.<br \/>\nTables rondes sonnant,<br \/>\nL&#8217;alarme pour y rem\u00e9dier.<\/p>\n<p>Aucun n&#8217;avait pr\u00e9vu,<br \/>\nLe retour des pand\u00e9mies.<br \/>\nDes mois, les humains d\u00e9tenus,<br \/>\nSans aucun compromis.<br \/>\nL&#8217;\u00e9cart est de en plus,<br \/>\nLarge et d\u00e9passe la folie.<br \/>\nVisages masqu\u00e9s, qui aurait\u00a0 cru,<br \/>\nQu&#8217;\u00e0 un virus nous serions soumis.<\/p>\n<p>Y aura-t-il un retour,<br \/>\n\u00c0 la vie d&#8217;avant ?<br \/>\nEst-ce une \u00e8re de sourds,<br \/>\nChacun son cocon ?<br \/>\nLes r\u00e9seaux auront de beaux jours,<br \/>\nEt nous s\u00e9pareront pour de bon?<br \/>\nLe fardeau est si lourd,<br \/>\nLes rem\u00e8des attendront<\/strong><\/p>\n","protected":false},"excerpt":{"rendered":"<p>Maintes th\u00e9ories pour d\u00e9noncer, L&#8217;\u00e9cart d\u00fb aux r\u00e9seaux sociaux. Familles d\u00e9membr\u00e9es, Dialogues sans nuls mots. Messages \u00e9chang\u00e9s, Ne s&#8217;expriment les maux. Conseillers consult\u00e9s, Pour freiner le fl\u00e9au. La communication, Largement engag\u00e9e. Les sages lancent des avertissements \u00c9tudes entam\u00e9es. Parents et enseignants, En ch\u0153ur mobilis\u00e9s. Tables rondes sonnant, L&#8217;alarme pour y rem\u00e9dier. Aucun n&#8217;avait pr\u00e9vu, Le &#8230;<\/p>\n","protected":false},"author":2,"featured_media":11111,"comment_status":"open","ping_status":"open","sticky":false,"template":"","format":"standard","meta":[],"categories":[4],"tags":[],"yoast_head":"<!-- This site is optimized with the Yoast SEO plugin v19.3 - https:\/\/yoast.com\/wordpress\/plugins\/seo\/ -->\n<title>Nouvelle \u00e8re par : Mouina El Achari Zayna \u2013 Rabat \u2013Maroc - Culminances<\/title>\n<meta name=\"robots\" content=\"index, follow, max-snippet:-1, max-image-preview:large, max-video-preview:-1\" \/>\n<link rel=\"canonical\" href=\"https:\/\/www.masharif.com\/fr\/2021\/02\/11\/nouvelle-ere-mouina-el-achari-zayna-rabat-maroc\/\" \/>\n<meta property=\"og:locale\" content=\"fr_FR\" \/>\n<meta property=\"og:type\" content=\"article\" \/>\n<meta property=\"og:title\" content=\"Nouvelle \u00e8re par : Mouina El Achari Zayna \u2013 Rabat \u2013Maroc - Culminances\" \/>\n<meta property=\"og:description\" content=\"Maintes th\u00e9ories pour d\u00e9noncer, L&#8217;\u00e9cart d\u00fb aux r\u00e9seaux sociaux. Familles d\u00e9membr\u00e9es, Dialogues sans nuls mots. Messages \u00e9chang\u00e9s, Ne s&#8217;expriment les maux. Conseillers consult\u00e9s, Pour freiner le fl\u00e9au. La communication, Largement engag\u00e9e. Les sages lancent des avertissements \u00c9tudes entam\u00e9es. Parents et enseignants, En ch\u0153ur mobilis\u00e9s. Tables rondes sonnant, L&#8217;alarme pour y rem\u00e9dier. Aucun n&#8217;avait pr\u00e9vu, Le ...\" \/>\n<meta property=\"og:url\" content=\"https:\/\/www.masharif.com\/fr\/2021\/02\/11\/nouvelle-ere-mouina-el-achari-zayna-rabat-maroc\/\" \/>\n<meta property=\"og:site_name\" content=\"Culminances\" \/>\n<meta property=\"article:published_time\" content=\"2021-02-11T17:47:41+00:00\" \/>\n<meta property=\"og:image\" content=\"https:\/\/www.masharif.com\/fr\/wp-content\/uploads\/2021\/02\/blueringmedia200600722.jpg\" \/>\n\t<meta property=\"og:image:width\" content=\"450\" \/>\n\t<meta property=\"og:image:height\" content=\"418\" \/>\n\t<meta property=\"og:image:type\" content=\"image\/jpeg\" \/>\n<meta name=\"author\" content=\"Mohamed Salah Ben Amor\" \/>\n<meta name=\"twitter:card\" content=\"summary\" \/>\n<meta name=\"twitter:label1\" content=\"\u00c9crit par\" \/>\n\t<meta name=\"twitter:data1\" content=\"Mohamed Salah Ben Amor\" \/>\n\t<meta name=\"twitter:label2\" content=\"Dur\u00e9e de lecture estim\u00e9e\" \/>\n\t<meta name=\"twitter:data2\" content=\"1 minute\" \/>\n<script type=\"application\/ld+json\" class=\"yoast-schema-graph\">{\"@context\":\"https:\/\/schema.org\",\"@graph\":[{\"@type\":\"WebSite\",\"@id\":\"https:\/\/www.masharif.com\/fr\/#website\",\"url\":\"https:\/\/www.masharif.com\/fr\/\",\"name\":\"Culminances\",\"description\":\"\",\"potentialAction\":[{\"@type\":\"SearchAction\",\"target\":{\"@type\":\"EntryPoint\",\"urlTemplate\":\"https:\/\/www.masharif.com\/fr\/?s={search_term_string}\"},\"query-input\":\"required name=search_term_string\"}],\"inLanguage\":\"fr-FR\"},{\"@type\":\"ImageObject\",\"inLanguage\":\"fr-FR\",\"@id\":\"https:\/\/www.masharif.com\/fr\/2021\/02\/11\/nouvelle-ere-mouina-el-achari-zayna-rabat-maroc\/#primaryimage\",\"url\":\"https:\/\/www.masharif.com\/fr\/wp-content\/uploads\/2021\/02\/blueringmedia200600722.jpg\",\"contentUrl\":\"https:\/\/www.masharif.com\/fr\/wp-content\/uploads\/2021\/02\/blueringmedia200600722.jpg\",\"width\":450,\"height\":418},{\"@type\":\"WebPage\",\"@id\":\"https:\/\/www.masharif.com\/fr\/2021\/02\/11\/nouvelle-ere-mouina-el-achari-zayna-rabat-maroc\/\",\"url\":\"https:\/\/www.masharif.com\/fr\/2021\/02\/11\/nouvelle-ere-mouina-el-achari-zayna-rabat-maroc\/\",\"name\":\"Nouvelle \u00e8re par : Mouina El Achari Zayna \u2013 Rabat \u2013Maroc - Culminances\",\"isPartOf\":{\"@id\":\"https:\/\/www.masharif.com\/fr\/#website\"},\"primaryImageOfPage\":{\"@id\":\"https:\/\/www.masharif.com\/fr\/2021\/02\/11\/nouvelle-ere-mouina-el-achari-zayna-rabat-maroc\/#primaryimage\"},\"datePublished\":\"2021-02-11T17:47:41+00:00\",\"dateModified\":\"2021-02-11T17:47:41+00:00\",\"author\":{\"@id\":\"https:\/\/www.masharif.com\/fr\/#\/schema\/person\/839a7026efe9fa825134097c1041e4a0\"},\"breadcrumb\":{\"@id\":\"https:\/\/www.masharif.com\/fr\/2021\/02\/11\/nouvelle-ere-mouina-el-achari-zayna-rabat-maroc\/#breadcrumb\"},\"inLanguage\":\"fr-FR\",\"potentialAction\":[{\"@type\":\"ReadAction\",\"target\":[\"https:\/\/www.masharif.com\/fr\/2021\/02\/11\/nouvelle-ere-mouina-el-achari-zayna-rabat-maroc\/\"]}]},{\"@type\":\"BreadcrumbList\",\"@id\":\"https:\/\/www.masharif.com\/fr\/2021\/02\/11\/nouvelle-ere-mouina-el-achari-zayna-rabat-maroc\/#breadcrumb\",\"itemListElement\":[{\"@type\":\"ListItem\",\"position\":1,\"name\":\"Home\",\"item\":\"https:\/\/www.masharif.com\/fr\/\"},{\"@type\":\"ListItem\",\"position\":2,\"name\":\"Nouvelle \u00e8re par : Mouina El Achari Zayna \u2013 Rabat \u2013Maroc\"}]},{\"@type\":\"Person\",\"@id\":\"https:\/\/www.masharif.com\/fr\/#\/schema\/person\/839a7026efe9fa825134097c1041e4a0\",\"name\":\"Mohamed Salah Ben Amor\",\"image\":{\"@type\":\"ImageObject\",\"inLanguage\":\"fr-FR\",\"@id\":\"https:\/\/www.masharif.com\/fr\/#\/schema\/person\/image\/\",\"url\":\"https:\/\/secure.gravatar.com\/avatar\/f64806401ad5ed604ffec2272b19ef46?s=96&d=identicon&r=g\",\"contentUrl\":\"https:\/\/secure.gravatar.com\/avatar\/f64806401ad5ed604ffec2272b19ef46?s=96&d=identicon&r=g\",\"caption\":\"Mohamed Salah Ben Amor\"},\"sameAs\":[\"http:\/\/ben-amor.info\"],\"url\":\"https:\/\/www.masharif.com\/fr\/author\/msba\/\"}]}<\/script>\n<!-- \/ Yoast SEO plugin. -->","yoast_head_json":{"title":"Nouvelle \u00e8re par : Mouina El Achari Zayna \u2013 Rabat \u2013Maroc - Culminances","robots":{"index":"index","follow":"follow","max-snippet":"max-snippet:-1","max-image-preview":"max-image-preview:large","max-video-preview":"max-video-preview:-1"},"canonical":"https:\/\/www.masharif.com\/fr\/2021\/02\/11\/nouvelle-ere-mouina-el-achari-zayna-rabat-maroc\/","og_locale":"fr_FR","og_type":"article","og_title":"Nouvelle \u00e8re par : Mouina El Achari Zayna \u2013 Rabat \u2013Maroc - Culminances","og_description":"Maintes th\u00e9ories pour d\u00e9noncer, L&#8217;\u00e9cart d\u00fb aux r\u00e9seaux sociaux. Familles d\u00e9membr\u00e9es, Dialogues sans nuls mots. Messages \u00e9chang\u00e9s, Ne s&#8217;expriment les maux. Conseillers consult\u00e9s, Pour freiner le fl\u00e9au. La communication, Largement engag\u00e9e. Les sages lancent des avertissements \u00c9tudes entam\u00e9es. Parents et enseignants, En ch\u0153ur mobilis\u00e9s. Tables rondes sonnant, L&#8217;alarme pour y rem\u00e9dier. Aucun n&#8217;avait pr\u00e9vu, Le ...","og_url":"https:\/\/www.masharif.com\/fr\/2021\/02\/11\/nouvelle-ere-mouina-el-achari-zayna-rabat-maroc\/","og_site_name":"Culminances","article_published_time":"2021-02-11T17:47:41+00:00","og_image":[{"width":450,"height":418,"url":"https:\/\/www.masharif.com\/fr\/wp-content\/uploads\/2021\/02\/blueringmedia200600722.jpg","type":"image\/jpeg"}],"author":"Mohamed Salah Ben Amor","twitter_card":"summary","twitter_misc":{"\u00c9crit par":"Mohamed Salah Ben Amor","Dur\u00e9e de lecture estim\u00e9e":"1 minute"},"schema":{"@context":"https:\/\/schema.org","@graph":[{"@type":"WebSite","@id":"https:\/\/www.masharif.com\/fr\/#website","url":"https:\/\/www.masharif.com\/fr\/","name":"Culminances","description":"","potentialAction":[{"@type":"SearchAction","target":{"@type":"EntryPoint","urlTemplate":"https:\/\/www.masharif.com\/fr\/?s={search_term_string}"},"query-input":"required name=search_term_string"}],"inLanguage":"fr-FR"},{"@type":"ImageObject","inLanguage":"fr-FR","@id":"https:\/\/www.masharif.com\/fr\/2021\/02\/11\/nouvelle-ere-mouina-el-achari-zayna-rabat-maroc\/#primaryimage","url":"https:\/\/www.masharif.com\/fr\/wp-content\/uploads\/2021\/02\/blueringmedia200600722.jpg","contentUrl":"https:\/\/www.masharif.com\/fr\/wp-content\/uploads\/2021\/02\/blueringmedia200600722.jpg","width":450,"height":418},{"@type":"WebPage","@id":"https:\/\/www.masharif.com\/fr\/2021\/02\/11\/nouvelle-ere-mouina-el-achari-zayna-rabat-maroc\/","url":"https:\/\/www.masharif.com\/fr\/2021\/02\/11\/nouvelle-ere-mouina-el-achari-zayna-rabat-maroc\/","name":"Nouvelle \u00e8re par : Mouina El Achari Zayna \u2013 Rabat \u2013Maroc - Culminances","isPartOf":{"@id":"https:\/\/www.masharif.com\/fr\/#website"},"primaryImageOfPage":{"@id":"https:\/\/www.masharif.com\/fr\/2021\/02\/11\/nouvelle-ere-mouina-el-achari-zayna-rabat-maroc\/#primaryimage"},"datePublished":"2021-02-11T17:47:41+00:00","dateModified":"2021-02-11T17:47:41+00:00","author":{"@id":"https:\/\/www.masharif.com\/fr\/#\/schema\/person\/839a7026efe9fa825134097c1041e4a0"},"breadcrumb":{"@id":"https:\/\/www.masharif.com\/fr\/2021\/02\/11\/nouvelle-ere-mouina-el-achari-zayna-rabat-maroc\/#breadcrumb"},"inLanguage":"fr-FR","potentialAction":[{"@type":"ReadAction","target":["https:\/\/www.masharif.com\/fr\/2021\/02\/11\/nouvelle-ere-mouina-el-achari-zayna-rabat-maroc\/"]}]},{"@type":"BreadcrumbList","@id":"https:\/\/www.masharif.com\/fr\/2021\/02\/11\/nouvelle-ere-mouina-el-achari-zayna-rabat-maroc\/#breadcrumb","itemListElement":[{"@type":"ListItem","position":1,"name":"Home","item":"https:\/\/www.masharif.com\/fr\/"},{"@type":"ListItem","position":2,"name":"Nouvelle \u00e8re par : Mouina El Achari Zayna \u2013 Rabat \u2013Maroc"}]},{"@type":"Person","@id":"https:\/\/www.masharif.com\/fr\/#\/schema\/person\/839a7026efe9fa825134097c1041e4a0","name":"Mohamed Salah Ben Amor","image":{"@type":"ImageObject","inLanguage":"fr-FR","@id":"https:\/\/www.masharif.com\/fr\/#\/schema\/person\/image\/","url":"https:\/\/secure.gravatar.com\/avatar\/f64806401ad5ed604ffec2272b19ef46?s=96&d=identicon&r=g","contentUrl":"https:\/\/secure.gravatar.com\/avatar\/f64806401ad5ed604ffec2272b19ef46?s=96&d=identicon&r=g","caption":"Mohamed Salah Ben Amor"},"sameAs":["http:\/\/ben-amor.info"],"url":"https:\/\/www.masharif.com\/fr\/author\/msba\/"}]}},"_links":{"self":[{"href":"https:\/\/www.masharif.com\/fr\/wp-json\/wp\/v2\/posts\/11109"}],"collection":[{"href":"https:\/\/www.masharif.com\/fr\/wp-json\/wp\/v2\/posts"}],"about":[{"href":"https:\/\/www.masharif.com\/fr\/wp-json\/wp\/v2\/types\/post"}],"author":[{"embeddable":true,"href":"https:\/\/www.masharif.com\/fr\/wp-json\/wp\/v2\/users\/2"}],"replies":[{"embeddable":true,"href":"https:\/\/www.masharif.com\/fr\/wp-json\/wp\/v2\/comments?post=11109"}],"version-history":[{"count":1,"href":"https:\/\/www.masharif.com\/fr\/wp-json\/wp\/v2\/posts\/11109\/revisions"}],"predecessor-version":[{"id":11112,"href":"https:\/\/www.masharif.com\/fr\/wp-json\/wp\/v2\/posts\/11109\/revisions\/11112"}],"wp:featuredmedia":[{"embeddable":true,"href":"https:\/\/www.masharif.com\/fr\/wp-json\/wp\/v2\/media\/11111"}],"wp:attachment":[{"href":"https:\/\/www.masharif.com\/fr\/wp-json\/wp\/v2\/media?parent=11109"}],"wp:term":[{"taxonomy":"category","embeddable":true,"href":"https:\/\/www.masharif.com\/fr\/wp-json\/wp\/v2\/categories?post=11109"},{"taxonomy":"post_tag","embeddable":true,"href":"https:\/\/www.masharif.com\/fr\/wp-json\/wp\/v2\/tags?post=11109"}],"curies":[{"name":"wp","href":"https:\/\/api.w.org\/{rel}","templated":true}]}}