{"id":10831,"date":"2020-05-17T14:07:16","date_gmt":"2020-05-17T13:07:16","guid":{"rendered":"http:\/\/www.masharif.com\/fr\/?p=10831"},"modified":"2020-05-17T14:07:16","modified_gmt":"2020-05-17T13:07:16","slug":"memoires-dun-critique-militant-mohamed-ben-jannet-11-fevrier-1940-12-novembre-2o12-mouvement-davant-garde-tunisien","status":"publish","type":"post","link":"https:\/\/www.masharif.com\/fr\/2020\/05\/17\/memoires-dun-critique-militant-mohamed-ben-jannet-11-fevrier-1940-12-novembre-2o12-mouvement-davant-garde-tunisien\/","title":{"rendered":"M\u00e9moires d\u2019un critique :  Le militant Mohamed Ben Jannet  (11 f\u00e9vrier 1940 \u2013 12 novembre 2o12 )et le mouvement d\u2019avant-garde tunisien"},"content":{"rendered":"<div id=\"attachment_10832\" style=\"width: 310px\" class=\"wp-caption alignnone\"><a href=\"http:\/\/www.masharif.com\/fr\/wp-content\/uploads\/2020\/05\/index.jpg\"><img aria-describedby=\"caption-attachment-10832\" loading=\"lazy\" class=\"wp-image-10832 size-medium\" src=\"http:\/\/www.masharif.com\/fr\/wp-content\/uploads\/2020\/05\/index-300x225.jpg\" alt=\"\" width=\"300\" height=\"225\" srcset=\"https:\/\/www.masharif.com\/fr\/wp-content\/uploads\/2020\/05\/index-300x225.jpg 300w, https:\/\/www.masharif.com\/fr\/wp-content\/uploads\/2020\/05\/index.jpg 648w\" sizes=\"(max-width: 300px) 100vw, 300px\" \/><\/a><p id=\"caption-attachment-10832\" class=\"wp-caption-text\">Mohamed Ben Jannet<\/p><\/div>\n<p>Mohamed Ben Jannet \u00a0\u00e9tait un personnage singulier, aux horizons intellectuels larges et dot\u00e9 d\u2019une vaste et solide culture\u00a0.Il \u00e9tait purement rationaliste, analysait logiquement et appuyait ses opinions par des arguments pr\u00e9cis et appropri\u00e9s \u00a0et ne s\u2019emportait jamais, ni se laissait entra\u00eener dans les insultes\u00a0 et les d\u00e9nigrements .Les Tunisiens l\u2019avaient connu pour la premi\u00e8re fois en juin 1967 quand il avait men\u00e9 une grande manifestation estudiantine\u00a0 \u00e0 l\u2019occasion de la guerre de six jours devant l\u2019ambassade de la grande Bretagne \u00e0 Tunis. A cette \u00e9poque, il \u00e9tait \u00e9tudiant \u00e0 la facult\u00e9 de th\u00e9ologie et\u00a0 des sciences religieuses de Tunis et en m\u00eame temps membre du groupe politique de gauche interdit\u00a0\u00ab\u00a0Perspectives\u00a0tunisiennes\u00bb.Cette action lui valut d\u2019\u00eatre arr\u00eat\u00e9 puis traduit en justice et condamn\u00e9 \u00e0 la peine capitale communi\u00e9e par la suite en vingt ans de prison ferme puis jug\u00e9 en 1968 et condamn\u00e9 \u00e0 deux ans de prison.<\/p>\n<p>Je l\u2019avais rencontr\u00e9 pour la premi\u00e8re fois par hasard en 1970 apr\u00e8s sa sortie du prison suite \u00e0 une gr\u00e2ce pr\u00e9sidentielle. Un jour, j\u2019\u00e9tais \u00a0\u00e0 l\u2019avenue de Paris pr\u00e8s du Passage en compagnie du nouvelliste et dramaturge Ezzedine Madani lorsque nous v\u00eemes au trottoir d\u2019en face un jeune homme qui agitait la main en notre direction puis traversa la chauss\u00e9e et donna l\u2019accolade \u00e0 Ezzedine.<\/p>\n<p>Ezzedine me le pr\u00e9senta\u00a0:\u00a0\u00ab\u00a0 C\u2019est Mohamed Ben Jannet\u00a0\u00bb, dit-il. Mais il n\u2019avait pas besoin d\u2019en dire plus parce que les anciens \u00e9tudiants en parlaient sans cesse avec admiration.<\/p>\n<p>Une fois parti, je dis \u00e0 Ezzeddine Madani\u00a0:\u00a0\u00ab\u00a0Tu n\u2019as pas peur qu\u2019on te voie avec Mohamed Ben Jannet\u00a0surtout que tu es le r\u00e9dacteur en chef du suppl\u00e9ment culturel du journal \u00ab\u00a0El Amal\u00a0\u00bb, l\u2019organe du parti au pouvoir\u00a0?\u00a0\u00bb<\/p>\n<p>-\u00ab\u00a0Je m\u2019en fous, me r\u00e9pondit-il, je suis avant tout un \u00e9crivain et j\u2019\u00e9cris pour tout monde donc je parle avec tout le monde .Et Mohamed Ben Jannet\u00a0est l\u2019un de mes amis. S\u2019ils veulent me\u00a0 destituer , qu\u2019ils le fassent.\u00a0\u00bb.<\/p>\n<p>L\u2019ann\u00e9e d\u2019apr\u00e8s 1971, je m\u2019assoyais fr\u00e9quemment avec Hassine Loued,\u00a0 Hamadi Touhami El Kar et H\u00e9di Bouhouch et d\u2019autres camarades de classe \u00a0au caf\u00e9 Ali Baba \u00e0 la rue Ibn Khaldoun \u00e0 Tunis\u00a0 parce qu\u2019il \u00e9tait tout pr\u00e8s du restaurant estudiantin sis \u00e0 la m\u00eame rue quand Mohamed Ben Jannet\u00a0s\u2019\u00e9tait mis\u00a0 \u00e0 se joindre \u00e0 nous\u00a0 de temps en temps puis \u00e0 partir du deuxi\u00e8me trimestre\u00a0 de cette m\u00eame ann\u00e9e au caf\u00e9 \u00ab\u00a0Brazilia\u00bb qui se trouvait \u00e0 l\u2019int\u00e9rieur du b\u00e2timent du Belv\u00e9d\u00e8re et que nous avions \u00e9lu comme lieu fixe de nos rencontres pour des raisons que j\u2019expliquerai plus tard dans \u00a0un article que je consacrerai \u00e0 ce caf\u00e9.<\/p>\n<p>Ce qui m\u2019est rest\u00e9 en m\u00e9moire des rencontres avec Mohamed Ben Jannat ses critiques\u00a0 \u00e0 l\u2019encontre des principales th\u00e8ses de l\u2019Avant-garde litt\u00e9raire\u00a0 que je r\u00e9sume en ces trois points :<\/p>\n<ul>\n<li>L\u2019Avant-garde n\u2019\u00e9tait pas un courant de gauche et d\u00e8s le d\u00e9but il ne croyait nullement \u00a0\u00a0\u00a0\u00a0\u00a0\u00a0\u00a0\u00a0\u00a0\u00a0\u00a0\u00a0\u00a0\u00a0\u00a0\u00a0\u00a0\u00a0\u00a0\u00a0\u00a0\u00a0\u00a0\u00a0\u00a0\u00a0\u00a0\u00a0aux capacit\u00e9s r\u00e9volutionnaires du prol\u00e9tariat mais \u00e0 celles des couches sociales marginales (ch\u00f4meurs et\u00a0 \u00e9tudiants\u00a0 surtout ). D\u2019ailleurs, le h\u00e9ros de \u00ab\u00a0L\u2019Homme Z\u00e9ro\u00a0\u00bb, la fameuse nouvelle d\u2019Ezzedine Madani qui avait soulev\u00e9 apr\u00e8s sa parution dans la revue\u00a0\u00ab\u00a0El Fikr\u00a0\u00bben d\u00e9cembre 1968 de violentes \u00a0r\u00e9actions dans les mass m\u00e9dias est un jeune homme ch\u00f4meur instruit qui a vol\u00e9 un pain pour calmer sa faim et qui a \u00e9t\u00e9 arr\u00eat\u00e9, traduit en justice et \u00e9cop\u00e9 une peine de prison le m\u00eame jour. D\u2019un autre c\u00f4t\u00e9, les po\u00e8tes Mohamed Habib Zannad \u00a0et Tahar Hammami \u00a0et le nouvelliste Samir Ayyadi d\u00e9crivaient dans leurs textes po\u00e9tiques et narratifs la situation malheureuse \u00a0des marginaux ( le vendeur de cigarettes , le cireur des chaussures , \u00a0le \u00a0marchand ambulant des fripes .les vagabonds nocturnes\u2026.etc.).<\/li>\n<\/ul>\n<p>Mais Mohamed Ben Jannet trouvait cette sensibilit\u00e9 \u00a0plut\u00f4t populiste et sans aucune valeur, parce \u00a0que selon lui, ces couches sociales sont \u00a0incapables de par leur situation, leur position sociale et leur degr\u00e9 de conscience d\u2019op\u00e9rer le moindre changement positif. Certes, Ils peuvent sortir dans la rue pour crier, casser, incendier et saccager mais elles n\u2019ont aucune chance d\u2019acc\u00e9der \u00a0au pouvoir. Et si jamais elles faisaient tomber le pouvoir en place, ce sont d\u2019autres parties qui s\u2019en empareraient et le peuple n\u2019en tirerait aucun profit .Et ce qui se passe en Tunisie depuis 2019 donnerait peut peut-\u00eatre raison\u00a0 \u00e0 Mohamed Ben Jannat .<\/p>\n<ul>\n<li>\u2013 Le deuxi\u00e8me fondement th\u00e9orique que r\u00e9cusait Mohamed Ben Jannat chez les avant-gardistes \u00e9tait leur conception de l\u2019identit\u00e9 qui consistait \u00e0 adopter le fameux appel du critique et nouvelliste tunisien Mohamed Bachrouch (1910 -1942) dans les ann\u00e9es trente \u00e0 une litt\u00e9rature tunisienne ni orientale ni occidentale. Ben Jannet disait\u00a0\u00e0 ce sujet :\u00a0\u00ab\u00a0 L\u2019art est universel et n\u2019a pas d\u2019identit\u00e9. Personnellement, je me trouve dans les \u0153uvres de Victor Hugo, de Tolsto\u00ef, de <em>Dosto\u00efevski<\/em><em>,<\/em> de Hemingway, de Tagor .Et toute litt\u00e9rature uniquement locale n\u2019a pratiquement aucune valeur. Quant \u00e0 mes origines ethniques, que gagnerais-je si mes anc\u00eatres \u00e9taient berb\u00e8res ou puniques ou arabes ou turcs\u00a0? L\u2019important est le pr\u00e9sent et l\u2019avenir. Aujourd\u2019hui\u00a0 dans notre pays il y a deux classes\u00a0: l\u2019une poss\u00e8de les moyens de production et l\u2019autre ne les poss\u00e8de pas et le r\u00f4le de l\u2019\u00e9crivain ou de l\u2019artiste \u00a0est de choisir clairement son camp. Et il n\u2019y a aucune place pour la neutralit\u00e9.<\/li>\n<li>&#8211; Le troisi\u00e8me point qu\u2019il contestait est le refus par l\u2019avant-garde des formes d\u2019expression classiques .Ben Jannat disait \u00e0 ce sujet que la po\u00e9sie arabe classique dite verticale est capable d\u2019exprimer les ressentis et les pens\u00e9es de l\u2019homme moderne \u00e0 condition qu\u2019ele trouve le po\u00e8te rompu \u00e0 es techniques et ses conditions, citant en exemple la po\u00e9sie du grand leadeur chinois qui \u00e9crivait ses po\u00e8mes suivant une m\u00e9trique ancienne datant de trois mill\u00e9naires. Il\u00a0 reprochait aussi aux avant-gardistes\u00a0 leur refus de reconna\u00eetre la valeur litt\u00e9raire des \u00e9crits des \u00a0grands po\u00e8tes classiques le consid\u00e9rant come une attitude pu\u00e9rile car pour lui Ahmed Loghmani, Tahar Kassar et \u00a0Jalaleddine Naccache par exemple sont de grands po\u00e8tes mais des po\u00e8tes r\u00e9actionnaires .Pour cela\u00a0, il faut critiquer les th\u00e8mes qu\u2019ils traitent et non la valeur de leurs \u00e9crits.<\/li>\n<\/ul>\n<p>Bien entendu \u00e0 chacun de ces arguments nous r\u00e9pliquions par le n\u00f4tre\u00a0 et les discussions s\u2019\u00e9talaient sur plusieurs heures et restaient toujours ouvertes.<\/p>\n<p>Que Dieu recouvre Mohamed Ben Jannat de sa sainte mis\u00e9ricorde et l\u2019accueille dans son vaste paradis\u00a0! C\u2019\u00e9tait un vrai\u00a0 et sinc\u00e8re militant d\u00e9mocratique.<\/p>\n<p>&nbsp;<\/p>\n","protected":false},"excerpt":{"rendered":"<p>Mohamed Ben Jannet \u00a0\u00e9tait un personnage singulier, aux horizons intellectuels larges et dot\u00e9 d\u2019une vaste et solide culture\u00a0.Il \u00e9tait purement rationaliste, analysait logiquement et appuyait ses opinions par des arguments pr\u00e9cis et appropri\u00e9s \u00a0et ne s\u2019emportait jamais, ni se laissait entra\u00eener dans les insultes\u00a0 et les d\u00e9nigrements .Les Tunisiens l\u2019avaient connu pour la premi\u00e8re fois &#8230;<\/p>\n","protected":false},"author":2,"featured_media":10832,"comment_status":"open","ping_status":"open","sticky":false,"template":"","format":"standard","meta":[],"categories":[36],"tags":[],"yoast_head":"<!-- This site is optimized with the Yoast SEO plugin v19.3 - https:\/\/yoast.com\/wordpress\/plugins\/seo\/ -->\n<title>M\u00e9moires d\u2019un critique : Le militant Mohamed Ben Jannet (11 f\u00e9vrier 1940 \u2013 12 novembre 2o12 )et le mouvement d\u2019avant-garde tunisien - Culminances<\/title>\n<meta name=\"robots\" content=\"index, follow, max-snippet:-1, max-image-preview:large, max-video-preview:-1\" \/>\n<link rel=\"canonical\" href=\"https:\/\/www.masharif.com\/fr\/2020\/05\/17\/memoires-dun-critique-militant-mohamed-ben-jannet-11-fevrier-1940-12-novembre-2o12-mouvement-davant-garde-tunisien\/\" \/>\n<meta property=\"og:locale\" content=\"fr_FR\" \/>\n<meta property=\"og:type\" content=\"article\" \/>\n<meta property=\"og:title\" content=\"M\u00e9moires d\u2019un critique : Le militant Mohamed Ben Jannet (11 f\u00e9vrier 1940 \u2013 12 novembre 2o12 )et le mouvement d\u2019avant-garde tunisien - Culminances\" \/>\n<meta property=\"og:description\" content=\"Mohamed Ben Jannet \u00a0\u00e9tait un personnage singulier, aux horizons intellectuels larges et dot\u00e9 d\u2019une vaste et solide culture\u00a0.Il \u00e9tait purement rationaliste, analysait logiquement et appuyait ses opinions par des arguments pr\u00e9cis et appropri\u00e9s \u00a0et ne s\u2019emportait jamais, ni se laissait entra\u00eener dans les insultes\u00a0 et les d\u00e9nigrements .Les Tunisiens l\u2019avaient connu pour la premi\u00e8re fois ...\" \/>\n<meta property=\"og:url\" content=\"https:\/\/www.masharif.com\/fr\/2020\/05\/17\/memoires-dun-critique-militant-mohamed-ben-jannet-11-fevrier-1940-12-novembre-2o12-mouvement-davant-garde-tunisien\/\" \/>\n<meta property=\"og:site_name\" content=\"Culminances\" \/>\n<meta property=\"article:published_time\" content=\"2020-05-17T13:07:16+00:00\" \/>\n<meta property=\"og:image\" content=\"https:\/\/www.masharif.com\/fr\/wp-content\/uploads\/2020\/05\/index.jpg\" \/>\n\t<meta property=\"og:image:width\" content=\"648\" \/>\n\t<meta property=\"og:image:height\" content=\"485\" \/>\n\t<meta property=\"og:image:type\" content=\"image\/jpeg\" \/>\n<meta name=\"author\" content=\"Mohamed Salah Ben Amor\" \/>\n<meta name=\"twitter:card\" content=\"summary\" \/>\n<meta name=\"twitter:label1\" content=\"\u00c9crit par\" \/>\n\t<meta name=\"twitter:data1\" content=\"Mohamed Salah Ben Amor\" \/>\n\t<meta name=\"twitter:label2\" content=\"Dur\u00e9e de lecture estim\u00e9e\" \/>\n\t<meta name=\"twitter:data2\" content=\"6 minutes\" \/>\n<script type=\"application\/ld+json\" class=\"yoast-schema-graph\">{\"@context\":\"https:\/\/schema.org\",\"@graph\":[{\"@type\":\"WebSite\",\"@id\":\"https:\/\/www.masharif.com\/fr\/#website\",\"url\":\"https:\/\/www.masharif.com\/fr\/\",\"name\":\"Culminances\",\"description\":\"\",\"potentialAction\":[{\"@type\":\"SearchAction\",\"target\":{\"@type\":\"EntryPoint\",\"urlTemplate\":\"https:\/\/www.masharif.com\/fr\/?s={search_term_string}\"},\"query-input\":\"required name=search_term_string\"}],\"inLanguage\":\"fr-FR\"},{\"@type\":\"ImageObject\",\"inLanguage\":\"fr-FR\",\"@id\":\"https:\/\/www.masharif.com\/fr\/2020\/05\/17\/memoires-dun-critique-militant-mohamed-ben-jannet-11-fevrier-1940-12-novembre-2o12-mouvement-davant-garde-tunisien\/#primaryimage\",\"url\":\"https:\/\/www.masharif.com\/fr\/wp-content\/uploads\/2020\/05\/index.jpg\",\"contentUrl\":\"https:\/\/www.masharif.com\/fr\/wp-content\/uploads\/2020\/05\/index.jpg\",\"width\":648,\"height\":485},{\"@type\":\"WebPage\",\"@id\":\"https:\/\/www.masharif.com\/fr\/2020\/05\/17\/memoires-dun-critique-militant-mohamed-ben-jannet-11-fevrier-1940-12-novembre-2o12-mouvement-davant-garde-tunisien\/\",\"url\":\"https:\/\/www.masharif.com\/fr\/2020\/05\/17\/memoires-dun-critique-militant-mohamed-ben-jannet-11-fevrier-1940-12-novembre-2o12-mouvement-davant-garde-tunisien\/\",\"name\":\"M\u00e9moires d\u2019un critique : Le militant Mohamed Ben Jannet (11 f\u00e9vrier 1940 \u2013 12 novembre 2o12 )et le mouvement d\u2019avant-garde tunisien - Culminances\",\"isPartOf\":{\"@id\":\"https:\/\/www.masharif.com\/fr\/#website\"},\"primaryImageOfPage\":{\"@id\":\"https:\/\/www.masharif.com\/fr\/2020\/05\/17\/memoires-dun-critique-militant-mohamed-ben-jannet-11-fevrier-1940-12-novembre-2o12-mouvement-davant-garde-tunisien\/#primaryimage\"},\"datePublished\":\"2020-05-17T13:07:16+00:00\",\"dateModified\":\"2020-05-17T13:07:16+00:00\",\"author\":{\"@id\":\"https:\/\/www.masharif.com\/fr\/#\/schema\/person\/839a7026efe9fa825134097c1041e4a0\"},\"breadcrumb\":{\"@id\":\"https:\/\/www.masharif.com\/fr\/2020\/05\/17\/memoires-dun-critique-militant-mohamed-ben-jannet-11-fevrier-1940-12-novembre-2o12-mouvement-davant-garde-tunisien\/#breadcrumb\"},\"inLanguage\":\"fr-FR\",\"potentialAction\":[{\"@type\":\"ReadAction\",\"target\":[\"https:\/\/www.masharif.com\/fr\/2020\/05\/17\/memoires-dun-critique-militant-mohamed-ben-jannet-11-fevrier-1940-12-novembre-2o12-mouvement-davant-garde-tunisien\/\"]}]},{\"@type\":\"BreadcrumbList\",\"@id\":\"https:\/\/www.masharif.com\/fr\/2020\/05\/17\/memoires-dun-critique-militant-mohamed-ben-jannet-11-fevrier-1940-12-novembre-2o12-mouvement-davant-garde-tunisien\/#breadcrumb\",\"itemListElement\":[{\"@type\":\"ListItem\",\"position\":1,\"name\":\"Home\",\"item\":\"https:\/\/www.masharif.com\/fr\/\"},{\"@type\":\"ListItem\",\"position\":2,\"name\":\"M\u00e9moires d\u2019un critique : Le militant Mohamed Ben Jannet (11 f\u00e9vrier 1940 \u2013 12 novembre 2o12 )et le mouvement d\u2019avant-garde tunisien\"}]},{\"@type\":\"Person\",\"@id\":\"https:\/\/www.masharif.com\/fr\/#\/schema\/person\/839a7026efe9fa825134097c1041e4a0\",\"name\":\"Mohamed Salah Ben Amor\",\"image\":{\"@type\":\"ImageObject\",\"inLanguage\":\"fr-FR\",\"@id\":\"https:\/\/www.masharif.com\/fr\/#\/schema\/person\/image\/\",\"url\":\"https:\/\/secure.gravatar.com\/avatar\/f64806401ad5ed604ffec2272b19ef46?s=96&d=identicon&r=g\",\"contentUrl\":\"https:\/\/secure.gravatar.com\/avatar\/f64806401ad5ed604ffec2272b19ef46?s=96&d=identicon&r=g\",\"caption\":\"Mohamed Salah Ben Amor\"},\"sameAs\":[\"http:\/\/ben-amor.info\"],\"url\":\"https:\/\/www.masharif.com\/fr\/author\/msba\/\"}]}<\/script>\n<!-- \/ Yoast SEO plugin. -->","yoast_head_json":{"title":"M\u00e9moires d\u2019un critique : Le militant Mohamed Ben Jannet (11 f\u00e9vrier 1940 \u2013 12 novembre 2o12 )et le mouvement d\u2019avant-garde tunisien - Culminances","robots":{"index":"index","follow":"follow","max-snippet":"max-snippet:-1","max-image-preview":"max-image-preview:large","max-video-preview":"max-video-preview:-1"},"canonical":"https:\/\/www.masharif.com\/fr\/2020\/05\/17\/memoires-dun-critique-militant-mohamed-ben-jannet-11-fevrier-1940-12-novembre-2o12-mouvement-davant-garde-tunisien\/","og_locale":"fr_FR","og_type":"article","og_title":"M\u00e9moires d\u2019un critique : Le militant Mohamed Ben Jannet (11 f\u00e9vrier 1940 \u2013 12 novembre 2o12 )et le mouvement d\u2019avant-garde tunisien - Culminances","og_description":"Mohamed Ben Jannet \u00a0\u00e9tait un personnage singulier, aux horizons intellectuels larges et dot\u00e9 d\u2019une vaste et solide culture\u00a0.Il \u00e9tait purement rationaliste, analysait logiquement et appuyait ses opinions par des arguments pr\u00e9cis et appropri\u00e9s \u00a0et ne s\u2019emportait jamais, ni se laissait entra\u00eener dans les insultes\u00a0 et les d\u00e9nigrements .Les Tunisiens l\u2019avaient connu pour la premi\u00e8re fois ...","og_url":"https:\/\/www.masharif.com\/fr\/2020\/05\/17\/memoires-dun-critique-militant-mohamed-ben-jannet-11-fevrier-1940-12-novembre-2o12-mouvement-davant-garde-tunisien\/","og_site_name":"Culminances","article_published_time":"2020-05-17T13:07:16+00:00","og_image":[{"width":648,"height":485,"url":"https:\/\/www.masharif.com\/fr\/wp-content\/uploads\/2020\/05\/index.jpg","type":"image\/jpeg"}],"author":"Mohamed Salah Ben Amor","twitter_card":"summary","twitter_misc":{"\u00c9crit par":"Mohamed Salah Ben Amor","Dur\u00e9e de lecture estim\u00e9e":"6 minutes"},"schema":{"@context":"https:\/\/schema.org","@graph":[{"@type":"WebSite","@id":"https:\/\/www.masharif.com\/fr\/#website","url":"https:\/\/www.masharif.com\/fr\/","name":"Culminances","description":"","potentialAction":[{"@type":"SearchAction","target":{"@type":"EntryPoint","urlTemplate":"https:\/\/www.masharif.com\/fr\/?s={search_term_string}"},"query-input":"required name=search_term_string"}],"inLanguage":"fr-FR"},{"@type":"ImageObject","inLanguage":"fr-FR","@id":"https:\/\/www.masharif.com\/fr\/2020\/05\/17\/memoires-dun-critique-militant-mohamed-ben-jannet-11-fevrier-1940-12-novembre-2o12-mouvement-davant-garde-tunisien\/#primaryimage","url":"https:\/\/www.masharif.com\/fr\/wp-content\/uploads\/2020\/05\/index.jpg","contentUrl":"https:\/\/www.masharif.com\/fr\/wp-content\/uploads\/2020\/05\/index.jpg","width":648,"height":485},{"@type":"WebPage","@id":"https:\/\/www.masharif.com\/fr\/2020\/05\/17\/memoires-dun-critique-militant-mohamed-ben-jannet-11-fevrier-1940-12-novembre-2o12-mouvement-davant-garde-tunisien\/","url":"https:\/\/www.masharif.com\/fr\/2020\/05\/17\/memoires-dun-critique-militant-mohamed-ben-jannet-11-fevrier-1940-12-novembre-2o12-mouvement-davant-garde-tunisien\/","name":"M\u00e9moires d\u2019un critique : Le militant Mohamed Ben Jannet (11 f\u00e9vrier 1940 \u2013 12 novembre 2o12 )et le mouvement d\u2019avant-garde tunisien - Culminances","isPartOf":{"@id":"https:\/\/www.masharif.com\/fr\/#website"},"primaryImageOfPage":{"@id":"https:\/\/www.masharif.com\/fr\/2020\/05\/17\/memoires-dun-critique-militant-mohamed-ben-jannet-11-fevrier-1940-12-novembre-2o12-mouvement-davant-garde-tunisien\/#primaryimage"},"datePublished":"2020-05-17T13:07:16+00:00","dateModified":"2020-05-17T13:07:16+00:00","author":{"@id":"https:\/\/www.masharif.com\/fr\/#\/schema\/person\/839a7026efe9fa825134097c1041e4a0"},"breadcrumb":{"@id":"https:\/\/www.masharif.com\/fr\/2020\/05\/17\/memoires-dun-critique-militant-mohamed-ben-jannet-11-fevrier-1940-12-novembre-2o12-mouvement-davant-garde-tunisien\/#breadcrumb"},"inLanguage":"fr-FR","potentialAction":[{"@type":"ReadAction","target":["https:\/\/www.masharif.com\/fr\/2020\/05\/17\/memoires-dun-critique-militant-mohamed-ben-jannet-11-fevrier-1940-12-novembre-2o12-mouvement-davant-garde-tunisien\/"]}]},{"@type":"BreadcrumbList","@id":"https:\/\/www.masharif.com\/fr\/2020\/05\/17\/memoires-dun-critique-militant-mohamed-ben-jannet-11-fevrier-1940-12-novembre-2o12-mouvement-davant-garde-tunisien\/#breadcrumb","itemListElement":[{"@type":"ListItem","position":1,"name":"Home","item":"https:\/\/www.masharif.com\/fr\/"},{"@type":"ListItem","position":2,"name":"M\u00e9moires d\u2019un critique : Le militant Mohamed Ben Jannet (11 f\u00e9vrier 1940 \u2013 12 novembre 2o12 )et le mouvement d\u2019avant-garde tunisien"}]},{"@type":"Person","@id":"https:\/\/www.masharif.com\/fr\/#\/schema\/person\/839a7026efe9fa825134097c1041e4a0","name":"Mohamed Salah Ben Amor","image":{"@type":"ImageObject","inLanguage":"fr-FR","@id":"https:\/\/www.masharif.com\/fr\/#\/schema\/person\/image\/","url":"https:\/\/secure.gravatar.com\/avatar\/f64806401ad5ed604ffec2272b19ef46?s=96&d=identicon&r=g","contentUrl":"https:\/\/secure.gravatar.com\/avatar\/f64806401ad5ed604ffec2272b19ef46?s=96&d=identicon&r=g","caption":"Mohamed Salah Ben Amor"},"sameAs":["http:\/\/ben-amor.info"],"url":"https:\/\/www.masharif.com\/fr\/author\/msba\/"}]}},"_links":{"self":[{"href":"https:\/\/www.masharif.com\/fr\/wp-json\/wp\/v2\/posts\/10831"}],"collection":[{"href":"https:\/\/www.masharif.com\/fr\/wp-json\/wp\/v2\/posts"}],"about":[{"href":"https:\/\/www.masharif.com\/fr\/wp-json\/wp\/v2\/types\/post"}],"author":[{"embeddable":true,"href":"https:\/\/www.masharif.com\/fr\/wp-json\/wp\/v2\/users\/2"}],"replies":[{"embeddable":true,"href":"https:\/\/www.masharif.com\/fr\/wp-json\/wp\/v2\/comments?post=10831"}],"version-history":[{"count":1,"href":"https:\/\/www.masharif.com\/fr\/wp-json\/wp\/v2\/posts\/10831\/revisions"}],"predecessor-version":[{"id":10833,"href":"https:\/\/www.masharif.com\/fr\/wp-json\/wp\/v2\/posts\/10831\/revisions\/10833"}],"wp:featuredmedia":[{"embeddable":true,"href":"https:\/\/www.masharif.com\/fr\/wp-json\/wp\/v2\/media\/10832"}],"wp:attachment":[{"href":"https:\/\/www.masharif.com\/fr\/wp-json\/wp\/v2\/media?parent=10831"}],"wp:term":[{"taxonomy":"category","embeddable":true,"href":"https:\/\/www.masharif.com\/fr\/wp-json\/wp\/v2\/categories?post=10831"},{"taxonomy":"post_tag","embeddable":true,"href":"https:\/\/www.masharif.com\/fr\/wp-json\/wp\/v2\/tags?post=10831"}],"curies":[{"name":"wp","href":"https:\/\/api.w.org\/{rel}","templated":true}]}}