{"id":10804,"date":"2020-05-06T20:55:20","date_gmt":"2020-05-06T19:55:20","guid":{"rendered":"http:\/\/www.masharif.com\/fr\/?p=10804"},"modified":"2020-05-06T21:18:46","modified_gmt":"2020-05-06T20:18:46","slug":"mpressions-preliminaires-sur-la-litterature-confinee-ou-de-confinement-dans-la-rive-nord","status":"publish","type":"post","link":"https:\/\/www.masharif.com\/fr\/2020\/05\/06\/mpressions-preliminaires-sur-la-litterature-confinee-ou-de-confinement-dans-la-rive-nord\/","title":{"rendered":"Impressions pr\u00e9liminaires sur la litt\u00e9rature confin\u00e9e ou de confinement dans la rive-nord"},"content":{"rendered":"<p><a href=\"http:\/\/www.masharif.com\/fr\/wp-content\/uploads\/2020\/05\/thevisualsyouneed200400192.jpg\"><img loading=\"lazy\" class=\"alignnone size-medium wp-image-10810\" src=\"http:\/\/www.masharif.com\/fr\/wp-content\/uploads\/2020\/05\/thevisualsyouneed200400192-300x200.jpg\" alt=\"\" width=\"300\" height=\"200\" srcset=\"https:\/\/www.masharif.com\/fr\/wp-content\/uploads\/2020\/05\/thevisualsyouneed200400192-300x200.jpg 300w, https:\/\/www.masharif.com\/fr\/wp-content\/uploads\/2020\/05\/thevisualsyouneed200400192.jpg 450w\" sizes=\"(max-width: 300px) 100vw, 300px\" \/><\/a><\/p>\n<div id=\"attachment_10805\" style=\"width: 179px\" class=\"wp-caption alignnone\"><a href=\"http:\/\/www.masharif.com\/fr\/wp-content\/uploads\/2020\/05\/95778328_10217496288142337_9045339646661230592_n.jpg\"><img aria-describedby=\"caption-attachment-10805\" loading=\"lazy\" class=\"wp-image-10805 size-medium\" src=\"http:\/\/www.masharif.com\/fr\/wp-content\/uploads\/2020\/05\/95778328_10217496288142337_9045339646661230592_n-169x300.jpg\" alt=\"\" width=\"169\" height=\"300\" srcset=\"https:\/\/www.masharif.com\/fr\/wp-content\/uploads\/2020\/05\/95778328_10217496288142337_9045339646661230592_n-169x300.jpg 169w, https:\/\/www.masharif.com\/fr\/wp-content\/uploads\/2020\/05\/95778328_10217496288142337_9045339646661230592_n.jpg 540w\" sizes=\"(max-width: 169px) 100vw, 169px\" \/><\/a><p id=\"caption-attachment-10805\" class=\"wp-caption-text\">Philippe Lemoine-France<\/p><\/div>\n<div id=\"attachment_10806\" style=\"width: 310px\" class=\"wp-caption alignnone\"><a href=\"http:\/\/www.masharif.com\/fr\/wp-content\/uploads\/2020\/05\/198620_213439988670036_1837105_n.jpg\"><img aria-describedby=\"caption-attachment-10806\" loading=\"lazy\" class=\"wp-image-10806 size-medium\" src=\"http:\/\/www.masharif.com\/fr\/wp-content\/uploads\/2020\/05\/198620_213439988670036_1837105_n-300x201.jpg\" alt=\"\" width=\"300\" height=\"201\" srcset=\"https:\/\/www.masharif.com\/fr\/wp-content\/uploads\/2020\/05\/198620_213439988670036_1837105_n-300x201.jpg 300w, https:\/\/www.masharif.com\/fr\/wp-content\/uploads\/2020\/05\/198620_213439988670036_1837105_n-768x514.jpg 768w, https:\/\/www.masharif.com\/fr\/wp-content\/uploads\/2020\/05\/198620_213439988670036_1837105_n-1024x685.jpg 1024w, https:\/\/www.masharif.com\/fr\/wp-content\/uploads\/2020\/05\/198620_213439988670036_1837105_n-290x195.jpg 290w, https:\/\/www.masharif.com\/fr\/wp-content\/uploads\/2020\/05\/198620_213439988670036_1837105_n.jpg 1475w\" sizes=\"(max-width: 300px) 100vw, 300px\" \/><\/a><p id=\"caption-attachment-10806\" class=\"wp-caption-text\">Joseline Mouriesse &#8211; La Martinique<\/p><\/div>\n<div id=\"attachment_10807\" style=\"width: 235px\" class=\"wp-caption alignnone\"><a href=\"http:\/\/www.masharif.com\/fr\/wp-content\/uploads\/2020\/05\/95608392_10217496290222389_2916630596140662784_n.jpg\"><img aria-describedby=\"caption-attachment-10807\" loading=\"lazy\" class=\"wp-image-10807 size-medium\" src=\"http:\/\/www.masharif.com\/fr\/wp-content\/uploads\/2020\/05\/95608392_10217496290222389_2916630596140662784_n-225x300.jpg\" alt=\"\" width=\"225\" height=\"300\" srcset=\"https:\/\/www.masharif.com\/fr\/wp-content\/uploads\/2020\/05\/95608392_10217496290222389_2916630596140662784_n-225x300.jpg 225w, https:\/\/www.masharif.com\/fr\/wp-content\/uploads\/2020\/05\/95608392_10217496290222389_2916630596140662784_n.jpg 540w\" sizes=\"(max-width: 225px) 100vw, 225px\" \/><\/a><p id=\"caption-attachment-10807\" class=\"wp-caption-text\">Josiane Coijmans &#8211; Belgique<\/p><\/div>\n<div id=\"attachment_10808\" style=\"width: 310px\" class=\"wp-caption alignnone\"><a href=\"http:\/\/www.masharif.com\/fr\/wp-content\/uploads\/2020\/05\/95500834_10217496293462470_8399043194276282368_n.jpg\"><img aria-describedby=\"caption-attachment-10808\" loading=\"lazy\" class=\"wp-image-10808 size-medium\" src=\"http:\/\/www.masharif.com\/fr\/wp-content\/uploads\/2020\/05\/95500834_10217496293462470_8399043194276282368_n-300x300.jpg\" alt=\"\" width=\"300\" height=\"300\" srcset=\"https:\/\/www.masharif.com\/fr\/wp-content\/uploads\/2020\/05\/95500834_10217496293462470_8399043194276282368_n-300x300.jpg 300w, https:\/\/www.masharif.com\/fr\/wp-content\/uploads\/2020\/05\/95500834_10217496293462470_8399043194276282368_n-150x150.jpg 150w, https:\/\/www.masharif.com\/fr\/wp-content\/uploads\/2020\/05\/95500834_10217496293462470_8399043194276282368_n-55x55.jpg 55w, https:\/\/www.masharif.com\/fr\/wp-content\/uploads\/2020\/05\/95500834_10217496293462470_8399043194276282368_n.jpg 600w\" sizes=\"(max-width: 300px) 100vw, 300px\" \/><\/a><p id=\"caption-attachment-10808\" class=\"wp-caption-text\">Laurent D&#8217;hoop &#8211; Belgique<\/p><\/div>\n<div id=\"attachment_10809\" style=\"width: 310px\" class=\"wp-caption alignnone\"><a href=\"http:\/\/www.masharif.com\/fr\/wp-content\/uploads\/2020\/05\/95982743_10217496292542447_8369850189896220672_n.jpg\"><img aria-describedby=\"caption-attachment-10809\" loading=\"lazy\" class=\"wp-image-10809 size-medium\" src=\"http:\/\/www.masharif.com\/fr\/wp-content\/uploads\/2020\/05\/95982743_10217496292542447_8369850189896220672_n-300x300.jpg\" alt=\"\" width=\"300\" height=\"300\" srcset=\"https:\/\/www.masharif.com\/fr\/wp-content\/uploads\/2020\/05\/95982743_10217496292542447_8369850189896220672_n-300x300.jpg 300w, https:\/\/www.masharif.com\/fr\/wp-content\/uploads\/2020\/05\/95982743_10217496292542447_8369850189896220672_n-150x150.jpg 150w, https:\/\/www.masharif.com\/fr\/wp-content\/uploads\/2020\/05\/95982743_10217496292542447_8369850189896220672_n-768x768.jpg 768w, https:\/\/www.masharif.com\/fr\/wp-content\/uploads\/2020\/05\/95982743_10217496292542447_8369850189896220672_n-55x55.jpg 55w, https:\/\/www.masharif.com\/fr\/wp-content\/uploads\/2020\/05\/95982743_10217496292542447_8369850189896220672_n.jpg 960w\" sizes=\"(max-width: 300px) 100vw, 300px\" \/><\/a><p id=\"caption-attachment-10809\" class=\"wp-caption-text\">Jean Piet &#8211; France<\/p><\/div>\n<p>Bien que la mesure du confinement obligatoire n\u2019ait \u00e9t\u00e9 prise dans les pays occidentaux o\u00f9 la pand\u00e9mie du coronavirus a frapp\u00e9 le plus (parmi les 200.000 d\u00e9c\u00e8s enregistr\u00e9s dans le monde pr\u00e8s de 150.000 ont eu lieu dans cinq pays :les USA , l\u2019Italie, l\u2019Espagne, le Royaume uni et la France) qu\u2019il y a seulement pr\u00e8s de deux mois, un flot de po\u00e8mes et de textes en prose sur ce sujet ne cesse de d\u00e9ferler \u00e0 un rythme effr\u00e9n\u00e9 dans les sites litt\u00e9raires et les r\u00e9seaux sociaux dont surtout le facebook .Mais en toute objectivit\u00e9 et sans aucune intention de g\u00e9n\u00e9raliser ,la grande majorit\u00e9 de ces textes oscille entre l\u2019ordinaire et la m\u00e9diocrit\u00e9 .Et l\u2019ordinaire en art , comme vous le savez, ne peut \u00eatre consid\u00e9r\u00e9 que comme m\u00e9diocre. Et cette m\u00e9diocrit\u00e9 est due soit \u00e0 l\u2019absence de talent \u2013 et c\u2019est tr\u00e8s normal parce que ceux qui \u00e9crivent ne sont pas tous de vrais \u00e9crivains &#8211; , soit au d\u00e9sir d\u2019\u00e9crire en d\u00e9pit du manque d\u2019inspiration.<br \/>\nVue de l\u2018ext\u00e9rieur, cette litt\u00e9rature semble s\u2019apparenter \u00e0 la litt\u00e9rature des prisons .Mais ,en r\u00e9alit\u00e9, il n\u2019y a aucun parall\u00e8le entre ces deux genres, car les \u00e9crits du d\u00e9tenu s\u2019il est \u00e9crivain ou po\u00e8te, expriment soit un sentiment de culpabilit\u00e9 s\u2019il est un prisonnier de droit commun (sauf s\u2019il est d\u00e9pourvu totalement de conscience comme le Marquis de Sade par exemple) , soit de la fiert\u00e9 et de la satisfaction de soi s\u2019il est un prisonnier politique. Mais ce qui n\u2019est nullement le cas dans la litt\u00e9rature de confinement o\u00f9 l\u2019\u00e9crivain ou le po\u00e8te confin\u00e9 n\u2019est ni coupable, ni h\u00e9ros mais un simple citoyen forc\u00e9 de s\u2019enfermer chez lui..<br \/>\nQuant \u00e0 la minorit\u00e9 de textes po\u00e9tiques ou prosa\u00efques qui convainc le lecteur connaisseur, elle se r\u00e9partit grosso modo sur deux tendances principales : l\u2019une lyrique exprimant une fuite en arri\u00e8re car tourn\u00e9e totalement ou essentiellement vers l\u2019\u00e9go et faisant \u00e9tat de divers affects n\u00e9gatifs( terreur, anxi\u00e9t\u00e9, d\u00e9sespoir ,pessimisme, langueur, lassitude, \u2026)et l\u2019autre est intellectuelle dirig\u00e9e vers l\u2019avant et se traduit par une attitude contestataire et d\u00e9nonciatrice \u00e0 l\u2019\u00e9gard des gouvernements qui, \u00e0 cause de leurs choix capitalistes , n\u2019ont pas dot\u00e9 leur pays d\u2019une infrastructure sanitaire suffisante, capable de prot\u00e9ger les cat\u00e9gories sociales d\u00e9munies et moyennes de la pand\u00e9mie.<br \/>\nUne autre cat\u00e9gorie de po\u00e8tes et d\u2019\u00e9crivains et elle n\u2019est pas des moindres semble ne pas \u00eatre concern\u00e9e par ce sujet qui pourtant secoue le monde .Certains que j\u2019ai contact\u00e9s parmi cette cat\u00e9gorie (dont la polonaise Monika Del Rio , la syrienne r\u00e9sidant en Su\u00e8de Suzanne Ibrahim et la fran\u00e7aise Sol\u00e8ne de Lam de Paris) m\u2019ont dit franchement que ce sujet ne les inspire pas du tout , justifiant leur attitude par le fait qu\u2019ils ne vont jamais vers le po\u00e8me mais ils attendent qu\u2019il vient et il n\u2019est pas venu !!<br \/>\nA la fin, avons-nous le droit de nous demander d\u00e8s maintenant quel sera l\u2019avenir de cette litt\u00e9rature confin\u00e9e ou de confinement ?A mon avis, il est encore tr\u00e8s t\u00f4t de nous poser une telle question mais il est fort probable que cet avenir ne diff\u00e9rera gu\u00e8re de celui de la litt\u00e9rature produite en temps normaux : les textes de qualit\u00e9 seront conserv\u00e9s pour les g\u00e9n\u00e9rations futures et les m\u00e9diocres auront leur place sur les \u00e9tag\u00e8res des institutions d\u2019archives.<\/p>\n","protected":false},"excerpt":{"rendered":"<p>Bien que la mesure du confinement obligatoire n\u2019ait \u00e9t\u00e9 prise dans les pays occidentaux o\u00f9 la pand\u00e9mie du coronavirus a frapp\u00e9 le plus (parmi les 200.000 d\u00e9c\u00e8s enregistr\u00e9s dans le monde pr\u00e8s de 150.000 ont eu lieu dans cinq pays :les USA , l\u2019Italie, l\u2019Espagne, le Royaume uni et la France) qu\u2019il y a seulement &#8230;<\/p>\n","protected":false},"author":2,"featured_media":10810,"comment_status":"open","ping_status":"open","sticky":false,"template":"","format":"standard","meta":[],"categories":[8],"tags":[],"yoast_head":"<!-- This site is optimized with the Yoast SEO plugin v19.3 - https:\/\/yoast.com\/wordpress\/plugins\/seo\/ -->\n<title>Impressions pr\u00e9liminaires sur la litt\u00e9rature confin\u00e9e ou de confinement dans la rive-nord - Culminances<\/title>\n<meta name=\"robots\" content=\"index, follow, max-snippet:-1, max-image-preview:large, max-video-preview:-1\" \/>\n<link rel=\"canonical\" href=\"http:\/\/www.masharif.com\/fr\/2020\/05\/06\/mpressions-preliminaires-sur-la-litterature-confinee-ou-de-confinement-dans-la-rive-nord\/\" \/>\n<meta property=\"og:locale\" content=\"fr_FR\" \/>\n<meta property=\"og:type\" content=\"article\" \/>\n<meta property=\"og:title\" content=\"Impressions pr\u00e9liminaires sur la litt\u00e9rature confin\u00e9e ou de confinement dans la rive-nord - Culminances\" \/>\n<meta property=\"og:description\" content=\"Bien que la mesure du confinement obligatoire n\u2019ait \u00e9t\u00e9 prise dans les pays occidentaux o\u00f9 la pand\u00e9mie du coronavirus a frapp\u00e9 le plus (parmi les 200.000 d\u00e9c\u00e8s enregistr\u00e9s dans le monde pr\u00e8s de 150.000 ont eu lieu dans cinq pays :les USA , l\u2019Italie, l\u2019Espagne, le Royaume uni et la France) qu\u2019il y a seulement ...\" \/>\n<meta property=\"og:url\" content=\"http:\/\/www.masharif.com\/fr\/2020\/05\/06\/mpressions-preliminaires-sur-la-litterature-confinee-ou-de-confinement-dans-la-rive-nord\/\" \/>\n<meta property=\"og:site_name\" content=\"Culminances\" \/>\n<meta property=\"article:published_time\" content=\"2020-05-06T19:55:20+00:00\" \/>\n<meta property=\"article:modified_time\" content=\"2020-05-06T20:18:46+00:00\" \/>\n<meta property=\"og:image\" content=\"http:\/\/www.masharif.com\/fr\/wp-content\/uploads\/2020\/05\/thevisualsyouneed200400192.jpg\" \/>\n\t<meta property=\"og:image:width\" content=\"450\" \/>\n\t<meta property=\"og:image:height\" content=\"300\" \/>\n\t<meta property=\"og:image:type\" content=\"image\/jpeg\" \/>\n<meta name=\"author\" content=\"Mohamed Salah Ben Amor\" \/>\n<meta name=\"twitter:card\" content=\"summary\" \/>\n<meta name=\"twitter:label1\" content=\"\u00c9crit par\" \/>\n\t<meta name=\"twitter:data1\" content=\"Mohamed Salah Ben Amor\" \/>\n\t<meta name=\"twitter:label2\" content=\"Dur\u00e9e de lecture estim\u00e9e\" \/>\n\t<meta name=\"twitter:data2\" content=\"3 minutes\" \/>\n<script type=\"application\/ld+json\" class=\"yoast-schema-graph\">{\"@context\":\"https:\/\/schema.org\",\"@graph\":[{\"@type\":\"WebSite\",\"@id\":\"https:\/\/www.masharif.com\/fr\/#website\",\"url\":\"https:\/\/www.masharif.com\/fr\/\",\"name\":\"Culminances\",\"description\":\"\",\"potentialAction\":[{\"@type\":\"SearchAction\",\"target\":{\"@type\":\"EntryPoint\",\"urlTemplate\":\"https:\/\/www.masharif.com\/fr\/?s={search_term_string}\"},\"query-input\":\"required name=search_term_string\"}],\"inLanguage\":\"fr-FR\"},{\"@type\":\"ImageObject\",\"inLanguage\":\"fr-FR\",\"@id\":\"http:\/\/www.masharif.com\/fr\/2020\/05\/06\/mpressions-preliminaires-sur-la-litterature-confinee-ou-de-confinement-dans-la-rive-nord\/#primaryimage\",\"url\":\"https:\/\/www.masharif.com\/fr\/wp-content\/uploads\/2020\/05\/thevisualsyouneed200400192.jpg\",\"contentUrl\":\"https:\/\/www.masharif.com\/fr\/wp-content\/uploads\/2020\/05\/thevisualsyouneed200400192.jpg\",\"width\":450,\"height\":300},{\"@type\":\"WebPage\",\"@id\":\"http:\/\/www.masharif.com\/fr\/2020\/05\/06\/mpressions-preliminaires-sur-la-litterature-confinee-ou-de-confinement-dans-la-rive-nord\/\",\"url\":\"http:\/\/www.masharif.com\/fr\/2020\/05\/06\/mpressions-preliminaires-sur-la-litterature-confinee-ou-de-confinement-dans-la-rive-nord\/\",\"name\":\"Impressions pr\u00e9liminaires sur la litt\u00e9rature confin\u00e9e ou de confinement dans la rive-nord - Culminances\",\"isPartOf\":{\"@id\":\"https:\/\/www.masharif.com\/fr\/#website\"},\"primaryImageOfPage\":{\"@id\":\"http:\/\/www.masharif.com\/fr\/2020\/05\/06\/mpressions-preliminaires-sur-la-litterature-confinee-ou-de-confinement-dans-la-rive-nord\/#primaryimage\"},\"datePublished\":\"2020-05-06T19:55:20+00:00\",\"dateModified\":\"2020-05-06T20:18:46+00:00\",\"author\":{\"@id\":\"https:\/\/www.masharif.com\/fr\/#\/schema\/person\/839a7026efe9fa825134097c1041e4a0\"},\"breadcrumb\":{\"@id\":\"http:\/\/www.masharif.com\/fr\/2020\/05\/06\/mpressions-preliminaires-sur-la-litterature-confinee-ou-de-confinement-dans-la-rive-nord\/#breadcrumb\"},\"inLanguage\":\"fr-FR\",\"potentialAction\":[{\"@type\":\"ReadAction\",\"target\":[\"http:\/\/www.masharif.com\/fr\/2020\/05\/06\/mpressions-preliminaires-sur-la-litterature-confinee-ou-de-confinement-dans-la-rive-nord\/\"]}]},{\"@type\":\"BreadcrumbList\",\"@id\":\"http:\/\/www.masharif.com\/fr\/2020\/05\/06\/mpressions-preliminaires-sur-la-litterature-confinee-ou-de-confinement-dans-la-rive-nord\/#breadcrumb\",\"itemListElement\":[{\"@type\":\"ListItem\",\"position\":1,\"name\":\"Home\",\"item\":\"https:\/\/www.masharif.com\/fr\/\"},{\"@type\":\"ListItem\",\"position\":2,\"name\":\"Impressions pr\u00e9liminaires sur la litt\u00e9rature confin\u00e9e ou de confinement dans la rive-nord\"}]},{\"@type\":\"Person\",\"@id\":\"https:\/\/www.masharif.com\/fr\/#\/schema\/person\/839a7026efe9fa825134097c1041e4a0\",\"name\":\"Mohamed Salah Ben Amor\",\"image\":{\"@type\":\"ImageObject\",\"inLanguage\":\"fr-FR\",\"@id\":\"https:\/\/www.masharif.com\/fr\/#\/schema\/person\/image\/\",\"url\":\"https:\/\/secure.gravatar.com\/avatar\/f64806401ad5ed604ffec2272b19ef46?s=96&d=identicon&r=g\",\"contentUrl\":\"https:\/\/secure.gravatar.com\/avatar\/f64806401ad5ed604ffec2272b19ef46?s=96&d=identicon&r=g\",\"caption\":\"Mohamed Salah Ben Amor\"},\"sameAs\":[\"http:\/\/ben-amor.info\"],\"url\":\"https:\/\/www.masharif.com\/fr\/author\/msba\/\"}]}<\/script>\n<!-- \/ Yoast SEO plugin. -->","yoast_head_json":{"title":"Impressions pr\u00e9liminaires sur la litt\u00e9rature confin\u00e9e ou de confinement dans la rive-nord - Culminances","robots":{"index":"index","follow":"follow","max-snippet":"max-snippet:-1","max-image-preview":"max-image-preview:large","max-video-preview":"max-video-preview:-1"},"canonical":"http:\/\/www.masharif.com\/fr\/2020\/05\/06\/mpressions-preliminaires-sur-la-litterature-confinee-ou-de-confinement-dans-la-rive-nord\/","og_locale":"fr_FR","og_type":"article","og_title":"Impressions pr\u00e9liminaires sur la litt\u00e9rature confin\u00e9e ou de confinement dans la rive-nord - Culminances","og_description":"Bien que la mesure du confinement obligatoire n\u2019ait \u00e9t\u00e9 prise dans les pays occidentaux o\u00f9 la pand\u00e9mie du coronavirus a frapp\u00e9 le plus (parmi les 200.000 d\u00e9c\u00e8s enregistr\u00e9s dans le monde pr\u00e8s de 150.000 ont eu lieu dans cinq pays :les USA , l\u2019Italie, l\u2019Espagne, le Royaume uni et la France) qu\u2019il y a seulement ...","og_url":"http:\/\/www.masharif.com\/fr\/2020\/05\/06\/mpressions-preliminaires-sur-la-litterature-confinee-ou-de-confinement-dans-la-rive-nord\/","og_site_name":"Culminances","article_published_time":"2020-05-06T19:55:20+00:00","article_modified_time":"2020-05-06T20:18:46+00:00","og_image":[{"width":450,"height":300,"url":"http:\/\/www.masharif.com\/fr\/wp-content\/uploads\/2020\/05\/thevisualsyouneed200400192.jpg","type":"image\/jpeg"}],"author":"Mohamed Salah Ben Amor","twitter_card":"summary","twitter_misc":{"\u00c9crit par":"Mohamed Salah Ben Amor","Dur\u00e9e de lecture estim\u00e9e":"3 minutes"},"schema":{"@context":"https:\/\/schema.org","@graph":[{"@type":"WebSite","@id":"https:\/\/www.masharif.com\/fr\/#website","url":"https:\/\/www.masharif.com\/fr\/","name":"Culminances","description":"","potentialAction":[{"@type":"SearchAction","target":{"@type":"EntryPoint","urlTemplate":"https:\/\/www.masharif.com\/fr\/?s={search_term_string}"},"query-input":"required name=search_term_string"}],"inLanguage":"fr-FR"},{"@type":"ImageObject","inLanguage":"fr-FR","@id":"http:\/\/www.masharif.com\/fr\/2020\/05\/06\/mpressions-preliminaires-sur-la-litterature-confinee-ou-de-confinement-dans-la-rive-nord\/#primaryimage","url":"https:\/\/www.masharif.com\/fr\/wp-content\/uploads\/2020\/05\/thevisualsyouneed200400192.jpg","contentUrl":"https:\/\/www.masharif.com\/fr\/wp-content\/uploads\/2020\/05\/thevisualsyouneed200400192.jpg","width":450,"height":300},{"@type":"WebPage","@id":"http:\/\/www.masharif.com\/fr\/2020\/05\/06\/mpressions-preliminaires-sur-la-litterature-confinee-ou-de-confinement-dans-la-rive-nord\/","url":"http:\/\/www.masharif.com\/fr\/2020\/05\/06\/mpressions-preliminaires-sur-la-litterature-confinee-ou-de-confinement-dans-la-rive-nord\/","name":"Impressions pr\u00e9liminaires sur la litt\u00e9rature confin\u00e9e ou de confinement dans la rive-nord - Culminances","isPartOf":{"@id":"https:\/\/www.masharif.com\/fr\/#website"},"primaryImageOfPage":{"@id":"http:\/\/www.masharif.com\/fr\/2020\/05\/06\/mpressions-preliminaires-sur-la-litterature-confinee-ou-de-confinement-dans-la-rive-nord\/#primaryimage"},"datePublished":"2020-05-06T19:55:20+00:00","dateModified":"2020-05-06T20:18:46+00:00","author":{"@id":"https:\/\/www.masharif.com\/fr\/#\/schema\/person\/839a7026efe9fa825134097c1041e4a0"},"breadcrumb":{"@id":"http:\/\/www.masharif.com\/fr\/2020\/05\/06\/mpressions-preliminaires-sur-la-litterature-confinee-ou-de-confinement-dans-la-rive-nord\/#breadcrumb"},"inLanguage":"fr-FR","potentialAction":[{"@type":"ReadAction","target":["http:\/\/www.masharif.com\/fr\/2020\/05\/06\/mpressions-preliminaires-sur-la-litterature-confinee-ou-de-confinement-dans-la-rive-nord\/"]}]},{"@type":"BreadcrumbList","@id":"http:\/\/www.masharif.com\/fr\/2020\/05\/06\/mpressions-preliminaires-sur-la-litterature-confinee-ou-de-confinement-dans-la-rive-nord\/#breadcrumb","itemListElement":[{"@type":"ListItem","position":1,"name":"Home","item":"https:\/\/www.masharif.com\/fr\/"},{"@type":"ListItem","position":2,"name":"Impressions pr\u00e9liminaires sur la litt\u00e9rature confin\u00e9e ou de confinement dans la rive-nord"}]},{"@type":"Person","@id":"https:\/\/www.masharif.com\/fr\/#\/schema\/person\/839a7026efe9fa825134097c1041e4a0","name":"Mohamed Salah Ben Amor","image":{"@type":"ImageObject","inLanguage":"fr-FR","@id":"https:\/\/www.masharif.com\/fr\/#\/schema\/person\/image\/","url":"https:\/\/secure.gravatar.com\/avatar\/f64806401ad5ed604ffec2272b19ef46?s=96&d=identicon&r=g","contentUrl":"https:\/\/secure.gravatar.com\/avatar\/f64806401ad5ed604ffec2272b19ef46?s=96&d=identicon&r=g","caption":"Mohamed Salah Ben Amor"},"sameAs":["http:\/\/ben-amor.info"],"url":"https:\/\/www.masharif.com\/fr\/author\/msba\/"}]}},"_links":{"self":[{"href":"https:\/\/www.masharif.com\/fr\/wp-json\/wp\/v2\/posts\/10804"}],"collection":[{"href":"https:\/\/www.masharif.com\/fr\/wp-json\/wp\/v2\/posts"}],"about":[{"href":"https:\/\/www.masharif.com\/fr\/wp-json\/wp\/v2\/types\/post"}],"author":[{"embeddable":true,"href":"https:\/\/www.masharif.com\/fr\/wp-json\/wp\/v2\/users\/2"}],"replies":[{"embeddable":true,"href":"https:\/\/www.masharif.com\/fr\/wp-json\/wp\/v2\/comments?post=10804"}],"version-history":[{"count":4,"href":"https:\/\/www.masharif.com\/fr\/wp-json\/wp\/v2\/posts\/10804\/revisions"}],"predecessor-version":[{"id":10814,"href":"https:\/\/www.masharif.com\/fr\/wp-json\/wp\/v2\/posts\/10804\/revisions\/10814"}],"wp:featuredmedia":[{"embeddable":true,"href":"https:\/\/www.masharif.com\/fr\/wp-json\/wp\/v2\/media\/10810"}],"wp:attachment":[{"href":"https:\/\/www.masharif.com\/fr\/wp-json\/wp\/v2\/media?parent=10804"}],"wp:term":[{"taxonomy":"category","embeddable":true,"href":"https:\/\/www.masharif.com\/fr\/wp-json\/wp\/v2\/categories?post=10804"},{"taxonomy":"post_tag","embeddable":true,"href":"https:\/\/www.masharif.com\/fr\/wp-json\/wp\/v2\/tags?post=10804"}],"curies":[{"name":"wp","href":"https:\/\/api.w.org\/{rel}","templated":true}]}}