{"id":10713,"date":"2020-04-09T12:46:51","date_gmt":"2020-04-09T11:46:51","guid":{"rendered":"http:\/\/www.masharif.com\/fr\/?p=10713"},"modified":"2020-04-09T13:01:39","modified_gmt":"2020-04-09T12:01:39","slug":"les-archives-des-commentaires-poetiques-de-mohamed-salah-ben-amor-42-les-poemes-de-patrick-berta-forgas-42-3lhiver-est-declare","status":"publish","type":"post","link":"https:\/\/www.masharif.com\/fr\/2020\/04\/09\/les-archives-des-commentaires-poetiques-de-mohamed-salah-ben-amor-42-les-poemes-de-patrick-berta-forgas-42-3lhiver-est-declare\/","title":{"rendered":"Les archives des commentaires po\u00e9tiques de Mohamed Salah Ben Amor :42\u2013Les po\u00e8mes de Patrick Berta Forgas :42-3:L\u2019HIVER EST D\u00c9CLAR\u00c9"},"content":{"rendered":"<div id=\"attachment_10671\" style=\"width: 310px\" class=\"wp-caption alignnone\"><a href=\"http:\/\/www.masharif.com\/fr\/wp-content\/uploads\/2020\/04\/34699783_10212361644139446_6076664865915666432_n.jpg\"><img aria-describedby=\"caption-attachment-10671\" loading=\"lazy\" class=\"wp-image-10671 size-medium\" src=\"http:\/\/www.masharif.com\/fr\/wp-content\/uploads\/2020\/04\/34699783_10212361644139446_6076664865915666432_n-300x264.jpg\" alt=\"\" width=\"300\" height=\"264\" srcset=\"https:\/\/www.masharif.com\/fr\/wp-content\/uploads\/2020\/04\/34699783_10212361644139446_6076664865915666432_n-300x264.jpg 300w, https:\/\/www.masharif.com\/fr\/wp-content\/uploads\/2020\/04\/34699783_10212361644139446_6076664865915666432_n.jpg 403w\" sizes=\"(max-width: 300px) 100vw, 300px\" \/><\/a><p id=\"caption-attachment-10671\" class=\"wp-caption-text\">Patrick Berta Forgas<\/p><\/div>\n<p><a href=\"http:\/\/www.masharif.com\/fr\/wp-content\/uploads\/2020\/04\/jagcz171200118.jpg\"><img loading=\"lazy\" class=\"alignnone size-medium wp-image-10714\" src=\"http:\/\/www.masharif.com\/fr\/wp-content\/uploads\/2020\/04\/jagcz171200118-300x184.jpg\" alt=\"\" width=\"300\" height=\"184\" srcset=\"https:\/\/www.masharif.com\/fr\/wp-content\/uploads\/2020\/04\/jagcz171200118-300x184.jpg 300w, https:\/\/www.masharif.com\/fr\/wp-content\/uploads\/2020\/04\/jagcz171200118.jpg 450w\" sizes=\"(max-width: 300px) 100vw, 300px\" \/><\/a><\/p>\n<p><a href=\"http:\/\/www.masharif.com\/fr\/wp-content\/uploads\/2020\/03\/couv-livre1.jpg\"><img loading=\"lazy\" class=\"alignnone size-medium wp-image-10655\" src=\"http:\/\/www.masharif.com\/fr\/wp-content\/uploads\/2020\/03\/couv-livre1-300x225.jpg\" alt=\"\" width=\"300\" height=\"225\" srcset=\"https:\/\/www.masharif.com\/fr\/wp-content\/uploads\/2020\/03\/couv-livre1-300x225.jpg 300w, https:\/\/www.masharif.com\/fr\/wp-content\/uploads\/2020\/03\/couv-livre1-768x576.jpg 768w, https:\/\/www.masharif.com\/fr\/wp-content\/uploads\/2020\/03\/couv-livre1-1024x768.jpg 1024w\" sizes=\"(max-width: 300px) 100vw, 300px\" \/><\/a><\/p>\n[extrait du 5]\n<p>( \u2026 )<\/p>\n<p><strong>\u00a0<\/strong><\/p>\n<p><strong>Les enfants seront nus et seuls.<\/strong><\/p>\n<p><strong>La terre perdra ses oc\u00e9ans.<\/strong><\/p>\n<p>&nbsp;<\/p>\n<p><strong>La lumi\u00e8re sera l\u2019oubli<\/strong><\/p>\n<p><strong>des ombres m\u00e9lang\u00e9es<\/strong><\/p>\n<p><strong>des soleils \u2026<\/strong><\/p>\n<p><strong>\u00a0<\/strong><\/p>\n<p><strong>Les c\u0153urs et les \u00e2mes<\/strong><\/p>\n<p><strong>dans une guerre de loterie\u2026<\/strong><\/p>\n<p><strong>\u00a0<\/strong><\/p>\n<p><strong>La puissance est l\u2019\u00e9clair<\/strong><\/p>\n<p><strong>d\u2019un orage qui rode<\/strong><\/p>\n<p><strong>et regarde.<\/strong><\/p>\n<p><strong>( \u2026 )<\/strong><\/p>\n<p><strong>\u00a0<\/strong><\/p>\n<p>L\u2019hiver est le symbole arch\u00e9typal donc universel de la vieillesse et de la fin de cycle. Et son utilisation ici par l\u2019auteur concorde avec la vision pessimiste sombre que nous\u00a0lui connaissons \u00e0 l\u2019\u00e9gard de l\u2019univers et de \u00a0la condition et la destin\u00e9e humaines. Le qualificatif de&#8221; d\u00e9clar\u00e9 &#8221; dans le titre signifie que la derni\u00e8re \u00e9tape et fatidique du parcours de l\u2019humanit\u00e9 est arriv\u00e9e. Et elle aura \u00a0\u00a0, selon le regard proph\u00e9tique de l\u2019auteur \u00a0, la forme d\u2019un terrible cataclysme sid\u00e9ral , caract\u00e9ris\u00e9 par la \u00a0disparition d\u00e9finitive de la lumi\u00e8re (\u00a0\u00a0\u00a0\u00a0<strong>la lumi\u00e8re sera l\u2019oubli des ombres m\u00e9lang\u00e9es des soleils\u2026)<\/strong>\u00a0\u00a0, \u00a0l\u2019ass\u00e8chement total de la plan\u00e8te\u00a0 (<strong>la terre perdra ses oc\u00e9ans<\/strong>\u00a0 )\u00a0\u00a0et\u00a0l\u2019extinction de l\u2019esp\u00e8ce humaine\u00a0(<strong>les enfants seront nus et seuls<\/strong> ) . Et cette fin tragique d\u00e9coule de la conviction que l\u2019univers et l\u2019\u00eatre humain portent \u00a0en \u00a0eux-m\u00eames les germes de \u00a0leur destruction , que leur existence n\u2019est\u00a0 que le fruit d\u2019un hasard fortuit \u00a0, que la force qui r\u00e9git le cosmos est aveugle et gratuite\u00a0 (\u00a0 <strong>La puissance est l\u2019\u00e9clair d\u2019un orage qui rode et regarde<\/strong> ) et \u00a0que le sort de l\u2019homme se jouera \u00a0sur un coup de d\u00e9 (<strong>les<\/strong> <strong>c\u0153urs et les \u00e2mes dans une guerre de loterie\u2026).<\/strong><\/p>\n<p>Stylistiquement, le po\u00e8te\u00a0 a d\u00e9peint ce tableau terrifiant par des\u00a0 touches br\u00e8ves et lumineuses \u00e0 la mani\u00e8re des impressionnistes \u00a0sous forme d\u2019\u00e9carts \u00a0\u00a0qui se succ\u00e8dent sans la moindre liaison grammaticale \u00a0 (Les\u2026 \u2013 La\u2026 &#8211; La\u2026Les \u2026\u2013 La \u2026 ) .Ce que l&#8217;on appelle en rh\u00e9torique &#8221;\u00a0asynd\u00e8te\u00a0&#8221; .<\/p>\n","protected":false},"excerpt":{"rendered":"<p>[extrait du 5] ( \u2026 ) \u00a0 Les enfants seront nus et seuls. La terre perdra ses oc\u00e9ans. &nbsp; La lumi\u00e8re sera l\u2019oubli des ombres m\u00e9lang\u00e9es des soleils \u2026 \u00a0 Les c\u0153urs et les \u00e2mes dans une guerre de loterie\u2026 \u00a0 La puissance est l\u2019\u00e9clair d\u2019un orage qui rode et regarde. ( \u2026 ) \u00a0 &#8230;<\/p>\n","protected":false},"author":2,"featured_media":10671,"comment_status":"open","ping_status":"open","sticky":false,"template":"","format":"standard","meta":[],"categories":[8],"tags":[],"yoast_head":"<!-- This site is optimized with the Yoast SEO plugin v19.3 - https:\/\/yoast.com\/wordpress\/plugins\/seo\/ -->\n<title>Les archives des commentaires po\u00e9tiques de Mohamed Salah Ben Amor :42\u2013Les po\u00e8mes de Patrick Berta Forgas :42-3:L\u2019HIVER EST D\u00c9CLAR\u00c9 - Culminances<\/title>\n<meta name=\"robots\" content=\"index, follow, max-snippet:-1, max-image-preview:large, max-video-preview:-1\" \/>\n<link rel=\"canonical\" href=\"https:\/\/www.masharif.com\/fr\/2020\/04\/09\/les-archives-des-commentaires-poetiques-de-mohamed-salah-ben-amor-42-les-poemes-de-patrick-berta-forgas-42-3lhiver-est-declare\/\" \/>\n<meta property=\"og:locale\" content=\"fr_FR\" \/>\n<meta property=\"og:type\" content=\"article\" \/>\n<meta property=\"og:title\" content=\"Les archives des commentaires po\u00e9tiques de Mohamed Salah Ben Amor :42\u2013Les po\u00e8mes de Patrick Berta Forgas :42-3:L\u2019HIVER EST D\u00c9CLAR\u00c9 - Culminances\" \/>\n<meta property=\"og:description\" content=\"[extrait du 5] ( \u2026 ) \u00a0 Les enfants seront nus et seuls. La terre perdra ses oc\u00e9ans. &nbsp; La lumi\u00e8re sera l\u2019oubli des ombres m\u00e9lang\u00e9es des soleils \u2026 \u00a0 Les c\u0153urs et les \u00e2mes dans une guerre de loterie\u2026 \u00a0 La puissance est l\u2019\u00e9clair d\u2019un orage qui rode et regarde. ( \u2026 ) \u00a0 ...\" \/>\n<meta property=\"og:url\" content=\"https:\/\/www.masharif.com\/fr\/2020\/04\/09\/les-archives-des-commentaires-poetiques-de-mohamed-salah-ben-amor-42-les-poemes-de-patrick-berta-forgas-42-3lhiver-est-declare\/\" \/>\n<meta property=\"og:site_name\" content=\"Culminances\" \/>\n<meta property=\"article:published_time\" content=\"2020-04-09T11:46:51+00:00\" \/>\n<meta property=\"article:modified_time\" content=\"2020-04-09T12:01:39+00:00\" \/>\n<meta property=\"og:image\" content=\"https:\/\/www.masharif.com\/fr\/wp-content\/uploads\/2020\/04\/34699783_10212361644139446_6076664865915666432_n.jpg\" \/>\n\t<meta property=\"og:image:width\" content=\"403\" \/>\n\t<meta property=\"og:image:height\" content=\"354\" \/>\n\t<meta property=\"og:image:type\" content=\"image\/jpeg\" \/>\n<meta name=\"author\" content=\"Mohamed Salah Ben Amor\" \/>\n<meta name=\"twitter:card\" content=\"summary\" \/>\n<meta name=\"twitter:label1\" content=\"\u00c9crit par\" \/>\n\t<meta name=\"twitter:data1\" content=\"Mohamed Salah Ben Amor\" \/>\n\t<meta name=\"twitter:label2\" content=\"Dur\u00e9e de lecture estim\u00e9e\" \/>\n\t<meta name=\"twitter:data2\" content=\"2 minutes\" \/>\n<script type=\"application\/ld+json\" class=\"yoast-schema-graph\">{\"@context\":\"https:\/\/schema.org\",\"@graph\":[{\"@type\":\"WebSite\",\"@id\":\"https:\/\/www.masharif.com\/fr\/#website\",\"url\":\"https:\/\/www.masharif.com\/fr\/\",\"name\":\"Culminances\",\"description\":\"\",\"potentialAction\":[{\"@type\":\"SearchAction\",\"target\":{\"@type\":\"EntryPoint\",\"urlTemplate\":\"https:\/\/www.masharif.com\/fr\/?s={search_term_string}\"},\"query-input\":\"required name=search_term_string\"}],\"inLanguage\":\"fr-FR\"},{\"@type\":\"ImageObject\",\"inLanguage\":\"fr-FR\",\"@id\":\"https:\/\/www.masharif.com\/fr\/2020\/04\/09\/les-archives-des-commentaires-poetiques-de-mohamed-salah-ben-amor-42-les-poemes-de-patrick-berta-forgas-42-3lhiver-est-declare\/#primaryimage\",\"url\":\"https:\/\/www.masharif.com\/fr\/wp-content\/uploads\/2020\/04\/34699783_10212361644139446_6076664865915666432_n.jpg\",\"contentUrl\":\"https:\/\/www.masharif.com\/fr\/wp-content\/uploads\/2020\/04\/34699783_10212361644139446_6076664865915666432_n.jpg\",\"width\":403,\"height\":354},{\"@type\":\"WebPage\",\"@id\":\"https:\/\/www.masharif.com\/fr\/2020\/04\/09\/les-archives-des-commentaires-poetiques-de-mohamed-salah-ben-amor-42-les-poemes-de-patrick-berta-forgas-42-3lhiver-est-declare\/\",\"url\":\"https:\/\/www.masharif.com\/fr\/2020\/04\/09\/les-archives-des-commentaires-poetiques-de-mohamed-salah-ben-amor-42-les-poemes-de-patrick-berta-forgas-42-3lhiver-est-declare\/\",\"name\":\"Les archives des commentaires po\u00e9tiques de Mohamed Salah Ben Amor :42\u2013Les po\u00e8mes de Patrick Berta Forgas :42-3:L\u2019HIVER EST D\u00c9CLAR\u00c9 - Culminances\",\"isPartOf\":{\"@id\":\"https:\/\/www.masharif.com\/fr\/#website\"},\"primaryImageOfPage\":{\"@id\":\"https:\/\/www.masharif.com\/fr\/2020\/04\/09\/les-archives-des-commentaires-poetiques-de-mohamed-salah-ben-amor-42-les-poemes-de-patrick-berta-forgas-42-3lhiver-est-declare\/#primaryimage\"},\"datePublished\":\"2020-04-09T11:46:51+00:00\",\"dateModified\":\"2020-04-09T12:01:39+00:00\",\"author\":{\"@id\":\"https:\/\/www.masharif.com\/fr\/#\/schema\/person\/839a7026efe9fa825134097c1041e4a0\"},\"breadcrumb\":{\"@id\":\"https:\/\/www.masharif.com\/fr\/2020\/04\/09\/les-archives-des-commentaires-poetiques-de-mohamed-salah-ben-amor-42-les-poemes-de-patrick-berta-forgas-42-3lhiver-est-declare\/#breadcrumb\"},\"inLanguage\":\"fr-FR\",\"potentialAction\":[{\"@type\":\"ReadAction\",\"target\":[\"https:\/\/www.masharif.com\/fr\/2020\/04\/09\/les-archives-des-commentaires-poetiques-de-mohamed-salah-ben-amor-42-les-poemes-de-patrick-berta-forgas-42-3lhiver-est-declare\/\"]}]},{\"@type\":\"BreadcrumbList\",\"@id\":\"https:\/\/www.masharif.com\/fr\/2020\/04\/09\/les-archives-des-commentaires-poetiques-de-mohamed-salah-ben-amor-42-les-poemes-de-patrick-berta-forgas-42-3lhiver-est-declare\/#breadcrumb\",\"itemListElement\":[{\"@type\":\"ListItem\",\"position\":1,\"name\":\"Home\",\"item\":\"https:\/\/www.masharif.com\/fr\/\"},{\"@type\":\"ListItem\",\"position\":2,\"name\":\"Les archives des commentaires po\u00e9tiques de Mohamed Salah Ben Amor :42\u2013Les po\u00e8mes de Patrick Berta Forgas :42-3:L\u2019HIVER EST D\u00c9CLAR\u00c9\"}]},{\"@type\":\"Person\",\"@id\":\"https:\/\/www.masharif.com\/fr\/#\/schema\/person\/839a7026efe9fa825134097c1041e4a0\",\"name\":\"Mohamed Salah Ben Amor\",\"image\":{\"@type\":\"ImageObject\",\"inLanguage\":\"fr-FR\",\"@id\":\"https:\/\/www.masharif.com\/fr\/#\/schema\/person\/image\/\",\"url\":\"https:\/\/secure.gravatar.com\/avatar\/f64806401ad5ed604ffec2272b19ef46?s=96&d=identicon&r=g\",\"contentUrl\":\"https:\/\/secure.gravatar.com\/avatar\/f64806401ad5ed604ffec2272b19ef46?s=96&d=identicon&r=g\",\"caption\":\"Mohamed Salah Ben Amor\"},\"sameAs\":[\"http:\/\/ben-amor.info\"],\"url\":\"https:\/\/www.masharif.com\/fr\/author\/msba\/\"}]}<\/script>\n<!-- \/ Yoast SEO plugin. -->","yoast_head_json":{"title":"Les archives des commentaires po\u00e9tiques de Mohamed Salah Ben Amor :42\u2013Les po\u00e8mes de Patrick Berta Forgas :42-3:L\u2019HIVER EST D\u00c9CLAR\u00c9 - Culminances","robots":{"index":"index","follow":"follow","max-snippet":"max-snippet:-1","max-image-preview":"max-image-preview:large","max-video-preview":"max-video-preview:-1"},"canonical":"https:\/\/www.masharif.com\/fr\/2020\/04\/09\/les-archives-des-commentaires-poetiques-de-mohamed-salah-ben-amor-42-les-poemes-de-patrick-berta-forgas-42-3lhiver-est-declare\/","og_locale":"fr_FR","og_type":"article","og_title":"Les archives des commentaires po\u00e9tiques de Mohamed Salah Ben Amor :42\u2013Les po\u00e8mes de Patrick Berta Forgas :42-3:L\u2019HIVER EST D\u00c9CLAR\u00c9 - Culminances","og_description":"[extrait du 5] ( \u2026 ) \u00a0 Les enfants seront nus et seuls. La terre perdra ses oc\u00e9ans. &nbsp; La lumi\u00e8re sera l\u2019oubli des ombres m\u00e9lang\u00e9es des soleils \u2026 \u00a0 Les c\u0153urs et les \u00e2mes dans une guerre de loterie\u2026 \u00a0 La puissance est l\u2019\u00e9clair d\u2019un orage qui rode et regarde. ( \u2026 ) \u00a0 ...","og_url":"https:\/\/www.masharif.com\/fr\/2020\/04\/09\/les-archives-des-commentaires-poetiques-de-mohamed-salah-ben-amor-42-les-poemes-de-patrick-berta-forgas-42-3lhiver-est-declare\/","og_site_name":"Culminances","article_published_time":"2020-04-09T11:46:51+00:00","article_modified_time":"2020-04-09T12:01:39+00:00","og_image":[{"width":403,"height":354,"url":"https:\/\/www.masharif.com\/fr\/wp-content\/uploads\/2020\/04\/34699783_10212361644139446_6076664865915666432_n.jpg","type":"image\/jpeg"}],"author":"Mohamed Salah Ben Amor","twitter_card":"summary","twitter_misc":{"\u00c9crit par":"Mohamed Salah Ben Amor","Dur\u00e9e de lecture estim\u00e9e":"2 minutes"},"schema":{"@context":"https:\/\/schema.org","@graph":[{"@type":"WebSite","@id":"https:\/\/www.masharif.com\/fr\/#website","url":"https:\/\/www.masharif.com\/fr\/","name":"Culminances","description":"","potentialAction":[{"@type":"SearchAction","target":{"@type":"EntryPoint","urlTemplate":"https:\/\/www.masharif.com\/fr\/?s={search_term_string}"},"query-input":"required name=search_term_string"}],"inLanguage":"fr-FR"},{"@type":"ImageObject","inLanguage":"fr-FR","@id":"https:\/\/www.masharif.com\/fr\/2020\/04\/09\/les-archives-des-commentaires-poetiques-de-mohamed-salah-ben-amor-42-les-poemes-de-patrick-berta-forgas-42-3lhiver-est-declare\/#primaryimage","url":"https:\/\/www.masharif.com\/fr\/wp-content\/uploads\/2020\/04\/34699783_10212361644139446_6076664865915666432_n.jpg","contentUrl":"https:\/\/www.masharif.com\/fr\/wp-content\/uploads\/2020\/04\/34699783_10212361644139446_6076664865915666432_n.jpg","width":403,"height":354},{"@type":"WebPage","@id":"https:\/\/www.masharif.com\/fr\/2020\/04\/09\/les-archives-des-commentaires-poetiques-de-mohamed-salah-ben-amor-42-les-poemes-de-patrick-berta-forgas-42-3lhiver-est-declare\/","url":"https:\/\/www.masharif.com\/fr\/2020\/04\/09\/les-archives-des-commentaires-poetiques-de-mohamed-salah-ben-amor-42-les-poemes-de-patrick-berta-forgas-42-3lhiver-est-declare\/","name":"Les archives des commentaires po\u00e9tiques de Mohamed Salah Ben Amor :42\u2013Les po\u00e8mes de Patrick Berta Forgas :42-3:L\u2019HIVER EST D\u00c9CLAR\u00c9 - Culminances","isPartOf":{"@id":"https:\/\/www.masharif.com\/fr\/#website"},"primaryImageOfPage":{"@id":"https:\/\/www.masharif.com\/fr\/2020\/04\/09\/les-archives-des-commentaires-poetiques-de-mohamed-salah-ben-amor-42-les-poemes-de-patrick-berta-forgas-42-3lhiver-est-declare\/#primaryimage"},"datePublished":"2020-04-09T11:46:51+00:00","dateModified":"2020-04-09T12:01:39+00:00","author":{"@id":"https:\/\/www.masharif.com\/fr\/#\/schema\/person\/839a7026efe9fa825134097c1041e4a0"},"breadcrumb":{"@id":"https:\/\/www.masharif.com\/fr\/2020\/04\/09\/les-archives-des-commentaires-poetiques-de-mohamed-salah-ben-amor-42-les-poemes-de-patrick-berta-forgas-42-3lhiver-est-declare\/#breadcrumb"},"inLanguage":"fr-FR","potentialAction":[{"@type":"ReadAction","target":["https:\/\/www.masharif.com\/fr\/2020\/04\/09\/les-archives-des-commentaires-poetiques-de-mohamed-salah-ben-amor-42-les-poemes-de-patrick-berta-forgas-42-3lhiver-est-declare\/"]}]},{"@type":"BreadcrumbList","@id":"https:\/\/www.masharif.com\/fr\/2020\/04\/09\/les-archives-des-commentaires-poetiques-de-mohamed-salah-ben-amor-42-les-poemes-de-patrick-berta-forgas-42-3lhiver-est-declare\/#breadcrumb","itemListElement":[{"@type":"ListItem","position":1,"name":"Home","item":"https:\/\/www.masharif.com\/fr\/"},{"@type":"ListItem","position":2,"name":"Les archives des commentaires po\u00e9tiques de Mohamed Salah Ben Amor :42\u2013Les po\u00e8mes de Patrick Berta Forgas :42-3:L\u2019HIVER EST D\u00c9CLAR\u00c9"}]},{"@type":"Person","@id":"https:\/\/www.masharif.com\/fr\/#\/schema\/person\/839a7026efe9fa825134097c1041e4a0","name":"Mohamed Salah Ben Amor","image":{"@type":"ImageObject","inLanguage":"fr-FR","@id":"https:\/\/www.masharif.com\/fr\/#\/schema\/person\/image\/","url":"https:\/\/secure.gravatar.com\/avatar\/f64806401ad5ed604ffec2272b19ef46?s=96&d=identicon&r=g","contentUrl":"https:\/\/secure.gravatar.com\/avatar\/f64806401ad5ed604ffec2272b19ef46?s=96&d=identicon&r=g","caption":"Mohamed Salah Ben Amor"},"sameAs":["http:\/\/ben-amor.info"],"url":"https:\/\/www.masharif.com\/fr\/author\/msba\/"}]}},"_links":{"self":[{"href":"https:\/\/www.masharif.com\/fr\/wp-json\/wp\/v2\/posts\/10713"}],"collection":[{"href":"https:\/\/www.masharif.com\/fr\/wp-json\/wp\/v2\/posts"}],"about":[{"href":"https:\/\/www.masharif.com\/fr\/wp-json\/wp\/v2\/types\/post"}],"author":[{"embeddable":true,"href":"https:\/\/www.masharif.com\/fr\/wp-json\/wp\/v2\/users\/2"}],"replies":[{"embeddable":true,"href":"https:\/\/www.masharif.com\/fr\/wp-json\/wp\/v2\/comments?post=10713"}],"version-history":[{"count":3,"href":"https:\/\/www.masharif.com\/fr\/wp-json\/wp\/v2\/posts\/10713\/revisions"}],"predecessor-version":[{"id":10717,"href":"https:\/\/www.masharif.com\/fr\/wp-json\/wp\/v2\/posts\/10713\/revisions\/10717"}],"wp:featuredmedia":[{"embeddable":true,"href":"https:\/\/www.masharif.com\/fr\/wp-json\/wp\/v2\/media\/10671"}],"wp:attachment":[{"href":"https:\/\/www.masharif.com\/fr\/wp-json\/wp\/v2\/media?parent=10713"}],"wp:term":[{"taxonomy":"category","embeddable":true,"href":"https:\/\/www.masharif.com\/fr\/wp-json\/wp\/v2\/categories?post=10713"},{"taxonomy":"post_tag","embeddable":true,"href":"https:\/\/www.masharif.com\/fr\/wp-json\/wp\/v2\/tags?post=10713"}],"curies":[{"name":"wp","href":"https:\/\/api.w.org\/{rel}","templated":true}]}}